{"id":4979,"date":"2025-08-17T10:29:23","date_gmt":"2025-08-17T16:29:23","guid":{"rendered":"https:\/\/elcardinal.com\/?p=4979"},"modified":"2025-08-17T10:29:23","modified_gmt":"2025-08-17T16:29:23","slug":"los-trenes-que-no-vuelven-a-pasar","status":"publish","type":"post","link":"https:\/\/elcardinal.com\/?p=4979","title":{"rendered":"Los trenes que no vuelven a pasar"},"content":{"rendered":"<p>Por: <strong>Jos\u00e9 Antonio Alcaraz Su\u00e1rez<\/strong><\/p>\n<p>La vida es un pinche viaje misterioso. Me intriga su textura ef\u00edmera y sutil, sus m\u00faltiples e inciertos caminos y su plasticidad para moldear los destinos de quienes hacemos este \u00e9xodo. En ese recorrido, aparecen <strong>trenes que simbolizan oportunidades \u00fanicas<\/strong>, momentos que marcan un antes y un despu\u00e9s.<\/p>\n<p>Varias veces he escuchado una frase que dice m\u00e1s o menos as\u00ed: \u201cEn la vida hay trenes que, si no los tomas, jam\u00e1s vuelven a pasar\u201d. Esas 14 palabras son un recordatorio que no todo se repite, que existen instantes irrepetibles que requieren de decisi\u00f3n, valent\u00eda y confianza en nosotros mismos.<\/p>\n<p><strong>EL RECUERDO DE LO QUE PUDO SER<\/strong><\/p>\n<p>El tren que no se toma puede convertirse en <strong>\u201cel recuerdo de lo que pudo ser\u201d<\/strong>, en una contundente lecci\u00f3n que ense\u00f1a a no dejar escapar lo que realmente importa, pues ese tren al que decidimos subir se transforma en experiencias, aprendizajes y crecimiento.<\/p>\n<blockquote><p>De manera particular, he sido valiente, curioso y en ocasiones inseguro. Me he subido a varios trenes, pero, tambi\u00e9n, he dejado pasar otros de los cuales me he arrepentido de no haberlos tomado.<\/p><\/blockquote>\n<p>Porque existen oportunidades en la vida que, si se dejan pasar, no se repetir\u00e1n. Esto es un llamado a la acci\u00f3n, a aprovechar las ocasiones que se presentan y a no quedarse anclado en la pasividad.<\/p>\n<p>La imagen del <strong><em>\u201ctren que no vuelve a pasar\u201d<\/em><\/strong> es poderosa. Evoca la idea de que \u201cel tiempo avanza inexorablemente y que las oportunidades son limitadas\u201d. Si bien es cierto que la vida est\u00e1 llena de nuevas oportunidades, algunas son \u00fanicas y no se repiten.<\/p>\n<p><strong>POR MIEDO A QUEDARSE ATR\u00c1S<\/strong><\/p>\n<p>No se trata de subir al primero que pase por miedo a quedarse atr\u00e1s. Se trata de reconocer cu\u00e1l es el que nos llevar\u00e1 hacia donde queremos estar. He sido paciente, intuitivo y cauteloso, pero la vida siempre tiene sus m\u00e9todos. Para ello, me amparo bajo el principio estoico del \u201cAmor Fati\u201d (amor al destino):<\/p>\n<blockquote><p>Cada oportunidad tiene su tiempo, su espacio y su prop\u00f3sito. Algunas llegan una sola vez en la vida, y es ah\u00ed donde debemos atrevernos a actuar. Tomar ese tren significa elegir avanzar, abrazar lo desconocido y confiar en que el camino, aunque incierto, nos conducir\u00e1 hacia nuevas posibilidades de creaci\u00f3n.<\/p><\/blockquote>\n<p>En esencia, esta met\u00e1fora del tren invita a <strong>vivir despiertos, atentos y proactivos<\/strong>. Nos recuerda que la vida no se detiene a esperarnos y que nuestro destino se construye con las decisiones que tomamos hoy.<\/p>\n<p>Porque al final, m\u00e1s vale haber subido a ese tren con el coraz\u00f3n decidido, que quedarse en el and\u00e9n mirando c\u00f3mo se aleja para siempre. Esto me trae a la mente la frase de una canci\u00f3n que dice <strong>\u201cprefiero naufragar a no salir nunca del puerto\u201d (Soy as\u00ed, del grupo Elefante).<\/strong><\/p>\n<p>GRACIAS<\/p>\n","protected":false},"excerpt":{"rendered":"<p>Por: Jos\u00e9 Antonio Alcaraz Su\u00e1rez La vida es un pinche viaje misterioso. Me intriga su textura ef\u00edmera y sutil, sus m\u00faltiples e inciertos caminos y su plasticidad para moldear los destinos de quienes hacemos este \u00e9xodo. En ese recorrido, aparecen trenes que simbolizan oportunidades \u00fanicas, momentos que marcan un antes y un despu\u00e9s. Varias veces<\/p>\n","protected":false},"author":2,"featured_media":4879,"comment_status":"open","ping_status":"open","sticky":false,"template":"","format":"standard","meta":{"footnotes":""},"categories":[44,35],"tags":[81,82,270],"class_list":{"0":"post-4979","1":"post","2":"type-post","3":"status-publish","4":"format-standard","5":"has-post-thumbnail","7":"category-minuto-a-minuto","8":"category-opinion","9":"tag-jose-antonio-alcaraz-suarez","10":"tag-semilla-estelares","11":"tag-tren"},"yoast_head":"<!-- This site is optimized with the Yoast SEO plugin v26.1.1 - https:\/\/yoast.com\/wordpress\/plugins\/seo\/ -->\n<title>Los trenes que no vuelven a pasar - El Cardinal<\/title>\n<meta name=\"robots\" content=\"index, follow, max-snippet:-1, max-image-preview:large, max-video-preview:-1\" \/>\n<link rel=\"canonical\" href=\"https:\/\/elcardinal.com\/?p=4979\" \/>\n<meta property=\"og:locale\" content=\"es_MX\" \/>\n<meta property=\"og:type\" content=\"article\" \/>\n<meta property=\"og:title\" content=\"Los trenes que no vuelven a pasar - El Cardinal\" \/>\n<meta property=\"og:description\" content=\"Por: Jos\u00e9 Antonio Alcaraz Su\u00e1rez La vida es un pinche viaje misterioso. Me intriga su textura ef\u00edmera y sutil, sus m\u00faltiples e inciertos caminos y su plasticidad para moldear los destinos de quienes hacemos este \u00e9xodo. En ese recorrido, aparecen trenes que simbolizan oportunidades \u00fanicas, momentos que marcan un antes y un despu\u00e9s. Varias veces\" \/>\n<meta property=\"og:url\" content=\"https:\/\/elcardinal.com\/?p=4979\" \/>\n<meta property=\"og:site_name\" content=\"El Cardinal\" \/>\n<meta property=\"article:publisher\" content=\"https:\/\/www.facebook.com\/profile.php?id=100063093107011\" \/>\n<meta property=\"article:published_time\" content=\"2025-08-17T16:29:23+00:00\" \/>\n<meta property=\"og:image\" content=\"https:\/\/elcardinal.com\/wp-content\/uploads\/2025\/07\/490660254_996134765832951_4491792580100797416_n.jpg\" \/>\n\t<meta property=\"og:image:width\" content=\"940\" \/>\n\t<meta property=\"og:image:height\" content=\"788\" \/>\n\t<meta property=\"og:image:type\" content=\"image\/jpeg\" \/>\n<meta name=\"author\" content=\"Antonio Alcaraz\" \/>\n<meta name=\"twitter:card\" content=\"summary_large_image\" \/>\n<meta name=\"twitter:creator\" content=\"@ElCardinal_Mx\" \/>\n<meta name=\"twitter:site\" content=\"@ElCardinal_Mx\" \/>\n<meta name=\"twitter:label1\" content=\"Escrito por\" \/>\n\t<meta name=\"twitter:data1\" content=\"Antonio Alcaraz\" \/>\n\t<meta name=\"twitter:label2\" content=\"Tiempo de lectura\" \/>\n\t<meta name=\"twitter:data2\" content=\"2 minutos\" \/>\n<script type=\"application\/ld+json\" class=\"yoast-schema-graph\">{\"@context\":\"https:\/\/schema.org\",\"@graph\":[{\"@type\":\"Article\",\"@id\":\"https:\/\/elcardinal.com\/?p=4979#article\",\"isPartOf\":{\"@id\":\"https:\/\/elcardinal.com\/?p=4979\"},\"author\":{\"name\":\"Antonio Alcaraz\",\"@id\":\"https:\/\/elcardinal.com\/#\/schema\/person\/3c352ec0a33987fe275c0e8a2ea69f8b\"},\"headline\":\"Los trenes que no vuelven a pasar\",\"datePublished\":\"2025-08-17T16:29:23+00:00\",\"mainEntityOfPage\":{\"@id\":\"https:\/\/elcardinal.com\/?p=4979\"},\"wordCount\":497,\"commentCount\":0,\"publisher\":{\"@id\":\"https:\/\/elcardinal.com\/#organization\"},\"image\":{\"@id\":\"https:\/\/elcardinal.com\/?p=4979#primaryimage\"},\"thumbnailUrl\":\"https:\/\/elcardinal.com\/wp-content\/uploads\/2025\/07\/490660254_996134765832951_4491792580100797416_n.jpg\",\"keywords\":[\"Jos\u00e9 Antonio Alcaraz Su\u00e1rez\",\"Semilla Estelares\",\"Tren\"],\"articleSection\":[\"Minuto a Minuto\",\"Opini\u00f3n\"],\"inLanguage\":\"es\",\"potentialAction\":[{\"@type\":\"CommentAction\",\"name\":\"Comment\",\"target\":[\"https:\/\/elcardinal.com\/?p=4979#respond\"]}]},{\"@type\":\"WebPage\",\"@id\":\"https:\/\/elcardinal.com\/?p=4979\",\"url\":\"https:\/\/elcardinal.com\/?p=4979\",\"name\":\"Los trenes que no vuelven a pasar - El Cardinal\",\"isPartOf\":{\"@id\":\"https:\/\/elcardinal.com\/#website\"},\"primaryImageOfPage\":{\"@id\":\"https:\/\/elcardinal.com\/?p=4979#primaryimage\"},\"image\":{\"@id\":\"https:\/\/elcardinal.com\/?p=4979#primaryimage\"},\"thumbnailUrl\":\"https:\/\/elcardinal.com\/wp-content\/uploads\/2025\/07\/490660254_996134765832951_4491792580100797416_n.jpg\",\"datePublished\":\"2025-08-17T16:29:23+00:00\",\"breadcrumb\":{\"@id\":\"https:\/\/elcardinal.com\/?p=4979#breadcrumb\"},\"inLanguage\":\"es\",\"potentialAction\":[{\"@type\":\"ReadAction\",\"target\":[\"https:\/\/elcardinal.com\/?p=4979\"]}]},{\"@type\":\"ImageObject\",\"inLanguage\":\"es\",\"@id\":\"https:\/\/elcardinal.com\/?p=4979#primaryimage\",\"url\":\"https:\/\/elcardinal.com\/wp-content\/uploads\/2025\/07\/490660254_996134765832951_4491792580100797416_n.jpg\",\"contentUrl\":\"https:\/\/elcardinal.com\/wp-content\/uploads\/2025\/07\/490660254_996134765832951_4491792580100797416_n.jpg\",\"width\":940,\"height\":788},{\"@type\":\"BreadcrumbList\",\"@id\":\"https:\/\/elcardinal.com\/?p=4979#breadcrumb\",\"itemListElement\":[{\"@type\":\"ListItem\",\"position\":1,\"name\":\"Inicio\",\"item\":\"https:\/\/elcardinal.com\/\"},{\"@type\":\"ListItem\",\"position\":2,\"name\":\"Los trenes que no vuelven a pasar\"}]},{\"@type\":\"WebSite\",\"@id\":\"https:\/\/elcardinal.com\/#website\",\"url\":\"https:\/\/elcardinal.com\/\",\"name\":\"El Cardinal\",\"description\":\"Periodismo honesto, con valor, sentido humano, a veces sarc\u00e1stico y divertido.\",\"publisher\":{\"@id\":\"https:\/\/elcardinal.com\/#organization\"},\"alternateName\":\"El Cardinal Noticias\",\"potentialAction\":[{\"@type\":\"SearchAction\",\"target\":{\"@type\":\"EntryPoint\",\"urlTemplate\":\"https:\/\/elcardinal.com\/?s={search_term_string}\"},\"query-input\":{\"@type\":\"PropertyValueSpecification\",\"valueRequired\":true,\"valueName\":\"search_term_string\"}}],\"inLanguage\":\"es\"},{\"@type\":\"Organization\",\"@id\":\"https:\/\/elcardinal.com\/#organization\",\"name\":\"El Cardinal\",\"url\":\"https:\/\/elcardinal.com\/\",\"logo\":{\"@type\":\"ImageObject\",\"inLanguage\":\"es\",\"@id\":\"https:\/\/elcardinal.com\/#\/schema\/logo\/image\/\",\"url\":\"https:\/\/elcardinal.com\/wp-content\/uploads\/2025\/04\/LOGO-EL-CARDINAL-Periodismo-con-valor.png\",\"contentUrl\":\"https:\/\/elcardinal.com\/wp-content\/uploads\/2025\/04\/LOGO-EL-CARDINAL-Periodismo-con-valor.png\",\"width\":755,\"height\":636,\"caption\":\"El Cardinal\"},\"image\":{\"@id\":\"https:\/\/elcardinal.com\/#\/schema\/logo\/image\/\"},\"sameAs\":[\"https:\/\/www.facebook.com\/profile.php?id=100063093107011\",\"https:\/\/x.com\/ElCardinal_Mx\"]},{\"@type\":\"Person\",\"@id\":\"https:\/\/elcardinal.com\/#\/schema\/person\/3c352ec0a33987fe275c0e8a2ea69f8b\",\"name\":\"Antonio Alcaraz\",\"image\":{\"@type\":\"ImageObject\",\"inLanguage\":\"es\",\"@id\":\"https:\/\/elcardinal.com\/#\/schema\/person\/image\/\",\"url\":\"https:\/\/elcardinal.com\/wp-content\/uploads\/2025\/05\/cropped-TONO-96x96.jpg\",\"contentUrl\":\"https:\/\/elcardinal.com\/wp-content\/uploads\/2025\/05\/cropped-TONO-96x96.jpg\",\"caption\":\"Antonio Alcaraz\"},\"url\":\"https:\/\/elcardinal.com\/?author=2\"}]}<\/script>\n<!-- \/ Yoast SEO plugin. -->","yoast_head_json":{"title":"Los trenes que no vuelven a pasar - El Cardinal","robots":{"index":"index","follow":"follow","max-snippet":"max-snippet:-1","max-image-preview":"max-image-preview:large","max-video-preview":"max-video-preview:-1"},"canonical":"https:\/\/elcardinal.com\/?p=4979","og_locale":"es_MX","og_type":"article","og_title":"Los trenes que no vuelven a pasar - El Cardinal","og_description":"Por: Jos\u00e9 Antonio Alcaraz Su\u00e1rez La vida es un pinche viaje misterioso. Me intriga su textura ef\u00edmera y sutil, sus m\u00faltiples e inciertos caminos y su plasticidad para moldear los destinos de quienes hacemos este \u00e9xodo. En ese recorrido, aparecen trenes que simbolizan oportunidades \u00fanicas, momentos que marcan un antes y un despu\u00e9s. Varias veces","og_url":"https:\/\/elcardinal.com\/?p=4979","og_site_name":"El Cardinal","article_publisher":"https:\/\/www.facebook.com\/profile.php?id=100063093107011","article_published_time":"2025-08-17T16:29:23+00:00","og_image":[{"width":940,"height":788,"url":"https:\/\/elcardinal.com\/wp-content\/uploads\/2025\/07\/490660254_996134765832951_4491792580100797416_n.jpg","type":"image\/jpeg"}],"author":"Antonio Alcaraz","twitter_card":"summary_large_image","twitter_creator":"@ElCardinal_Mx","twitter_site":"@ElCardinal_Mx","twitter_misc":{"Escrito por":"Antonio Alcaraz","Tiempo de lectura":"2 minutos"},"schema":{"@context":"https:\/\/schema.org","@graph":[{"@type":"Article","@id":"https:\/\/elcardinal.com\/?p=4979#article","isPartOf":{"@id":"https:\/\/elcardinal.com\/?p=4979"},"author":{"name":"Antonio Alcaraz","@id":"https:\/\/elcardinal.com\/#\/schema\/person\/3c352ec0a33987fe275c0e8a2ea69f8b"},"headline":"Los trenes que no vuelven a pasar","datePublished":"2025-08-17T16:29:23+00:00","mainEntityOfPage":{"@id":"https:\/\/elcardinal.com\/?p=4979"},"wordCount":497,"commentCount":0,"publisher":{"@id":"https:\/\/elcardinal.com\/#organization"},"image":{"@id":"https:\/\/elcardinal.com\/?p=4979#primaryimage"},"thumbnailUrl":"https:\/\/elcardinal.com\/wp-content\/uploads\/2025\/07\/490660254_996134765832951_4491792580100797416_n.jpg","keywords":["Jos\u00e9 Antonio Alcaraz Su\u00e1rez","Semilla Estelares","Tren"],"articleSection":["Minuto a Minuto","Opini\u00f3n"],"inLanguage":"es","potentialAction":[{"@type":"CommentAction","name":"Comment","target":["https:\/\/elcardinal.com\/?p=4979#respond"]}]},{"@type":"WebPage","@id":"https:\/\/elcardinal.com\/?p=4979","url":"https:\/\/elcardinal.com\/?p=4979","name":"Los trenes que no vuelven a pasar - El Cardinal","isPartOf":{"@id":"https:\/\/elcardinal.com\/#website"},"primaryImageOfPage":{"@id":"https:\/\/elcardinal.com\/?p=4979#primaryimage"},"image":{"@id":"https:\/\/elcardinal.com\/?p=4979#primaryimage"},"thumbnailUrl":"https:\/\/elcardinal.com\/wp-content\/uploads\/2025\/07\/490660254_996134765832951_4491792580100797416_n.jpg","datePublished":"2025-08-17T16:29:23+00:00","breadcrumb":{"@id":"https:\/\/elcardinal.com\/?p=4979#breadcrumb"},"inLanguage":"es","potentialAction":[{"@type":"ReadAction","target":["https:\/\/elcardinal.com\/?p=4979"]}]},{"@type":"ImageObject","inLanguage":"es","@id":"https:\/\/elcardinal.com\/?p=4979#primaryimage","url":"https:\/\/elcardinal.com\/wp-content\/uploads\/2025\/07\/490660254_996134765832951_4491792580100797416_n.jpg","contentUrl":"https:\/\/elcardinal.com\/wp-content\/uploads\/2025\/07\/490660254_996134765832951_4491792580100797416_n.jpg","width":940,"height":788},{"@type":"BreadcrumbList","@id":"https:\/\/elcardinal.com\/?p=4979#breadcrumb","itemListElement":[{"@type":"ListItem","position":1,"name":"Inicio","item":"https:\/\/elcardinal.com\/"},{"@type":"ListItem","position":2,"name":"Los trenes que no vuelven a pasar"}]},{"@type":"WebSite","@id":"https:\/\/elcardinal.com\/#website","url":"https:\/\/elcardinal.com\/","name":"El Cardinal","description":"Periodismo honesto, con valor, sentido humano, a veces sarc\u00e1stico y divertido.","publisher":{"@id":"https:\/\/elcardinal.com\/#organization"},"alternateName":"El Cardinal Noticias","potentialAction":[{"@type":"SearchAction","target":{"@type":"EntryPoint","urlTemplate":"https:\/\/elcardinal.com\/?s={search_term_string}"},"query-input":{"@type":"PropertyValueSpecification","valueRequired":true,"valueName":"search_term_string"}}],"inLanguage":"es"},{"@type":"Organization","@id":"https:\/\/elcardinal.com\/#organization","name":"El Cardinal","url":"https:\/\/elcardinal.com\/","logo":{"@type":"ImageObject","inLanguage":"es","@id":"https:\/\/elcardinal.com\/#\/schema\/logo\/image\/","url":"https:\/\/elcardinal.com\/wp-content\/uploads\/2025\/04\/LOGO-EL-CARDINAL-Periodismo-con-valor.png","contentUrl":"https:\/\/elcardinal.com\/wp-content\/uploads\/2025\/04\/LOGO-EL-CARDINAL-Periodismo-con-valor.png","width":755,"height":636,"caption":"El Cardinal"},"image":{"@id":"https:\/\/elcardinal.com\/#\/schema\/logo\/image\/"},"sameAs":["https:\/\/www.facebook.com\/profile.php?id=100063093107011","https:\/\/x.com\/ElCardinal_Mx"]},{"@type":"Person","@id":"https:\/\/elcardinal.com\/#\/schema\/person\/3c352ec0a33987fe275c0e8a2ea69f8b","name":"Antonio Alcaraz","image":{"@type":"ImageObject","inLanguage":"es","@id":"https:\/\/elcardinal.com\/#\/schema\/person\/image\/","url":"https:\/\/elcardinal.com\/wp-content\/uploads\/2025\/05\/cropped-TONO-96x96.jpg","contentUrl":"https:\/\/elcardinal.com\/wp-content\/uploads\/2025\/05\/cropped-TONO-96x96.jpg","caption":"Antonio Alcaraz"},"url":"https:\/\/elcardinal.com\/?author=2"}]}},"_links":{"self":[{"href":"https:\/\/elcardinal.com\/index.php?rest_route=\/wp\/v2\/posts\/4979","targetHints":{"allow":["GET"]}}],"collection":[{"href":"https:\/\/elcardinal.com\/index.php?rest_route=\/wp\/v2\/posts"}],"about":[{"href":"https:\/\/elcardinal.com\/index.php?rest_route=\/wp\/v2\/types\/post"}],"author":[{"embeddable":true,"href":"https:\/\/elcardinal.com\/index.php?rest_route=\/wp\/v2\/users\/2"}],"replies":[{"embeddable":true,"href":"https:\/\/elcardinal.com\/index.php?rest_route=%2Fwp%2Fv2%2Fcomments&post=4979"}],"version-history":[{"count":1,"href":"https:\/\/elcardinal.com\/index.php?rest_route=\/wp\/v2\/posts\/4979\/revisions"}],"predecessor-version":[{"id":4980,"href":"https:\/\/elcardinal.com\/index.php?rest_route=\/wp\/v2\/posts\/4979\/revisions\/4980"}],"wp:featuredmedia":[{"embeddable":true,"href":"https:\/\/elcardinal.com\/index.php?rest_route=\/wp\/v2\/media\/4879"}],"wp:attachment":[{"href":"https:\/\/elcardinal.com\/index.php?rest_route=%2Fwp%2Fv2%2Fmedia&parent=4979"}],"wp:term":[{"taxonomy":"category","embeddable":true,"href":"https:\/\/elcardinal.com\/index.php?rest_route=%2Fwp%2Fv2%2Fcategories&post=4979"},{"taxonomy":"post_tag","embeddable":true,"href":"https:\/\/elcardinal.com\/index.php?rest_route=%2Fwp%2Fv2%2Ftags&post=4979"}],"curies":[{"name":"wp","href":"https:\/\/api.w.org\/{rel}","templated":true}]}}