{"id":4990,"date":"2025-08-21T14:16:14","date_gmt":"2025-08-21T20:16:14","guid":{"rendered":"https:\/\/elcardinal.com\/?p=4990"},"modified":"2025-08-21T14:16:14","modified_gmt":"2025-08-21T20:16:14","slug":"diputado-jorge-arguelles-salazar-rinde-su-primer-informe-de-actividades-legislativas-y-gestion","status":"publish","type":"post","link":"https:\/\/elcardinal.com\/?p=4990","title":{"rendered":"Diputado Jorge Arg\u00fcelles Salazar rinde su primer informe de actividades legislativas y gesti\u00f3n"},"content":{"rendered":"<p>Redacci\u00f3n<\/p>\n<p>En un ejercicio de transparencia y rendici\u00f3n de cuentas, el diputado <strong>Jorge Arg\u00fcelles Salazar<\/strong> present\u00f3 su primer informe de actividades legislativas y de gesti\u00f3n, destacando avances, logros y retos alcanzados durante su primer a\u00f1o de trabajo en el Congreso del Estado Libre y Soberano de Hidalgo.<\/p>\n<p>Durante su mensaje, el legislador refrend\u00f3 su compromiso de representar con honestidad y cercan\u00eda a la ciudadan\u00eda, se\u00f1alando que su labor ha estado enfocada en la construcci\u00f3n de una pol\u00edtica \u00fatil, \u00e9tica y de resultados.<\/p>\n<p>El diputado inform\u00f3 que forma parte de seis comisiones legislativas, presidiendo la de Transparencia, Protecci\u00f3n de Datos Personales y Anticorrupci\u00f3n, en la cual se realizaron nueve sesiones y se resolvieron asuntos orientados a fortalecer la rendici\u00f3n de cuentas y la gesti\u00f3n \u00e9tica de los recursos p\u00fablicos.<\/p>\n<p>El legislador figura entre los 10 diputados m\u00e1s productivos del Congreso local, al haber impulsado m\u00e1s de 70 iniciativas. Sus propuestas se concentran en los ejes de fortalecimiento legislativo, bienestar del pueblo, desarrollo econ\u00f3mico y desarrollo sostenible e infraestructura transformadora.<\/p>\n<p>Entre los temas m\u00e1s relevantes de sus propuestas se encuentran:<\/p>\n<ul>\n<li>Protecci\u00f3n de maestras y maestros frente a la violencia en el entorno escolar.<\/li>\n<li>Fortalecimiento de la transparencia y combate a la corrupci\u00f3n.<\/li>\n<\/ul>\n<ul>\n<li>Fortalecimiento de los derechos de las personas adultas mayores<\/li>\n<li>Acceso efectivo de ni\u00f1as, ni\u00f1os y adolescentes a la vida cultural del estado de Hidalgo.<\/li>\n<\/ul>\n<ul>\n<li>Restauraci\u00f3n de recursos h\u00eddricos y fortalecimiento del marco jur\u00eddico en materia urbana.<\/li>\n<\/ul>\n<p><strong>\u00a0<\/strong><\/p>\n<p>A lo largo del a\u00f1o, el diputado se ha caracterizado por ser un legislador cercano y trabajador, manteniendo un contacto constante con la ciudadan\u00eda. Ha realizado gestiones en temas como la atenci\u00f3n m\u00e9dica, asesor\u00eda legal y diversos apoyos en transporte, materiales de construcci\u00f3n, alimentaci\u00f3n y recursos educativos, beneficiando a distintos sectores de la poblaci\u00f3n, especialmente a ni\u00f1as, ni\u00f1os, j\u00f3venes, personas adultas mayores y comunidades escolares.<\/p>\n<p>En su informe, agradeci\u00f3 el respaldo del gobernador Julio Menchaca Salazar y de la presidenta de la Rep\u00fablica, Claudia Sheinbaum Pardo, as\u00ed como la colaboraci\u00f3n de presidentes municipales, maestras, maestros y la ciudadan\u00eda en general. Tambi\u00e9n reconoci\u00f3 el acompa\u00f1amiento de su familia y equipo de trabajo.<\/p>\n<p>El diputado <strong>Jorge Arg\u00fcelles<\/strong> subray\u00f3 que este informe es solo una pausa para evaluar avances y redoblar esfuerzos:<\/p>\n<p>\u201cSoy consciente de que a\u00fan hay mucho por hacer; los desaf\u00edos son grandes, pero tambi\u00e9n lo es la voluntad de enfrentarlos con trabajo, di\u00e1logo y cercan\u00eda\u201d.<\/p>\n<p>Finalmente, invit\u00f3 a la ciudadan\u00eda a mantener la unidad y la participaci\u00f3n activa, recordando que los logros individuales solo tienen sentido si contribuyen al bienestar colectivo.<\/p>\n","protected":false},"excerpt":{"rendered":"<p>Redacci\u00f3n En un ejercicio de transparencia y rendici\u00f3n de cuentas, el diputado Jorge Arg\u00fcelles Salazar present\u00f3 su primer informe de actividades legislativas y de gesti\u00f3n, destacando avances, logros y retos alcanzados durante su primer a\u00f1o de trabajo en el Congreso del Estado Libre y Soberano de Hidalgo. Durante su mensaje, el legislador refrend\u00f3 su compromiso<\/p>\n","protected":false},"author":2,"featured_media":4991,"comment_status":"open","ping_status":"open","sticky":false,"template":"","format":"standard","meta":{"footnotes":""},"categories":[31,44,39],"tags":[],"class_list":{"0":"post-4990","1":"post","2":"type-post","3":"status-publish","4":"format-standard","5":"has-post-thumbnail","7":"category-hidalgo","8":"category-minuto-a-minuto","9":"category-politica"},"yoast_head":"<!-- This site is optimized with the Yoast SEO plugin v26.1.1 - https:\/\/yoast.com\/wordpress\/plugins\/seo\/ -->\n<title>Diputado Jorge Arg\u00fcelles Salazar rinde su primer informe de actividades legislativas y gesti\u00f3n - El Cardinal<\/title>\n<meta name=\"robots\" content=\"index, follow, max-snippet:-1, max-image-preview:large, max-video-preview:-1\" \/>\n<link rel=\"canonical\" href=\"https:\/\/elcardinal.com\/?p=4990\" \/>\n<meta property=\"og:locale\" content=\"es_MX\" \/>\n<meta property=\"og:type\" content=\"article\" \/>\n<meta property=\"og:title\" content=\"Diputado Jorge Arg\u00fcelles Salazar rinde su primer informe de actividades legislativas y gesti\u00f3n - El Cardinal\" \/>\n<meta property=\"og:description\" content=\"Redacci\u00f3n En un ejercicio de transparencia y rendici\u00f3n de cuentas, el diputado Jorge Arg\u00fcelles Salazar present\u00f3 su primer informe de actividades legislativas y de gesti\u00f3n, destacando avances, logros y retos alcanzados durante su primer a\u00f1o de trabajo en el Congreso del Estado Libre y Soberano de Hidalgo. Durante su mensaje, el legislador refrend\u00f3 su compromiso\" \/>\n<meta property=\"og:url\" content=\"https:\/\/elcardinal.com\/?p=4990\" \/>\n<meta property=\"og:site_name\" content=\"El Cardinal\" \/>\n<meta property=\"article:publisher\" content=\"https:\/\/www.facebook.com\/profile.php?id=100063093107011\" \/>\n<meta property=\"article:published_time\" content=\"2025-08-21T20:16:14+00:00\" \/>\n<meta property=\"og:image\" content=\"https:\/\/elcardinal.com\/wp-content\/uploads\/2025\/08\/WhatsApp-Image-2025-08-21-at-2.05.50-PM-2.jpeg\" \/>\n\t<meta property=\"og:image:width\" content=\"1564\" \/>\n\t<meta property=\"og:image:height\" content=\"995\" \/>\n\t<meta property=\"og:image:type\" content=\"image\/jpeg\" \/>\n<meta name=\"author\" content=\"Antonio Alcaraz\" \/>\n<meta name=\"twitter:card\" content=\"summary_large_image\" \/>\n<meta name=\"twitter:creator\" content=\"@ElCardinal_Mx\" \/>\n<meta name=\"twitter:site\" content=\"@ElCardinal_Mx\" \/>\n<meta name=\"twitter:label1\" content=\"Escrito por\" \/>\n\t<meta name=\"twitter:data1\" content=\"Antonio Alcaraz\" \/>\n\t<meta name=\"twitter:label2\" content=\"Tiempo de lectura\" \/>\n\t<meta name=\"twitter:data2\" content=\"3 minutos\" \/>\n<script type=\"application\/ld+json\" class=\"yoast-schema-graph\">{\"@context\":\"https:\/\/schema.org\",\"@graph\":[{\"@type\":\"Article\",\"@id\":\"https:\/\/elcardinal.com\/?p=4990#article\",\"isPartOf\":{\"@id\":\"https:\/\/elcardinal.com\/?p=4990\"},\"author\":{\"name\":\"Antonio Alcaraz\",\"@id\":\"https:\/\/elcardinal.com\/#\/schema\/person\/3c352ec0a33987fe275c0e8a2ea69f8b\"},\"headline\":\"Diputado Jorge Arg\u00fcelles Salazar rinde su primer informe de actividades legislativas y gesti\u00f3n\",\"datePublished\":\"2025-08-21T20:16:14+00:00\",\"mainEntityOfPage\":{\"@id\":\"https:\/\/elcardinal.com\/?p=4990\"},\"wordCount\":480,\"commentCount\":0,\"publisher\":{\"@id\":\"https:\/\/elcardinal.com\/#organization\"},\"image\":{\"@id\":\"https:\/\/elcardinal.com\/?p=4990#primaryimage\"},\"thumbnailUrl\":\"https:\/\/elcardinal.com\/wp-content\/uploads\/2025\/08\/WhatsApp-Image-2025-08-21-at-2.05.50-PM-2.jpeg\",\"articleSection\":[\"Hidalgo\",\"Minuto a Minuto\",\"Pol\u00edtica\"],\"inLanguage\":\"es\",\"potentialAction\":[{\"@type\":\"CommentAction\",\"name\":\"Comment\",\"target\":[\"https:\/\/elcardinal.com\/?p=4990#respond\"]}]},{\"@type\":\"WebPage\",\"@id\":\"https:\/\/elcardinal.com\/?p=4990\",\"url\":\"https:\/\/elcardinal.com\/?p=4990\",\"name\":\"Diputado Jorge Arg\u00fcelles Salazar rinde su primer informe de actividades legislativas y gesti\u00f3n - El Cardinal\",\"isPartOf\":{\"@id\":\"https:\/\/elcardinal.com\/#website\"},\"primaryImageOfPage\":{\"@id\":\"https:\/\/elcardinal.com\/?p=4990#primaryimage\"},\"image\":{\"@id\":\"https:\/\/elcardinal.com\/?p=4990#primaryimage\"},\"thumbnailUrl\":\"https:\/\/elcardinal.com\/wp-content\/uploads\/2025\/08\/WhatsApp-Image-2025-08-21-at-2.05.50-PM-2.jpeg\",\"datePublished\":\"2025-08-21T20:16:14+00:00\",\"breadcrumb\":{\"@id\":\"https:\/\/elcardinal.com\/?p=4990#breadcrumb\"},\"inLanguage\":\"es\",\"potentialAction\":[{\"@type\":\"ReadAction\",\"target\":[\"https:\/\/elcardinal.com\/?p=4990\"]}]},{\"@type\":\"ImageObject\",\"inLanguage\":\"es\",\"@id\":\"https:\/\/elcardinal.com\/?p=4990#primaryimage\",\"url\":\"https:\/\/elcardinal.com\/wp-content\/uploads\/2025\/08\/WhatsApp-Image-2025-08-21-at-2.05.50-PM-2.jpeg\",\"contentUrl\":\"https:\/\/elcardinal.com\/wp-content\/uploads\/2025\/08\/WhatsApp-Image-2025-08-21-at-2.05.50-PM-2.jpeg\",\"width\":1564,\"height\":995},{\"@type\":\"BreadcrumbList\",\"@id\":\"https:\/\/elcardinal.com\/?p=4990#breadcrumb\",\"itemListElement\":[{\"@type\":\"ListItem\",\"position\":1,\"name\":\"Inicio\",\"item\":\"https:\/\/elcardinal.com\/\"},{\"@type\":\"ListItem\",\"position\":2,\"name\":\"Diputado Jorge Arg\u00fcelles Salazar rinde su primer informe de actividades legislativas y gesti\u00f3n\"}]},{\"@type\":\"WebSite\",\"@id\":\"https:\/\/elcardinal.com\/#website\",\"url\":\"https:\/\/elcardinal.com\/\",\"name\":\"El Cardinal\",\"description\":\"Periodismo honesto, con valor, sentido humano, a veces sarc\u00e1stico y divertido.\",\"publisher\":{\"@id\":\"https:\/\/elcardinal.com\/#organization\"},\"alternateName\":\"El Cardinal Noticias\",\"potentialAction\":[{\"@type\":\"SearchAction\",\"target\":{\"@type\":\"EntryPoint\",\"urlTemplate\":\"https:\/\/elcardinal.com\/?s={search_term_string}\"},\"query-input\":{\"@type\":\"PropertyValueSpecification\",\"valueRequired\":true,\"valueName\":\"search_term_string\"}}],\"inLanguage\":\"es\"},{\"@type\":\"Organization\",\"@id\":\"https:\/\/elcardinal.com\/#organization\",\"name\":\"El Cardinal\",\"url\":\"https:\/\/elcardinal.com\/\",\"logo\":{\"@type\":\"ImageObject\",\"inLanguage\":\"es\",\"@id\":\"https:\/\/elcardinal.com\/#\/schema\/logo\/image\/\",\"url\":\"https:\/\/elcardinal.com\/wp-content\/uploads\/2025\/04\/LOGO-EL-CARDINAL-Periodismo-con-valor.png\",\"contentUrl\":\"https:\/\/elcardinal.com\/wp-content\/uploads\/2025\/04\/LOGO-EL-CARDINAL-Periodismo-con-valor.png\",\"width\":755,\"height\":636,\"caption\":\"El Cardinal\"},\"image\":{\"@id\":\"https:\/\/elcardinal.com\/#\/schema\/logo\/image\/\"},\"sameAs\":[\"https:\/\/www.facebook.com\/profile.php?id=100063093107011\",\"https:\/\/x.com\/ElCardinal_Mx\"]},{\"@type\":\"Person\",\"@id\":\"https:\/\/elcardinal.com\/#\/schema\/person\/3c352ec0a33987fe275c0e8a2ea69f8b\",\"name\":\"Antonio Alcaraz\",\"image\":{\"@type\":\"ImageObject\",\"inLanguage\":\"es\",\"@id\":\"https:\/\/elcardinal.com\/#\/schema\/person\/image\/\",\"url\":\"https:\/\/elcardinal.com\/wp-content\/uploads\/2025\/05\/cropped-TONO-96x96.jpg\",\"contentUrl\":\"https:\/\/elcardinal.com\/wp-content\/uploads\/2025\/05\/cropped-TONO-96x96.jpg\",\"caption\":\"Antonio Alcaraz\"},\"url\":\"https:\/\/elcardinal.com\/?author=2\"}]}<\/script>\n<!-- \/ Yoast SEO plugin. -->","yoast_head_json":{"title":"Diputado Jorge Arg\u00fcelles Salazar rinde su primer informe de actividades legislativas y gesti\u00f3n - El Cardinal","robots":{"index":"index","follow":"follow","max-snippet":"max-snippet:-1","max-image-preview":"max-image-preview:large","max-video-preview":"max-video-preview:-1"},"canonical":"https:\/\/elcardinal.com\/?p=4990","og_locale":"es_MX","og_type":"article","og_title":"Diputado Jorge Arg\u00fcelles Salazar rinde su primer informe de actividades legislativas y gesti\u00f3n - El Cardinal","og_description":"Redacci\u00f3n En un ejercicio de transparencia y rendici\u00f3n de cuentas, el diputado Jorge Arg\u00fcelles Salazar present\u00f3 su primer informe de actividades legislativas y de gesti\u00f3n, destacando avances, logros y retos alcanzados durante su primer a\u00f1o de trabajo en el Congreso del Estado Libre y Soberano de Hidalgo. Durante su mensaje, el legislador refrend\u00f3 su compromiso","og_url":"https:\/\/elcardinal.com\/?p=4990","og_site_name":"El Cardinal","article_publisher":"https:\/\/www.facebook.com\/profile.php?id=100063093107011","article_published_time":"2025-08-21T20:16:14+00:00","og_image":[{"width":1564,"height":995,"url":"https:\/\/elcardinal.com\/wp-content\/uploads\/2025\/08\/WhatsApp-Image-2025-08-21-at-2.05.50-PM-2.jpeg","type":"image\/jpeg"}],"author":"Antonio Alcaraz","twitter_card":"summary_large_image","twitter_creator":"@ElCardinal_Mx","twitter_site":"@ElCardinal_Mx","twitter_misc":{"Escrito por":"Antonio Alcaraz","Tiempo de lectura":"3 minutos"},"schema":{"@context":"https:\/\/schema.org","@graph":[{"@type":"Article","@id":"https:\/\/elcardinal.com\/?p=4990#article","isPartOf":{"@id":"https:\/\/elcardinal.com\/?p=4990"},"author":{"name":"Antonio Alcaraz","@id":"https:\/\/elcardinal.com\/#\/schema\/person\/3c352ec0a33987fe275c0e8a2ea69f8b"},"headline":"Diputado Jorge Arg\u00fcelles Salazar rinde su primer informe de actividades legislativas y gesti\u00f3n","datePublished":"2025-08-21T20:16:14+00:00","mainEntityOfPage":{"@id":"https:\/\/elcardinal.com\/?p=4990"},"wordCount":480,"commentCount":0,"publisher":{"@id":"https:\/\/elcardinal.com\/#organization"},"image":{"@id":"https:\/\/elcardinal.com\/?p=4990#primaryimage"},"thumbnailUrl":"https:\/\/elcardinal.com\/wp-content\/uploads\/2025\/08\/WhatsApp-Image-2025-08-21-at-2.05.50-PM-2.jpeg","articleSection":["Hidalgo","Minuto a Minuto","Pol\u00edtica"],"inLanguage":"es","potentialAction":[{"@type":"CommentAction","name":"Comment","target":["https:\/\/elcardinal.com\/?p=4990#respond"]}]},{"@type":"WebPage","@id":"https:\/\/elcardinal.com\/?p=4990","url":"https:\/\/elcardinal.com\/?p=4990","name":"Diputado Jorge Arg\u00fcelles Salazar rinde su primer informe de actividades legislativas y gesti\u00f3n - El Cardinal","isPartOf":{"@id":"https:\/\/elcardinal.com\/#website"},"primaryImageOfPage":{"@id":"https:\/\/elcardinal.com\/?p=4990#primaryimage"},"image":{"@id":"https:\/\/elcardinal.com\/?p=4990#primaryimage"},"thumbnailUrl":"https:\/\/elcardinal.com\/wp-content\/uploads\/2025\/08\/WhatsApp-Image-2025-08-21-at-2.05.50-PM-2.jpeg","datePublished":"2025-08-21T20:16:14+00:00","breadcrumb":{"@id":"https:\/\/elcardinal.com\/?p=4990#breadcrumb"},"inLanguage":"es","potentialAction":[{"@type":"ReadAction","target":["https:\/\/elcardinal.com\/?p=4990"]}]},{"@type":"ImageObject","inLanguage":"es","@id":"https:\/\/elcardinal.com\/?p=4990#primaryimage","url":"https:\/\/elcardinal.com\/wp-content\/uploads\/2025\/08\/WhatsApp-Image-2025-08-21-at-2.05.50-PM-2.jpeg","contentUrl":"https:\/\/elcardinal.com\/wp-content\/uploads\/2025\/08\/WhatsApp-Image-2025-08-21-at-2.05.50-PM-2.jpeg","width":1564,"height":995},{"@type":"BreadcrumbList","@id":"https:\/\/elcardinal.com\/?p=4990#breadcrumb","itemListElement":[{"@type":"ListItem","position":1,"name":"Inicio","item":"https:\/\/elcardinal.com\/"},{"@type":"ListItem","position":2,"name":"Diputado Jorge Arg\u00fcelles Salazar rinde su primer informe de actividades legislativas y gesti\u00f3n"}]},{"@type":"WebSite","@id":"https:\/\/elcardinal.com\/#website","url":"https:\/\/elcardinal.com\/","name":"El Cardinal","description":"Periodismo honesto, con valor, sentido humano, a veces sarc\u00e1stico y divertido.","publisher":{"@id":"https:\/\/elcardinal.com\/#organization"},"alternateName":"El Cardinal Noticias","potentialAction":[{"@type":"SearchAction","target":{"@type":"EntryPoint","urlTemplate":"https:\/\/elcardinal.com\/?s={search_term_string}"},"query-input":{"@type":"PropertyValueSpecification","valueRequired":true,"valueName":"search_term_string"}}],"inLanguage":"es"},{"@type":"Organization","@id":"https:\/\/elcardinal.com\/#organization","name":"El Cardinal","url":"https:\/\/elcardinal.com\/","logo":{"@type":"ImageObject","inLanguage":"es","@id":"https:\/\/elcardinal.com\/#\/schema\/logo\/image\/","url":"https:\/\/elcardinal.com\/wp-content\/uploads\/2025\/04\/LOGO-EL-CARDINAL-Periodismo-con-valor.png","contentUrl":"https:\/\/elcardinal.com\/wp-content\/uploads\/2025\/04\/LOGO-EL-CARDINAL-Periodismo-con-valor.png","width":755,"height":636,"caption":"El Cardinal"},"image":{"@id":"https:\/\/elcardinal.com\/#\/schema\/logo\/image\/"},"sameAs":["https:\/\/www.facebook.com\/profile.php?id=100063093107011","https:\/\/x.com\/ElCardinal_Mx"]},{"@type":"Person","@id":"https:\/\/elcardinal.com\/#\/schema\/person\/3c352ec0a33987fe275c0e8a2ea69f8b","name":"Antonio Alcaraz","image":{"@type":"ImageObject","inLanguage":"es","@id":"https:\/\/elcardinal.com\/#\/schema\/person\/image\/","url":"https:\/\/elcardinal.com\/wp-content\/uploads\/2025\/05\/cropped-TONO-96x96.jpg","contentUrl":"https:\/\/elcardinal.com\/wp-content\/uploads\/2025\/05\/cropped-TONO-96x96.jpg","caption":"Antonio Alcaraz"},"url":"https:\/\/elcardinal.com\/?author=2"}]}},"_links":{"self":[{"href":"https:\/\/elcardinal.com\/index.php?rest_route=\/wp\/v2\/posts\/4990","targetHints":{"allow":["GET"]}}],"collection":[{"href":"https:\/\/elcardinal.com\/index.php?rest_route=\/wp\/v2\/posts"}],"about":[{"href":"https:\/\/elcardinal.com\/index.php?rest_route=\/wp\/v2\/types\/post"}],"author":[{"embeddable":true,"href":"https:\/\/elcardinal.com\/index.php?rest_route=\/wp\/v2\/users\/2"}],"replies":[{"embeddable":true,"href":"https:\/\/elcardinal.com\/index.php?rest_route=%2Fwp%2Fv2%2Fcomments&post=4990"}],"version-history":[{"count":1,"href":"https:\/\/elcardinal.com\/index.php?rest_route=\/wp\/v2\/posts\/4990\/revisions"}],"predecessor-version":[{"id":4992,"href":"https:\/\/elcardinal.com\/index.php?rest_route=\/wp\/v2\/posts\/4990\/revisions\/4992"}],"wp:featuredmedia":[{"embeddable":true,"href":"https:\/\/elcardinal.com\/index.php?rest_route=\/wp\/v2\/media\/4991"}],"wp:attachment":[{"href":"https:\/\/elcardinal.com\/index.php?rest_route=%2Fwp%2Fv2%2Fmedia&parent=4990"}],"wp:term":[{"taxonomy":"category","embeddable":true,"href":"https:\/\/elcardinal.com\/index.php?rest_route=%2Fwp%2Fv2%2Fcategories&post=4990"},{"taxonomy":"post_tag","embeddable":true,"href":"https:\/\/elcardinal.com\/index.php?rest_route=%2Fwp%2Fv2%2Ftags&post=4990"}],"curies":[{"name":"wp","href":"https:\/\/api.w.org\/{rel}","templated":true}]}}