{"id":4993,"date":"2025-08-22T07:26:35","date_gmt":"2025-08-22T13:26:35","guid":{"rendered":"https:\/\/elcardinal.com\/?p=4993"},"modified":"2025-08-22T07:26:35","modified_gmt":"2025-08-22T13:26:35","slug":"redondel","status":"publish","type":"post","link":"https:\/\/elcardinal.com\/?p=4993","title":{"rendered":"Redondel"},"content":{"rendered":"<p>Por: <strong>Tania Mart\u00ednez Su\u00e1rez<\/strong><\/p>\n<p style=\"text-align: right;\">&#8220;La vida tiene una forma de dar vueltas.&#8221;<\/p>\n<p style=\"text-align: right;\">\u00a0Brigid Gorry-Hines.<\/p>\n<p>Pienso en los c\u00edrculos, los reales que <strong>se iteran en el azulejo del restaurante<\/strong> que m\u00e1s me gusta\u2026 son n\u00edtidos, precisos, uno a continuaci\u00f3n del siguiente, cadena infinita de resurrecciones y alaridos.<\/p>\n<blockquote><p>Recuerdo los <strong>c\u00edrculos que se forman en el humo de los cigarrillos,<\/strong> en los que se asoman al arrojar piedras en los cuerpos de agua, generan ondas que se pueden escuchar como chasquidos inexistentes, logran cierta concreci\u00f3n y efecto visual atrayente hasta que se disipan, el agua vuelve a tranquilidad incoherente dentro de este mundo lleno de esc\u00e1ndalo y movimiento.<\/p><\/blockquote>\n<p>Me topo de frente con el inicio de la vida, <strong>mi amiga Ana<\/strong> dio a luz a un peque\u00f1o hermosisimo, con ojos como canicas de infinito, el toma su mano y el mundo se detiene, muchas veces la charla se silencia para verlo sorprenderse con los sonidos, el aire, las figuras que percibe. Al nacer un ser humano, creo que quienes lo atestiguamos volvemos a nacer con \u00e9l o ella, al asombro y el descubrimiento sempiterno de cada cosa que acontece. Al mismo tiempo <strong>mi querida Yanira<\/strong> perdi\u00f3 a su madre y observo que un poco del mundo se va con ella, esa forma \u00fanica de percibirlo se ha dilapidado, as\u00ed morimos un poco con cada ausencia, y es inevitable pensar en mi hija y mi madre, soy ese c\u00edrculo conc\u00e9ntrico que se enlaza en el tiempo con una y con otra, a una le di la vida y otra me la regal\u00f3 a m\u00ed, aunque en el sentido m\u00e1s estricto y m\u00e1s oblicuo las tres somos la misma, junto con mis abuelas, bisabuelas y ancestras hasta donde ya no pueda reconocerlas; y mis descendientes hasta donde ya no me identifiquen a m\u00ed.<\/p>\n<p>Pienso en los c\u00edrculos sociales, los grupos, clubes y gremios, <strong>esos son los c\u00edrculos m\u00e1s ef\u00edmeros que el humo de los cigarrillos y las ondas en el agua<\/strong>, durar\u00e1n por m\u00e1s tiempo los azulejos pintados a mano que estos otros, que solo funcionan cuando excluyen a los dem\u00e1s.<\/p>\n<p>Pienso en los ciclos y su t\u00e9rmino, en el abandono de la vida que se conoce, en lo saludable que es comenzar de nuevo y el miedo terrible que ocasiona el solo hecho de contemplarlo. <strong>Reminiscencia de mi ni\u00f1ez<\/strong> observar las repeticiones en las baldosas, en el papel tapiz o las carpetas tejidas de mi abuela, las palabras se tejen sean dichas o escritas hilvanan mensajes e ideas. Esa cadena infinita llena de c\u00edrculos y bucles temporales nos tiene aqu\u00ed, quiz\u00e1 en espera de que la realidad se transforme o nos trague la ciclicidad c\u00f3mplice de lo cotidiano.<\/p>\n","protected":false},"excerpt":{"rendered":"<p>Por: Tania Mart\u00ednez Su\u00e1rez &#8220;La vida tiene una forma de dar vueltas.&#8221; \u00a0Brigid Gorry-Hines. Pienso en los c\u00edrculos, los reales que se iteran en el azulejo del restaurante que m\u00e1s me gusta\u2026 son n\u00edtidos, precisos, uno a continuaci\u00f3n del siguiente, cadena infinita de resurrecciones y alaridos. Recuerdo los c\u00edrculos que se forman en el humo<\/p>\n","protected":false},"author":2,"featured_media":4974,"comment_status":"open","ping_status":"open","sticky":false,"template":"","format":"standard","meta":{"footnotes":""},"categories":[44,35],"tags":[54,55],"class_list":{"0":"post-4993","1":"post","2":"type-post","3":"status-publish","4":"format-standard","5":"has-post-thumbnail","7":"category-minuto-a-minuto","8":"category-opinion","9":"tag-proscrita","10":"tag-tania-martinez-suarez"},"yoast_head":"<!-- This site is optimized with the Yoast SEO plugin v26.1.1 - https:\/\/yoast.com\/wordpress\/plugins\/seo\/ -->\n<title>Redondel - El Cardinal<\/title>\n<meta name=\"robots\" content=\"index, follow, max-snippet:-1, max-image-preview:large, max-video-preview:-1\" \/>\n<link rel=\"canonical\" href=\"https:\/\/elcardinal.com\/?p=4993\" \/>\n<meta property=\"og:locale\" content=\"es_MX\" \/>\n<meta property=\"og:type\" content=\"article\" \/>\n<meta property=\"og:title\" content=\"Redondel - El Cardinal\" \/>\n<meta property=\"og:description\" content=\"Por: Tania Mart\u00ednez Su\u00e1rez &#8220;La vida tiene una forma de dar vueltas.&#8221; \u00a0Brigid Gorry-Hines. Pienso en los c\u00edrculos, los reales que se iteran en el azulejo del restaurante que m\u00e1s me gusta\u2026 son n\u00edtidos, precisos, uno a continuaci\u00f3n del siguiente, cadena infinita de resurrecciones y alaridos. Recuerdo los c\u00edrculos que se forman en el humo\" \/>\n<meta property=\"og:url\" content=\"https:\/\/elcardinal.com\/?p=4993\" \/>\n<meta property=\"og:site_name\" content=\"El Cardinal\" \/>\n<meta property=\"article:publisher\" content=\"https:\/\/www.facebook.com\/profile.php?id=100063093107011\" \/>\n<meta property=\"article:published_time\" content=\"2025-08-22T13:26:35+00:00\" \/>\n<meta property=\"og:image\" content=\"https:\/\/elcardinal.com\/wp-content\/uploads\/2025\/08\/Semillas-Esterales.png\" \/>\n\t<meta property=\"og:image:width\" content=\"940\" \/>\n\t<meta property=\"og:image:height\" content=\"788\" \/>\n\t<meta property=\"og:image:type\" content=\"image\/png\" \/>\n<meta name=\"author\" content=\"Antonio Alcaraz\" \/>\n<meta name=\"twitter:card\" content=\"summary_large_image\" \/>\n<meta name=\"twitter:creator\" content=\"@ElCardinal_Mx\" \/>\n<meta name=\"twitter:site\" content=\"@ElCardinal_Mx\" \/>\n<meta name=\"twitter:label1\" content=\"Escrito por\" \/>\n\t<meta name=\"twitter:data1\" content=\"Antonio Alcaraz\" \/>\n\t<meta name=\"twitter:label2\" content=\"Tiempo de lectura\" \/>\n\t<meta name=\"twitter:data2\" content=\"2 minutos\" \/>\n<script type=\"application\/ld+json\" class=\"yoast-schema-graph\">{\"@context\":\"https:\/\/schema.org\",\"@graph\":[{\"@type\":\"Article\",\"@id\":\"https:\/\/elcardinal.com\/?p=4993#article\",\"isPartOf\":{\"@id\":\"https:\/\/elcardinal.com\/?p=4993\"},\"author\":{\"name\":\"Antonio Alcaraz\",\"@id\":\"https:\/\/elcardinal.com\/#\/schema\/person\/3c352ec0a33987fe275c0e8a2ea69f8b\"},\"headline\":\"Redondel\",\"datePublished\":\"2025-08-22T13:26:35+00:00\",\"mainEntityOfPage\":{\"@id\":\"https:\/\/elcardinal.com\/?p=4993\"},\"wordCount\":471,\"commentCount\":0,\"publisher\":{\"@id\":\"https:\/\/elcardinal.com\/#organization\"},\"image\":{\"@id\":\"https:\/\/elcardinal.com\/?p=4993#primaryimage\"},\"thumbnailUrl\":\"https:\/\/elcardinal.com\/wp-content\/uploads\/2025\/08\/Semillas-Esterales.png\",\"keywords\":[\"Proscrita\",\"Tania Mart\u00ednez Su\u00e1rez\"],\"articleSection\":[\"Minuto a Minuto\",\"Opini\u00f3n\"],\"inLanguage\":\"es\",\"potentialAction\":[{\"@type\":\"CommentAction\",\"name\":\"Comment\",\"target\":[\"https:\/\/elcardinal.com\/?p=4993#respond\"]}]},{\"@type\":\"WebPage\",\"@id\":\"https:\/\/elcardinal.com\/?p=4993\",\"url\":\"https:\/\/elcardinal.com\/?p=4993\",\"name\":\"Redondel - El Cardinal\",\"isPartOf\":{\"@id\":\"https:\/\/elcardinal.com\/#website\"},\"primaryImageOfPage\":{\"@id\":\"https:\/\/elcardinal.com\/?p=4993#primaryimage\"},\"image\":{\"@id\":\"https:\/\/elcardinal.com\/?p=4993#primaryimage\"},\"thumbnailUrl\":\"https:\/\/elcardinal.com\/wp-content\/uploads\/2025\/08\/Semillas-Esterales.png\",\"datePublished\":\"2025-08-22T13:26:35+00:00\",\"breadcrumb\":{\"@id\":\"https:\/\/elcardinal.com\/?p=4993#breadcrumb\"},\"inLanguage\":\"es\",\"potentialAction\":[{\"@type\":\"ReadAction\",\"target\":[\"https:\/\/elcardinal.com\/?p=4993\"]}]},{\"@type\":\"ImageObject\",\"inLanguage\":\"es\",\"@id\":\"https:\/\/elcardinal.com\/?p=4993#primaryimage\",\"url\":\"https:\/\/elcardinal.com\/wp-content\/uploads\/2025\/08\/Semillas-Esterales.png\",\"contentUrl\":\"https:\/\/elcardinal.com\/wp-content\/uploads\/2025\/08\/Semillas-Esterales.png\",\"width\":940,\"height\":788},{\"@type\":\"BreadcrumbList\",\"@id\":\"https:\/\/elcardinal.com\/?p=4993#breadcrumb\",\"itemListElement\":[{\"@type\":\"ListItem\",\"position\":1,\"name\":\"Inicio\",\"item\":\"https:\/\/elcardinal.com\/\"},{\"@type\":\"ListItem\",\"position\":2,\"name\":\"Redondel\"}]},{\"@type\":\"WebSite\",\"@id\":\"https:\/\/elcardinal.com\/#website\",\"url\":\"https:\/\/elcardinal.com\/\",\"name\":\"El Cardinal\",\"description\":\"Periodismo honesto, con valor, sentido humano, a veces sarc\u00e1stico y divertido.\",\"publisher\":{\"@id\":\"https:\/\/elcardinal.com\/#organization\"},\"alternateName\":\"El Cardinal Noticias\",\"potentialAction\":[{\"@type\":\"SearchAction\",\"target\":{\"@type\":\"EntryPoint\",\"urlTemplate\":\"https:\/\/elcardinal.com\/?s={search_term_string}\"},\"query-input\":{\"@type\":\"PropertyValueSpecification\",\"valueRequired\":true,\"valueName\":\"search_term_string\"}}],\"inLanguage\":\"es\"},{\"@type\":\"Organization\",\"@id\":\"https:\/\/elcardinal.com\/#organization\",\"name\":\"El Cardinal\",\"url\":\"https:\/\/elcardinal.com\/\",\"logo\":{\"@type\":\"ImageObject\",\"inLanguage\":\"es\",\"@id\":\"https:\/\/elcardinal.com\/#\/schema\/logo\/image\/\",\"url\":\"https:\/\/elcardinal.com\/wp-content\/uploads\/2025\/04\/LOGO-EL-CARDINAL-Periodismo-con-valor.png\",\"contentUrl\":\"https:\/\/elcardinal.com\/wp-content\/uploads\/2025\/04\/LOGO-EL-CARDINAL-Periodismo-con-valor.png\",\"width\":755,\"height\":636,\"caption\":\"El Cardinal\"},\"image\":{\"@id\":\"https:\/\/elcardinal.com\/#\/schema\/logo\/image\/\"},\"sameAs\":[\"https:\/\/www.facebook.com\/profile.php?id=100063093107011\",\"https:\/\/x.com\/ElCardinal_Mx\"]},{\"@type\":\"Person\",\"@id\":\"https:\/\/elcardinal.com\/#\/schema\/person\/3c352ec0a33987fe275c0e8a2ea69f8b\",\"name\":\"Antonio Alcaraz\",\"image\":{\"@type\":\"ImageObject\",\"inLanguage\":\"es\",\"@id\":\"https:\/\/elcardinal.com\/#\/schema\/person\/image\/\",\"url\":\"https:\/\/elcardinal.com\/wp-content\/uploads\/2025\/05\/cropped-TONO-96x96.jpg\",\"contentUrl\":\"https:\/\/elcardinal.com\/wp-content\/uploads\/2025\/05\/cropped-TONO-96x96.jpg\",\"caption\":\"Antonio Alcaraz\"},\"url\":\"https:\/\/elcardinal.com\/?author=2\"}]}<\/script>\n<!-- \/ Yoast SEO plugin. -->","yoast_head_json":{"title":"Redondel - El Cardinal","robots":{"index":"index","follow":"follow","max-snippet":"max-snippet:-1","max-image-preview":"max-image-preview:large","max-video-preview":"max-video-preview:-1"},"canonical":"https:\/\/elcardinal.com\/?p=4993","og_locale":"es_MX","og_type":"article","og_title":"Redondel - El Cardinal","og_description":"Por: Tania Mart\u00ednez Su\u00e1rez &#8220;La vida tiene una forma de dar vueltas.&#8221; \u00a0Brigid Gorry-Hines. Pienso en los c\u00edrculos, los reales que se iteran en el azulejo del restaurante que m\u00e1s me gusta\u2026 son n\u00edtidos, precisos, uno a continuaci\u00f3n del siguiente, cadena infinita de resurrecciones y alaridos. Recuerdo los c\u00edrculos que se forman en el humo","og_url":"https:\/\/elcardinal.com\/?p=4993","og_site_name":"El Cardinal","article_publisher":"https:\/\/www.facebook.com\/profile.php?id=100063093107011","article_published_time":"2025-08-22T13:26:35+00:00","og_image":[{"width":940,"height":788,"url":"https:\/\/elcardinal.com\/wp-content\/uploads\/2025\/08\/Semillas-Esterales.png","type":"image\/png"}],"author":"Antonio Alcaraz","twitter_card":"summary_large_image","twitter_creator":"@ElCardinal_Mx","twitter_site":"@ElCardinal_Mx","twitter_misc":{"Escrito por":"Antonio Alcaraz","Tiempo de lectura":"2 minutos"},"schema":{"@context":"https:\/\/schema.org","@graph":[{"@type":"Article","@id":"https:\/\/elcardinal.com\/?p=4993#article","isPartOf":{"@id":"https:\/\/elcardinal.com\/?p=4993"},"author":{"name":"Antonio Alcaraz","@id":"https:\/\/elcardinal.com\/#\/schema\/person\/3c352ec0a33987fe275c0e8a2ea69f8b"},"headline":"Redondel","datePublished":"2025-08-22T13:26:35+00:00","mainEntityOfPage":{"@id":"https:\/\/elcardinal.com\/?p=4993"},"wordCount":471,"commentCount":0,"publisher":{"@id":"https:\/\/elcardinal.com\/#organization"},"image":{"@id":"https:\/\/elcardinal.com\/?p=4993#primaryimage"},"thumbnailUrl":"https:\/\/elcardinal.com\/wp-content\/uploads\/2025\/08\/Semillas-Esterales.png","keywords":["Proscrita","Tania Mart\u00ednez Su\u00e1rez"],"articleSection":["Minuto a Minuto","Opini\u00f3n"],"inLanguage":"es","potentialAction":[{"@type":"CommentAction","name":"Comment","target":["https:\/\/elcardinal.com\/?p=4993#respond"]}]},{"@type":"WebPage","@id":"https:\/\/elcardinal.com\/?p=4993","url":"https:\/\/elcardinal.com\/?p=4993","name":"Redondel - El Cardinal","isPartOf":{"@id":"https:\/\/elcardinal.com\/#website"},"primaryImageOfPage":{"@id":"https:\/\/elcardinal.com\/?p=4993#primaryimage"},"image":{"@id":"https:\/\/elcardinal.com\/?p=4993#primaryimage"},"thumbnailUrl":"https:\/\/elcardinal.com\/wp-content\/uploads\/2025\/08\/Semillas-Esterales.png","datePublished":"2025-08-22T13:26:35+00:00","breadcrumb":{"@id":"https:\/\/elcardinal.com\/?p=4993#breadcrumb"},"inLanguage":"es","potentialAction":[{"@type":"ReadAction","target":["https:\/\/elcardinal.com\/?p=4993"]}]},{"@type":"ImageObject","inLanguage":"es","@id":"https:\/\/elcardinal.com\/?p=4993#primaryimage","url":"https:\/\/elcardinal.com\/wp-content\/uploads\/2025\/08\/Semillas-Esterales.png","contentUrl":"https:\/\/elcardinal.com\/wp-content\/uploads\/2025\/08\/Semillas-Esterales.png","width":940,"height":788},{"@type":"BreadcrumbList","@id":"https:\/\/elcardinal.com\/?p=4993#breadcrumb","itemListElement":[{"@type":"ListItem","position":1,"name":"Inicio","item":"https:\/\/elcardinal.com\/"},{"@type":"ListItem","position":2,"name":"Redondel"}]},{"@type":"WebSite","@id":"https:\/\/elcardinal.com\/#website","url":"https:\/\/elcardinal.com\/","name":"El Cardinal","description":"Periodismo honesto, con valor, sentido humano, a veces sarc\u00e1stico y divertido.","publisher":{"@id":"https:\/\/elcardinal.com\/#organization"},"alternateName":"El Cardinal Noticias","potentialAction":[{"@type":"SearchAction","target":{"@type":"EntryPoint","urlTemplate":"https:\/\/elcardinal.com\/?s={search_term_string}"},"query-input":{"@type":"PropertyValueSpecification","valueRequired":true,"valueName":"search_term_string"}}],"inLanguage":"es"},{"@type":"Organization","@id":"https:\/\/elcardinal.com\/#organization","name":"El Cardinal","url":"https:\/\/elcardinal.com\/","logo":{"@type":"ImageObject","inLanguage":"es","@id":"https:\/\/elcardinal.com\/#\/schema\/logo\/image\/","url":"https:\/\/elcardinal.com\/wp-content\/uploads\/2025\/04\/LOGO-EL-CARDINAL-Periodismo-con-valor.png","contentUrl":"https:\/\/elcardinal.com\/wp-content\/uploads\/2025\/04\/LOGO-EL-CARDINAL-Periodismo-con-valor.png","width":755,"height":636,"caption":"El Cardinal"},"image":{"@id":"https:\/\/elcardinal.com\/#\/schema\/logo\/image\/"},"sameAs":["https:\/\/www.facebook.com\/profile.php?id=100063093107011","https:\/\/x.com\/ElCardinal_Mx"]},{"@type":"Person","@id":"https:\/\/elcardinal.com\/#\/schema\/person\/3c352ec0a33987fe275c0e8a2ea69f8b","name":"Antonio Alcaraz","image":{"@type":"ImageObject","inLanguage":"es","@id":"https:\/\/elcardinal.com\/#\/schema\/person\/image\/","url":"https:\/\/elcardinal.com\/wp-content\/uploads\/2025\/05\/cropped-TONO-96x96.jpg","contentUrl":"https:\/\/elcardinal.com\/wp-content\/uploads\/2025\/05\/cropped-TONO-96x96.jpg","caption":"Antonio Alcaraz"},"url":"https:\/\/elcardinal.com\/?author=2"}]}},"_links":{"self":[{"href":"https:\/\/elcardinal.com\/index.php?rest_route=\/wp\/v2\/posts\/4993","targetHints":{"allow":["GET"]}}],"collection":[{"href":"https:\/\/elcardinal.com\/index.php?rest_route=\/wp\/v2\/posts"}],"about":[{"href":"https:\/\/elcardinal.com\/index.php?rest_route=\/wp\/v2\/types\/post"}],"author":[{"embeddable":true,"href":"https:\/\/elcardinal.com\/index.php?rest_route=\/wp\/v2\/users\/2"}],"replies":[{"embeddable":true,"href":"https:\/\/elcardinal.com\/index.php?rest_route=%2Fwp%2Fv2%2Fcomments&post=4993"}],"version-history":[{"count":1,"href":"https:\/\/elcardinal.com\/index.php?rest_route=\/wp\/v2\/posts\/4993\/revisions"}],"predecessor-version":[{"id":4994,"href":"https:\/\/elcardinal.com\/index.php?rest_route=\/wp\/v2\/posts\/4993\/revisions\/4994"}],"wp:featuredmedia":[{"embeddable":true,"href":"https:\/\/elcardinal.com\/index.php?rest_route=\/wp\/v2\/media\/4974"}],"wp:attachment":[{"href":"https:\/\/elcardinal.com\/index.php?rest_route=%2Fwp%2Fv2%2Fmedia&parent=4993"}],"wp:term":[{"taxonomy":"category","embeddable":true,"href":"https:\/\/elcardinal.com\/index.php?rest_route=%2Fwp%2Fv2%2Fcategories&post=4993"},{"taxonomy":"post_tag","embeddable":true,"href":"https:\/\/elcardinal.com\/index.php?rest_route=%2Fwp%2Fv2%2Ftags&post=4993"}],"curies":[{"name":"wp","href":"https:\/\/api.w.org\/{rel}","templated":true}]}}