{"id":5003,"date":"2025-08-27T10:30:13","date_gmt":"2025-08-27T16:30:13","guid":{"rendered":"https:\/\/elcardinal.com\/?p=5003"},"modified":"2025-08-27T10:30:13","modified_gmt":"2025-08-27T16:30:13","slug":"rastro-municipal-en-ruinas-pachuca-lo-retoma-y-promete-transformarlo","status":"publish","type":"post","link":"https:\/\/elcardinal.com\/?p=5003","title":{"rendered":"Rastro municipal en ruinas: Pachuca lo retoma y promete transformarlo"},"content":{"rendered":"<p>Redacci\u00f3n<\/p>\n<p>PACHUCA, HGO.- Despu\u00e9s de casi 12 a\u00f1os sin control directo del rastro municipal, el ayuntamiento de Pachuca retom\u00f3 la administraci\u00f3n del espacio y en los pr\u00f3ximos d\u00edas emitir\u00e1 una licitaci\u00f3n p\u00fablica para iniciar con su rehabilitaci\u00f3n, inform\u00f3 el titular de la <strong>Secretar\u00eda de Servicios P\u00fablicos Municipales<\/strong>, Gilberto L\u00f3pez Islas.<\/p>\n<p>El funcionario explic\u00f3 que fue el <strong>15 de julio cuando el municipio volvi\u00f3 a tomar posesi\u00f3n del inmueble<\/strong>, que desde la administraci\u00f3n del exalcalde Eleazar Garc\u00eda operaba bajo una concesi\u00f3n a un tercero. \u201cLo que nos toca ahora es diagnosticar la parte operativa y t\u00e9cnica: las instalaciones, el equipo, las herramientas. Ya tenemos parte del dictamen, pero falta que pase a visto bueno del alcalde\u201d, dijo.<\/p>\n<p><strong>INFRAESTRUCTURA DETERIORADA Y FALTA DE EQUIPO<\/strong><\/p>\n<p>Durante las primeras semanas de operaci\u00f3n directa, el ayuntamiento identific\u00f3 diversas fallas estructurales y de funcionamiento en el rastro. Entre los problemas m\u00e1s urgentes destacan la depiladora de cerdos fuera de servicio, herramienta deteriorada, falta de sierras, ganchos, bebederos, as\u00ed como da\u00f1os en corrales y pisos. Tambi\u00e9n se detectaron fallas en la planta de tratamiento de aguas residuales, la cual buscan reactivar este mismo a\u00f1o para reutilizar agua en parques de la ciudad.<\/p>\n<p>\u201cNos faltan herramientas b\u00e1sicas y adecuar condiciones m\u00ednimas para el manejo del ganado. Incluso estamos considerando usar la materia org\u00e1nica que se genera para enriquecer la tierra de los parques\u201d, explic\u00f3 L\u00f3pez Islas.<\/p>\n<p><strong>MEJORAS INMEDIATAS Y CONTROL SANITARIO<\/strong><\/p>\n<p>Desde la recuperaci\u00f3n del inmueble, se han implementado acciones inmediatas de mejora, como mantenimiento al sistema el\u00e9ctrico, reparaci\u00f3n de fugas de gas, arreglo del pistolete de matanza, limpieza diaria y revisi\u00f3n documental del ganado. Adem\u00e1s, se incorpor\u00f3 un veterinario para verificar el estado de salud de los animales, y se ha negado el ingreso a quienes no presentan documentaci\u00f3n o cuyo ganado presenta problemas sanitarios.<\/p>\n<p>Actualmente, el rastro procesa entre 200 y 320 cerdos por d\u00eda y ha pasado de 18 a 32 reses diarias, lo que refleja una recuperaci\u00f3n gradual del servicio.<\/p>\n","protected":false},"excerpt":{"rendered":"<p>Redacci\u00f3n PACHUCA, HGO.- Despu\u00e9s de casi 12 a\u00f1os sin control directo del rastro municipal, el ayuntamiento de Pachuca retom\u00f3 la administraci\u00f3n del espacio y en los pr\u00f3ximos d\u00edas emitir\u00e1 una licitaci\u00f3n p\u00fablica para iniciar con su rehabilitaci\u00f3n, inform\u00f3 el titular de la Secretar\u00eda de Servicios P\u00fablicos Municipales, Gilberto L\u00f3pez Islas. El funcionario explic\u00f3 que fue<\/p>\n","protected":false},"author":2,"featured_media":5004,"comment_status":"open","ping_status":"open","sticky":false,"template":"","format":"standard","meta":{"footnotes":""},"categories":[31,32,44],"tags":[65,277],"class_list":{"0":"post-5003","1":"post","2":"type-post","3":"status-publish","4":"format-standard","5":"has-post-thumbnail","7":"category-hidalgo","8":"category-metropoli","9":"category-minuto-a-minuto","10":"tag-pachuca","11":"tag-rastro"},"yoast_head":"<!-- This site is optimized with the Yoast SEO plugin v26.1.1 - https:\/\/yoast.com\/wordpress\/plugins\/seo\/ -->\n<title>Rastro municipal en ruinas: Pachuca lo retoma y promete transformarlo - El Cardinal<\/title>\n<meta name=\"robots\" content=\"index, follow, max-snippet:-1, max-image-preview:large, max-video-preview:-1\" \/>\n<link rel=\"canonical\" href=\"https:\/\/elcardinal.com\/?p=5003\" \/>\n<meta property=\"og:locale\" content=\"es_MX\" \/>\n<meta property=\"og:type\" content=\"article\" \/>\n<meta property=\"og:title\" content=\"Rastro municipal en ruinas: Pachuca lo retoma y promete transformarlo - El Cardinal\" \/>\n<meta property=\"og:description\" content=\"Redacci\u00f3n PACHUCA, HGO.- Despu\u00e9s de casi 12 a\u00f1os sin control directo del rastro municipal, el ayuntamiento de Pachuca retom\u00f3 la administraci\u00f3n del espacio y en los pr\u00f3ximos d\u00edas emitir\u00e1 una licitaci\u00f3n p\u00fablica para iniciar con su rehabilitaci\u00f3n, inform\u00f3 el titular de la Secretar\u00eda de Servicios P\u00fablicos Municipales, Gilberto L\u00f3pez Islas. El funcionario explic\u00f3 que fue\" \/>\n<meta property=\"og:url\" content=\"https:\/\/elcardinal.com\/?p=5003\" \/>\n<meta property=\"og:site_name\" content=\"El Cardinal\" \/>\n<meta property=\"article:publisher\" content=\"https:\/\/www.facebook.com\/profile.php?id=100063093107011\" \/>\n<meta property=\"article:published_time\" content=\"2025-08-27T16:30:13+00:00\" \/>\n<meta property=\"og:image\" content=\"https:\/\/elcardinal.com\/wp-content\/uploads\/2025\/08\/WhatsApp-Image-2025-08-27-at-10.18.00-AM-1.jpeg\" \/>\n\t<meta property=\"og:image:width\" content=\"1059\" \/>\n\t<meta property=\"og:image:height\" content=\"855\" \/>\n\t<meta property=\"og:image:type\" content=\"image\/jpeg\" \/>\n<meta name=\"author\" content=\"Antonio Alcaraz\" \/>\n<meta name=\"twitter:card\" content=\"summary_large_image\" \/>\n<meta name=\"twitter:creator\" content=\"@ElCardinal_Mx\" \/>\n<meta name=\"twitter:site\" content=\"@ElCardinal_Mx\" \/>\n<meta name=\"twitter:label1\" content=\"Escrito por\" \/>\n\t<meta name=\"twitter:data1\" content=\"Antonio Alcaraz\" \/>\n\t<meta name=\"twitter:label2\" content=\"Tiempo de lectura\" \/>\n\t<meta name=\"twitter:data2\" content=\"2 minutos\" \/>\n<script type=\"application\/ld+json\" class=\"yoast-schema-graph\">{\"@context\":\"https:\/\/schema.org\",\"@graph\":[{\"@type\":\"Article\",\"@id\":\"https:\/\/elcardinal.com\/?p=5003#article\",\"isPartOf\":{\"@id\":\"https:\/\/elcardinal.com\/?p=5003\"},\"author\":{\"name\":\"Antonio Alcaraz\",\"@id\":\"https:\/\/elcardinal.com\/#\/schema\/person\/3c352ec0a33987fe275c0e8a2ea69f8b\"},\"headline\":\"Rastro municipal en ruinas: Pachuca lo retoma y promete transformarlo\",\"datePublished\":\"2025-08-27T16:30:13+00:00\",\"mainEntityOfPage\":{\"@id\":\"https:\/\/elcardinal.com\/?p=5003\"},\"wordCount\":365,\"commentCount\":0,\"publisher\":{\"@id\":\"https:\/\/elcardinal.com\/#organization\"},\"image\":{\"@id\":\"https:\/\/elcardinal.com\/?p=5003#primaryimage\"},\"thumbnailUrl\":\"https:\/\/elcardinal.com\/wp-content\/uploads\/2025\/08\/WhatsApp-Image-2025-08-27-at-10.18.00-AM-1.jpeg\",\"keywords\":[\"Pachuca\",\"Rastro\"],\"articleSection\":[\"Hidalgo\",\"Metr\u00f3poli\",\"Minuto a Minuto\"],\"inLanguage\":\"es\",\"potentialAction\":[{\"@type\":\"CommentAction\",\"name\":\"Comment\",\"target\":[\"https:\/\/elcardinal.com\/?p=5003#respond\"]}]},{\"@type\":\"WebPage\",\"@id\":\"https:\/\/elcardinal.com\/?p=5003\",\"url\":\"https:\/\/elcardinal.com\/?p=5003\",\"name\":\"Rastro municipal en ruinas: Pachuca lo retoma y promete transformarlo - El Cardinal\",\"isPartOf\":{\"@id\":\"https:\/\/elcardinal.com\/#website\"},\"primaryImageOfPage\":{\"@id\":\"https:\/\/elcardinal.com\/?p=5003#primaryimage\"},\"image\":{\"@id\":\"https:\/\/elcardinal.com\/?p=5003#primaryimage\"},\"thumbnailUrl\":\"https:\/\/elcardinal.com\/wp-content\/uploads\/2025\/08\/WhatsApp-Image-2025-08-27-at-10.18.00-AM-1.jpeg\",\"datePublished\":\"2025-08-27T16:30:13+00:00\",\"breadcrumb\":{\"@id\":\"https:\/\/elcardinal.com\/?p=5003#breadcrumb\"},\"inLanguage\":\"es\",\"potentialAction\":[{\"@type\":\"ReadAction\",\"target\":[\"https:\/\/elcardinal.com\/?p=5003\"]}]},{\"@type\":\"ImageObject\",\"inLanguage\":\"es\",\"@id\":\"https:\/\/elcardinal.com\/?p=5003#primaryimage\",\"url\":\"https:\/\/elcardinal.com\/wp-content\/uploads\/2025\/08\/WhatsApp-Image-2025-08-27-at-10.18.00-AM-1.jpeg\",\"contentUrl\":\"https:\/\/elcardinal.com\/wp-content\/uploads\/2025\/08\/WhatsApp-Image-2025-08-27-at-10.18.00-AM-1.jpeg\",\"width\":1059,\"height\":855},{\"@type\":\"BreadcrumbList\",\"@id\":\"https:\/\/elcardinal.com\/?p=5003#breadcrumb\",\"itemListElement\":[{\"@type\":\"ListItem\",\"position\":1,\"name\":\"Inicio\",\"item\":\"https:\/\/elcardinal.com\/\"},{\"@type\":\"ListItem\",\"position\":2,\"name\":\"Rastro municipal en ruinas: Pachuca lo retoma y promete transformarlo\"}]},{\"@type\":\"WebSite\",\"@id\":\"https:\/\/elcardinal.com\/#website\",\"url\":\"https:\/\/elcardinal.com\/\",\"name\":\"El Cardinal\",\"description\":\"Periodismo honesto, con valor, sentido humano, a veces sarc\u00e1stico y divertido.\",\"publisher\":{\"@id\":\"https:\/\/elcardinal.com\/#organization\"},\"alternateName\":\"El Cardinal Noticias\",\"potentialAction\":[{\"@type\":\"SearchAction\",\"target\":{\"@type\":\"EntryPoint\",\"urlTemplate\":\"https:\/\/elcardinal.com\/?s={search_term_string}\"},\"query-input\":{\"@type\":\"PropertyValueSpecification\",\"valueRequired\":true,\"valueName\":\"search_term_string\"}}],\"inLanguage\":\"es\"},{\"@type\":\"Organization\",\"@id\":\"https:\/\/elcardinal.com\/#organization\",\"name\":\"El Cardinal\",\"url\":\"https:\/\/elcardinal.com\/\",\"logo\":{\"@type\":\"ImageObject\",\"inLanguage\":\"es\",\"@id\":\"https:\/\/elcardinal.com\/#\/schema\/logo\/image\/\",\"url\":\"https:\/\/elcardinal.com\/wp-content\/uploads\/2025\/04\/LOGO-EL-CARDINAL-Periodismo-con-valor.png\",\"contentUrl\":\"https:\/\/elcardinal.com\/wp-content\/uploads\/2025\/04\/LOGO-EL-CARDINAL-Periodismo-con-valor.png\",\"width\":755,\"height\":636,\"caption\":\"El Cardinal\"},\"image\":{\"@id\":\"https:\/\/elcardinal.com\/#\/schema\/logo\/image\/\"},\"sameAs\":[\"https:\/\/www.facebook.com\/profile.php?id=100063093107011\",\"https:\/\/x.com\/ElCardinal_Mx\"]},{\"@type\":\"Person\",\"@id\":\"https:\/\/elcardinal.com\/#\/schema\/person\/3c352ec0a33987fe275c0e8a2ea69f8b\",\"name\":\"Antonio Alcaraz\",\"image\":{\"@type\":\"ImageObject\",\"inLanguage\":\"es\",\"@id\":\"https:\/\/elcardinal.com\/#\/schema\/person\/image\/\",\"url\":\"https:\/\/elcardinal.com\/wp-content\/uploads\/2025\/05\/cropped-TONO-96x96.jpg\",\"contentUrl\":\"https:\/\/elcardinal.com\/wp-content\/uploads\/2025\/05\/cropped-TONO-96x96.jpg\",\"caption\":\"Antonio Alcaraz\"},\"url\":\"https:\/\/elcardinal.com\/?author=2\"}]}<\/script>\n<!-- \/ Yoast SEO plugin. -->","yoast_head_json":{"title":"Rastro municipal en ruinas: Pachuca lo retoma y promete transformarlo - El Cardinal","robots":{"index":"index","follow":"follow","max-snippet":"max-snippet:-1","max-image-preview":"max-image-preview:large","max-video-preview":"max-video-preview:-1"},"canonical":"https:\/\/elcardinal.com\/?p=5003","og_locale":"es_MX","og_type":"article","og_title":"Rastro municipal en ruinas: Pachuca lo retoma y promete transformarlo - El Cardinal","og_description":"Redacci\u00f3n PACHUCA, HGO.- Despu\u00e9s de casi 12 a\u00f1os sin control directo del rastro municipal, el ayuntamiento de Pachuca retom\u00f3 la administraci\u00f3n del espacio y en los pr\u00f3ximos d\u00edas emitir\u00e1 una licitaci\u00f3n p\u00fablica para iniciar con su rehabilitaci\u00f3n, inform\u00f3 el titular de la Secretar\u00eda de Servicios P\u00fablicos Municipales, Gilberto L\u00f3pez Islas. El funcionario explic\u00f3 que fue","og_url":"https:\/\/elcardinal.com\/?p=5003","og_site_name":"El Cardinal","article_publisher":"https:\/\/www.facebook.com\/profile.php?id=100063093107011","article_published_time":"2025-08-27T16:30:13+00:00","og_image":[{"width":1059,"height":855,"url":"https:\/\/elcardinal.com\/wp-content\/uploads\/2025\/08\/WhatsApp-Image-2025-08-27-at-10.18.00-AM-1.jpeg","type":"image\/jpeg"}],"author":"Antonio Alcaraz","twitter_card":"summary_large_image","twitter_creator":"@ElCardinal_Mx","twitter_site":"@ElCardinal_Mx","twitter_misc":{"Escrito por":"Antonio Alcaraz","Tiempo de lectura":"2 minutos"},"schema":{"@context":"https:\/\/schema.org","@graph":[{"@type":"Article","@id":"https:\/\/elcardinal.com\/?p=5003#article","isPartOf":{"@id":"https:\/\/elcardinal.com\/?p=5003"},"author":{"name":"Antonio Alcaraz","@id":"https:\/\/elcardinal.com\/#\/schema\/person\/3c352ec0a33987fe275c0e8a2ea69f8b"},"headline":"Rastro municipal en ruinas: Pachuca lo retoma y promete transformarlo","datePublished":"2025-08-27T16:30:13+00:00","mainEntityOfPage":{"@id":"https:\/\/elcardinal.com\/?p=5003"},"wordCount":365,"commentCount":0,"publisher":{"@id":"https:\/\/elcardinal.com\/#organization"},"image":{"@id":"https:\/\/elcardinal.com\/?p=5003#primaryimage"},"thumbnailUrl":"https:\/\/elcardinal.com\/wp-content\/uploads\/2025\/08\/WhatsApp-Image-2025-08-27-at-10.18.00-AM-1.jpeg","keywords":["Pachuca","Rastro"],"articleSection":["Hidalgo","Metr\u00f3poli","Minuto a Minuto"],"inLanguage":"es","potentialAction":[{"@type":"CommentAction","name":"Comment","target":["https:\/\/elcardinal.com\/?p=5003#respond"]}]},{"@type":"WebPage","@id":"https:\/\/elcardinal.com\/?p=5003","url":"https:\/\/elcardinal.com\/?p=5003","name":"Rastro municipal en ruinas: Pachuca lo retoma y promete transformarlo - El Cardinal","isPartOf":{"@id":"https:\/\/elcardinal.com\/#website"},"primaryImageOfPage":{"@id":"https:\/\/elcardinal.com\/?p=5003#primaryimage"},"image":{"@id":"https:\/\/elcardinal.com\/?p=5003#primaryimage"},"thumbnailUrl":"https:\/\/elcardinal.com\/wp-content\/uploads\/2025\/08\/WhatsApp-Image-2025-08-27-at-10.18.00-AM-1.jpeg","datePublished":"2025-08-27T16:30:13+00:00","breadcrumb":{"@id":"https:\/\/elcardinal.com\/?p=5003#breadcrumb"},"inLanguage":"es","potentialAction":[{"@type":"ReadAction","target":["https:\/\/elcardinal.com\/?p=5003"]}]},{"@type":"ImageObject","inLanguage":"es","@id":"https:\/\/elcardinal.com\/?p=5003#primaryimage","url":"https:\/\/elcardinal.com\/wp-content\/uploads\/2025\/08\/WhatsApp-Image-2025-08-27-at-10.18.00-AM-1.jpeg","contentUrl":"https:\/\/elcardinal.com\/wp-content\/uploads\/2025\/08\/WhatsApp-Image-2025-08-27-at-10.18.00-AM-1.jpeg","width":1059,"height":855},{"@type":"BreadcrumbList","@id":"https:\/\/elcardinal.com\/?p=5003#breadcrumb","itemListElement":[{"@type":"ListItem","position":1,"name":"Inicio","item":"https:\/\/elcardinal.com\/"},{"@type":"ListItem","position":2,"name":"Rastro municipal en ruinas: Pachuca lo retoma y promete transformarlo"}]},{"@type":"WebSite","@id":"https:\/\/elcardinal.com\/#website","url":"https:\/\/elcardinal.com\/","name":"El Cardinal","description":"Periodismo honesto, con valor, sentido humano, a veces sarc\u00e1stico y divertido.","publisher":{"@id":"https:\/\/elcardinal.com\/#organization"},"alternateName":"El Cardinal Noticias","potentialAction":[{"@type":"SearchAction","target":{"@type":"EntryPoint","urlTemplate":"https:\/\/elcardinal.com\/?s={search_term_string}"},"query-input":{"@type":"PropertyValueSpecification","valueRequired":true,"valueName":"search_term_string"}}],"inLanguage":"es"},{"@type":"Organization","@id":"https:\/\/elcardinal.com\/#organization","name":"El Cardinal","url":"https:\/\/elcardinal.com\/","logo":{"@type":"ImageObject","inLanguage":"es","@id":"https:\/\/elcardinal.com\/#\/schema\/logo\/image\/","url":"https:\/\/elcardinal.com\/wp-content\/uploads\/2025\/04\/LOGO-EL-CARDINAL-Periodismo-con-valor.png","contentUrl":"https:\/\/elcardinal.com\/wp-content\/uploads\/2025\/04\/LOGO-EL-CARDINAL-Periodismo-con-valor.png","width":755,"height":636,"caption":"El Cardinal"},"image":{"@id":"https:\/\/elcardinal.com\/#\/schema\/logo\/image\/"},"sameAs":["https:\/\/www.facebook.com\/profile.php?id=100063093107011","https:\/\/x.com\/ElCardinal_Mx"]},{"@type":"Person","@id":"https:\/\/elcardinal.com\/#\/schema\/person\/3c352ec0a33987fe275c0e8a2ea69f8b","name":"Antonio Alcaraz","image":{"@type":"ImageObject","inLanguage":"es","@id":"https:\/\/elcardinal.com\/#\/schema\/person\/image\/","url":"https:\/\/elcardinal.com\/wp-content\/uploads\/2025\/05\/cropped-TONO-96x96.jpg","contentUrl":"https:\/\/elcardinal.com\/wp-content\/uploads\/2025\/05\/cropped-TONO-96x96.jpg","caption":"Antonio Alcaraz"},"url":"https:\/\/elcardinal.com\/?author=2"}]}},"_links":{"self":[{"href":"https:\/\/elcardinal.com\/index.php?rest_route=\/wp\/v2\/posts\/5003","targetHints":{"allow":["GET"]}}],"collection":[{"href":"https:\/\/elcardinal.com\/index.php?rest_route=\/wp\/v2\/posts"}],"about":[{"href":"https:\/\/elcardinal.com\/index.php?rest_route=\/wp\/v2\/types\/post"}],"author":[{"embeddable":true,"href":"https:\/\/elcardinal.com\/index.php?rest_route=\/wp\/v2\/users\/2"}],"replies":[{"embeddable":true,"href":"https:\/\/elcardinal.com\/index.php?rest_route=%2Fwp%2Fv2%2Fcomments&post=5003"}],"version-history":[{"count":1,"href":"https:\/\/elcardinal.com\/index.php?rest_route=\/wp\/v2\/posts\/5003\/revisions"}],"predecessor-version":[{"id":5005,"href":"https:\/\/elcardinal.com\/index.php?rest_route=\/wp\/v2\/posts\/5003\/revisions\/5005"}],"wp:featuredmedia":[{"embeddable":true,"href":"https:\/\/elcardinal.com\/index.php?rest_route=\/wp\/v2\/media\/5004"}],"wp:attachment":[{"href":"https:\/\/elcardinal.com\/index.php?rest_route=%2Fwp%2Fv2%2Fmedia&parent=5003"}],"wp:term":[{"taxonomy":"category","embeddable":true,"href":"https:\/\/elcardinal.com\/index.php?rest_route=%2Fwp%2Fv2%2Fcategories&post=5003"},{"taxonomy":"post_tag","embeddable":true,"href":"https:\/\/elcardinal.com\/index.php?rest_route=%2Fwp%2Fv2%2Ftags&post=5003"}],"curies":[{"name":"wp","href":"https:\/\/api.w.org\/{rel}","templated":true}]}}