{"id":5007,"date":"2025-08-27T20:34:04","date_gmt":"2025-08-28T02:34:04","guid":{"rendered":"https:\/\/elcardinal.com\/?p=5007"},"modified":"2025-08-27T20:34:04","modified_gmt":"2025-08-28T02:34:04","slug":"diputado-andres-velazquez-toma-protesta-al-consejo-consultivo-de-las-juventudes","status":"publish","type":"post","link":"https:\/\/elcardinal.com\/?p=5007","title":{"rendered":"Diputado Andr\u00e9s Vel\u00e1zquez toma protesta al Consejo Consultivo de las Juventudes"},"content":{"rendered":"<p>&nbsp;<\/p>\n<p>El presidente de la Junta de Gobierno, diputado Andr\u00e9s Vel\u00e1zquez V\u00e1zquez tom\u00f3 protesta a los nuevos integrantes del Consejo Consultivo de las Juventudes, con el objetivo de garantizar la participaci\u00f3n plural e inclusiva de este sector en los distritos de Hidalgo, asegurando paridad y representaci\u00f3n diversa, as\u00ed como visibilizar su liderazgo como motor de transformaci\u00f3n y promover, mediante el di\u00e1logo interinstitucional, acciones y pol\u00edticas p\u00fablicas que fortalezcan su desarrollo.<\/p>\n<p>El legislador asegur\u00f3 a las y los j\u00f3venes que las puertas del Congreso del Estado de Hidalgo est\u00e1n abiertas para sus ideas y proyectos: \u201ces importante que hagan llegar sus propuestas, les vamos a dar seguimiento para que lleven resultados a sus distritos. Celebro este evento que realiza el Instituto Hidalguense de la Juventud\u201d.<\/p>\n<p>La presidenta de la Comisi\u00f3n de la Ni\u00f1ez, la Juventud, el Deporte y la Familia, diputada Karla Perales Arrieta mencion\u00f3 que las y los j\u00f3venes que integran este consejo \u201cno llegaron para ser parte de un adorno institucional, llegan como la voz inc\u00f3moda, cr\u00edtica y valiente que este estado necesita\u201d.<\/p>\n<p>El titular del Instituto Hidalguense de la Juventud, Luis Ricardo Olvera Molina se dirigi\u00f3 a las consejeras y consejeros y les indic\u00f3 que \u201cla idea es que ustedes est\u00e9n inmersos en las decisiones que toma el instituto, son los representantes de su distrito, es su obligaci\u00f3n salir a las calles, escuchar las voces, traerlas a nuestros consejos y nosotros veremos c\u00f3mo articularlas\u201d.<\/p>\n<p>El consejo qued\u00f3 integrado de la siguiente manera:<\/p>\n<p>Irma Cecilia Bragado Mart\u00ednez \u2013 distrito I Zimap\u00e1n<\/p>\n<p>Yarazeth Hern\u00e1ndez Quintana \u2013 distrito III Tlanchinol<\/p>\n<p>Alex Sebasti\u00e1n Panzo Romero \u2013 distrito IV Huejutla<\/p>\n<p>Ra\u00fal Andrade Trejo \u2013 distrito V Ixmiquilpan<\/p>\n<p>Karime Mendoza Ch\u00e1vez \u2013 distrito VI Huichapan<\/p>\n<p>Odil\u00f3n Gonz\u00e1lez Flores \u2013 distrito VII Mixquiahuala<\/p>\n<p>Antonio Oswaldo Jim\u00e9nez Hern\u00e1ndez \u2013 distrito VIII Actopan<\/p>\n<p>Jorge Iv\u00e1n Cort\u00e9s Aguirre \u2013 distrito X Zempoala<\/p>\n<p>Dianna Alfaro Olaya \u2013 distrito XI Tulancingo<\/p>\n<p>Jennifer Vite Vega \u2013 distrito XII Pachuca de Soto<\/p>\n<p>Josu\u00e9 Monta\u00f1o Curiel \u2013 distrito XIII Pachuca de Soto<\/p>\n<p>Jennifer Am\u00e9rica Bueno Rivera \u2013 distrito XIV Tula de Allende<\/p>\n<p>Gabriela Garc\u00eda Reyes \u2013 distrito XV Tepeji del R\u00edo<\/p>\n<p>Jaqueline Michelle Escalante Islas \u2013 distrito XVI Tizayuca<\/p>\n<p>Xanat Estrella Vite Hern\u00e1ndez \u2013 distrito XVII Mineral de la Reforma<\/p>\n","protected":false},"excerpt":{"rendered":"<p>&nbsp; El presidente de la Junta de Gobierno, diputado Andr\u00e9s Vel\u00e1zquez V\u00e1zquez tom\u00f3 protesta a los nuevos integrantes del Consejo Consultivo de las Juventudes, con el objetivo de garantizar la participaci\u00f3n plural e inclusiva de este sector en los distritos de Hidalgo, asegurando paridad y representaci\u00f3n diversa, as\u00ed como visibilizar su liderazgo como motor de<\/p>\n","protected":false},"author":2,"featured_media":5008,"comment_status":"open","ping_status":"open","sticky":false,"template":"","format":"standard","meta":{"footnotes":""},"categories":[31,44,39],"tags":[70,62],"class_list":{"0":"post-5007","1":"post","2":"type-post","3":"status-publish","4":"format-standard","5":"has-post-thumbnail","7":"category-hidalgo","8":"category-minuto-a-minuto","9":"category-politica","10":"tag-andres-velazquez","11":"tag-congreso-de-hidalgo"},"yoast_head":"<!-- This site is optimized with the Yoast SEO plugin v26.1.1 - https:\/\/yoast.com\/wordpress\/plugins\/seo\/ -->\n<title>Diputado Andr\u00e9s Vel\u00e1zquez toma protesta al Consejo Consultivo de las Juventudes - El Cardinal<\/title>\n<meta name=\"robots\" content=\"index, follow, max-snippet:-1, max-image-preview:large, max-video-preview:-1\" \/>\n<link rel=\"canonical\" href=\"https:\/\/elcardinal.com\/?p=5007\" \/>\n<meta property=\"og:locale\" content=\"es_MX\" \/>\n<meta property=\"og:type\" content=\"article\" \/>\n<meta property=\"og:title\" content=\"Diputado Andr\u00e9s Vel\u00e1zquez toma protesta al Consejo Consultivo de las Juventudes - El Cardinal\" \/>\n<meta property=\"og:description\" content=\"&nbsp; El presidente de la Junta de Gobierno, diputado Andr\u00e9s Vel\u00e1zquez V\u00e1zquez tom\u00f3 protesta a los nuevos integrantes del Consejo Consultivo de las Juventudes, con el objetivo de garantizar la participaci\u00f3n plural e inclusiva de este sector en los distritos de Hidalgo, asegurando paridad y representaci\u00f3n diversa, as\u00ed como visibilizar su liderazgo como motor de\" \/>\n<meta property=\"og:url\" content=\"https:\/\/elcardinal.com\/?p=5007\" \/>\n<meta property=\"og:site_name\" content=\"El Cardinal\" \/>\n<meta property=\"article:publisher\" content=\"https:\/\/www.facebook.com\/profile.php?id=100063093107011\" \/>\n<meta property=\"article:published_time\" content=\"2025-08-28T02:34:04+00:00\" \/>\n<meta property=\"og:image\" content=\"https:\/\/elcardinal.com\/wp-content\/uploads\/2025\/08\/Toma_de_Protesta_del_Consejo_Consultivo_de_las_Juventudes13.png\" \/>\n\t<meta property=\"og:image:width\" content=\"1563\" \/>\n\t<meta property=\"og:image:height\" content=\"1001\" \/>\n\t<meta property=\"og:image:type\" content=\"image\/png\" \/>\n<meta name=\"author\" content=\"Antonio Alcaraz\" \/>\n<meta name=\"twitter:card\" content=\"summary_large_image\" \/>\n<meta name=\"twitter:creator\" content=\"@ElCardinal_Mx\" \/>\n<meta name=\"twitter:site\" content=\"@ElCardinal_Mx\" \/>\n<meta name=\"twitter:label1\" content=\"Escrito por\" \/>\n\t<meta name=\"twitter:data1\" content=\"Antonio Alcaraz\" \/>\n\t<meta name=\"twitter:label2\" content=\"Tiempo de lectura\" \/>\n\t<meta name=\"twitter:data2\" content=\"2 minutos\" \/>\n<script type=\"application\/ld+json\" class=\"yoast-schema-graph\">{\"@context\":\"https:\/\/schema.org\",\"@graph\":[{\"@type\":\"Article\",\"@id\":\"https:\/\/elcardinal.com\/?p=5007#article\",\"isPartOf\":{\"@id\":\"https:\/\/elcardinal.com\/?p=5007\"},\"author\":{\"name\":\"Antonio Alcaraz\",\"@id\":\"https:\/\/elcardinal.com\/#\/schema\/person\/3c352ec0a33987fe275c0e8a2ea69f8b\"},\"headline\":\"Diputado Andr\u00e9s Vel\u00e1zquez toma protesta al Consejo Consultivo de las Juventudes\",\"datePublished\":\"2025-08-28T02:34:04+00:00\",\"mainEntityOfPage\":{\"@id\":\"https:\/\/elcardinal.com\/?p=5007\"},\"wordCount\":401,\"commentCount\":0,\"publisher\":{\"@id\":\"https:\/\/elcardinal.com\/#organization\"},\"image\":{\"@id\":\"https:\/\/elcardinal.com\/?p=5007#primaryimage\"},\"thumbnailUrl\":\"https:\/\/elcardinal.com\/wp-content\/uploads\/2025\/08\/Toma_de_Protesta_del_Consejo_Consultivo_de_las_Juventudes13.png\",\"keywords\":[\"Andr\u00e9s Vel\u00e1zquez\",\"Congreso de Hidalgo\"],\"articleSection\":[\"Hidalgo\",\"Minuto a Minuto\",\"Pol\u00edtica\"],\"inLanguage\":\"es\",\"potentialAction\":[{\"@type\":\"CommentAction\",\"name\":\"Comment\",\"target\":[\"https:\/\/elcardinal.com\/?p=5007#respond\"]}]},{\"@type\":\"WebPage\",\"@id\":\"https:\/\/elcardinal.com\/?p=5007\",\"url\":\"https:\/\/elcardinal.com\/?p=5007\",\"name\":\"Diputado Andr\u00e9s Vel\u00e1zquez toma protesta al Consejo Consultivo de las Juventudes - El Cardinal\",\"isPartOf\":{\"@id\":\"https:\/\/elcardinal.com\/#website\"},\"primaryImageOfPage\":{\"@id\":\"https:\/\/elcardinal.com\/?p=5007#primaryimage\"},\"image\":{\"@id\":\"https:\/\/elcardinal.com\/?p=5007#primaryimage\"},\"thumbnailUrl\":\"https:\/\/elcardinal.com\/wp-content\/uploads\/2025\/08\/Toma_de_Protesta_del_Consejo_Consultivo_de_las_Juventudes13.png\",\"datePublished\":\"2025-08-28T02:34:04+00:00\",\"breadcrumb\":{\"@id\":\"https:\/\/elcardinal.com\/?p=5007#breadcrumb\"},\"inLanguage\":\"es\",\"potentialAction\":[{\"@type\":\"ReadAction\",\"target\":[\"https:\/\/elcardinal.com\/?p=5007\"]}]},{\"@type\":\"ImageObject\",\"inLanguage\":\"es\",\"@id\":\"https:\/\/elcardinal.com\/?p=5007#primaryimage\",\"url\":\"https:\/\/elcardinal.com\/wp-content\/uploads\/2025\/08\/Toma_de_Protesta_del_Consejo_Consultivo_de_las_Juventudes13.png\",\"contentUrl\":\"https:\/\/elcardinal.com\/wp-content\/uploads\/2025\/08\/Toma_de_Protesta_del_Consejo_Consultivo_de_las_Juventudes13.png\",\"width\":1563,\"height\":1001},{\"@type\":\"BreadcrumbList\",\"@id\":\"https:\/\/elcardinal.com\/?p=5007#breadcrumb\",\"itemListElement\":[{\"@type\":\"ListItem\",\"position\":1,\"name\":\"Inicio\",\"item\":\"https:\/\/elcardinal.com\/\"},{\"@type\":\"ListItem\",\"position\":2,\"name\":\"Diputado Andr\u00e9s Vel\u00e1zquez toma protesta al Consejo Consultivo de las Juventudes\"}]},{\"@type\":\"WebSite\",\"@id\":\"https:\/\/elcardinal.com\/#website\",\"url\":\"https:\/\/elcardinal.com\/\",\"name\":\"El Cardinal\",\"description\":\"Periodismo honesto, con valor, sentido humano, a veces sarc\u00e1stico y divertido.\",\"publisher\":{\"@id\":\"https:\/\/elcardinal.com\/#organization\"},\"alternateName\":\"El Cardinal Noticias\",\"potentialAction\":[{\"@type\":\"SearchAction\",\"target\":{\"@type\":\"EntryPoint\",\"urlTemplate\":\"https:\/\/elcardinal.com\/?s={search_term_string}\"},\"query-input\":{\"@type\":\"PropertyValueSpecification\",\"valueRequired\":true,\"valueName\":\"search_term_string\"}}],\"inLanguage\":\"es\"},{\"@type\":\"Organization\",\"@id\":\"https:\/\/elcardinal.com\/#organization\",\"name\":\"El Cardinal\",\"url\":\"https:\/\/elcardinal.com\/\",\"logo\":{\"@type\":\"ImageObject\",\"inLanguage\":\"es\",\"@id\":\"https:\/\/elcardinal.com\/#\/schema\/logo\/image\/\",\"url\":\"https:\/\/elcardinal.com\/wp-content\/uploads\/2025\/04\/LOGO-EL-CARDINAL-Periodismo-con-valor.png\",\"contentUrl\":\"https:\/\/elcardinal.com\/wp-content\/uploads\/2025\/04\/LOGO-EL-CARDINAL-Periodismo-con-valor.png\",\"width\":755,\"height\":636,\"caption\":\"El Cardinal\"},\"image\":{\"@id\":\"https:\/\/elcardinal.com\/#\/schema\/logo\/image\/\"},\"sameAs\":[\"https:\/\/www.facebook.com\/profile.php?id=100063093107011\",\"https:\/\/x.com\/ElCardinal_Mx\"]},{\"@type\":\"Person\",\"@id\":\"https:\/\/elcardinal.com\/#\/schema\/person\/3c352ec0a33987fe275c0e8a2ea69f8b\",\"name\":\"Antonio Alcaraz\",\"image\":{\"@type\":\"ImageObject\",\"inLanguage\":\"es\",\"@id\":\"https:\/\/elcardinal.com\/#\/schema\/person\/image\/\",\"url\":\"https:\/\/elcardinal.com\/wp-content\/uploads\/2025\/05\/cropped-TONO-96x96.jpg\",\"contentUrl\":\"https:\/\/elcardinal.com\/wp-content\/uploads\/2025\/05\/cropped-TONO-96x96.jpg\",\"caption\":\"Antonio Alcaraz\"},\"url\":\"https:\/\/elcardinal.com\/?author=2\"}]}<\/script>\n<!-- \/ Yoast SEO plugin. -->","yoast_head_json":{"title":"Diputado Andr\u00e9s Vel\u00e1zquez toma protesta al Consejo Consultivo de las Juventudes - El Cardinal","robots":{"index":"index","follow":"follow","max-snippet":"max-snippet:-1","max-image-preview":"max-image-preview:large","max-video-preview":"max-video-preview:-1"},"canonical":"https:\/\/elcardinal.com\/?p=5007","og_locale":"es_MX","og_type":"article","og_title":"Diputado Andr\u00e9s Vel\u00e1zquez toma protesta al Consejo Consultivo de las Juventudes - El Cardinal","og_description":"&nbsp; El presidente de la Junta de Gobierno, diputado Andr\u00e9s Vel\u00e1zquez V\u00e1zquez tom\u00f3 protesta a los nuevos integrantes del Consejo Consultivo de las Juventudes, con el objetivo de garantizar la participaci\u00f3n plural e inclusiva de este sector en los distritos de Hidalgo, asegurando paridad y representaci\u00f3n diversa, as\u00ed como visibilizar su liderazgo como motor de","og_url":"https:\/\/elcardinal.com\/?p=5007","og_site_name":"El Cardinal","article_publisher":"https:\/\/www.facebook.com\/profile.php?id=100063093107011","article_published_time":"2025-08-28T02:34:04+00:00","og_image":[{"width":1563,"height":1001,"url":"https:\/\/elcardinal.com\/wp-content\/uploads\/2025\/08\/Toma_de_Protesta_del_Consejo_Consultivo_de_las_Juventudes13.png","type":"image\/png"}],"author":"Antonio Alcaraz","twitter_card":"summary_large_image","twitter_creator":"@ElCardinal_Mx","twitter_site":"@ElCardinal_Mx","twitter_misc":{"Escrito por":"Antonio Alcaraz","Tiempo de lectura":"2 minutos"},"schema":{"@context":"https:\/\/schema.org","@graph":[{"@type":"Article","@id":"https:\/\/elcardinal.com\/?p=5007#article","isPartOf":{"@id":"https:\/\/elcardinal.com\/?p=5007"},"author":{"name":"Antonio Alcaraz","@id":"https:\/\/elcardinal.com\/#\/schema\/person\/3c352ec0a33987fe275c0e8a2ea69f8b"},"headline":"Diputado Andr\u00e9s Vel\u00e1zquez toma protesta al Consejo Consultivo de las Juventudes","datePublished":"2025-08-28T02:34:04+00:00","mainEntityOfPage":{"@id":"https:\/\/elcardinal.com\/?p=5007"},"wordCount":401,"commentCount":0,"publisher":{"@id":"https:\/\/elcardinal.com\/#organization"},"image":{"@id":"https:\/\/elcardinal.com\/?p=5007#primaryimage"},"thumbnailUrl":"https:\/\/elcardinal.com\/wp-content\/uploads\/2025\/08\/Toma_de_Protesta_del_Consejo_Consultivo_de_las_Juventudes13.png","keywords":["Andr\u00e9s Vel\u00e1zquez","Congreso de Hidalgo"],"articleSection":["Hidalgo","Minuto a Minuto","Pol\u00edtica"],"inLanguage":"es","potentialAction":[{"@type":"CommentAction","name":"Comment","target":["https:\/\/elcardinal.com\/?p=5007#respond"]}]},{"@type":"WebPage","@id":"https:\/\/elcardinal.com\/?p=5007","url":"https:\/\/elcardinal.com\/?p=5007","name":"Diputado Andr\u00e9s Vel\u00e1zquez toma protesta al Consejo Consultivo de las Juventudes - El Cardinal","isPartOf":{"@id":"https:\/\/elcardinal.com\/#website"},"primaryImageOfPage":{"@id":"https:\/\/elcardinal.com\/?p=5007#primaryimage"},"image":{"@id":"https:\/\/elcardinal.com\/?p=5007#primaryimage"},"thumbnailUrl":"https:\/\/elcardinal.com\/wp-content\/uploads\/2025\/08\/Toma_de_Protesta_del_Consejo_Consultivo_de_las_Juventudes13.png","datePublished":"2025-08-28T02:34:04+00:00","breadcrumb":{"@id":"https:\/\/elcardinal.com\/?p=5007#breadcrumb"},"inLanguage":"es","potentialAction":[{"@type":"ReadAction","target":["https:\/\/elcardinal.com\/?p=5007"]}]},{"@type":"ImageObject","inLanguage":"es","@id":"https:\/\/elcardinal.com\/?p=5007#primaryimage","url":"https:\/\/elcardinal.com\/wp-content\/uploads\/2025\/08\/Toma_de_Protesta_del_Consejo_Consultivo_de_las_Juventudes13.png","contentUrl":"https:\/\/elcardinal.com\/wp-content\/uploads\/2025\/08\/Toma_de_Protesta_del_Consejo_Consultivo_de_las_Juventudes13.png","width":1563,"height":1001},{"@type":"BreadcrumbList","@id":"https:\/\/elcardinal.com\/?p=5007#breadcrumb","itemListElement":[{"@type":"ListItem","position":1,"name":"Inicio","item":"https:\/\/elcardinal.com\/"},{"@type":"ListItem","position":2,"name":"Diputado Andr\u00e9s Vel\u00e1zquez toma protesta al Consejo Consultivo de las Juventudes"}]},{"@type":"WebSite","@id":"https:\/\/elcardinal.com\/#website","url":"https:\/\/elcardinal.com\/","name":"El Cardinal","description":"Periodismo honesto, con valor, sentido humano, a veces sarc\u00e1stico y divertido.","publisher":{"@id":"https:\/\/elcardinal.com\/#organization"},"alternateName":"El Cardinal Noticias","potentialAction":[{"@type":"SearchAction","target":{"@type":"EntryPoint","urlTemplate":"https:\/\/elcardinal.com\/?s={search_term_string}"},"query-input":{"@type":"PropertyValueSpecification","valueRequired":true,"valueName":"search_term_string"}}],"inLanguage":"es"},{"@type":"Organization","@id":"https:\/\/elcardinal.com\/#organization","name":"El Cardinal","url":"https:\/\/elcardinal.com\/","logo":{"@type":"ImageObject","inLanguage":"es","@id":"https:\/\/elcardinal.com\/#\/schema\/logo\/image\/","url":"https:\/\/elcardinal.com\/wp-content\/uploads\/2025\/04\/LOGO-EL-CARDINAL-Periodismo-con-valor.png","contentUrl":"https:\/\/elcardinal.com\/wp-content\/uploads\/2025\/04\/LOGO-EL-CARDINAL-Periodismo-con-valor.png","width":755,"height":636,"caption":"El Cardinal"},"image":{"@id":"https:\/\/elcardinal.com\/#\/schema\/logo\/image\/"},"sameAs":["https:\/\/www.facebook.com\/profile.php?id=100063093107011","https:\/\/x.com\/ElCardinal_Mx"]},{"@type":"Person","@id":"https:\/\/elcardinal.com\/#\/schema\/person\/3c352ec0a33987fe275c0e8a2ea69f8b","name":"Antonio Alcaraz","image":{"@type":"ImageObject","inLanguage":"es","@id":"https:\/\/elcardinal.com\/#\/schema\/person\/image\/","url":"https:\/\/elcardinal.com\/wp-content\/uploads\/2025\/05\/cropped-TONO-96x96.jpg","contentUrl":"https:\/\/elcardinal.com\/wp-content\/uploads\/2025\/05\/cropped-TONO-96x96.jpg","caption":"Antonio Alcaraz"},"url":"https:\/\/elcardinal.com\/?author=2"}]}},"_links":{"self":[{"href":"https:\/\/elcardinal.com\/index.php?rest_route=\/wp\/v2\/posts\/5007","targetHints":{"allow":["GET"]}}],"collection":[{"href":"https:\/\/elcardinal.com\/index.php?rest_route=\/wp\/v2\/posts"}],"about":[{"href":"https:\/\/elcardinal.com\/index.php?rest_route=\/wp\/v2\/types\/post"}],"author":[{"embeddable":true,"href":"https:\/\/elcardinal.com\/index.php?rest_route=\/wp\/v2\/users\/2"}],"replies":[{"embeddable":true,"href":"https:\/\/elcardinal.com\/index.php?rest_route=%2Fwp%2Fv2%2Fcomments&post=5007"}],"version-history":[{"count":1,"href":"https:\/\/elcardinal.com\/index.php?rest_route=\/wp\/v2\/posts\/5007\/revisions"}],"predecessor-version":[{"id":5009,"href":"https:\/\/elcardinal.com\/index.php?rest_route=\/wp\/v2\/posts\/5007\/revisions\/5009"}],"wp:featuredmedia":[{"embeddable":true,"href":"https:\/\/elcardinal.com\/index.php?rest_route=\/wp\/v2\/media\/5008"}],"wp:attachment":[{"href":"https:\/\/elcardinal.com\/index.php?rest_route=%2Fwp%2Fv2%2Fmedia&parent=5007"}],"wp:term":[{"taxonomy":"category","embeddable":true,"href":"https:\/\/elcardinal.com\/index.php?rest_route=%2Fwp%2Fv2%2Fcategories&post=5007"},{"taxonomy":"post_tag","embeddable":true,"href":"https:\/\/elcardinal.com\/index.php?rest_route=%2Fwp%2Fv2%2Ftags&post=5007"}],"curies":[{"name":"wp","href":"https:\/\/api.w.org\/{rel}","templated":true}]}}