{"id":5017,"date":"2025-08-29T15:24:18","date_gmt":"2025-08-29T21:24:18","guid":{"rendered":"https:\/\/elcardinal.com\/?p=5017"},"modified":"2025-08-29T15:24:18","modified_gmt":"2025-08-29T21:24:18","slug":"congreso-de-hidalgo-recibe-tercer-informe-de-actividades-de-la-comision-de-derechos-humanos","status":"publish","type":"post","link":"https:\/\/elcardinal.com\/?p=5017","title":{"rendered":"Congreso de Hidalgo recibe tercer informe de actividades de la Comisi\u00f3n de Derechos Humanos"},"content":{"rendered":"<p style=\"text-align: center;\">Redacci\u00f3n<\/p>\n<ul>\n<li>Congreso de Hidalgo recibe tercer informe de actividades de la Comisi\u00f3n de Derechos Humanos<\/li>\n<\/ul>\n<p>En representaci\u00f3n del presidente de la Junta de Gobierno, diputado Andr\u00e9s Vel\u00e1zquez V\u00e1zquez, el director de la Coordinaci\u00f3n de Asesores, Eduardo L\u00f3pez Palma, y el director del Instituto de Estudios Legislativos, Alan Mijail Hern\u00e1ndez Segovia, recibieron de Ana Karen Parra Bonilla, titular de la Comisi\u00f3n de Derechos Humanos del Estado de Hidalgo, su tercer informe anual de actividades.<\/p>\n<p>En cumplimiento a la Ley de Derechos Humanos del Estado de Hidalgo, como lo establece en su art\u00edculo 33 y en concordancia con los principios institucionales de transparencia y rendici\u00f3n de cuentas, la presidenta entreg\u00f3 el documento ante la Oficial\u00eda de Partes del Congreso del Estado de Hidalgo, donde expres\u00f3: \u201ceste informe refleja las necesidades de las personas que acuden a la CDHEH, el trabajo de una servidora y de todas las personas que integramos esta comisi\u00f3n se resume en dar resultados, escuchar y acompa\u00f1ar a las v\u00edctimas\u201d.<\/p>\n<p>El informe refleja las acciones m\u00e1s representativas del periodo que comprende del 29 de julio de 2024 al 29 de julio de 2025, entre las que destacan:<\/p>\n<p>\u2022 Un total de 7 mil 277 asuntos atendidos, de los cuales se inici\u00f3 queja en 433 casos (6 por ciento).<\/p>\n<p>\u2022 Derivado del monitoreo de medios, se iniciaron 35 quejas de manera oficiosa.<\/p>\n<p>\u2022 En marzo de 2025 se implement\u00f3 la Sala de Amigable Composici\u00f3n.<\/p>\n<p>\u2022 Se emitieron 12 recomendaciones; de las cuales solo una no fue aceptada.<\/p>\n<p>Los directores generales del Congreso se comprometieron a continuar colaborando con la Comisi\u00f3n de Derechos Humanos, relaci\u00f3n fundamental para garantizar la protecci\u00f3n y promoci\u00f3n de los derechos de todas y todos, generar pol\u00edticas p\u00fablicas con enfoque de derechos y brindar las herramientas necesarias para que la comisi\u00f3n cumpla su misi\u00f3n.<\/p>\n","protected":false},"excerpt":{"rendered":"<p>Redacci\u00f3n Congreso de Hidalgo recibe tercer informe de actividades de la Comisi\u00f3n de Derechos Humanos En representaci\u00f3n del presidente de la Junta de Gobierno, diputado Andr\u00e9s Vel\u00e1zquez V\u00e1zquez, el director de la Coordinaci\u00f3n de Asesores, Eduardo L\u00f3pez Palma, y el director del Instituto de Estudios Legislativos, Alan Mijail Hern\u00e1ndez Segovia, recibieron de Ana Karen Parra<\/p>\n","protected":false},"author":2,"featured_media":5018,"comment_status":"open","ping_status":"open","sticky":false,"template":"","format":"standard","meta":{"footnotes":""},"categories":[31,34,39],"tags":[279,62],"class_list":{"0":"post-5017","1":"post","2":"type-post","3":"status-publish","4":"format-standard","5":"has-post-thumbnail","7":"category-hidalgo","8":"category-mexico","9":"category-politica","10":"tag-cdheh","11":"tag-congreso-de-hidalgo"},"yoast_head":"<!-- This site is optimized with the Yoast SEO plugin v26.1.1 - https:\/\/yoast.com\/wordpress\/plugins\/seo\/ -->\n<title>Congreso de Hidalgo recibe tercer informe de actividades de la Comisi\u00f3n de Derechos Humanos - El Cardinal<\/title>\n<meta name=\"robots\" content=\"index, follow, max-snippet:-1, max-image-preview:large, max-video-preview:-1\" \/>\n<link rel=\"canonical\" href=\"https:\/\/elcardinal.com\/?p=5017\" \/>\n<meta property=\"og:locale\" content=\"es_MX\" \/>\n<meta property=\"og:type\" content=\"article\" \/>\n<meta property=\"og:title\" content=\"Congreso de Hidalgo recibe tercer informe de actividades de la Comisi\u00f3n de Derechos Humanos - El Cardinal\" \/>\n<meta property=\"og:description\" content=\"Redacci\u00f3n Congreso de Hidalgo recibe tercer informe de actividades de la Comisi\u00f3n de Derechos Humanos En representaci\u00f3n del presidente de la Junta de Gobierno, diputado Andr\u00e9s Vel\u00e1zquez V\u00e1zquez, el director de la Coordinaci\u00f3n de Asesores, Eduardo L\u00f3pez Palma, y el director del Instituto de Estudios Legislativos, Alan Mijail Hern\u00e1ndez Segovia, recibieron de Ana Karen Parra\" \/>\n<meta property=\"og:url\" content=\"https:\/\/elcardinal.com\/?p=5017\" \/>\n<meta property=\"og:site_name\" content=\"El Cardinal\" \/>\n<meta property=\"article:publisher\" content=\"https:\/\/www.facebook.com\/profile.php?id=100063093107011\" \/>\n<meta property=\"article:published_time\" content=\"2025-08-29T21:24:18+00:00\" \/>\n<meta property=\"og:image\" content=\"https:\/\/elcardinal.com\/wp-content\/uploads\/2025\/08\/DSC8898-scaled.jpg\" \/>\n\t<meta property=\"og:image:width\" content=\"2560\" \/>\n\t<meta property=\"og:image:height\" content=\"1708\" \/>\n\t<meta property=\"og:image:type\" content=\"image\/jpeg\" \/>\n<meta name=\"author\" content=\"Antonio Alcaraz\" \/>\n<meta name=\"twitter:card\" content=\"summary_large_image\" \/>\n<meta name=\"twitter:creator\" content=\"@ElCardinal_Mx\" \/>\n<meta name=\"twitter:site\" content=\"@ElCardinal_Mx\" \/>\n<meta name=\"twitter:label1\" content=\"Escrito por\" \/>\n\t<meta name=\"twitter:data1\" content=\"Antonio Alcaraz\" \/>\n\t<meta name=\"twitter:label2\" content=\"Tiempo de lectura\" \/>\n\t<meta name=\"twitter:data2\" content=\"2 minutos\" \/>\n<script type=\"application\/ld+json\" class=\"yoast-schema-graph\">{\"@context\":\"https:\/\/schema.org\",\"@graph\":[{\"@type\":\"Article\",\"@id\":\"https:\/\/elcardinal.com\/?p=5017#article\",\"isPartOf\":{\"@id\":\"https:\/\/elcardinal.com\/?p=5017\"},\"author\":{\"name\":\"Antonio Alcaraz\",\"@id\":\"https:\/\/elcardinal.com\/#\/schema\/person\/3c352ec0a33987fe275c0e8a2ea69f8b\"},\"headline\":\"Congreso de Hidalgo recibe tercer informe de actividades de la Comisi\u00f3n de Derechos Humanos\",\"datePublished\":\"2025-08-29T21:24:18+00:00\",\"mainEntityOfPage\":{\"@id\":\"https:\/\/elcardinal.com\/?p=5017\"},\"wordCount\":322,\"commentCount\":0,\"publisher\":{\"@id\":\"https:\/\/elcardinal.com\/#organization\"},\"image\":{\"@id\":\"https:\/\/elcardinal.com\/?p=5017#primaryimage\"},\"thumbnailUrl\":\"https:\/\/elcardinal.com\/wp-content\/uploads\/2025\/08\/DSC8898-scaled.jpg\",\"keywords\":[\"CDHEH\",\"Congreso de Hidalgo\"],\"articleSection\":[\"Hidalgo\",\"M\u00e9xico\",\"Pol\u00edtica\"],\"inLanguage\":\"es\",\"potentialAction\":[{\"@type\":\"CommentAction\",\"name\":\"Comment\",\"target\":[\"https:\/\/elcardinal.com\/?p=5017#respond\"]}]},{\"@type\":\"WebPage\",\"@id\":\"https:\/\/elcardinal.com\/?p=5017\",\"url\":\"https:\/\/elcardinal.com\/?p=5017\",\"name\":\"Congreso de Hidalgo recibe tercer informe de actividades de la Comisi\u00f3n de Derechos Humanos - El Cardinal\",\"isPartOf\":{\"@id\":\"https:\/\/elcardinal.com\/#website\"},\"primaryImageOfPage\":{\"@id\":\"https:\/\/elcardinal.com\/?p=5017#primaryimage\"},\"image\":{\"@id\":\"https:\/\/elcardinal.com\/?p=5017#primaryimage\"},\"thumbnailUrl\":\"https:\/\/elcardinal.com\/wp-content\/uploads\/2025\/08\/DSC8898-scaled.jpg\",\"datePublished\":\"2025-08-29T21:24:18+00:00\",\"breadcrumb\":{\"@id\":\"https:\/\/elcardinal.com\/?p=5017#breadcrumb\"},\"inLanguage\":\"es\",\"potentialAction\":[{\"@type\":\"ReadAction\",\"target\":[\"https:\/\/elcardinal.com\/?p=5017\"]}]},{\"@type\":\"ImageObject\",\"inLanguage\":\"es\",\"@id\":\"https:\/\/elcardinal.com\/?p=5017#primaryimage\",\"url\":\"https:\/\/elcardinal.com\/wp-content\/uploads\/2025\/08\/DSC8898-scaled.jpg\",\"contentUrl\":\"https:\/\/elcardinal.com\/wp-content\/uploads\/2025\/08\/DSC8898-scaled.jpg\",\"width\":2560,\"height\":1708},{\"@type\":\"BreadcrumbList\",\"@id\":\"https:\/\/elcardinal.com\/?p=5017#breadcrumb\",\"itemListElement\":[{\"@type\":\"ListItem\",\"position\":1,\"name\":\"Inicio\",\"item\":\"https:\/\/elcardinal.com\/\"},{\"@type\":\"ListItem\",\"position\":2,\"name\":\"Congreso de Hidalgo recibe tercer informe de actividades de la Comisi\u00f3n de Derechos Humanos\"}]},{\"@type\":\"WebSite\",\"@id\":\"https:\/\/elcardinal.com\/#website\",\"url\":\"https:\/\/elcardinal.com\/\",\"name\":\"El Cardinal\",\"description\":\"Periodismo honesto, con valor, sentido humano, a veces sarc\u00e1stico y divertido.\",\"publisher\":{\"@id\":\"https:\/\/elcardinal.com\/#organization\"},\"alternateName\":\"El Cardinal Noticias\",\"potentialAction\":[{\"@type\":\"SearchAction\",\"target\":{\"@type\":\"EntryPoint\",\"urlTemplate\":\"https:\/\/elcardinal.com\/?s={search_term_string}\"},\"query-input\":{\"@type\":\"PropertyValueSpecification\",\"valueRequired\":true,\"valueName\":\"search_term_string\"}}],\"inLanguage\":\"es\"},{\"@type\":\"Organization\",\"@id\":\"https:\/\/elcardinal.com\/#organization\",\"name\":\"El Cardinal\",\"url\":\"https:\/\/elcardinal.com\/\",\"logo\":{\"@type\":\"ImageObject\",\"inLanguage\":\"es\",\"@id\":\"https:\/\/elcardinal.com\/#\/schema\/logo\/image\/\",\"url\":\"https:\/\/elcardinal.com\/wp-content\/uploads\/2025\/04\/LOGO-EL-CARDINAL-Periodismo-con-valor.png\",\"contentUrl\":\"https:\/\/elcardinal.com\/wp-content\/uploads\/2025\/04\/LOGO-EL-CARDINAL-Periodismo-con-valor.png\",\"width\":755,\"height\":636,\"caption\":\"El Cardinal\"},\"image\":{\"@id\":\"https:\/\/elcardinal.com\/#\/schema\/logo\/image\/\"},\"sameAs\":[\"https:\/\/www.facebook.com\/profile.php?id=100063093107011\",\"https:\/\/x.com\/ElCardinal_Mx\"]},{\"@type\":\"Person\",\"@id\":\"https:\/\/elcardinal.com\/#\/schema\/person\/3c352ec0a33987fe275c0e8a2ea69f8b\",\"name\":\"Antonio Alcaraz\",\"image\":{\"@type\":\"ImageObject\",\"inLanguage\":\"es\",\"@id\":\"https:\/\/elcardinal.com\/#\/schema\/person\/image\/\",\"url\":\"https:\/\/elcardinal.com\/wp-content\/uploads\/2025\/05\/cropped-TONO-96x96.jpg\",\"contentUrl\":\"https:\/\/elcardinal.com\/wp-content\/uploads\/2025\/05\/cropped-TONO-96x96.jpg\",\"caption\":\"Antonio Alcaraz\"},\"url\":\"https:\/\/elcardinal.com\/?author=2\"}]}<\/script>\n<!-- \/ Yoast SEO plugin. -->","yoast_head_json":{"title":"Congreso de Hidalgo recibe tercer informe de actividades de la Comisi\u00f3n de Derechos Humanos - El Cardinal","robots":{"index":"index","follow":"follow","max-snippet":"max-snippet:-1","max-image-preview":"max-image-preview:large","max-video-preview":"max-video-preview:-1"},"canonical":"https:\/\/elcardinal.com\/?p=5017","og_locale":"es_MX","og_type":"article","og_title":"Congreso de Hidalgo recibe tercer informe de actividades de la Comisi\u00f3n de Derechos Humanos - El Cardinal","og_description":"Redacci\u00f3n Congreso de Hidalgo recibe tercer informe de actividades de la Comisi\u00f3n de Derechos Humanos En representaci\u00f3n del presidente de la Junta de Gobierno, diputado Andr\u00e9s Vel\u00e1zquez V\u00e1zquez, el director de la Coordinaci\u00f3n de Asesores, Eduardo L\u00f3pez Palma, y el director del Instituto de Estudios Legislativos, Alan Mijail Hern\u00e1ndez Segovia, recibieron de Ana Karen Parra","og_url":"https:\/\/elcardinal.com\/?p=5017","og_site_name":"El Cardinal","article_publisher":"https:\/\/www.facebook.com\/profile.php?id=100063093107011","article_published_time":"2025-08-29T21:24:18+00:00","og_image":[{"width":2560,"height":1708,"url":"https:\/\/elcardinal.com\/wp-content\/uploads\/2025\/08\/DSC8898-scaled.jpg","type":"image\/jpeg"}],"author":"Antonio Alcaraz","twitter_card":"summary_large_image","twitter_creator":"@ElCardinal_Mx","twitter_site":"@ElCardinal_Mx","twitter_misc":{"Escrito por":"Antonio Alcaraz","Tiempo de lectura":"2 minutos"},"schema":{"@context":"https:\/\/schema.org","@graph":[{"@type":"Article","@id":"https:\/\/elcardinal.com\/?p=5017#article","isPartOf":{"@id":"https:\/\/elcardinal.com\/?p=5017"},"author":{"name":"Antonio Alcaraz","@id":"https:\/\/elcardinal.com\/#\/schema\/person\/3c352ec0a33987fe275c0e8a2ea69f8b"},"headline":"Congreso de Hidalgo recibe tercer informe de actividades de la Comisi\u00f3n de Derechos Humanos","datePublished":"2025-08-29T21:24:18+00:00","mainEntityOfPage":{"@id":"https:\/\/elcardinal.com\/?p=5017"},"wordCount":322,"commentCount":0,"publisher":{"@id":"https:\/\/elcardinal.com\/#organization"},"image":{"@id":"https:\/\/elcardinal.com\/?p=5017#primaryimage"},"thumbnailUrl":"https:\/\/elcardinal.com\/wp-content\/uploads\/2025\/08\/DSC8898-scaled.jpg","keywords":["CDHEH","Congreso de Hidalgo"],"articleSection":["Hidalgo","M\u00e9xico","Pol\u00edtica"],"inLanguage":"es","potentialAction":[{"@type":"CommentAction","name":"Comment","target":["https:\/\/elcardinal.com\/?p=5017#respond"]}]},{"@type":"WebPage","@id":"https:\/\/elcardinal.com\/?p=5017","url":"https:\/\/elcardinal.com\/?p=5017","name":"Congreso de Hidalgo recibe tercer informe de actividades de la Comisi\u00f3n de Derechos Humanos - El Cardinal","isPartOf":{"@id":"https:\/\/elcardinal.com\/#website"},"primaryImageOfPage":{"@id":"https:\/\/elcardinal.com\/?p=5017#primaryimage"},"image":{"@id":"https:\/\/elcardinal.com\/?p=5017#primaryimage"},"thumbnailUrl":"https:\/\/elcardinal.com\/wp-content\/uploads\/2025\/08\/DSC8898-scaled.jpg","datePublished":"2025-08-29T21:24:18+00:00","breadcrumb":{"@id":"https:\/\/elcardinal.com\/?p=5017#breadcrumb"},"inLanguage":"es","potentialAction":[{"@type":"ReadAction","target":["https:\/\/elcardinal.com\/?p=5017"]}]},{"@type":"ImageObject","inLanguage":"es","@id":"https:\/\/elcardinal.com\/?p=5017#primaryimage","url":"https:\/\/elcardinal.com\/wp-content\/uploads\/2025\/08\/DSC8898-scaled.jpg","contentUrl":"https:\/\/elcardinal.com\/wp-content\/uploads\/2025\/08\/DSC8898-scaled.jpg","width":2560,"height":1708},{"@type":"BreadcrumbList","@id":"https:\/\/elcardinal.com\/?p=5017#breadcrumb","itemListElement":[{"@type":"ListItem","position":1,"name":"Inicio","item":"https:\/\/elcardinal.com\/"},{"@type":"ListItem","position":2,"name":"Congreso de Hidalgo recibe tercer informe de actividades de la Comisi\u00f3n de Derechos Humanos"}]},{"@type":"WebSite","@id":"https:\/\/elcardinal.com\/#website","url":"https:\/\/elcardinal.com\/","name":"El Cardinal","description":"Periodismo honesto, con valor, sentido humano, a veces sarc\u00e1stico y divertido.","publisher":{"@id":"https:\/\/elcardinal.com\/#organization"},"alternateName":"El Cardinal Noticias","potentialAction":[{"@type":"SearchAction","target":{"@type":"EntryPoint","urlTemplate":"https:\/\/elcardinal.com\/?s={search_term_string}"},"query-input":{"@type":"PropertyValueSpecification","valueRequired":true,"valueName":"search_term_string"}}],"inLanguage":"es"},{"@type":"Organization","@id":"https:\/\/elcardinal.com\/#organization","name":"El Cardinal","url":"https:\/\/elcardinal.com\/","logo":{"@type":"ImageObject","inLanguage":"es","@id":"https:\/\/elcardinal.com\/#\/schema\/logo\/image\/","url":"https:\/\/elcardinal.com\/wp-content\/uploads\/2025\/04\/LOGO-EL-CARDINAL-Periodismo-con-valor.png","contentUrl":"https:\/\/elcardinal.com\/wp-content\/uploads\/2025\/04\/LOGO-EL-CARDINAL-Periodismo-con-valor.png","width":755,"height":636,"caption":"El Cardinal"},"image":{"@id":"https:\/\/elcardinal.com\/#\/schema\/logo\/image\/"},"sameAs":["https:\/\/www.facebook.com\/profile.php?id=100063093107011","https:\/\/x.com\/ElCardinal_Mx"]},{"@type":"Person","@id":"https:\/\/elcardinal.com\/#\/schema\/person\/3c352ec0a33987fe275c0e8a2ea69f8b","name":"Antonio Alcaraz","image":{"@type":"ImageObject","inLanguage":"es","@id":"https:\/\/elcardinal.com\/#\/schema\/person\/image\/","url":"https:\/\/elcardinal.com\/wp-content\/uploads\/2025\/05\/cropped-TONO-96x96.jpg","contentUrl":"https:\/\/elcardinal.com\/wp-content\/uploads\/2025\/05\/cropped-TONO-96x96.jpg","caption":"Antonio Alcaraz"},"url":"https:\/\/elcardinal.com\/?author=2"}]}},"_links":{"self":[{"href":"https:\/\/elcardinal.com\/index.php?rest_route=\/wp\/v2\/posts\/5017","targetHints":{"allow":["GET"]}}],"collection":[{"href":"https:\/\/elcardinal.com\/index.php?rest_route=\/wp\/v2\/posts"}],"about":[{"href":"https:\/\/elcardinal.com\/index.php?rest_route=\/wp\/v2\/types\/post"}],"author":[{"embeddable":true,"href":"https:\/\/elcardinal.com\/index.php?rest_route=\/wp\/v2\/users\/2"}],"replies":[{"embeddable":true,"href":"https:\/\/elcardinal.com\/index.php?rest_route=%2Fwp%2Fv2%2Fcomments&post=5017"}],"version-history":[{"count":1,"href":"https:\/\/elcardinal.com\/index.php?rest_route=\/wp\/v2\/posts\/5017\/revisions"}],"predecessor-version":[{"id":5019,"href":"https:\/\/elcardinal.com\/index.php?rest_route=\/wp\/v2\/posts\/5017\/revisions\/5019"}],"wp:featuredmedia":[{"embeddable":true,"href":"https:\/\/elcardinal.com\/index.php?rest_route=\/wp\/v2\/media\/5018"}],"wp:attachment":[{"href":"https:\/\/elcardinal.com\/index.php?rest_route=%2Fwp%2Fv2%2Fmedia&parent=5017"}],"wp:term":[{"taxonomy":"category","embeddable":true,"href":"https:\/\/elcardinal.com\/index.php?rest_route=%2Fwp%2Fv2%2Fcategories&post=5017"},{"taxonomy":"post_tag","embeddable":true,"href":"https:\/\/elcardinal.com\/index.php?rest_route=%2Fwp%2Fv2%2Ftags&post=5017"}],"curies":[{"name":"wp","href":"https:\/\/api.w.org\/{rel}","templated":true}]}}