{"id":5020,"date":"2025-08-30T13:30:36","date_gmt":"2025-08-30T19:30:36","guid":{"rendered":"https:\/\/elcardinal.com\/?p=5020"},"modified":"2025-08-30T13:30:36","modified_gmt":"2025-08-30T19:30:36","slug":"triplica-hidalgo-presupuesto-para-programas-sociales-el-dinero-publico-regresa-al-pueblo","status":"publish","type":"post","link":"https:\/\/elcardinal.com\/?p=5020","title":{"rendered":"Triplica Hidalgo presupuesto para programas sociales: el dinero p\u00fablico regresa al pueblo"},"content":{"rendered":"<p><span style=\"font-weight: 400;\">El gobernador de Hidalgo, <strong>Julio Menchaca Salazar<\/strong>, asegur\u00f3 que su administraci\u00f3n trabaja bajo la premisa de ser \u201cm\u00e1s de territorio y menos de escritorio\u201d, lo que le ha permitido mantener una cercan\u00eda real con la gente y llevar soluciones concretas a las comunidades m\u00e1s necesitadas.<\/span><\/p>\n<p><span style=\"font-weight: 400;\">En este sentido, inform\u00f3 que el presupuesto destinado a los Programas del Pueblo se ha triplicado, al pasar de mil 169 millones de pesos a 3 mil 385 millones, con el objetivo de que el dinero p\u00fablico regrese directamente a los hogares hidalguenses y se traduzca en mejores condiciones de vida.<\/span><\/p>\n<p><span style=\"font-weight: 400;\">Entre los programas destacados se encuentra Bienestar y Desarrollo, mediante el cual se entregaron apoyos econ\u00f3micos a casi 30 mil personas en situaci\u00f3n de pobreza o marginaci\u00f3n, con una inversi\u00f3n de 269 millones de pesos.<\/span><\/p>\n<p><span style=\"font-weight: 400;\">A la par, Bienestar para Madres Trabajadoras benefici\u00f3 a 12 mil jefas de familia con m\u00e1s de 100 millones de pesos, lo que permiti\u00f3 reducir desigualdades y brindarles mayor libertad para estudiar, trabajar o emprender.<\/span><\/p>\n<p><span style=\"font-weight: 400;\">La experiencia de Mar\u00eda Alicia Hern\u00e1ndez Hern\u00e1ndez, habitante de Tlanchinol, ejemplifica la importancia de acercar los programas y servicios hasta las regiones m\u00e1s alejadas. Durante una Feria de Servicios celebrada en esa regi\u00f3n, acompa\u00f1\u00f3 a su madre a tramitar documentos b\u00e1sicos para poder acceder a la Pensi\u00f3n del Bienestar para Adultos Mayores.<\/span><\/p>\n<p><span style=\"font-weight: 400;\">\u201cNos parece bien que hayan venido aqu\u00ed, porque andar arreglando papeles es muy dif\u00edcil, ir a otros lugares\u201d, coment\u00f3, pues ya hab\u00eda acudido sin \u00e9xito a otras instancias y, gracias a esta estrategia, tuvieron la posibilidad de gestionar el apoyo para su madre.<\/span><\/p>\n<p><span style=\"font-weight: 400;\">Adem\u00e1s de los ya mencionados, la administraci\u00f3n estatal impulsa otros esquemas como el Bienestar de Personas Cuidadoras de Personas con Discapacidad, el de Fomento Artesanal y Cultural, as\u00ed como de Atenci\u00f3n a Migrantes.<\/span><\/p>\n<p><span style=\"font-weight: 400;\">El Sistema DIF Hidalgo tambi\u00e9n fortalece su cobertura con programas para ni\u00f1as, ni\u00f1os y adolescentes, la promoci\u00f3n de un envejecimiento saludable, as\u00ed como la entrega de ayudas t\u00e9cnicas y funcionales.<\/span><\/p>\n<p><span style=\"font-weight: 400;\">Con estas acciones, el gobierno de Hidalgo sostiene que la inversi\u00f3n social no se queda en el discurso, sino que llega directamente a quienes m\u00e1s lo necesitan, en un esfuerzo por saldar la deuda hist\u00f3rica con las comunidades en situaci\u00f3n de vulnerabilidad.<\/span><\/p>\n<p>&nbsp;<\/p>\n","protected":false},"excerpt":{"rendered":"<p>El gobernador de Hidalgo, Julio Menchaca Salazar, asegur\u00f3 que su administraci\u00f3n trabaja bajo la premisa de ser \u201cm\u00e1s de territorio y menos de escritorio\u201d, lo que le ha permitido mantener una cercan\u00eda real con la gente y llevar soluciones concretas a las comunidades m\u00e1s necesitadas. En este sentido, inform\u00f3 que el presupuesto destinado a los<\/p>\n","protected":false},"author":2,"featured_media":5021,"comment_status":"open","ping_status":"open","sticky":false,"template":"","format":"standard","meta":{"footnotes":""},"categories":[31,44,39],"tags":[281,280,87,247],"class_list":{"0":"post-5020","1":"post","2":"type-post","3":"status-publish","4":"format-standard","5":"has-post-thumbnail","7":"category-hidalgo","8":"category-minuto-a-minuto","9":"category-politica","10":"tag-3er-informe","11":"tag-a-mitad-del-camino","12":"tag-hidalgo","13":"tag-julio-menchaca-salazar"},"yoast_head":"<!-- This site is optimized with the Yoast SEO plugin v26.1.1 - https:\/\/yoast.com\/wordpress\/plugins\/seo\/ -->\n<title>Triplica Hidalgo presupuesto para programas sociales: el dinero p\u00fablico regresa al pueblo - El Cardinal<\/title>\n<meta name=\"robots\" content=\"index, follow, max-snippet:-1, max-image-preview:large, max-video-preview:-1\" \/>\n<link rel=\"canonical\" href=\"https:\/\/elcardinal.com\/?p=5020\" \/>\n<meta property=\"og:locale\" content=\"es_MX\" \/>\n<meta property=\"og:type\" content=\"article\" \/>\n<meta property=\"og:title\" content=\"Triplica Hidalgo presupuesto para programas sociales: el dinero p\u00fablico regresa al pueblo - El Cardinal\" \/>\n<meta property=\"og:description\" content=\"El gobernador de Hidalgo, Julio Menchaca Salazar, asegur\u00f3 que su administraci\u00f3n trabaja bajo la premisa de ser \u201cm\u00e1s de territorio y menos de escritorio\u201d, lo que le ha permitido mantener una cercan\u00eda real con la gente y llevar soluciones concretas a las comunidades m\u00e1s necesitadas. En este sentido, inform\u00f3 que el presupuesto destinado a los\" \/>\n<meta property=\"og:url\" content=\"https:\/\/elcardinal.com\/?p=5020\" \/>\n<meta property=\"og:site_name\" content=\"El Cardinal\" \/>\n<meta property=\"article:publisher\" content=\"https:\/\/www.facebook.com\/profile.php?id=100063093107011\" \/>\n<meta property=\"article:published_time\" content=\"2025-08-30T19:30:36+00:00\" \/>\n<meta property=\"og:image\" content=\"https:\/\/elcardinal.com\/wp-content\/uploads\/2025\/08\/TESTIMONIO-MARIA-ALICIA-HERNANDEZ-HERNANDEZ--scaled.jpg\" \/>\n\t<meta property=\"og:image:width\" content=\"2560\" \/>\n\t<meta property=\"og:image:height\" content=\"1920\" \/>\n\t<meta property=\"og:image:type\" content=\"image\/jpeg\" \/>\n<meta name=\"author\" content=\"Antonio Alcaraz\" \/>\n<meta name=\"twitter:card\" content=\"summary_large_image\" \/>\n<meta name=\"twitter:creator\" content=\"@ElCardinal_Mx\" \/>\n<meta name=\"twitter:site\" content=\"@ElCardinal_Mx\" \/>\n<meta name=\"twitter:label1\" content=\"Escrito por\" \/>\n\t<meta name=\"twitter:data1\" content=\"Antonio Alcaraz\" \/>\n\t<meta name=\"twitter:label2\" content=\"Tiempo de lectura\" \/>\n\t<meta name=\"twitter:data2\" content=\"2 minutos\" \/>\n<script type=\"application\/ld+json\" class=\"yoast-schema-graph\">{\"@context\":\"https:\/\/schema.org\",\"@graph\":[{\"@type\":\"Article\",\"@id\":\"https:\/\/elcardinal.com\/?p=5020#article\",\"isPartOf\":{\"@id\":\"https:\/\/elcardinal.com\/?p=5020\"},\"author\":{\"name\":\"Antonio Alcaraz\",\"@id\":\"https:\/\/elcardinal.com\/#\/schema\/person\/3c352ec0a33987fe275c0e8a2ea69f8b\"},\"headline\":\"Triplica Hidalgo presupuesto para programas sociales: el dinero p\u00fablico regresa al pueblo\",\"datePublished\":\"2025-08-30T19:30:36+00:00\",\"mainEntityOfPage\":{\"@id\":\"https:\/\/elcardinal.com\/?p=5020\"},\"wordCount\":404,\"commentCount\":0,\"publisher\":{\"@id\":\"https:\/\/elcardinal.com\/#organization\"},\"image\":{\"@id\":\"https:\/\/elcardinal.com\/?p=5020#primaryimage\"},\"thumbnailUrl\":\"https:\/\/elcardinal.com\/wp-content\/uploads\/2025\/08\/TESTIMONIO-MARIA-ALICIA-HERNANDEZ-HERNANDEZ--scaled.jpg\",\"keywords\":[\"3er Informe\",\"A mitad del camino\",\"Hidalgo\",\"Julio Menchaca Salazar\"],\"articleSection\":[\"Hidalgo\",\"Minuto a Minuto\",\"Pol\u00edtica\"],\"inLanguage\":\"es\",\"potentialAction\":[{\"@type\":\"CommentAction\",\"name\":\"Comment\",\"target\":[\"https:\/\/elcardinal.com\/?p=5020#respond\"]}]},{\"@type\":\"WebPage\",\"@id\":\"https:\/\/elcardinal.com\/?p=5020\",\"url\":\"https:\/\/elcardinal.com\/?p=5020\",\"name\":\"Triplica Hidalgo presupuesto para programas sociales: el dinero p\u00fablico regresa al pueblo - El Cardinal\",\"isPartOf\":{\"@id\":\"https:\/\/elcardinal.com\/#website\"},\"primaryImageOfPage\":{\"@id\":\"https:\/\/elcardinal.com\/?p=5020#primaryimage\"},\"image\":{\"@id\":\"https:\/\/elcardinal.com\/?p=5020#primaryimage\"},\"thumbnailUrl\":\"https:\/\/elcardinal.com\/wp-content\/uploads\/2025\/08\/TESTIMONIO-MARIA-ALICIA-HERNANDEZ-HERNANDEZ--scaled.jpg\",\"datePublished\":\"2025-08-30T19:30:36+00:00\",\"breadcrumb\":{\"@id\":\"https:\/\/elcardinal.com\/?p=5020#breadcrumb\"},\"inLanguage\":\"es\",\"potentialAction\":[{\"@type\":\"ReadAction\",\"target\":[\"https:\/\/elcardinal.com\/?p=5020\"]}]},{\"@type\":\"ImageObject\",\"inLanguage\":\"es\",\"@id\":\"https:\/\/elcardinal.com\/?p=5020#primaryimage\",\"url\":\"https:\/\/elcardinal.com\/wp-content\/uploads\/2025\/08\/TESTIMONIO-MARIA-ALICIA-HERNANDEZ-HERNANDEZ--scaled.jpg\",\"contentUrl\":\"https:\/\/elcardinal.com\/wp-content\/uploads\/2025\/08\/TESTIMONIO-MARIA-ALICIA-HERNANDEZ-HERNANDEZ--scaled.jpg\",\"width\":2560,\"height\":1920},{\"@type\":\"BreadcrumbList\",\"@id\":\"https:\/\/elcardinal.com\/?p=5020#breadcrumb\",\"itemListElement\":[{\"@type\":\"ListItem\",\"position\":1,\"name\":\"Inicio\",\"item\":\"https:\/\/elcardinal.com\/\"},{\"@type\":\"ListItem\",\"position\":2,\"name\":\"Triplica Hidalgo presupuesto para programas sociales: el dinero p\u00fablico regresa al pueblo\"}]},{\"@type\":\"WebSite\",\"@id\":\"https:\/\/elcardinal.com\/#website\",\"url\":\"https:\/\/elcardinal.com\/\",\"name\":\"El Cardinal\",\"description\":\"Periodismo honesto, con valor, sentido humano, a veces sarc\u00e1stico y divertido.\",\"publisher\":{\"@id\":\"https:\/\/elcardinal.com\/#organization\"},\"alternateName\":\"El Cardinal Noticias\",\"potentialAction\":[{\"@type\":\"SearchAction\",\"target\":{\"@type\":\"EntryPoint\",\"urlTemplate\":\"https:\/\/elcardinal.com\/?s={search_term_string}\"},\"query-input\":{\"@type\":\"PropertyValueSpecification\",\"valueRequired\":true,\"valueName\":\"search_term_string\"}}],\"inLanguage\":\"es\"},{\"@type\":\"Organization\",\"@id\":\"https:\/\/elcardinal.com\/#organization\",\"name\":\"El Cardinal\",\"url\":\"https:\/\/elcardinal.com\/\",\"logo\":{\"@type\":\"ImageObject\",\"inLanguage\":\"es\",\"@id\":\"https:\/\/elcardinal.com\/#\/schema\/logo\/image\/\",\"url\":\"https:\/\/elcardinal.com\/wp-content\/uploads\/2025\/04\/LOGO-EL-CARDINAL-Periodismo-con-valor.png\",\"contentUrl\":\"https:\/\/elcardinal.com\/wp-content\/uploads\/2025\/04\/LOGO-EL-CARDINAL-Periodismo-con-valor.png\",\"width\":755,\"height\":636,\"caption\":\"El Cardinal\"},\"image\":{\"@id\":\"https:\/\/elcardinal.com\/#\/schema\/logo\/image\/\"},\"sameAs\":[\"https:\/\/www.facebook.com\/profile.php?id=100063093107011\",\"https:\/\/x.com\/ElCardinal_Mx\"]},{\"@type\":\"Person\",\"@id\":\"https:\/\/elcardinal.com\/#\/schema\/person\/3c352ec0a33987fe275c0e8a2ea69f8b\",\"name\":\"Antonio Alcaraz\",\"image\":{\"@type\":\"ImageObject\",\"inLanguage\":\"es\",\"@id\":\"https:\/\/elcardinal.com\/#\/schema\/person\/image\/\",\"url\":\"https:\/\/elcardinal.com\/wp-content\/uploads\/2025\/05\/cropped-TONO-96x96.jpg\",\"contentUrl\":\"https:\/\/elcardinal.com\/wp-content\/uploads\/2025\/05\/cropped-TONO-96x96.jpg\",\"caption\":\"Antonio Alcaraz\"},\"url\":\"https:\/\/elcardinal.com\/?author=2\"}]}<\/script>\n<!-- \/ Yoast SEO plugin. -->","yoast_head_json":{"title":"Triplica Hidalgo presupuesto para programas sociales: el dinero p\u00fablico regresa al pueblo - El Cardinal","robots":{"index":"index","follow":"follow","max-snippet":"max-snippet:-1","max-image-preview":"max-image-preview:large","max-video-preview":"max-video-preview:-1"},"canonical":"https:\/\/elcardinal.com\/?p=5020","og_locale":"es_MX","og_type":"article","og_title":"Triplica Hidalgo presupuesto para programas sociales: el dinero p\u00fablico regresa al pueblo - El Cardinal","og_description":"El gobernador de Hidalgo, Julio Menchaca Salazar, asegur\u00f3 que su administraci\u00f3n trabaja bajo la premisa de ser \u201cm\u00e1s de territorio y menos de escritorio\u201d, lo que le ha permitido mantener una cercan\u00eda real con la gente y llevar soluciones concretas a las comunidades m\u00e1s necesitadas. En este sentido, inform\u00f3 que el presupuesto destinado a los","og_url":"https:\/\/elcardinal.com\/?p=5020","og_site_name":"El Cardinal","article_publisher":"https:\/\/www.facebook.com\/profile.php?id=100063093107011","article_published_time":"2025-08-30T19:30:36+00:00","og_image":[{"width":2560,"height":1920,"url":"https:\/\/elcardinal.com\/wp-content\/uploads\/2025\/08\/TESTIMONIO-MARIA-ALICIA-HERNANDEZ-HERNANDEZ--scaled.jpg","type":"image\/jpeg"}],"author":"Antonio Alcaraz","twitter_card":"summary_large_image","twitter_creator":"@ElCardinal_Mx","twitter_site":"@ElCardinal_Mx","twitter_misc":{"Escrito por":"Antonio Alcaraz","Tiempo de lectura":"2 minutos"},"schema":{"@context":"https:\/\/schema.org","@graph":[{"@type":"Article","@id":"https:\/\/elcardinal.com\/?p=5020#article","isPartOf":{"@id":"https:\/\/elcardinal.com\/?p=5020"},"author":{"name":"Antonio Alcaraz","@id":"https:\/\/elcardinal.com\/#\/schema\/person\/3c352ec0a33987fe275c0e8a2ea69f8b"},"headline":"Triplica Hidalgo presupuesto para programas sociales: el dinero p\u00fablico regresa al pueblo","datePublished":"2025-08-30T19:30:36+00:00","mainEntityOfPage":{"@id":"https:\/\/elcardinal.com\/?p=5020"},"wordCount":404,"commentCount":0,"publisher":{"@id":"https:\/\/elcardinal.com\/#organization"},"image":{"@id":"https:\/\/elcardinal.com\/?p=5020#primaryimage"},"thumbnailUrl":"https:\/\/elcardinal.com\/wp-content\/uploads\/2025\/08\/TESTIMONIO-MARIA-ALICIA-HERNANDEZ-HERNANDEZ--scaled.jpg","keywords":["3er Informe","A mitad del camino","Hidalgo","Julio Menchaca Salazar"],"articleSection":["Hidalgo","Minuto a Minuto","Pol\u00edtica"],"inLanguage":"es","potentialAction":[{"@type":"CommentAction","name":"Comment","target":["https:\/\/elcardinal.com\/?p=5020#respond"]}]},{"@type":"WebPage","@id":"https:\/\/elcardinal.com\/?p=5020","url":"https:\/\/elcardinal.com\/?p=5020","name":"Triplica Hidalgo presupuesto para programas sociales: el dinero p\u00fablico regresa al pueblo - El Cardinal","isPartOf":{"@id":"https:\/\/elcardinal.com\/#website"},"primaryImageOfPage":{"@id":"https:\/\/elcardinal.com\/?p=5020#primaryimage"},"image":{"@id":"https:\/\/elcardinal.com\/?p=5020#primaryimage"},"thumbnailUrl":"https:\/\/elcardinal.com\/wp-content\/uploads\/2025\/08\/TESTIMONIO-MARIA-ALICIA-HERNANDEZ-HERNANDEZ--scaled.jpg","datePublished":"2025-08-30T19:30:36+00:00","breadcrumb":{"@id":"https:\/\/elcardinal.com\/?p=5020#breadcrumb"},"inLanguage":"es","potentialAction":[{"@type":"ReadAction","target":["https:\/\/elcardinal.com\/?p=5020"]}]},{"@type":"ImageObject","inLanguage":"es","@id":"https:\/\/elcardinal.com\/?p=5020#primaryimage","url":"https:\/\/elcardinal.com\/wp-content\/uploads\/2025\/08\/TESTIMONIO-MARIA-ALICIA-HERNANDEZ-HERNANDEZ--scaled.jpg","contentUrl":"https:\/\/elcardinal.com\/wp-content\/uploads\/2025\/08\/TESTIMONIO-MARIA-ALICIA-HERNANDEZ-HERNANDEZ--scaled.jpg","width":2560,"height":1920},{"@type":"BreadcrumbList","@id":"https:\/\/elcardinal.com\/?p=5020#breadcrumb","itemListElement":[{"@type":"ListItem","position":1,"name":"Inicio","item":"https:\/\/elcardinal.com\/"},{"@type":"ListItem","position":2,"name":"Triplica Hidalgo presupuesto para programas sociales: el dinero p\u00fablico regresa al pueblo"}]},{"@type":"WebSite","@id":"https:\/\/elcardinal.com\/#website","url":"https:\/\/elcardinal.com\/","name":"El Cardinal","description":"Periodismo honesto, con valor, sentido humano, a veces sarc\u00e1stico y divertido.","publisher":{"@id":"https:\/\/elcardinal.com\/#organization"},"alternateName":"El Cardinal Noticias","potentialAction":[{"@type":"SearchAction","target":{"@type":"EntryPoint","urlTemplate":"https:\/\/elcardinal.com\/?s={search_term_string}"},"query-input":{"@type":"PropertyValueSpecification","valueRequired":true,"valueName":"search_term_string"}}],"inLanguage":"es"},{"@type":"Organization","@id":"https:\/\/elcardinal.com\/#organization","name":"El Cardinal","url":"https:\/\/elcardinal.com\/","logo":{"@type":"ImageObject","inLanguage":"es","@id":"https:\/\/elcardinal.com\/#\/schema\/logo\/image\/","url":"https:\/\/elcardinal.com\/wp-content\/uploads\/2025\/04\/LOGO-EL-CARDINAL-Periodismo-con-valor.png","contentUrl":"https:\/\/elcardinal.com\/wp-content\/uploads\/2025\/04\/LOGO-EL-CARDINAL-Periodismo-con-valor.png","width":755,"height":636,"caption":"El Cardinal"},"image":{"@id":"https:\/\/elcardinal.com\/#\/schema\/logo\/image\/"},"sameAs":["https:\/\/www.facebook.com\/profile.php?id=100063093107011","https:\/\/x.com\/ElCardinal_Mx"]},{"@type":"Person","@id":"https:\/\/elcardinal.com\/#\/schema\/person\/3c352ec0a33987fe275c0e8a2ea69f8b","name":"Antonio Alcaraz","image":{"@type":"ImageObject","inLanguage":"es","@id":"https:\/\/elcardinal.com\/#\/schema\/person\/image\/","url":"https:\/\/elcardinal.com\/wp-content\/uploads\/2025\/05\/cropped-TONO-96x96.jpg","contentUrl":"https:\/\/elcardinal.com\/wp-content\/uploads\/2025\/05\/cropped-TONO-96x96.jpg","caption":"Antonio Alcaraz"},"url":"https:\/\/elcardinal.com\/?author=2"}]}},"_links":{"self":[{"href":"https:\/\/elcardinal.com\/index.php?rest_route=\/wp\/v2\/posts\/5020","targetHints":{"allow":["GET"]}}],"collection":[{"href":"https:\/\/elcardinal.com\/index.php?rest_route=\/wp\/v2\/posts"}],"about":[{"href":"https:\/\/elcardinal.com\/index.php?rest_route=\/wp\/v2\/types\/post"}],"author":[{"embeddable":true,"href":"https:\/\/elcardinal.com\/index.php?rest_route=\/wp\/v2\/users\/2"}],"replies":[{"embeddable":true,"href":"https:\/\/elcardinal.com\/index.php?rest_route=%2Fwp%2Fv2%2Fcomments&post=5020"}],"version-history":[{"count":1,"href":"https:\/\/elcardinal.com\/index.php?rest_route=\/wp\/v2\/posts\/5020\/revisions"}],"predecessor-version":[{"id":5022,"href":"https:\/\/elcardinal.com\/index.php?rest_route=\/wp\/v2\/posts\/5020\/revisions\/5022"}],"wp:featuredmedia":[{"embeddable":true,"href":"https:\/\/elcardinal.com\/index.php?rest_route=\/wp\/v2\/media\/5021"}],"wp:attachment":[{"href":"https:\/\/elcardinal.com\/index.php?rest_route=%2Fwp%2Fv2%2Fmedia&parent=5020"}],"wp:term":[{"taxonomy":"category","embeddable":true,"href":"https:\/\/elcardinal.com\/index.php?rest_route=%2Fwp%2Fv2%2Fcategories&post=5020"},{"taxonomy":"post_tag","embeddable":true,"href":"https:\/\/elcardinal.com\/index.php?rest_route=%2Fwp%2Fv2%2Ftags&post=5020"}],"curies":[{"name":"wp","href":"https:\/\/api.w.org\/{rel}","templated":true}]}}