{"id":5025,"date":"2025-09-02T09:11:59","date_gmt":"2025-09-02T15:11:59","guid":{"rendered":"https:\/\/elcardinal.com\/?p=5025"},"modified":"2025-09-02T09:11:59","modified_gmt":"2025-09-02T15:11:59","slug":"alerta-el-tiempo-no-espera","status":"publish","type":"post","link":"https:\/\/elcardinal.com\/?p=5025","title":{"rendered":"Alerta, el tiempo no espera"},"content":{"rendered":"<p>&nbsp;<\/p>\n<p>Por: <strong>Tania Mart\u00ednez Su\u00e1rez<\/strong><\/p>\n<p style=\"text-align: right;\"><em>El cielo y el sol siempre est\u00e1n ah\u00ed. Son las nubes las que van y vienen.<\/em><\/p>\n<p style=\"text-align: right;\">Rachel Joyce<\/p>\n<p>La bandeja de entrada otra vez est\u00e1 saturada, quiz\u00e1 en parte sea ese molesto correo que me llega desde <strong>Gmail<\/strong> todos los d\u00edas, donde avisa que mi cuenta se encuentra a punto del colapso, eso sumado a las notificaciones del banco, las suscripciones de literatura, estudios de humanidades, los correos del trabajo, las confirmaciones de las reuniones, los enlaces de videollamadas o clases que se programan con un mes de antelaci\u00f3n y se cambian de \u00faltimo momento.<\/p>\n<p>Todo suma a la congesti\u00f3n del drive, del correo electr\u00f3nico, del celular\u2026 ya que en esta era de la acumulaci\u00f3n digital, todo se guarda en la nube. El celular env\u00eda en autom\u00e1tico todas las fotograf\u00edas que tomas o recibes, solamente con los grupos de <strong>Whatsapp<\/strong> tienes para que decenas de im\u00e1genes lleguen cada d\u00eda a la nube, las borras y luego hay que hacerlo de la galer\u00eda del celular, y de cada grupo del Whatsapp. Tomamos fotos de todo lo que nos parece interesante, a lo que deseamos recordar o lo que nos parece gracioso.<\/p>\n<blockquote><p>&#8220;\u00bfQu\u00e9 es la nube?&#8221;, <strong>Vivek Kundra,<\/strong> director de inform\u00e1tica federal del gobierno de EE. UU., respondi\u00f3: &#8220;Hubo una \u00e9poca en que cada hogar, pueblo, granja o aldea ten\u00eda su propio pozo de agua. Hoy en d\u00eda, los servicios p\u00fablicos compartidos nos dan acceso a agua potable con solo abrir el grifo; la computaci\u00f3n en la nube funciona de forma similar. Al igual que el agua del grifo de la cocina, los servicios de computaci\u00f3n en la nube se pueden activar o desactivar r\u00e1pidamente seg\u00fan sea necesario. Al igual que en la compa\u00f1\u00eda de agua, hay un equipo de profesionales dedicados que garantizan que el servicio sea seguro y est\u00e9 disponible las 24 horas, los 7 d\u00edas de la semana. Cuando el grifo no est\u00e1 abierto, no s\u00f3lo se ahorra agua, sino que se evita pagar por recursos que no se necesitan&#8221;.(Kundra, 2023)<\/p><\/blockquote>\n<p>El <strong>correo<\/strong> avisa que no tengo espacio de almacenamiento, tambi\u00e9n me ofrece una salvaci\u00f3n inmediata, sin que tenga que aventarme un clavado a los recuerdos de a\u00f1os atr\u00e1s para depurarlo de forma inmediata, basta con que compre almacenamiento, enti\u00e9ndase entonces que espacio si hay, pero est\u00e1 destinado a aquellos que pueden pagar por \u00e9l. Pienso en que ojal\u00e1 tuviera tiempo de revisar con detenimiento cada archivo, revivir cada uno de los recuerdos que en ellos se acorazan, \u00bfRealmente quiero navegar en ese mar de ideas? \u00bfEs solo miedo a perder algo que, a pesar de su valor, con el paso del tiempo de todos modos ya he olvidado?<\/p>\n<p><strong>Hoy se cumple el plazo para agenciarme m\u00e1s espacio en esa enorme nube digital<\/strong> que promete guardar los archivos de mi vida, as\u00ed que compro tiempo, un a\u00f1o m\u00e1s para tener la oportunidad de reencontrarme con ese pasado al que a veces le rehuyo tanto como lo atesoro. Ojal\u00e1 tambi\u00e9n pudiera comprar tiempo para mirarlo.<\/p>\n","protected":false},"excerpt":{"rendered":"<p>&nbsp; Por: Tania Mart\u00ednez Su\u00e1rez El cielo y el sol siempre est\u00e1n ah\u00ed. Son las nubes las que van y vienen. Rachel Joyce La bandeja de entrada otra vez est\u00e1 saturada, quiz\u00e1 en parte sea ese molesto correo que me llega desde Gmail todos los d\u00edas, donde avisa que mi cuenta se encuentra a punto<\/p>\n","protected":false},"author":2,"featured_media":4974,"comment_status":"open","ping_status":"open","sticky":false,"template":"","format":"standard","meta":{"footnotes":""},"categories":[44,35],"tags":[151,55],"class_list":{"0":"post-5025","1":"post","2":"type-post","3":"status-publish","4":"format-standard","5":"has-post-thumbnail","7":"category-minuto-a-minuto","8":"category-opinion","9":"tag-opinion","10":"tag-tania-martinez-suarez"},"yoast_head":"<!-- This site is optimized with the Yoast SEO plugin v26.1.1 - https:\/\/yoast.com\/wordpress\/plugins\/seo\/ -->\n<title>Alerta, el tiempo no espera - El Cardinal<\/title>\n<meta name=\"robots\" content=\"index, follow, max-snippet:-1, max-image-preview:large, max-video-preview:-1\" \/>\n<link rel=\"canonical\" href=\"https:\/\/elcardinal.com\/?p=5025\" \/>\n<meta property=\"og:locale\" content=\"es_MX\" \/>\n<meta property=\"og:type\" content=\"article\" \/>\n<meta property=\"og:title\" content=\"Alerta, el tiempo no espera - El Cardinal\" \/>\n<meta property=\"og:description\" content=\"&nbsp; Por: Tania Mart\u00ednez Su\u00e1rez El cielo y el sol siempre est\u00e1n ah\u00ed. Son las nubes las que van y vienen. Rachel Joyce La bandeja de entrada otra vez est\u00e1 saturada, quiz\u00e1 en parte sea ese molesto correo que me llega desde Gmail todos los d\u00edas, donde avisa que mi cuenta se encuentra a punto\" \/>\n<meta property=\"og:url\" content=\"https:\/\/elcardinal.com\/?p=5025\" \/>\n<meta property=\"og:site_name\" content=\"El Cardinal\" \/>\n<meta property=\"article:publisher\" content=\"https:\/\/www.facebook.com\/profile.php?id=100063093107011\" \/>\n<meta property=\"article:published_time\" content=\"2025-09-02T15:11:59+00:00\" \/>\n<meta property=\"og:image\" content=\"https:\/\/elcardinal.com\/wp-content\/uploads\/2025\/08\/Semillas-Esterales.png\" \/>\n\t<meta property=\"og:image:width\" content=\"940\" \/>\n\t<meta property=\"og:image:height\" content=\"788\" \/>\n\t<meta property=\"og:image:type\" content=\"image\/png\" \/>\n<meta name=\"author\" content=\"Antonio Alcaraz\" \/>\n<meta name=\"twitter:card\" content=\"summary_large_image\" \/>\n<meta name=\"twitter:creator\" content=\"@ElCardinal_Mx\" \/>\n<meta name=\"twitter:site\" content=\"@ElCardinal_Mx\" \/>\n<meta name=\"twitter:label1\" content=\"Escrito por\" \/>\n\t<meta name=\"twitter:data1\" content=\"Antonio Alcaraz\" \/>\n\t<meta name=\"twitter:label2\" content=\"Tiempo de lectura\" \/>\n\t<meta name=\"twitter:data2\" content=\"2 minutos\" \/>\n<script type=\"application\/ld+json\" class=\"yoast-schema-graph\">{\"@context\":\"https:\/\/schema.org\",\"@graph\":[{\"@type\":\"Article\",\"@id\":\"https:\/\/elcardinal.com\/?p=5025#article\",\"isPartOf\":{\"@id\":\"https:\/\/elcardinal.com\/?p=5025\"},\"author\":{\"name\":\"Antonio Alcaraz\",\"@id\":\"https:\/\/elcardinal.com\/#\/schema\/person\/3c352ec0a33987fe275c0e8a2ea69f8b\"},\"headline\":\"Alerta, el tiempo no espera\",\"datePublished\":\"2025-09-02T15:11:59+00:00\",\"mainEntityOfPage\":{\"@id\":\"https:\/\/elcardinal.com\/?p=5025\"},\"wordCount\":537,\"commentCount\":0,\"publisher\":{\"@id\":\"https:\/\/elcardinal.com\/#organization\"},\"image\":{\"@id\":\"https:\/\/elcardinal.com\/?p=5025#primaryimage\"},\"thumbnailUrl\":\"https:\/\/elcardinal.com\/wp-content\/uploads\/2025\/08\/Semillas-Esterales.png\",\"keywords\":[\"Opini\u00f3n\",\"Tania Mart\u00ednez Su\u00e1rez\"],\"articleSection\":[\"Minuto a Minuto\",\"Opini\u00f3n\"],\"inLanguage\":\"es\",\"potentialAction\":[{\"@type\":\"CommentAction\",\"name\":\"Comment\",\"target\":[\"https:\/\/elcardinal.com\/?p=5025#respond\"]}]},{\"@type\":\"WebPage\",\"@id\":\"https:\/\/elcardinal.com\/?p=5025\",\"url\":\"https:\/\/elcardinal.com\/?p=5025\",\"name\":\"Alerta, el tiempo no espera - El Cardinal\",\"isPartOf\":{\"@id\":\"https:\/\/elcardinal.com\/#website\"},\"primaryImageOfPage\":{\"@id\":\"https:\/\/elcardinal.com\/?p=5025#primaryimage\"},\"image\":{\"@id\":\"https:\/\/elcardinal.com\/?p=5025#primaryimage\"},\"thumbnailUrl\":\"https:\/\/elcardinal.com\/wp-content\/uploads\/2025\/08\/Semillas-Esterales.png\",\"datePublished\":\"2025-09-02T15:11:59+00:00\",\"breadcrumb\":{\"@id\":\"https:\/\/elcardinal.com\/?p=5025#breadcrumb\"},\"inLanguage\":\"es\",\"potentialAction\":[{\"@type\":\"ReadAction\",\"target\":[\"https:\/\/elcardinal.com\/?p=5025\"]}]},{\"@type\":\"ImageObject\",\"inLanguage\":\"es\",\"@id\":\"https:\/\/elcardinal.com\/?p=5025#primaryimage\",\"url\":\"https:\/\/elcardinal.com\/wp-content\/uploads\/2025\/08\/Semillas-Esterales.png\",\"contentUrl\":\"https:\/\/elcardinal.com\/wp-content\/uploads\/2025\/08\/Semillas-Esterales.png\",\"width\":940,\"height\":788},{\"@type\":\"BreadcrumbList\",\"@id\":\"https:\/\/elcardinal.com\/?p=5025#breadcrumb\",\"itemListElement\":[{\"@type\":\"ListItem\",\"position\":1,\"name\":\"Inicio\",\"item\":\"https:\/\/elcardinal.com\/\"},{\"@type\":\"ListItem\",\"position\":2,\"name\":\"Alerta, el tiempo no espera\"}]},{\"@type\":\"WebSite\",\"@id\":\"https:\/\/elcardinal.com\/#website\",\"url\":\"https:\/\/elcardinal.com\/\",\"name\":\"El Cardinal\",\"description\":\"Periodismo honesto, con valor, sentido humano, a veces sarc\u00e1stico y divertido.\",\"publisher\":{\"@id\":\"https:\/\/elcardinal.com\/#organization\"},\"alternateName\":\"El Cardinal Noticias\",\"potentialAction\":[{\"@type\":\"SearchAction\",\"target\":{\"@type\":\"EntryPoint\",\"urlTemplate\":\"https:\/\/elcardinal.com\/?s={search_term_string}\"},\"query-input\":{\"@type\":\"PropertyValueSpecification\",\"valueRequired\":true,\"valueName\":\"search_term_string\"}}],\"inLanguage\":\"es\"},{\"@type\":\"Organization\",\"@id\":\"https:\/\/elcardinal.com\/#organization\",\"name\":\"El Cardinal\",\"url\":\"https:\/\/elcardinal.com\/\",\"logo\":{\"@type\":\"ImageObject\",\"inLanguage\":\"es\",\"@id\":\"https:\/\/elcardinal.com\/#\/schema\/logo\/image\/\",\"url\":\"https:\/\/elcardinal.com\/wp-content\/uploads\/2025\/04\/LOGO-EL-CARDINAL-Periodismo-con-valor.png\",\"contentUrl\":\"https:\/\/elcardinal.com\/wp-content\/uploads\/2025\/04\/LOGO-EL-CARDINAL-Periodismo-con-valor.png\",\"width\":755,\"height\":636,\"caption\":\"El Cardinal\"},\"image\":{\"@id\":\"https:\/\/elcardinal.com\/#\/schema\/logo\/image\/\"},\"sameAs\":[\"https:\/\/www.facebook.com\/profile.php?id=100063093107011\",\"https:\/\/x.com\/ElCardinal_Mx\"]},{\"@type\":\"Person\",\"@id\":\"https:\/\/elcardinal.com\/#\/schema\/person\/3c352ec0a33987fe275c0e8a2ea69f8b\",\"name\":\"Antonio Alcaraz\",\"image\":{\"@type\":\"ImageObject\",\"inLanguage\":\"es\",\"@id\":\"https:\/\/elcardinal.com\/#\/schema\/person\/image\/\",\"url\":\"https:\/\/elcardinal.com\/wp-content\/uploads\/2025\/05\/cropped-TONO-96x96.jpg\",\"contentUrl\":\"https:\/\/elcardinal.com\/wp-content\/uploads\/2025\/05\/cropped-TONO-96x96.jpg\",\"caption\":\"Antonio Alcaraz\"},\"url\":\"https:\/\/elcardinal.com\/?author=2\"}]}<\/script>\n<!-- \/ Yoast SEO plugin. -->","yoast_head_json":{"title":"Alerta, el tiempo no espera - El Cardinal","robots":{"index":"index","follow":"follow","max-snippet":"max-snippet:-1","max-image-preview":"max-image-preview:large","max-video-preview":"max-video-preview:-1"},"canonical":"https:\/\/elcardinal.com\/?p=5025","og_locale":"es_MX","og_type":"article","og_title":"Alerta, el tiempo no espera - El Cardinal","og_description":"&nbsp; Por: Tania Mart\u00ednez Su\u00e1rez El cielo y el sol siempre est\u00e1n ah\u00ed. Son las nubes las que van y vienen. Rachel Joyce La bandeja de entrada otra vez est\u00e1 saturada, quiz\u00e1 en parte sea ese molesto correo que me llega desde Gmail todos los d\u00edas, donde avisa que mi cuenta se encuentra a punto","og_url":"https:\/\/elcardinal.com\/?p=5025","og_site_name":"El Cardinal","article_publisher":"https:\/\/www.facebook.com\/profile.php?id=100063093107011","article_published_time":"2025-09-02T15:11:59+00:00","og_image":[{"width":940,"height":788,"url":"https:\/\/elcardinal.com\/wp-content\/uploads\/2025\/08\/Semillas-Esterales.png","type":"image\/png"}],"author":"Antonio Alcaraz","twitter_card":"summary_large_image","twitter_creator":"@ElCardinal_Mx","twitter_site":"@ElCardinal_Mx","twitter_misc":{"Escrito por":"Antonio Alcaraz","Tiempo de lectura":"2 minutos"},"schema":{"@context":"https:\/\/schema.org","@graph":[{"@type":"Article","@id":"https:\/\/elcardinal.com\/?p=5025#article","isPartOf":{"@id":"https:\/\/elcardinal.com\/?p=5025"},"author":{"name":"Antonio Alcaraz","@id":"https:\/\/elcardinal.com\/#\/schema\/person\/3c352ec0a33987fe275c0e8a2ea69f8b"},"headline":"Alerta, el tiempo no espera","datePublished":"2025-09-02T15:11:59+00:00","mainEntityOfPage":{"@id":"https:\/\/elcardinal.com\/?p=5025"},"wordCount":537,"commentCount":0,"publisher":{"@id":"https:\/\/elcardinal.com\/#organization"},"image":{"@id":"https:\/\/elcardinal.com\/?p=5025#primaryimage"},"thumbnailUrl":"https:\/\/elcardinal.com\/wp-content\/uploads\/2025\/08\/Semillas-Esterales.png","keywords":["Opini\u00f3n","Tania Mart\u00ednez Su\u00e1rez"],"articleSection":["Minuto a Minuto","Opini\u00f3n"],"inLanguage":"es","potentialAction":[{"@type":"CommentAction","name":"Comment","target":["https:\/\/elcardinal.com\/?p=5025#respond"]}]},{"@type":"WebPage","@id":"https:\/\/elcardinal.com\/?p=5025","url":"https:\/\/elcardinal.com\/?p=5025","name":"Alerta, el tiempo no espera - El Cardinal","isPartOf":{"@id":"https:\/\/elcardinal.com\/#website"},"primaryImageOfPage":{"@id":"https:\/\/elcardinal.com\/?p=5025#primaryimage"},"image":{"@id":"https:\/\/elcardinal.com\/?p=5025#primaryimage"},"thumbnailUrl":"https:\/\/elcardinal.com\/wp-content\/uploads\/2025\/08\/Semillas-Esterales.png","datePublished":"2025-09-02T15:11:59+00:00","breadcrumb":{"@id":"https:\/\/elcardinal.com\/?p=5025#breadcrumb"},"inLanguage":"es","potentialAction":[{"@type":"ReadAction","target":["https:\/\/elcardinal.com\/?p=5025"]}]},{"@type":"ImageObject","inLanguage":"es","@id":"https:\/\/elcardinal.com\/?p=5025#primaryimage","url":"https:\/\/elcardinal.com\/wp-content\/uploads\/2025\/08\/Semillas-Esterales.png","contentUrl":"https:\/\/elcardinal.com\/wp-content\/uploads\/2025\/08\/Semillas-Esterales.png","width":940,"height":788},{"@type":"BreadcrumbList","@id":"https:\/\/elcardinal.com\/?p=5025#breadcrumb","itemListElement":[{"@type":"ListItem","position":1,"name":"Inicio","item":"https:\/\/elcardinal.com\/"},{"@type":"ListItem","position":2,"name":"Alerta, el tiempo no espera"}]},{"@type":"WebSite","@id":"https:\/\/elcardinal.com\/#website","url":"https:\/\/elcardinal.com\/","name":"El Cardinal","description":"Periodismo honesto, con valor, sentido humano, a veces sarc\u00e1stico y divertido.","publisher":{"@id":"https:\/\/elcardinal.com\/#organization"},"alternateName":"El Cardinal Noticias","potentialAction":[{"@type":"SearchAction","target":{"@type":"EntryPoint","urlTemplate":"https:\/\/elcardinal.com\/?s={search_term_string}"},"query-input":{"@type":"PropertyValueSpecification","valueRequired":true,"valueName":"search_term_string"}}],"inLanguage":"es"},{"@type":"Organization","@id":"https:\/\/elcardinal.com\/#organization","name":"El Cardinal","url":"https:\/\/elcardinal.com\/","logo":{"@type":"ImageObject","inLanguage":"es","@id":"https:\/\/elcardinal.com\/#\/schema\/logo\/image\/","url":"https:\/\/elcardinal.com\/wp-content\/uploads\/2025\/04\/LOGO-EL-CARDINAL-Periodismo-con-valor.png","contentUrl":"https:\/\/elcardinal.com\/wp-content\/uploads\/2025\/04\/LOGO-EL-CARDINAL-Periodismo-con-valor.png","width":755,"height":636,"caption":"El Cardinal"},"image":{"@id":"https:\/\/elcardinal.com\/#\/schema\/logo\/image\/"},"sameAs":["https:\/\/www.facebook.com\/profile.php?id=100063093107011","https:\/\/x.com\/ElCardinal_Mx"]},{"@type":"Person","@id":"https:\/\/elcardinal.com\/#\/schema\/person\/3c352ec0a33987fe275c0e8a2ea69f8b","name":"Antonio Alcaraz","image":{"@type":"ImageObject","inLanguage":"es","@id":"https:\/\/elcardinal.com\/#\/schema\/person\/image\/","url":"https:\/\/elcardinal.com\/wp-content\/uploads\/2025\/05\/cropped-TONO-96x96.jpg","contentUrl":"https:\/\/elcardinal.com\/wp-content\/uploads\/2025\/05\/cropped-TONO-96x96.jpg","caption":"Antonio Alcaraz"},"url":"https:\/\/elcardinal.com\/?author=2"}]}},"_links":{"self":[{"href":"https:\/\/elcardinal.com\/index.php?rest_route=\/wp\/v2\/posts\/5025","targetHints":{"allow":["GET"]}}],"collection":[{"href":"https:\/\/elcardinal.com\/index.php?rest_route=\/wp\/v2\/posts"}],"about":[{"href":"https:\/\/elcardinal.com\/index.php?rest_route=\/wp\/v2\/types\/post"}],"author":[{"embeddable":true,"href":"https:\/\/elcardinal.com\/index.php?rest_route=\/wp\/v2\/users\/2"}],"replies":[{"embeddable":true,"href":"https:\/\/elcardinal.com\/index.php?rest_route=%2Fwp%2Fv2%2Fcomments&post=5025"}],"version-history":[{"count":1,"href":"https:\/\/elcardinal.com\/index.php?rest_route=\/wp\/v2\/posts\/5025\/revisions"}],"predecessor-version":[{"id":5026,"href":"https:\/\/elcardinal.com\/index.php?rest_route=\/wp\/v2\/posts\/5025\/revisions\/5026"}],"wp:featuredmedia":[{"embeddable":true,"href":"https:\/\/elcardinal.com\/index.php?rest_route=\/wp\/v2\/media\/4974"}],"wp:attachment":[{"href":"https:\/\/elcardinal.com\/index.php?rest_route=%2Fwp%2Fv2%2Fmedia&parent=5025"}],"wp:term":[{"taxonomy":"category","embeddable":true,"href":"https:\/\/elcardinal.com\/index.php?rest_route=%2Fwp%2Fv2%2Fcategories&post=5025"},{"taxonomy":"post_tag","embeddable":true,"href":"https:\/\/elcardinal.com\/index.php?rest_route=%2Fwp%2Fv2%2Ftags&post=5025"}],"curies":[{"name":"wp","href":"https:\/\/api.w.org\/{rel}","templated":true}]}}