{"id":5027,"date":"2025-09-02T22:20:16","date_gmt":"2025-09-03T04:20:16","guid":{"rendered":"https:\/\/elcardinal.com\/?p=5027"},"modified":"2025-09-02T22:20:16","modified_gmt":"2025-09-03T04:20:16","slug":"pachuca-estrenara-nuevo-relleno-sanitario-para-garantizar-recoleccion-de-basura","status":"publish","type":"post","link":"https:\/\/elcardinal.com\/?p=5027","title":{"rendered":"Pachuca estrenar\u00e1 nuevo relleno sanitario para garantizar recolecci\u00f3n de basura"},"content":{"rendered":"<p><strong>Por Jos\u00e9 Antonio Alcaraz Su\u00e1rez <\/strong><\/p>\n<p data-start=\"91\" data-end=\"488\">El presidente municipal de Pachuca, <strong>Jorge Alberto Reyes Hern\u00e1ndez<\/strong>, anunci\u00f3 que la capital hidalguense contar\u00e1 con un <strong data-start=\"235\" data-end=\"262\">nuevo relleno sanitario<\/strong>, el cual ya concluido y se espera la autorizaci\u00f3n de la Secretar\u00eda del Medio Ambiente Hidalgo (Semarnath), lo que permitir\u00e1 agilizar el manejo de residuos y evitar afectaciones como las registradas recientemente con el cierre parcial del actual tiradero.<\/p>\n<p data-start=\"490\" data-end=\"845\">En entrevista con medios de comunicaci\u00f3n, el edil explic\u00f3 que la apertura de esta nueva infraestructura ser\u00e1 clave para que los camiones recolectores reduzcan tiempos de espera que actualmente alcanzan hasta cinco horas.<\/p>\n<blockquote><p><em>\u201cEn cuanto Semarnat libere la autorizaci\u00f3n, lo pasaremos al Cabildo para iniciar operaciones en el nuevo relleno, porque espacio ya no hay\u201d<\/em>, se\u00f1al\u00f3.<\/p><\/blockquote>\n<p data-start=\"847\" data-end=\"1114\">Reyes Hern\u00e1ndez destac\u00f3 que contar con m\u00e1s de una opci\u00f3n dar\u00e1 al municipio mayor seguridad y rapidez en el servicio de recolecci\u00f3n: <em data-start=\"979\" data-end=\"1111\">\u201cA m\u00ed como municipio me conviene tener m\u00e1s rellenos en Pachuca, porque no dependo de uno solo y la descarga de basura es m\u00e1s \u00e1gil\u201d, agreg\u00f3<\/em>.<\/p>\n<p>El alcalde tambi\u00e9n confirm\u00f3 que Pachuca participar\u00e1 en el <strong data-start=\"1174\" data-end=\"1214\">premio internacional \u201cEscoba de Oro\u201d<\/strong>, reconocimiento otorgado a ciudades con mejores pr\u00e1cticas de limpieza y sustentabilidad. El nuevo relleno formar\u00e1 parte de los proyectos innovadores que se presentar\u00e1n en la candidatura.<\/p>\n<p data-start=\"1405\" data-end=\"1624\">Respecto a la empresa Marsacot S.A. de C.V., responsable de la recolecci\u00f3n en la ciudad, Jorge Reyes asegur\u00f3 que ha cumplido m\u00e1s all\u00e1 de lo establecido en el contrato y que la posible renovaci\u00f3n se analizar\u00e1 al concluir el periodo vigente.<\/p>\n<p data-start=\"1626\" data-end=\"1838\" data-is-last-node=\"\" data-is-only-node=\"\">Finalmente, el edil aclar\u00f3 que la contingencia por el impago de Conadia a los ejidatarios, que deriv\u00f3 en el cierre parcial del tiradero, ya fue resuelta y el servicio qued\u00f3 restablecido desde la tarde del domingo.<\/p>\n<p>&nbsp;<\/p>\n","protected":false},"excerpt":{"rendered":"<p>Por Jos\u00e9 Antonio Alcaraz Su\u00e1rez El presidente municipal de Pachuca, Jorge Alberto Reyes Hern\u00e1ndez, anunci\u00f3 que la capital hidalguense contar\u00e1 con un nuevo relleno sanitario, el cual ya concluido y se espera la autorizaci\u00f3n de la Secretar\u00eda del Medio Ambiente Hidalgo (Semarnath), lo que permitir\u00e1 agilizar el manejo de residuos y evitar afectaciones como las<\/p>\n","protected":false},"author":2,"featured_media":5028,"comment_status":"open","ping_status":"open","sticky":false,"template":"","format":"standard","meta":{"footnotes":""},"categories":[31,32,44],"tags":[80,65,282],"class_list":{"0":"post-5027","1":"post","2":"type-post","3":"status-publish","4":"format-standard","5":"has-post-thumbnail","7":"category-hidalgo","8":"category-metropoli","9":"category-minuto-a-minuto","10":"tag-jorge-reyes","11":"tag-pachuca","12":"tag-relleno-sanitario"},"yoast_head":"<!-- This site is optimized with the Yoast SEO plugin v26.1.1 - https:\/\/yoast.com\/wordpress\/plugins\/seo\/ -->\n<title>Pachuca estrenar\u00e1 nuevo relleno sanitario para garantizar recolecci\u00f3n de basura - El Cardinal<\/title>\n<meta name=\"robots\" content=\"index, follow, max-snippet:-1, max-image-preview:large, max-video-preview:-1\" \/>\n<link rel=\"canonical\" href=\"https:\/\/elcardinal.com\/?p=5027\" \/>\n<meta property=\"og:locale\" content=\"es_MX\" \/>\n<meta property=\"og:type\" content=\"article\" \/>\n<meta property=\"og:title\" content=\"Pachuca estrenar\u00e1 nuevo relleno sanitario para garantizar recolecci\u00f3n de basura - El Cardinal\" \/>\n<meta property=\"og:description\" content=\"Por Jos\u00e9 Antonio Alcaraz Su\u00e1rez El presidente municipal de Pachuca, Jorge Alberto Reyes Hern\u00e1ndez, anunci\u00f3 que la capital hidalguense contar\u00e1 con un nuevo relleno sanitario, el cual ya concluido y se espera la autorizaci\u00f3n de la Secretar\u00eda del Medio Ambiente Hidalgo (Semarnath), lo que permitir\u00e1 agilizar el manejo de residuos y evitar afectaciones como las\" \/>\n<meta property=\"og:url\" content=\"https:\/\/elcardinal.com\/?p=5027\" \/>\n<meta property=\"og:site_name\" content=\"El Cardinal\" \/>\n<meta property=\"article:publisher\" content=\"https:\/\/www.facebook.com\/profile.php?id=100063093107011\" \/>\n<meta property=\"article:published_time\" content=\"2025-09-03T04:20:16+00:00\" \/>\n<meta property=\"og:image\" content=\"https:\/\/elcardinal.com\/wp-content\/uploads\/2025\/09\/WhatsApp-Image-2025-09-02-at-10.19.42-PM.jpeg\" \/>\n\t<meta property=\"og:image:width\" content=\"1600\" \/>\n\t<meta property=\"og:image:height\" content=\"900\" \/>\n\t<meta property=\"og:image:type\" content=\"image\/jpeg\" \/>\n<meta name=\"author\" content=\"Antonio Alcaraz\" \/>\n<meta name=\"twitter:card\" content=\"summary_large_image\" \/>\n<meta name=\"twitter:creator\" content=\"@ElCardinal_Mx\" \/>\n<meta name=\"twitter:site\" content=\"@ElCardinal_Mx\" \/>\n<meta name=\"twitter:label1\" content=\"Escrito por\" \/>\n\t<meta name=\"twitter:data1\" content=\"Antonio Alcaraz\" \/>\n\t<meta name=\"twitter:label2\" content=\"Tiempo de lectura\" \/>\n\t<meta name=\"twitter:data2\" content=\"2 minutos\" \/>\n<script type=\"application\/ld+json\" class=\"yoast-schema-graph\">{\"@context\":\"https:\/\/schema.org\",\"@graph\":[{\"@type\":\"Article\",\"@id\":\"https:\/\/elcardinal.com\/?p=5027#article\",\"isPartOf\":{\"@id\":\"https:\/\/elcardinal.com\/?p=5027\"},\"author\":{\"name\":\"Antonio Alcaraz\",\"@id\":\"https:\/\/elcardinal.com\/#\/schema\/person\/3c352ec0a33987fe275c0e8a2ea69f8b\"},\"headline\":\"Pachuca estrenar\u00e1 nuevo relleno sanitario para garantizar recolecci\u00f3n de basura\",\"datePublished\":\"2025-09-03T04:20:16+00:00\",\"mainEntityOfPage\":{\"@id\":\"https:\/\/elcardinal.com\/?p=5027\"},\"wordCount\":318,\"commentCount\":0,\"publisher\":{\"@id\":\"https:\/\/elcardinal.com\/#organization\"},\"image\":{\"@id\":\"https:\/\/elcardinal.com\/?p=5027#primaryimage\"},\"thumbnailUrl\":\"https:\/\/elcardinal.com\/wp-content\/uploads\/2025\/09\/WhatsApp-Image-2025-09-02-at-10.19.42-PM.jpeg\",\"keywords\":[\"Jorge Reyes\",\"Pachuca\",\"Relleno Sanitario\"],\"articleSection\":[\"Hidalgo\",\"Metr\u00f3poli\",\"Minuto a Minuto\"],\"inLanguage\":\"es\",\"potentialAction\":[{\"@type\":\"CommentAction\",\"name\":\"Comment\",\"target\":[\"https:\/\/elcardinal.com\/?p=5027#respond\"]}]},{\"@type\":\"WebPage\",\"@id\":\"https:\/\/elcardinal.com\/?p=5027\",\"url\":\"https:\/\/elcardinal.com\/?p=5027\",\"name\":\"Pachuca estrenar\u00e1 nuevo relleno sanitario para garantizar recolecci\u00f3n de basura - El Cardinal\",\"isPartOf\":{\"@id\":\"https:\/\/elcardinal.com\/#website\"},\"primaryImageOfPage\":{\"@id\":\"https:\/\/elcardinal.com\/?p=5027#primaryimage\"},\"image\":{\"@id\":\"https:\/\/elcardinal.com\/?p=5027#primaryimage\"},\"thumbnailUrl\":\"https:\/\/elcardinal.com\/wp-content\/uploads\/2025\/09\/WhatsApp-Image-2025-09-02-at-10.19.42-PM.jpeg\",\"datePublished\":\"2025-09-03T04:20:16+00:00\",\"breadcrumb\":{\"@id\":\"https:\/\/elcardinal.com\/?p=5027#breadcrumb\"},\"inLanguage\":\"es\",\"potentialAction\":[{\"@type\":\"ReadAction\",\"target\":[\"https:\/\/elcardinal.com\/?p=5027\"]}]},{\"@type\":\"ImageObject\",\"inLanguage\":\"es\",\"@id\":\"https:\/\/elcardinal.com\/?p=5027#primaryimage\",\"url\":\"https:\/\/elcardinal.com\/wp-content\/uploads\/2025\/09\/WhatsApp-Image-2025-09-02-at-10.19.42-PM.jpeg\",\"contentUrl\":\"https:\/\/elcardinal.com\/wp-content\/uploads\/2025\/09\/WhatsApp-Image-2025-09-02-at-10.19.42-PM.jpeg\",\"width\":1600,\"height\":900},{\"@type\":\"BreadcrumbList\",\"@id\":\"https:\/\/elcardinal.com\/?p=5027#breadcrumb\",\"itemListElement\":[{\"@type\":\"ListItem\",\"position\":1,\"name\":\"Inicio\",\"item\":\"https:\/\/elcardinal.com\/\"},{\"@type\":\"ListItem\",\"position\":2,\"name\":\"Pachuca estrenar\u00e1 nuevo relleno sanitario para garantizar recolecci\u00f3n de basura\"}]},{\"@type\":\"WebSite\",\"@id\":\"https:\/\/elcardinal.com\/#website\",\"url\":\"https:\/\/elcardinal.com\/\",\"name\":\"El Cardinal\",\"description\":\"Periodismo honesto, con valor, sentido humano, a veces sarc\u00e1stico y divertido.\",\"publisher\":{\"@id\":\"https:\/\/elcardinal.com\/#organization\"},\"alternateName\":\"El Cardinal Noticias\",\"potentialAction\":[{\"@type\":\"SearchAction\",\"target\":{\"@type\":\"EntryPoint\",\"urlTemplate\":\"https:\/\/elcardinal.com\/?s={search_term_string}\"},\"query-input\":{\"@type\":\"PropertyValueSpecification\",\"valueRequired\":true,\"valueName\":\"search_term_string\"}}],\"inLanguage\":\"es\"},{\"@type\":\"Organization\",\"@id\":\"https:\/\/elcardinal.com\/#organization\",\"name\":\"El Cardinal\",\"url\":\"https:\/\/elcardinal.com\/\",\"logo\":{\"@type\":\"ImageObject\",\"inLanguage\":\"es\",\"@id\":\"https:\/\/elcardinal.com\/#\/schema\/logo\/image\/\",\"url\":\"https:\/\/elcardinal.com\/wp-content\/uploads\/2025\/04\/LOGO-EL-CARDINAL-Periodismo-con-valor.png\",\"contentUrl\":\"https:\/\/elcardinal.com\/wp-content\/uploads\/2025\/04\/LOGO-EL-CARDINAL-Periodismo-con-valor.png\",\"width\":755,\"height\":636,\"caption\":\"El Cardinal\"},\"image\":{\"@id\":\"https:\/\/elcardinal.com\/#\/schema\/logo\/image\/\"},\"sameAs\":[\"https:\/\/www.facebook.com\/profile.php?id=100063093107011\",\"https:\/\/x.com\/ElCardinal_Mx\"]},{\"@type\":\"Person\",\"@id\":\"https:\/\/elcardinal.com\/#\/schema\/person\/3c352ec0a33987fe275c0e8a2ea69f8b\",\"name\":\"Antonio Alcaraz\",\"image\":{\"@type\":\"ImageObject\",\"inLanguage\":\"es\",\"@id\":\"https:\/\/elcardinal.com\/#\/schema\/person\/image\/\",\"url\":\"https:\/\/elcardinal.com\/wp-content\/uploads\/2025\/05\/cropped-TONO-96x96.jpg\",\"contentUrl\":\"https:\/\/elcardinal.com\/wp-content\/uploads\/2025\/05\/cropped-TONO-96x96.jpg\",\"caption\":\"Antonio Alcaraz\"},\"url\":\"https:\/\/elcardinal.com\/?author=2\"}]}<\/script>\n<!-- \/ Yoast SEO plugin. -->","yoast_head_json":{"title":"Pachuca estrenar\u00e1 nuevo relleno sanitario para garantizar recolecci\u00f3n de basura - El Cardinal","robots":{"index":"index","follow":"follow","max-snippet":"max-snippet:-1","max-image-preview":"max-image-preview:large","max-video-preview":"max-video-preview:-1"},"canonical":"https:\/\/elcardinal.com\/?p=5027","og_locale":"es_MX","og_type":"article","og_title":"Pachuca estrenar\u00e1 nuevo relleno sanitario para garantizar recolecci\u00f3n de basura - El Cardinal","og_description":"Por Jos\u00e9 Antonio Alcaraz Su\u00e1rez El presidente municipal de Pachuca, Jorge Alberto Reyes Hern\u00e1ndez, anunci\u00f3 que la capital hidalguense contar\u00e1 con un nuevo relleno sanitario, el cual ya concluido y se espera la autorizaci\u00f3n de la Secretar\u00eda del Medio Ambiente Hidalgo (Semarnath), lo que permitir\u00e1 agilizar el manejo de residuos y evitar afectaciones como las","og_url":"https:\/\/elcardinal.com\/?p=5027","og_site_name":"El Cardinal","article_publisher":"https:\/\/www.facebook.com\/profile.php?id=100063093107011","article_published_time":"2025-09-03T04:20:16+00:00","og_image":[{"width":1600,"height":900,"url":"https:\/\/elcardinal.com\/wp-content\/uploads\/2025\/09\/WhatsApp-Image-2025-09-02-at-10.19.42-PM.jpeg","type":"image\/jpeg"}],"author":"Antonio Alcaraz","twitter_card":"summary_large_image","twitter_creator":"@ElCardinal_Mx","twitter_site":"@ElCardinal_Mx","twitter_misc":{"Escrito por":"Antonio Alcaraz","Tiempo de lectura":"2 minutos"},"schema":{"@context":"https:\/\/schema.org","@graph":[{"@type":"Article","@id":"https:\/\/elcardinal.com\/?p=5027#article","isPartOf":{"@id":"https:\/\/elcardinal.com\/?p=5027"},"author":{"name":"Antonio Alcaraz","@id":"https:\/\/elcardinal.com\/#\/schema\/person\/3c352ec0a33987fe275c0e8a2ea69f8b"},"headline":"Pachuca estrenar\u00e1 nuevo relleno sanitario para garantizar recolecci\u00f3n de basura","datePublished":"2025-09-03T04:20:16+00:00","mainEntityOfPage":{"@id":"https:\/\/elcardinal.com\/?p=5027"},"wordCount":318,"commentCount":0,"publisher":{"@id":"https:\/\/elcardinal.com\/#organization"},"image":{"@id":"https:\/\/elcardinal.com\/?p=5027#primaryimage"},"thumbnailUrl":"https:\/\/elcardinal.com\/wp-content\/uploads\/2025\/09\/WhatsApp-Image-2025-09-02-at-10.19.42-PM.jpeg","keywords":["Jorge Reyes","Pachuca","Relleno Sanitario"],"articleSection":["Hidalgo","Metr\u00f3poli","Minuto a Minuto"],"inLanguage":"es","potentialAction":[{"@type":"CommentAction","name":"Comment","target":["https:\/\/elcardinal.com\/?p=5027#respond"]}]},{"@type":"WebPage","@id":"https:\/\/elcardinal.com\/?p=5027","url":"https:\/\/elcardinal.com\/?p=5027","name":"Pachuca estrenar\u00e1 nuevo relleno sanitario para garantizar recolecci\u00f3n de basura - El Cardinal","isPartOf":{"@id":"https:\/\/elcardinal.com\/#website"},"primaryImageOfPage":{"@id":"https:\/\/elcardinal.com\/?p=5027#primaryimage"},"image":{"@id":"https:\/\/elcardinal.com\/?p=5027#primaryimage"},"thumbnailUrl":"https:\/\/elcardinal.com\/wp-content\/uploads\/2025\/09\/WhatsApp-Image-2025-09-02-at-10.19.42-PM.jpeg","datePublished":"2025-09-03T04:20:16+00:00","breadcrumb":{"@id":"https:\/\/elcardinal.com\/?p=5027#breadcrumb"},"inLanguage":"es","potentialAction":[{"@type":"ReadAction","target":["https:\/\/elcardinal.com\/?p=5027"]}]},{"@type":"ImageObject","inLanguage":"es","@id":"https:\/\/elcardinal.com\/?p=5027#primaryimage","url":"https:\/\/elcardinal.com\/wp-content\/uploads\/2025\/09\/WhatsApp-Image-2025-09-02-at-10.19.42-PM.jpeg","contentUrl":"https:\/\/elcardinal.com\/wp-content\/uploads\/2025\/09\/WhatsApp-Image-2025-09-02-at-10.19.42-PM.jpeg","width":1600,"height":900},{"@type":"BreadcrumbList","@id":"https:\/\/elcardinal.com\/?p=5027#breadcrumb","itemListElement":[{"@type":"ListItem","position":1,"name":"Inicio","item":"https:\/\/elcardinal.com\/"},{"@type":"ListItem","position":2,"name":"Pachuca estrenar\u00e1 nuevo relleno sanitario para garantizar recolecci\u00f3n de basura"}]},{"@type":"WebSite","@id":"https:\/\/elcardinal.com\/#website","url":"https:\/\/elcardinal.com\/","name":"El Cardinal","description":"Periodismo honesto, con valor, sentido humano, a veces sarc\u00e1stico y divertido.","publisher":{"@id":"https:\/\/elcardinal.com\/#organization"},"alternateName":"El Cardinal Noticias","potentialAction":[{"@type":"SearchAction","target":{"@type":"EntryPoint","urlTemplate":"https:\/\/elcardinal.com\/?s={search_term_string}"},"query-input":{"@type":"PropertyValueSpecification","valueRequired":true,"valueName":"search_term_string"}}],"inLanguage":"es"},{"@type":"Organization","@id":"https:\/\/elcardinal.com\/#organization","name":"El Cardinal","url":"https:\/\/elcardinal.com\/","logo":{"@type":"ImageObject","inLanguage":"es","@id":"https:\/\/elcardinal.com\/#\/schema\/logo\/image\/","url":"https:\/\/elcardinal.com\/wp-content\/uploads\/2025\/04\/LOGO-EL-CARDINAL-Periodismo-con-valor.png","contentUrl":"https:\/\/elcardinal.com\/wp-content\/uploads\/2025\/04\/LOGO-EL-CARDINAL-Periodismo-con-valor.png","width":755,"height":636,"caption":"El Cardinal"},"image":{"@id":"https:\/\/elcardinal.com\/#\/schema\/logo\/image\/"},"sameAs":["https:\/\/www.facebook.com\/profile.php?id=100063093107011","https:\/\/x.com\/ElCardinal_Mx"]},{"@type":"Person","@id":"https:\/\/elcardinal.com\/#\/schema\/person\/3c352ec0a33987fe275c0e8a2ea69f8b","name":"Antonio Alcaraz","image":{"@type":"ImageObject","inLanguage":"es","@id":"https:\/\/elcardinal.com\/#\/schema\/person\/image\/","url":"https:\/\/elcardinal.com\/wp-content\/uploads\/2025\/05\/cropped-TONO-96x96.jpg","contentUrl":"https:\/\/elcardinal.com\/wp-content\/uploads\/2025\/05\/cropped-TONO-96x96.jpg","caption":"Antonio Alcaraz"},"url":"https:\/\/elcardinal.com\/?author=2"}]}},"_links":{"self":[{"href":"https:\/\/elcardinal.com\/index.php?rest_route=\/wp\/v2\/posts\/5027","targetHints":{"allow":["GET"]}}],"collection":[{"href":"https:\/\/elcardinal.com\/index.php?rest_route=\/wp\/v2\/posts"}],"about":[{"href":"https:\/\/elcardinal.com\/index.php?rest_route=\/wp\/v2\/types\/post"}],"author":[{"embeddable":true,"href":"https:\/\/elcardinal.com\/index.php?rest_route=\/wp\/v2\/users\/2"}],"replies":[{"embeddable":true,"href":"https:\/\/elcardinal.com\/index.php?rest_route=%2Fwp%2Fv2%2Fcomments&post=5027"}],"version-history":[{"count":1,"href":"https:\/\/elcardinal.com\/index.php?rest_route=\/wp\/v2\/posts\/5027\/revisions"}],"predecessor-version":[{"id":5029,"href":"https:\/\/elcardinal.com\/index.php?rest_route=\/wp\/v2\/posts\/5027\/revisions\/5029"}],"wp:featuredmedia":[{"embeddable":true,"href":"https:\/\/elcardinal.com\/index.php?rest_route=\/wp\/v2\/media\/5028"}],"wp:attachment":[{"href":"https:\/\/elcardinal.com\/index.php?rest_route=%2Fwp%2Fv2%2Fmedia&parent=5027"}],"wp:term":[{"taxonomy":"category","embeddable":true,"href":"https:\/\/elcardinal.com\/index.php?rest_route=%2Fwp%2Fv2%2Fcategories&post=5027"},{"taxonomy":"post_tag","embeddable":true,"href":"https:\/\/elcardinal.com\/index.php?rest_route=%2Fwp%2Fv2%2Ftags&post=5027"}],"curies":[{"name":"wp","href":"https:\/\/api.w.org\/{rel}","templated":true}]}}