{"id":5045,"date":"2025-09-10T01:04:02","date_gmt":"2025-09-10T07:04:02","guid":{"rendered":"https:\/\/elcardinal.com\/?p=5045"},"modified":"2025-09-10T01:04:02","modified_gmt":"2025-09-10T07:04:02","slug":"arena-aficion","status":"publish","type":"post","link":"https:\/\/elcardinal.com\/?p=5045","title":{"rendered":"Arena Afici\u00f3n"},"content":{"rendered":"<p>Por: <strong>Aramis Lim\u00f3n Vel\u00e1zquez\u00a0<\/strong><\/p>\n<p>Decidir entre no cenar y lanzarme al centro de <strong>Pachuca<\/strong>, y por pura casualidad \u2014al cumplea\u00f1os de un amigo\u2014 termin\u00e9 en la <strong>Arena Afici\u00f3n<\/strong>, buscando no tanto comida, sino un respiro. Algo que tragar.<\/p>\n<blockquote><p>Y ah\u00ed estaba: un martes cualquiera a las ocho de la noche, con la lluvia todav\u00eda cayendo y la gente empapada aferr\u00e1ndose a entrar al recinto. \u00bfLa raz\u00f3n? Una funci\u00f3n que ya parec\u00eda hist\u00f3rica, al menos para Pachuca: luchadores que estaban a punto de despedirse de M\u00e9xico para irse a la WWE. En la cartelera brillaban nombres que ya son casi leyenda: <strong>Mr. Iguana, El Hijo de Dr. Wagner, Ni\u00f1o Hamburguesa y Psycho Clown.<\/strong><\/p><\/blockquote>\n<p>Lo primero que sorprende en la<strong> Arena Afici\u00f3n<\/strong> no es el ring ni las luces ni las butacas (muy dif\u00edcilmente te van a sorprender), sino el p\u00fablico. La energ\u00eda no se queda en las butacas, se desborda. Gritan, insultan, se meten en el rol como si tambi\u00e9n cobraran por actuar. <strong><em>Una familia entera pintada como Mr. Iguana consigui\u00f3 la foto so\u00f1ada<\/em><\/strong>, mientras los ni\u00f1os imitaban movimientos en el ring vac\u00edo antes de cada pelea. Era martes, s\u00ed, y hab\u00eda escuela al d\u00eda siguiente, s\u00ed, pero el entusiasmo que sent\u00eda no entend\u00eda de horarios.<\/p>\n<p>El momento m\u00e1s simb\u00f3lico lleg\u00f3 cuando al final, <strong>El Hijo de Dr. Wagner y Psycho Clown<\/strong> llevaron la pelea fuera del ring. El primero, como buen villano, romp\u00eda carteles,<strong><em> aventaba refrescos y se mentaba la madr<\/em><\/strong>e con cualquiera que estuviera cerca. El segundo, como el \u201ch\u00e9roe\u201d, intentaba calmar el caos regalando playeras, haciendo payasadas y sonrisas forzadas. Todo estaba coreografiado y, al mismo tiempo, era aut\u00e9ntico: la despedida de dos \u00eddolos que sab\u00edan que esa noche hab\u00eda que darlo todo.<\/p>\n<blockquote><p>Pero la joya fue Mr. Iguana. <strong>Un luchador muy corporal, casi un acto art\u00edstico<\/strong>. Con contrato firmado rumbo a WWE, podr\u00eda haberse sentido intocable. Pero no: cuando la gente lanz\u00f3 monedas al ring \u2014una tradici\u00f3n reservada para los que empiezan o los que tal vez nunca llegar\u00e1n\u2014 \u00e9l las recogi\u00f3, fingi\u00f3 que una le pegaba en la cabeza y agradeci\u00f3 con humor humilde. El gesto no era chiste, era declaraci\u00f3n: <em>recordar de d\u00f3nde viene, aunque el destino apunte, yo que se, a Las Vegas<\/em>.<\/p><\/blockquote>\n<p>No fueron menos los amateurs o las luchas iniciales: cada lucha fue divertida, con esfuerzo real. <strong>El Peque\u00f1o Gok\u00fa<\/strong>, con todo y parodia, el <strong>Hachita de Guerra<\/strong>, el <strong>Jaguar Azteca<\/strong>, un wey que se llamaba Capibara, todos ellos solo eran carcajadas y aplausos, al menos con los amigos con los que iba. <strong><em>La Arena Afici\u00f3n se sinti\u00f3 viva otra vez, despu\u00e9s de a\u00f1os de estar apagada.<\/em><\/strong><\/p>\n<p>Y si, la <strong>lucha libre mexicana<\/strong> est\u00e1 regresando. Ll\u00e1menle moda si quieren, pero no es poca cosa que <strong>una tradici\u00f3n tan arraigada vuelva a juntar familias enteras, ni\u00f1os disfrazados y adultos que por tres horas se permiten gritar<\/strong> lo que callan constantemente. La lucha libre es, al final, una forma de visibilizar el M\u00e9xico que somos: ca\u00f3tico, teatral, sarc\u00e1stico, con h\u00e9roes, villanos y un p\u00fablico que siempre participa. Y bueno se me antojaron uno tacos, pero ya era tarde y ten\u00eda sue\u00f1o. Hab\u00eda tragado cultura.<\/p>\n","protected":false},"excerpt":{"rendered":"<p>Por: Aramis Lim\u00f3n Vel\u00e1zquez\u00a0 Decidir entre no cenar y lanzarme al centro de Pachuca, y por pura casualidad \u2014al cumplea\u00f1os de un amigo\u2014 termin\u00e9 en la Arena Afici\u00f3n, buscando no tanto comida, sino un respiro. Algo que tragar. Y ah\u00ed estaba: un martes cualquiera a las ocho de la noche, con la lluvia todav\u00eda cayendo<\/p>\n","protected":false},"author":3,"featured_media":5047,"comment_status":"open","ping_status":"open","sticky":false,"template":"","format":"standard","meta":{"footnotes":""},"categories":[44,35],"tags":[287,288,289],"class_list":{"0":"post-5045","1":"post","2":"type-post","3":"status-publish","4":"format-standard","5":"has-post-thumbnail","7":"category-minuto-a-minuto","8":"category-opinion","9":"tag-aramis-limon-velazquez","10":"tag-arena-aficion","11":"tag-buscando-que-tragar"},"yoast_head":"<!-- This site is optimized with the Yoast SEO plugin v26.1.1 - https:\/\/yoast.com\/wordpress\/plugins\/seo\/ -->\n<title>Arena Afici\u00f3n - El Cardinal<\/title>\n<meta name=\"robots\" content=\"index, follow, max-snippet:-1, max-image-preview:large, max-video-preview:-1\" \/>\n<link rel=\"canonical\" href=\"https:\/\/elcardinal.com\/?p=5045\" \/>\n<meta property=\"og:locale\" content=\"es_MX\" \/>\n<meta property=\"og:type\" content=\"article\" \/>\n<meta property=\"og:title\" content=\"Arena Afici\u00f3n - El Cardinal\" \/>\n<meta property=\"og:description\" content=\"Por: Aramis Lim\u00f3n Vel\u00e1zquez\u00a0 Decidir entre no cenar y lanzarme al centro de Pachuca, y por pura casualidad \u2014al cumplea\u00f1os de un amigo\u2014 termin\u00e9 en la Arena Afici\u00f3n, buscando no tanto comida, sino un respiro. Algo que tragar. Y ah\u00ed estaba: un martes cualquiera a las ocho de la noche, con la lluvia todav\u00eda cayendo\" \/>\n<meta property=\"og:url\" content=\"https:\/\/elcardinal.com\/?p=5045\" \/>\n<meta property=\"og:site_name\" content=\"El Cardinal\" \/>\n<meta property=\"article:publisher\" content=\"https:\/\/www.facebook.com\/profile.php?id=100063093107011\" \/>\n<meta property=\"article:published_time\" content=\"2025-09-10T07:04:02+00:00\" \/>\n<meta property=\"og:image\" content=\"https:\/\/elcardinal.com\/wp-content\/uploads\/2025\/09\/Semillas-Esterales-4.png\" \/>\n\t<meta property=\"og:image:width\" content=\"940\" \/>\n\t<meta property=\"og:image:height\" content=\"788\" \/>\n\t<meta property=\"og:image:type\" content=\"image\/png\" \/>\n<meta name=\"author\" content=\"El Cardinalito\" \/>\n<meta name=\"twitter:card\" content=\"summary_large_image\" \/>\n<meta name=\"twitter:creator\" content=\"@ElCardinal_Mx\" \/>\n<meta name=\"twitter:site\" content=\"@ElCardinal_Mx\" \/>\n<meta name=\"twitter:label1\" content=\"Escrito por\" \/>\n\t<meta name=\"twitter:data1\" content=\"El Cardinalito\" \/>\n\t<meta name=\"twitter:label2\" content=\"Tiempo de lectura\" \/>\n\t<meta name=\"twitter:data2\" content=\"2 minutos\" \/>\n<script type=\"application\/ld+json\" class=\"yoast-schema-graph\">{\"@context\":\"https:\/\/schema.org\",\"@graph\":[{\"@type\":\"Article\",\"@id\":\"https:\/\/elcardinal.com\/?p=5045#article\",\"isPartOf\":{\"@id\":\"https:\/\/elcardinal.com\/?p=5045\"},\"author\":{\"name\":\"El Cardinalito\",\"@id\":\"https:\/\/elcardinal.com\/#\/schema\/person\/6436f93546e5b85ff767c03a962fddeb\"},\"headline\":\"Arena Afici\u00f3n\",\"datePublished\":\"2025-09-10T07:04:02+00:00\",\"mainEntityOfPage\":{\"@id\":\"https:\/\/elcardinal.com\/?p=5045\"},\"wordCount\":576,\"commentCount\":0,\"publisher\":{\"@id\":\"https:\/\/elcardinal.com\/#organization\"},\"image\":{\"@id\":\"https:\/\/elcardinal.com\/?p=5045#primaryimage\"},\"thumbnailUrl\":\"https:\/\/elcardinal.com\/wp-content\/uploads\/2025\/09\/Semillas-Esterales-4.png\",\"keywords\":[\"Aramis Lim\u00f3n Vel\u00e1zquez\",\"Arena Afici\u00f3n\",\"Buscando qu\u00e9 tragar\"],\"articleSection\":[\"Minuto a Minuto\",\"Opini\u00f3n\"],\"inLanguage\":\"es\",\"potentialAction\":[{\"@type\":\"CommentAction\",\"name\":\"Comment\",\"target\":[\"https:\/\/elcardinal.com\/?p=5045#respond\"]}]},{\"@type\":\"WebPage\",\"@id\":\"https:\/\/elcardinal.com\/?p=5045\",\"url\":\"https:\/\/elcardinal.com\/?p=5045\",\"name\":\"Arena Afici\u00f3n - El Cardinal\",\"isPartOf\":{\"@id\":\"https:\/\/elcardinal.com\/#website\"},\"primaryImageOfPage\":{\"@id\":\"https:\/\/elcardinal.com\/?p=5045#primaryimage\"},\"image\":{\"@id\":\"https:\/\/elcardinal.com\/?p=5045#primaryimage\"},\"thumbnailUrl\":\"https:\/\/elcardinal.com\/wp-content\/uploads\/2025\/09\/Semillas-Esterales-4.png\",\"datePublished\":\"2025-09-10T07:04:02+00:00\",\"breadcrumb\":{\"@id\":\"https:\/\/elcardinal.com\/?p=5045#breadcrumb\"},\"inLanguage\":\"es\",\"potentialAction\":[{\"@type\":\"ReadAction\",\"target\":[\"https:\/\/elcardinal.com\/?p=5045\"]}]},{\"@type\":\"ImageObject\",\"inLanguage\":\"es\",\"@id\":\"https:\/\/elcardinal.com\/?p=5045#primaryimage\",\"url\":\"https:\/\/elcardinal.com\/wp-content\/uploads\/2025\/09\/Semillas-Esterales-4.png\",\"contentUrl\":\"https:\/\/elcardinal.com\/wp-content\/uploads\/2025\/09\/Semillas-Esterales-4.png\",\"width\":940,\"height\":788},{\"@type\":\"BreadcrumbList\",\"@id\":\"https:\/\/elcardinal.com\/?p=5045#breadcrumb\",\"itemListElement\":[{\"@type\":\"ListItem\",\"position\":1,\"name\":\"Inicio\",\"item\":\"https:\/\/elcardinal.com\/\"},{\"@type\":\"ListItem\",\"position\":2,\"name\":\"Arena Afici\u00f3n\"}]},{\"@type\":\"WebSite\",\"@id\":\"https:\/\/elcardinal.com\/#website\",\"url\":\"https:\/\/elcardinal.com\/\",\"name\":\"El Cardinal\",\"description\":\"Periodismo honesto, con valor, sentido humano, a veces sarc\u00e1stico y divertido.\",\"publisher\":{\"@id\":\"https:\/\/elcardinal.com\/#organization\"},\"alternateName\":\"El Cardinal Noticias\",\"potentialAction\":[{\"@type\":\"SearchAction\",\"target\":{\"@type\":\"EntryPoint\",\"urlTemplate\":\"https:\/\/elcardinal.com\/?s={search_term_string}\"},\"query-input\":{\"@type\":\"PropertyValueSpecification\",\"valueRequired\":true,\"valueName\":\"search_term_string\"}}],\"inLanguage\":\"es\"},{\"@type\":\"Organization\",\"@id\":\"https:\/\/elcardinal.com\/#organization\",\"name\":\"El Cardinal\",\"url\":\"https:\/\/elcardinal.com\/\",\"logo\":{\"@type\":\"ImageObject\",\"inLanguage\":\"es\",\"@id\":\"https:\/\/elcardinal.com\/#\/schema\/logo\/image\/\",\"url\":\"https:\/\/elcardinal.com\/wp-content\/uploads\/2025\/04\/LOGO-EL-CARDINAL-Periodismo-con-valor.png\",\"contentUrl\":\"https:\/\/elcardinal.com\/wp-content\/uploads\/2025\/04\/LOGO-EL-CARDINAL-Periodismo-con-valor.png\",\"width\":755,\"height\":636,\"caption\":\"El Cardinal\"},\"image\":{\"@id\":\"https:\/\/elcardinal.com\/#\/schema\/logo\/image\/\"},\"sameAs\":[\"https:\/\/www.facebook.com\/profile.php?id=100063093107011\",\"https:\/\/x.com\/ElCardinal_Mx\"]},{\"@type\":\"Person\",\"@id\":\"https:\/\/elcardinal.com\/#\/schema\/person\/6436f93546e5b85ff767c03a962fddeb\",\"name\":\"El Cardinalito\",\"image\":{\"@type\":\"ImageObject\",\"inLanguage\":\"es\",\"@id\":\"https:\/\/elcardinal.com\/#\/schema\/person\/image\/\",\"url\":\"https:\/\/elcardinal.com\/wp-content\/uploads\/2025\/04\/cropped-CARDINALITO-96x96.png\",\"contentUrl\":\"https:\/\/elcardinal.com\/wp-content\/uploads\/2025\/04\/cropped-CARDINALITO-96x96.png\",\"caption\":\"El Cardinalito\"},\"url\":\"https:\/\/elcardinal.com\/?author=3\"}]}<\/script>\n<!-- \/ Yoast SEO plugin. -->","yoast_head_json":{"title":"Arena Afici\u00f3n - El Cardinal","robots":{"index":"index","follow":"follow","max-snippet":"max-snippet:-1","max-image-preview":"max-image-preview:large","max-video-preview":"max-video-preview:-1"},"canonical":"https:\/\/elcardinal.com\/?p=5045","og_locale":"es_MX","og_type":"article","og_title":"Arena Afici\u00f3n - El Cardinal","og_description":"Por: Aramis Lim\u00f3n Vel\u00e1zquez\u00a0 Decidir entre no cenar y lanzarme al centro de Pachuca, y por pura casualidad \u2014al cumplea\u00f1os de un amigo\u2014 termin\u00e9 en la Arena Afici\u00f3n, buscando no tanto comida, sino un respiro. Algo que tragar. Y ah\u00ed estaba: un martes cualquiera a las ocho de la noche, con la lluvia todav\u00eda cayendo","og_url":"https:\/\/elcardinal.com\/?p=5045","og_site_name":"El Cardinal","article_publisher":"https:\/\/www.facebook.com\/profile.php?id=100063093107011","article_published_time":"2025-09-10T07:04:02+00:00","og_image":[{"width":940,"height":788,"url":"https:\/\/elcardinal.com\/wp-content\/uploads\/2025\/09\/Semillas-Esterales-4.png","type":"image\/png"}],"author":"El Cardinalito","twitter_card":"summary_large_image","twitter_creator":"@ElCardinal_Mx","twitter_site":"@ElCardinal_Mx","twitter_misc":{"Escrito por":"El Cardinalito","Tiempo de lectura":"2 minutos"},"schema":{"@context":"https:\/\/schema.org","@graph":[{"@type":"Article","@id":"https:\/\/elcardinal.com\/?p=5045#article","isPartOf":{"@id":"https:\/\/elcardinal.com\/?p=5045"},"author":{"name":"El Cardinalito","@id":"https:\/\/elcardinal.com\/#\/schema\/person\/6436f93546e5b85ff767c03a962fddeb"},"headline":"Arena Afici\u00f3n","datePublished":"2025-09-10T07:04:02+00:00","mainEntityOfPage":{"@id":"https:\/\/elcardinal.com\/?p=5045"},"wordCount":576,"commentCount":0,"publisher":{"@id":"https:\/\/elcardinal.com\/#organization"},"image":{"@id":"https:\/\/elcardinal.com\/?p=5045#primaryimage"},"thumbnailUrl":"https:\/\/elcardinal.com\/wp-content\/uploads\/2025\/09\/Semillas-Esterales-4.png","keywords":["Aramis Lim\u00f3n Vel\u00e1zquez","Arena Afici\u00f3n","Buscando qu\u00e9 tragar"],"articleSection":["Minuto a Minuto","Opini\u00f3n"],"inLanguage":"es","potentialAction":[{"@type":"CommentAction","name":"Comment","target":["https:\/\/elcardinal.com\/?p=5045#respond"]}]},{"@type":"WebPage","@id":"https:\/\/elcardinal.com\/?p=5045","url":"https:\/\/elcardinal.com\/?p=5045","name":"Arena Afici\u00f3n - El Cardinal","isPartOf":{"@id":"https:\/\/elcardinal.com\/#website"},"primaryImageOfPage":{"@id":"https:\/\/elcardinal.com\/?p=5045#primaryimage"},"image":{"@id":"https:\/\/elcardinal.com\/?p=5045#primaryimage"},"thumbnailUrl":"https:\/\/elcardinal.com\/wp-content\/uploads\/2025\/09\/Semillas-Esterales-4.png","datePublished":"2025-09-10T07:04:02+00:00","breadcrumb":{"@id":"https:\/\/elcardinal.com\/?p=5045#breadcrumb"},"inLanguage":"es","potentialAction":[{"@type":"ReadAction","target":["https:\/\/elcardinal.com\/?p=5045"]}]},{"@type":"ImageObject","inLanguage":"es","@id":"https:\/\/elcardinal.com\/?p=5045#primaryimage","url":"https:\/\/elcardinal.com\/wp-content\/uploads\/2025\/09\/Semillas-Esterales-4.png","contentUrl":"https:\/\/elcardinal.com\/wp-content\/uploads\/2025\/09\/Semillas-Esterales-4.png","width":940,"height":788},{"@type":"BreadcrumbList","@id":"https:\/\/elcardinal.com\/?p=5045#breadcrumb","itemListElement":[{"@type":"ListItem","position":1,"name":"Inicio","item":"https:\/\/elcardinal.com\/"},{"@type":"ListItem","position":2,"name":"Arena Afici\u00f3n"}]},{"@type":"WebSite","@id":"https:\/\/elcardinal.com\/#website","url":"https:\/\/elcardinal.com\/","name":"El Cardinal","description":"Periodismo honesto, con valor, sentido humano, a veces sarc\u00e1stico y divertido.","publisher":{"@id":"https:\/\/elcardinal.com\/#organization"},"alternateName":"El Cardinal Noticias","potentialAction":[{"@type":"SearchAction","target":{"@type":"EntryPoint","urlTemplate":"https:\/\/elcardinal.com\/?s={search_term_string}"},"query-input":{"@type":"PropertyValueSpecification","valueRequired":true,"valueName":"search_term_string"}}],"inLanguage":"es"},{"@type":"Organization","@id":"https:\/\/elcardinal.com\/#organization","name":"El Cardinal","url":"https:\/\/elcardinal.com\/","logo":{"@type":"ImageObject","inLanguage":"es","@id":"https:\/\/elcardinal.com\/#\/schema\/logo\/image\/","url":"https:\/\/elcardinal.com\/wp-content\/uploads\/2025\/04\/LOGO-EL-CARDINAL-Periodismo-con-valor.png","contentUrl":"https:\/\/elcardinal.com\/wp-content\/uploads\/2025\/04\/LOGO-EL-CARDINAL-Periodismo-con-valor.png","width":755,"height":636,"caption":"El Cardinal"},"image":{"@id":"https:\/\/elcardinal.com\/#\/schema\/logo\/image\/"},"sameAs":["https:\/\/www.facebook.com\/profile.php?id=100063093107011","https:\/\/x.com\/ElCardinal_Mx"]},{"@type":"Person","@id":"https:\/\/elcardinal.com\/#\/schema\/person\/6436f93546e5b85ff767c03a962fddeb","name":"El Cardinalito","image":{"@type":"ImageObject","inLanguage":"es","@id":"https:\/\/elcardinal.com\/#\/schema\/person\/image\/","url":"https:\/\/elcardinal.com\/wp-content\/uploads\/2025\/04\/cropped-CARDINALITO-96x96.png","contentUrl":"https:\/\/elcardinal.com\/wp-content\/uploads\/2025\/04\/cropped-CARDINALITO-96x96.png","caption":"El Cardinalito"},"url":"https:\/\/elcardinal.com\/?author=3"}]}},"_links":{"self":[{"href":"https:\/\/elcardinal.com\/index.php?rest_route=\/wp\/v2\/posts\/5045","targetHints":{"allow":["GET"]}}],"collection":[{"href":"https:\/\/elcardinal.com\/index.php?rest_route=\/wp\/v2\/posts"}],"about":[{"href":"https:\/\/elcardinal.com\/index.php?rest_route=\/wp\/v2\/types\/post"}],"author":[{"embeddable":true,"href":"https:\/\/elcardinal.com\/index.php?rest_route=\/wp\/v2\/users\/3"}],"replies":[{"embeddable":true,"href":"https:\/\/elcardinal.com\/index.php?rest_route=%2Fwp%2Fv2%2Fcomments&post=5045"}],"version-history":[{"count":1,"href":"https:\/\/elcardinal.com\/index.php?rest_route=\/wp\/v2\/posts\/5045\/revisions"}],"predecessor-version":[{"id":5048,"href":"https:\/\/elcardinal.com\/index.php?rest_route=\/wp\/v2\/posts\/5045\/revisions\/5048"}],"wp:featuredmedia":[{"embeddable":true,"href":"https:\/\/elcardinal.com\/index.php?rest_route=\/wp\/v2\/media\/5047"}],"wp:attachment":[{"href":"https:\/\/elcardinal.com\/index.php?rest_route=%2Fwp%2Fv2%2Fmedia&parent=5045"}],"wp:term":[{"taxonomy":"category","embeddable":true,"href":"https:\/\/elcardinal.com\/index.php?rest_route=%2Fwp%2Fv2%2Fcategories&post=5045"},{"taxonomy":"post_tag","embeddable":true,"href":"https:\/\/elcardinal.com\/index.php?rest_route=%2Fwp%2Fv2%2Ftags&post=5045"}],"curies":[{"name":"wp","href":"https:\/\/api.w.org\/{rel}","templated":true}]}}