{"id":5049,"date":"2025-09-10T08:27:17","date_gmt":"2025-09-10T14:27:17","guid":{"rendered":"https:\/\/elcardinal.com\/?p=5049"},"modified":"2025-09-11T10:16:47","modified_gmt":"2025-09-11T16:16:47","slug":"crees-en-dios-creo-en-mi","status":"publish","type":"post","link":"https:\/\/elcardinal.com\/?p=5049","title":{"rendered":"\u00bfCrees en Dios? \u2013 Creo en m\u00ed"},"content":{"rendered":"<p><strong>Por: Jos\u00e9 Antonio Alcaraz Su\u00e1rez<\/strong><\/p>\n<p>Hace unos d\u00edas, unos buenos amigos <strong>me preguntaron si creo en Dios<\/strong>. La respuesta brot\u00f3 profunda, sincera y pausada: Creo en m\u00ed.<\/p>\n<blockquote><p>En medio del ruido exterior, el refugio verdadero est\u00e1 en el interior. Respira, medita, <strong>sum\u00e9rgete en tu silencio<\/strong>, esa es la llave, la puerta y la br\u00fajula. <em>El silencio interior no es s\u00f3lo calma<\/em>: es supervivencia, es verdad, es conexi\u00f3n con lo eterno.<\/p><\/blockquote>\n<p>Desde hace a\u00f1os, en este sendero que llamo <strong>\u201cEl Despertar de la Noche del Alma\u201d,<\/strong> con una lucidez intermitente y una sensibilidad cada vez m\u00e1s aguda hacia lo invisible, comenc\u00e9 a resonar con otros esp\u00edritus que, como yo, intu\u00edan que la realidad es apenas un velo y que m\u00e1s all\u00e1 palpita un universo distinto, vasto y sutil.<\/p>\n<p>En esa traves\u00eda desaprend\u00ed mucho de lo que consideraba cierto. Tambi\u00e9n<strong> abrac\u00e9 nuevas ense\u00f1anzas, religiones y filosof\u00edas que sirvieron de sost\u00e9n a mi ser terrenal<\/strong>. Sin embargo, lo m\u00e1s revelador fue escuchar dentro de m\u00ed una voz que rebasa lo antiguo, una sabidur\u00eda que no proven\u00eda de libros ni de maestros, sino de mi propio Esp\u00edritu.<\/p>\n<p>Durante un tiempo <strong>me cuestion\u00e9 de d\u00f3nde surg\u00eda<\/strong>. Era curioso: mientras corr\u00eda al amanecer, tomaba un ba\u00f1o o incluso al entrevistar a un funcionario, esa conciencia emerg\u00eda como un susurro suave pero contundente. A eso lo llam\u00e9 entendimiento: la certeza de que, de alg\u00fan modo, ya lo sab\u00eda.<\/p>\n<p>Hoy s\u00e9 que esa <strong>sabidur\u00eda emana de mi Esp\u00edritu<\/strong>, una escencia que va m\u00e1s all\u00e1 de la concepci\u00f3n de un Dios,\u00a0 oculta tras la ilusi\u00f3n de esta matrix llamada realidad. Se manifiesta cuando la mente se aquieta, cuando me entrego a la fuente sagrada del silencio interior.<\/p>\n<p>Ese silencio no es vac\u00edo: es un portal. All\u00ed se revelan respuestas que nadie m\u00e1s puede ofrecer. Yo puedo compartir mi verdad y mi discernimiento, pero cada persona debe recorrer su propio laberinto y hallar el hilo dorado que conduce al centro. <strong><em>No hay sustituto para el silencio interior,<\/em><\/strong> pues su prop\u00f3sito es reconectarnos con nuestra esencia inmortal.<\/p>\n<p><strong>EL SER QUE DESPIERTA NO CONCUERDA NI CON BUDA<\/strong><\/p>\n<p>Maestros, gur\u00fas, templos y escrituras pueden ser faros, pero nunca la meta. Una frase retumb\u00f3 en m\u00ed como un trueno:<\/p>\n<blockquote><p>\u201cSin templos ni iglesias, ni gur\u00fas ni maestros, ve dentro, ah\u00ed donde tu coraz\u00f3n vibra y toca tu universo\u2026 DESC\u00daBRETE, SIN INTERMEDIARIOS.\u201d<\/p><\/blockquote>\n<p>Ni <strong>Jes\u00fas, ni Buda, ni Mahoma, ni Lao Tse<\/strong> quisieron ser adorados como dioses. Su legado fue abrir senderos, romper dogmas y recordarnos que somos conciencia reencontr\u00e1ndose con su origen. No somos l\u00e1mparas esperando ser encendidas: somos luz en esencia.<\/p>\n<p>Hoy, en medio del \u201cholodrama\u201d de un mundo convulso, saturado de distracciones y sombras que buscan drenar nuestra energ\u00eda: <strong>DESPIERTAS<\/strong>. Cada vez m\u00e1s esp\u00edritus rompen las cadenas invisibles a los ojos f\u00edsicos, ese despertar es incontenible.<\/p>\n<p><strong>GRACIAS<\/strong><\/p>\n<p>&nbsp;<\/p>\n","protected":false},"excerpt":{"rendered":"<p>Por: Jos\u00e9 Antonio Alcaraz Su\u00e1rez Hace unos d\u00edas, unos buenos amigos me preguntaron si creo en Dios. La respuesta brot\u00f3 profunda, sincera y pausada: Creo en m\u00ed. En medio del ruido exterior, el refugio verdadero est\u00e1 en el interior. Respira, medita, sum\u00e9rgete en tu silencio, esa es la llave, la puerta y la br\u00fajula. El<\/p>\n","protected":false},"author":2,"featured_media":4879,"comment_status":"open","ping_status":"open","sticky":false,"template":"","format":"standard","meta":{"footnotes":""},"categories":[44,35],"tags":[290,81,232],"class_list":{"0":"post-5049","1":"post","2":"type-post","3":"status-publish","4":"format-standard","5":"has-post-thumbnail","7":"category-minuto-a-minuto","8":"category-opinion","9":"tag-dios","10":"tag-jose-antonio-alcaraz-suarez","11":"tag-semillas-estelares"},"yoast_head":"<!-- This site is optimized with the Yoast SEO plugin v26.1.1 - https:\/\/yoast.com\/wordpress\/plugins\/seo\/ -->\n<title>\u00bfCrees en Dios? \u2013 Creo en m\u00ed - El Cardinal<\/title>\n<meta name=\"robots\" content=\"index, follow, max-snippet:-1, max-image-preview:large, max-video-preview:-1\" \/>\n<link rel=\"canonical\" href=\"https:\/\/elcardinal.com\/?p=5049\" \/>\n<meta property=\"og:locale\" content=\"es_MX\" \/>\n<meta property=\"og:type\" content=\"article\" \/>\n<meta property=\"og:title\" content=\"\u00bfCrees en Dios? \u2013 Creo en m\u00ed - El Cardinal\" \/>\n<meta property=\"og:description\" content=\"Por: Jos\u00e9 Antonio Alcaraz Su\u00e1rez Hace unos d\u00edas, unos buenos amigos me preguntaron si creo en Dios. La respuesta brot\u00f3 profunda, sincera y pausada: Creo en m\u00ed. En medio del ruido exterior, el refugio verdadero est\u00e1 en el interior. Respira, medita, sum\u00e9rgete en tu silencio, esa es la llave, la puerta y la br\u00fajula. El\" \/>\n<meta property=\"og:url\" content=\"https:\/\/elcardinal.com\/?p=5049\" \/>\n<meta property=\"og:site_name\" content=\"El Cardinal\" \/>\n<meta property=\"article:publisher\" content=\"https:\/\/www.facebook.com\/profile.php?id=100063093107011\" \/>\n<meta property=\"article:published_time\" content=\"2025-09-10T14:27:17+00:00\" \/>\n<meta property=\"article:modified_time\" content=\"2025-09-11T16:16:47+00:00\" \/>\n<meta property=\"og:image\" content=\"https:\/\/elcardinal.com\/wp-content\/uploads\/2025\/07\/490660254_996134765832951_4491792580100797416_n.jpg\" \/>\n\t<meta property=\"og:image:width\" content=\"940\" \/>\n\t<meta property=\"og:image:height\" content=\"788\" \/>\n\t<meta property=\"og:image:type\" content=\"image\/jpeg\" \/>\n<meta name=\"author\" content=\"Antonio Alcaraz\" \/>\n<meta name=\"twitter:card\" content=\"summary_large_image\" \/>\n<meta name=\"twitter:creator\" content=\"@ElCardinal_Mx\" \/>\n<meta name=\"twitter:site\" content=\"@ElCardinal_Mx\" \/>\n<meta name=\"twitter:label1\" content=\"Escrito por\" \/>\n\t<meta name=\"twitter:data1\" content=\"Antonio Alcaraz\" \/>\n\t<meta name=\"twitter:label2\" content=\"Tiempo de lectura\" \/>\n\t<meta name=\"twitter:data2\" content=\"3 minutos\" \/>\n<script type=\"application\/ld+json\" class=\"yoast-schema-graph\">{\"@context\":\"https:\/\/schema.org\",\"@graph\":[{\"@type\":\"Article\",\"@id\":\"https:\/\/elcardinal.com\/?p=5049#article\",\"isPartOf\":{\"@id\":\"https:\/\/elcardinal.com\/?p=5049\"},\"author\":{\"name\":\"Antonio Alcaraz\",\"@id\":\"https:\/\/elcardinal.com\/#\/schema\/person\/3c352ec0a33987fe275c0e8a2ea69f8b\"},\"headline\":\"\u00bfCrees en Dios? \u2013 Creo en m\u00ed\",\"datePublished\":\"2025-09-10T14:27:17+00:00\",\"dateModified\":\"2025-09-11T16:16:47+00:00\",\"mainEntityOfPage\":{\"@id\":\"https:\/\/elcardinal.com\/?p=5049\"},\"wordCount\":517,\"commentCount\":0,\"publisher\":{\"@id\":\"https:\/\/elcardinal.com\/#organization\"},\"image\":{\"@id\":\"https:\/\/elcardinal.com\/?p=5049#primaryimage\"},\"thumbnailUrl\":\"https:\/\/elcardinal.com\/wp-content\/uploads\/2025\/07\/490660254_996134765832951_4491792580100797416_n.jpg\",\"keywords\":[\"Dios\",\"Jos\u00e9 Antonio Alcaraz Su\u00e1rez\",\"Semillas Estelares\"],\"articleSection\":[\"Minuto a Minuto\",\"Opini\u00f3n\"],\"inLanguage\":\"es\",\"potentialAction\":[{\"@type\":\"CommentAction\",\"name\":\"Comment\",\"target\":[\"https:\/\/elcardinal.com\/?p=5049#respond\"]}]},{\"@type\":\"WebPage\",\"@id\":\"https:\/\/elcardinal.com\/?p=5049\",\"url\":\"https:\/\/elcardinal.com\/?p=5049\",\"name\":\"\u00bfCrees en Dios? \u2013 Creo en m\u00ed - El Cardinal\",\"isPartOf\":{\"@id\":\"https:\/\/elcardinal.com\/#website\"},\"primaryImageOfPage\":{\"@id\":\"https:\/\/elcardinal.com\/?p=5049#primaryimage\"},\"image\":{\"@id\":\"https:\/\/elcardinal.com\/?p=5049#primaryimage\"},\"thumbnailUrl\":\"https:\/\/elcardinal.com\/wp-content\/uploads\/2025\/07\/490660254_996134765832951_4491792580100797416_n.jpg\",\"datePublished\":\"2025-09-10T14:27:17+00:00\",\"dateModified\":\"2025-09-11T16:16:47+00:00\",\"breadcrumb\":{\"@id\":\"https:\/\/elcardinal.com\/?p=5049#breadcrumb\"},\"inLanguage\":\"es\",\"potentialAction\":[{\"@type\":\"ReadAction\",\"target\":[\"https:\/\/elcardinal.com\/?p=5049\"]}]},{\"@type\":\"ImageObject\",\"inLanguage\":\"es\",\"@id\":\"https:\/\/elcardinal.com\/?p=5049#primaryimage\",\"url\":\"https:\/\/elcardinal.com\/wp-content\/uploads\/2025\/07\/490660254_996134765832951_4491792580100797416_n.jpg\",\"contentUrl\":\"https:\/\/elcardinal.com\/wp-content\/uploads\/2025\/07\/490660254_996134765832951_4491792580100797416_n.jpg\",\"width\":940,\"height\":788},{\"@type\":\"BreadcrumbList\",\"@id\":\"https:\/\/elcardinal.com\/?p=5049#breadcrumb\",\"itemListElement\":[{\"@type\":\"ListItem\",\"position\":1,\"name\":\"Inicio\",\"item\":\"https:\/\/elcardinal.com\/\"},{\"@type\":\"ListItem\",\"position\":2,\"name\":\"\u00bfCrees en Dios? \u2013 Creo en m\u00ed\"}]},{\"@type\":\"WebSite\",\"@id\":\"https:\/\/elcardinal.com\/#website\",\"url\":\"https:\/\/elcardinal.com\/\",\"name\":\"El Cardinal\",\"description\":\"Periodismo honesto, con valor, sentido humano, a veces sarc\u00e1stico y divertido.\",\"publisher\":{\"@id\":\"https:\/\/elcardinal.com\/#organization\"},\"alternateName\":\"El Cardinal Noticias\",\"potentialAction\":[{\"@type\":\"SearchAction\",\"target\":{\"@type\":\"EntryPoint\",\"urlTemplate\":\"https:\/\/elcardinal.com\/?s={search_term_string}\"},\"query-input\":{\"@type\":\"PropertyValueSpecification\",\"valueRequired\":true,\"valueName\":\"search_term_string\"}}],\"inLanguage\":\"es\"},{\"@type\":\"Organization\",\"@id\":\"https:\/\/elcardinal.com\/#organization\",\"name\":\"El Cardinal\",\"url\":\"https:\/\/elcardinal.com\/\",\"logo\":{\"@type\":\"ImageObject\",\"inLanguage\":\"es\",\"@id\":\"https:\/\/elcardinal.com\/#\/schema\/logo\/image\/\",\"url\":\"https:\/\/elcardinal.com\/wp-content\/uploads\/2025\/04\/LOGO-EL-CARDINAL-Periodismo-con-valor.png\",\"contentUrl\":\"https:\/\/elcardinal.com\/wp-content\/uploads\/2025\/04\/LOGO-EL-CARDINAL-Periodismo-con-valor.png\",\"width\":755,\"height\":636,\"caption\":\"El Cardinal\"},\"image\":{\"@id\":\"https:\/\/elcardinal.com\/#\/schema\/logo\/image\/\"},\"sameAs\":[\"https:\/\/www.facebook.com\/profile.php?id=100063093107011\",\"https:\/\/x.com\/ElCardinal_Mx\"]},{\"@type\":\"Person\",\"@id\":\"https:\/\/elcardinal.com\/#\/schema\/person\/3c352ec0a33987fe275c0e8a2ea69f8b\",\"name\":\"Antonio Alcaraz\",\"image\":{\"@type\":\"ImageObject\",\"inLanguage\":\"es\",\"@id\":\"https:\/\/elcardinal.com\/#\/schema\/person\/image\/\",\"url\":\"https:\/\/elcardinal.com\/wp-content\/uploads\/2025\/05\/cropped-TONO-96x96.jpg\",\"contentUrl\":\"https:\/\/elcardinal.com\/wp-content\/uploads\/2025\/05\/cropped-TONO-96x96.jpg\",\"caption\":\"Antonio Alcaraz\"},\"url\":\"https:\/\/elcardinal.com\/?author=2\"}]}<\/script>\n<!-- \/ Yoast SEO plugin. -->","yoast_head_json":{"title":"\u00bfCrees en Dios? \u2013 Creo en m\u00ed - El Cardinal","robots":{"index":"index","follow":"follow","max-snippet":"max-snippet:-1","max-image-preview":"max-image-preview:large","max-video-preview":"max-video-preview:-1"},"canonical":"https:\/\/elcardinal.com\/?p=5049","og_locale":"es_MX","og_type":"article","og_title":"\u00bfCrees en Dios? \u2013 Creo en m\u00ed - El Cardinal","og_description":"Por: Jos\u00e9 Antonio Alcaraz Su\u00e1rez Hace unos d\u00edas, unos buenos amigos me preguntaron si creo en Dios. La respuesta brot\u00f3 profunda, sincera y pausada: Creo en m\u00ed. En medio del ruido exterior, el refugio verdadero est\u00e1 en el interior. Respira, medita, sum\u00e9rgete en tu silencio, esa es la llave, la puerta y la br\u00fajula. El","og_url":"https:\/\/elcardinal.com\/?p=5049","og_site_name":"El Cardinal","article_publisher":"https:\/\/www.facebook.com\/profile.php?id=100063093107011","article_published_time":"2025-09-10T14:27:17+00:00","article_modified_time":"2025-09-11T16:16:47+00:00","og_image":[{"width":940,"height":788,"url":"https:\/\/elcardinal.com\/wp-content\/uploads\/2025\/07\/490660254_996134765832951_4491792580100797416_n.jpg","type":"image\/jpeg"}],"author":"Antonio Alcaraz","twitter_card":"summary_large_image","twitter_creator":"@ElCardinal_Mx","twitter_site":"@ElCardinal_Mx","twitter_misc":{"Escrito por":"Antonio Alcaraz","Tiempo de lectura":"3 minutos"},"schema":{"@context":"https:\/\/schema.org","@graph":[{"@type":"Article","@id":"https:\/\/elcardinal.com\/?p=5049#article","isPartOf":{"@id":"https:\/\/elcardinal.com\/?p=5049"},"author":{"name":"Antonio Alcaraz","@id":"https:\/\/elcardinal.com\/#\/schema\/person\/3c352ec0a33987fe275c0e8a2ea69f8b"},"headline":"\u00bfCrees en Dios? \u2013 Creo en m\u00ed","datePublished":"2025-09-10T14:27:17+00:00","dateModified":"2025-09-11T16:16:47+00:00","mainEntityOfPage":{"@id":"https:\/\/elcardinal.com\/?p=5049"},"wordCount":517,"commentCount":0,"publisher":{"@id":"https:\/\/elcardinal.com\/#organization"},"image":{"@id":"https:\/\/elcardinal.com\/?p=5049#primaryimage"},"thumbnailUrl":"https:\/\/elcardinal.com\/wp-content\/uploads\/2025\/07\/490660254_996134765832951_4491792580100797416_n.jpg","keywords":["Dios","Jos\u00e9 Antonio Alcaraz Su\u00e1rez","Semillas Estelares"],"articleSection":["Minuto a Minuto","Opini\u00f3n"],"inLanguage":"es","potentialAction":[{"@type":"CommentAction","name":"Comment","target":["https:\/\/elcardinal.com\/?p=5049#respond"]}]},{"@type":"WebPage","@id":"https:\/\/elcardinal.com\/?p=5049","url":"https:\/\/elcardinal.com\/?p=5049","name":"\u00bfCrees en Dios? \u2013 Creo en m\u00ed - El Cardinal","isPartOf":{"@id":"https:\/\/elcardinal.com\/#website"},"primaryImageOfPage":{"@id":"https:\/\/elcardinal.com\/?p=5049#primaryimage"},"image":{"@id":"https:\/\/elcardinal.com\/?p=5049#primaryimage"},"thumbnailUrl":"https:\/\/elcardinal.com\/wp-content\/uploads\/2025\/07\/490660254_996134765832951_4491792580100797416_n.jpg","datePublished":"2025-09-10T14:27:17+00:00","dateModified":"2025-09-11T16:16:47+00:00","breadcrumb":{"@id":"https:\/\/elcardinal.com\/?p=5049#breadcrumb"},"inLanguage":"es","potentialAction":[{"@type":"ReadAction","target":["https:\/\/elcardinal.com\/?p=5049"]}]},{"@type":"ImageObject","inLanguage":"es","@id":"https:\/\/elcardinal.com\/?p=5049#primaryimage","url":"https:\/\/elcardinal.com\/wp-content\/uploads\/2025\/07\/490660254_996134765832951_4491792580100797416_n.jpg","contentUrl":"https:\/\/elcardinal.com\/wp-content\/uploads\/2025\/07\/490660254_996134765832951_4491792580100797416_n.jpg","width":940,"height":788},{"@type":"BreadcrumbList","@id":"https:\/\/elcardinal.com\/?p=5049#breadcrumb","itemListElement":[{"@type":"ListItem","position":1,"name":"Inicio","item":"https:\/\/elcardinal.com\/"},{"@type":"ListItem","position":2,"name":"\u00bfCrees en Dios? \u2013 Creo en m\u00ed"}]},{"@type":"WebSite","@id":"https:\/\/elcardinal.com\/#website","url":"https:\/\/elcardinal.com\/","name":"El Cardinal","description":"Periodismo honesto, con valor, sentido humano, a veces sarc\u00e1stico y divertido.","publisher":{"@id":"https:\/\/elcardinal.com\/#organization"},"alternateName":"El Cardinal Noticias","potentialAction":[{"@type":"SearchAction","target":{"@type":"EntryPoint","urlTemplate":"https:\/\/elcardinal.com\/?s={search_term_string}"},"query-input":{"@type":"PropertyValueSpecification","valueRequired":true,"valueName":"search_term_string"}}],"inLanguage":"es"},{"@type":"Organization","@id":"https:\/\/elcardinal.com\/#organization","name":"El Cardinal","url":"https:\/\/elcardinal.com\/","logo":{"@type":"ImageObject","inLanguage":"es","@id":"https:\/\/elcardinal.com\/#\/schema\/logo\/image\/","url":"https:\/\/elcardinal.com\/wp-content\/uploads\/2025\/04\/LOGO-EL-CARDINAL-Periodismo-con-valor.png","contentUrl":"https:\/\/elcardinal.com\/wp-content\/uploads\/2025\/04\/LOGO-EL-CARDINAL-Periodismo-con-valor.png","width":755,"height":636,"caption":"El Cardinal"},"image":{"@id":"https:\/\/elcardinal.com\/#\/schema\/logo\/image\/"},"sameAs":["https:\/\/www.facebook.com\/profile.php?id=100063093107011","https:\/\/x.com\/ElCardinal_Mx"]},{"@type":"Person","@id":"https:\/\/elcardinal.com\/#\/schema\/person\/3c352ec0a33987fe275c0e8a2ea69f8b","name":"Antonio Alcaraz","image":{"@type":"ImageObject","inLanguage":"es","@id":"https:\/\/elcardinal.com\/#\/schema\/person\/image\/","url":"https:\/\/elcardinal.com\/wp-content\/uploads\/2025\/05\/cropped-TONO-96x96.jpg","contentUrl":"https:\/\/elcardinal.com\/wp-content\/uploads\/2025\/05\/cropped-TONO-96x96.jpg","caption":"Antonio Alcaraz"},"url":"https:\/\/elcardinal.com\/?author=2"}]}},"_links":{"self":[{"href":"https:\/\/elcardinal.com\/index.php?rest_route=\/wp\/v2\/posts\/5049","targetHints":{"allow":["GET"]}}],"collection":[{"href":"https:\/\/elcardinal.com\/index.php?rest_route=\/wp\/v2\/posts"}],"about":[{"href":"https:\/\/elcardinal.com\/index.php?rest_route=\/wp\/v2\/types\/post"}],"author":[{"embeddable":true,"href":"https:\/\/elcardinal.com\/index.php?rest_route=\/wp\/v2\/users\/2"}],"replies":[{"embeddable":true,"href":"https:\/\/elcardinal.com\/index.php?rest_route=%2Fwp%2Fv2%2Fcomments&post=5049"}],"version-history":[{"count":3,"href":"https:\/\/elcardinal.com\/index.php?rest_route=\/wp\/v2\/posts\/5049\/revisions"}],"predecessor-version":[{"id":5066,"href":"https:\/\/elcardinal.com\/index.php?rest_route=\/wp\/v2\/posts\/5049\/revisions\/5066"}],"wp:featuredmedia":[{"embeddable":true,"href":"https:\/\/elcardinal.com\/index.php?rest_route=\/wp\/v2\/media\/4879"}],"wp:attachment":[{"href":"https:\/\/elcardinal.com\/index.php?rest_route=%2Fwp%2Fv2%2Fmedia&parent=5049"}],"wp:term":[{"taxonomy":"category","embeddable":true,"href":"https:\/\/elcardinal.com\/index.php?rest_route=%2Fwp%2Fv2%2Fcategories&post=5049"},{"taxonomy":"post_tag","embeddable":true,"href":"https:\/\/elcardinal.com\/index.php?rest_route=%2Fwp%2Fv2%2Ftags&post=5049"}],"curies":[{"name":"wp","href":"https:\/\/api.w.org\/{rel}","templated":true}]}}