{"id":5051,"date":"2025-09-10T14:52:18","date_gmt":"2025-09-10T20:52:18","guid":{"rendered":"https:\/\/elcardinal.com\/?p=5051"},"modified":"2025-09-10T14:52:18","modified_gmt":"2025-09-10T20:52:18","slug":"pachuca-vive-una-transformacion-historica-jorge-reyes","status":"publish","type":"post","link":"https:\/\/elcardinal.com\/?p=5051","title":{"rendered":"\u201cPachuca vive una transformaci\u00f3n hist\u00f3rica\u201d: Jorge Reyes\u00a0"},"content":{"rendered":"<p>Por: <strong>Jos\u00e9 Antonio Alcaraz Su\u00e1rez\u00a0<\/strong><\/p>\n<p>Durante la presentaci\u00f3n de su primer informe de gobierno ante la <strong>Honorable Asamblea de Pachuca,<\/strong> el presidente municipal <strong>Jorge Alberto Reyes Hern\u00e1ndez<\/strong> afirm\u00f3 que la capital hidalguense vive una transformaci\u00f3n sin precedentes, resultado del trabajo conjunto entre el cabildo, los funcionarios municipales y la ciudadan\u00eda.<\/p>\n<blockquote><p>El alcalde destac\u00f3 que al inicio de su administraci\u00f3n encontr\u00f3 un ayuntamiento con desorden, rezago y desconfianza, tanto al interior como entre la poblaci\u00f3n. Sin embargo, asegur\u00f3 que a lo largo de este primer a\u00f1o se ha logrado \u201cponer orden\u201d en las finanzas, los procesos administrativos y los servicios b\u00e1sicos.<\/p><\/blockquote>\n<p>Entre los avances, subray\u00f3 la renovaci\u00f3n del sistema de recolecci\u00f3n de basura con 22 unidades nuevas y un centro de monitoreo en tiempo real, la rehabilitaci\u00f3n de vialidades y el incremento del presupuesto de obra p\u00fablica de 50 a 160 millones de pesos. En materia de bacheo, se\u00f1al\u00f3 que en un a\u00f1o se ha superado lo realizado en toda la administraci\u00f3n anterior.<\/p>\n<p>En el tema de seguridad, inform\u00f3 la adquisici\u00f3n de 33 patrullas nuevas, la rehabilitaci\u00f3n de seis casetas de vigilancia en colonias con mayor \u00edndice delictivo y la implementaci\u00f3n de herramientas tecnol\u00f3gicas como el Segurichat, que ha permitido una mayor participaci\u00f3n ciudadana en las denuncias. Tambi\u00e9n anunci\u00f3 la meta de alcanzar 100 unidades de patrullaje durante el trienio.<\/p>\n<p>El edil resalt\u00f3 la sustituci\u00f3n de 9 mil luminarias en calles y bulevares, as\u00ed como la reactivaci\u00f3n de la vida cultural y deportiva en la ciudad con eventos gratuitos semanales. En el \u00e1mbito administrativo, puntualiz\u00f3 que Pachuca dej\u00f3 de recibir pagos en efectivo para garantizar transparencia y combatir la corrupci\u00f3n.<\/p>\n<p>Asimismo, celebr\u00f3 la creaci\u00f3n de la Secretar\u00eda de las Mujeres, elegida a trav\u00e9s de asociaciones civiles, y la incorporaci\u00f3n de los trabajadores municipales al seguro social, lo que calific\u00f3 como un hecho hist\u00f3rico en Hidalgo.<\/p>\n<p>Reyes Hern\u00e1ndez agradeci\u00f3 el respaldo del gobernador <strong>Julio Menchaca<\/strong> y de la presidenta <strong>Claudia Sheinbaum,<\/strong> quienes han destinado recursos y programas para fortalecer la capital. Finalmente, llam\u00f3 a la unidad de todos los sectores para consolidar la transformaci\u00f3n de Pachuca en los pr\u00f3ximos a\u00f1os.<\/p>\n<p>Al concluir su mensaje, entreg\u00f3 formalmente el informe sobre el estado que guarda la Administraci\u00f3n P\u00fablica Municipal 2024-2027 al regidor Juan de Dios Rosas Meneses, representante de la Honorable Asamblea.<\/p>\n","protected":false},"excerpt":{"rendered":"<p>Por: Jos\u00e9 Antonio Alcaraz Su\u00e1rez\u00a0 Durante la presentaci\u00f3n de su primer informe de gobierno ante la Honorable Asamblea de Pachuca, el presidente municipal Jorge Alberto Reyes Hern\u00e1ndez afirm\u00f3 que la capital hidalguense vive una transformaci\u00f3n sin precedentes, resultado del trabajo conjunto entre el cabildo, los funcionarios municipales y la ciudadan\u00eda. El alcalde destac\u00f3 que al<\/p>\n","protected":false},"author":2,"featured_media":5052,"comment_status":"open","ping_status":"open","sticky":false,"template":"","format":"standard","meta":{"footnotes":""},"categories":[31,32,44],"tags":[80,65,291],"class_list":{"0":"post-5051","1":"post","2":"type-post","3":"status-publish","4":"format-standard","5":"has-post-thumbnail","7":"category-hidalgo","8":"category-metropoli","9":"category-minuto-a-minuto","10":"tag-jorge-reyes","11":"tag-pachuca","12":"tag-primer-informe"},"yoast_head":"<!-- This site is optimized with the Yoast SEO plugin v26.1.1 - https:\/\/yoast.com\/wordpress\/plugins\/seo\/ -->\n<title>\u201cPachuca vive una transformaci\u00f3n hist\u00f3rica\u201d: Jorge Reyes\u00a0 - El Cardinal<\/title>\n<meta name=\"robots\" content=\"index, follow, max-snippet:-1, max-image-preview:large, max-video-preview:-1\" \/>\n<link rel=\"canonical\" href=\"https:\/\/elcardinal.com\/?p=5051\" \/>\n<meta property=\"og:locale\" content=\"es_MX\" \/>\n<meta property=\"og:type\" content=\"article\" \/>\n<meta property=\"og:title\" content=\"\u201cPachuca vive una transformaci\u00f3n hist\u00f3rica\u201d: Jorge Reyes\u00a0 - El Cardinal\" \/>\n<meta property=\"og:description\" content=\"Por: Jos\u00e9 Antonio Alcaraz Su\u00e1rez\u00a0 Durante la presentaci\u00f3n de su primer informe de gobierno ante la Honorable Asamblea de Pachuca, el presidente municipal Jorge Alberto Reyes Hern\u00e1ndez afirm\u00f3 que la capital hidalguense vive una transformaci\u00f3n sin precedentes, resultado del trabajo conjunto entre el cabildo, los funcionarios municipales y la ciudadan\u00eda. El alcalde destac\u00f3 que al\" \/>\n<meta property=\"og:url\" content=\"https:\/\/elcardinal.com\/?p=5051\" \/>\n<meta property=\"og:site_name\" content=\"El Cardinal\" \/>\n<meta property=\"article:publisher\" content=\"https:\/\/www.facebook.com\/profile.php?id=100063093107011\" \/>\n<meta property=\"article:published_time\" content=\"2025-09-10T20:52:18+00:00\" \/>\n<meta property=\"og:image\" content=\"https:\/\/elcardinal.com\/wp-content\/uploads\/2025\/09\/IMG-20250910-WA0054.jpg\" \/>\n\t<meta property=\"og:image:width\" content=\"1245\" \/>\n\t<meta property=\"og:image:height\" content=\"1080\" \/>\n\t<meta property=\"og:image:type\" content=\"image\/jpeg\" \/>\n<meta name=\"author\" content=\"Antonio Alcaraz\" \/>\n<meta name=\"twitter:card\" content=\"summary_large_image\" \/>\n<meta name=\"twitter:creator\" content=\"@ElCardinal_Mx\" \/>\n<meta name=\"twitter:site\" content=\"@ElCardinal_Mx\" \/>\n<meta name=\"twitter:label1\" content=\"Escrito por\" \/>\n\t<meta name=\"twitter:data1\" content=\"Antonio Alcaraz\" \/>\n\t<meta name=\"twitter:label2\" content=\"Tiempo de lectura\" \/>\n\t<meta name=\"twitter:data2\" content=\"2 minutos\" \/>\n<script type=\"application\/ld+json\" class=\"yoast-schema-graph\">{\"@context\":\"https:\/\/schema.org\",\"@graph\":[{\"@type\":\"Article\",\"@id\":\"https:\/\/elcardinal.com\/?p=5051#article\",\"isPartOf\":{\"@id\":\"https:\/\/elcardinal.com\/?p=5051\"},\"author\":{\"name\":\"Antonio Alcaraz\",\"@id\":\"https:\/\/elcardinal.com\/#\/schema\/person\/3c352ec0a33987fe275c0e8a2ea69f8b\"},\"headline\":\"\u201cPachuca vive una transformaci\u00f3n hist\u00f3rica\u201d: Jorge Reyes\u00a0\",\"datePublished\":\"2025-09-10T20:52:18+00:00\",\"mainEntityOfPage\":{\"@id\":\"https:\/\/elcardinal.com\/?p=5051\"},\"wordCount\":417,\"commentCount\":0,\"publisher\":{\"@id\":\"https:\/\/elcardinal.com\/#organization\"},\"image\":{\"@id\":\"https:\/\/elcardinal.com\/?p=5051#primaryimage\"},\"thumbnailUrl\":\"https:\/\/elcardinal.com\/wp-content\/uploads\/2025\/09\/IMG-20250910-WA0054.jpg\",\"keywords\":[\"Jorge Reyes\",\"Pachuca\",\"Primer Informe\"],\"articleSection\":[\"Hidalgo\",\"Metr\u00f3poli\",\"Minuto a Minuto\"],\"inLanguage\":\"es\",\"potentialAction\":[{\"@type\":\"CommentAction\",\"name\":\"Comment\",\"target\":[\"https:\/\/elcardinal.com\/?p=5051#respond\"]}]},{\"@type\":\"WebPage\",\"@id\":\"https:\/\/elcardinal.com\/?p=5051\",\"url\":\"https:\/\/elcardinal.com\/?p=5051\",\"name\":\"\u201cPachuca vive una transformaci\u00f3n hist\u00f3rica\u201d: Jorge Reyes\u00a0 - El Cardinal\",\"isPartOf\":{\"@id\":\"https:\/\/elcardinal.com\/#website\"},\"primaryImageOfPage\":{\"@id\":\"https:\/\/elcardinal.com\/?p=5051#primaryimage\"},\"image\":{\"@id\":\"https:\/\/elcardinal.com\/?p=5051#primaryimage\"},\"thumbnailUrl\":\"https:\/\/elcardinal.com\/wp-content\/uploads\/2025\/09\/IMG-20250910-WA0054.jpg\",\"datePublished\":\"2025-09-10T20:52:18+00:00\",\"breadcrumb\":{\"@id\":\"https:\/\/elcardinal.com\/?p=5051#breadcrumb\"},\"inLanguage\":\"es\",\"potentialAction\":[{\"@type\":\"ReadAction\",\"target\":[\"https:\/\/elcardinal.com\/?p=5051\"]}]},{\"@type\":\"ImageObject\",\"inLanguage\":\"es\",\"@id\":\"https:\/\/elcardinal.com\/?p=5051#primaryimage\",\"url\":\"https:\/\/elcardinal.com\/wp-content\/uploads\/2025\/09\/IMG-20250910-WA0054.jpg\",\"contentUrl\":\"https:\/\/elcardinal.com\/wp-content\/uploads\/2025\/09\/IMG-20250910-WA0054.jpg\",\"width\":1245,\"height\":1080},{\"@type\":\"BreadcrumbList\",\"@id\":\"https:\/\/elcardinal.com\/?p=5051#breadcrumb\",\"itemListElement\":[{\"@type\":\"ListItem\",\"position\":1,\"name\":\"Inicio\",\"item\":\"https:\/\/elcardinal.com\/\"},{\"@type\":\"ListItem\",\"position\":2,\"name\":\"\u201cPachuca vive una transformaci\u00f3n hist\u00f3rica\u201d: Jorge Reyes\u00a0\"}]},{\"@type\":\"WebSite\",\"@id\":\"https:\/\/elcardinal.com\/#website\",\"url\":\"https:\/\/elcardinal.com\/\",\"name\":\"El Cardinal\",\"description\":\"Periodismo honesto, con valor, sentido humano, a veces sarc\u00e1stico y divertido.\",\"publisher\":{\"@id\":\"https:\/\/elcardinal.com\/#organization\"},\"alternateName\":\"El Cardinal Noticias\",\"potentialAction\":[{\"@type\":\"SearchAction\",\"target\":{\"@type\":\"EntryPoint\",\"urlTemplate\":\"https:\/\/elcardinal.com\/?s={search_term_string}\"},\"query-input\":{\"@type\":\"PropertyValueSpecification\",\"valueRequired\":true,\"valueName\":\"search_term_string\"}}],\"inLanguage\":\"es\"},{\"@type\":\"Organization\",\"@id\":\"https:\/\/elcardinal.com\/#organization\",\"name\":\"El Cardinal\",\"url\":\"https:\/\/elcardinal.com\/\",\"logo\":{\"@type\":\"ImageObject\",\"inLanguage\":\"es\",\"@id\":\"https:\/\/elcardinal.com\/#\/schema\/logo\/image\/\",\"url\":\"https:\/\/elcardinal.com\/wp-content\/uploads\/2025\/04\/LOGO-EL-CARDINAL-Periodismo-con-valor.png\",\"contentUrl\":\"https:\/\/elcardinal.com\/wp-content\/uploads\/2025\/04\/LOGO-EL-CARDINAL-Periodismo-con-valor.png\",\"width\":755,\"height\":636,\"caption\":\"El Cardinal\"},\"image\":{\"@id\":\"https:\/\/elcardinal.com\/#\/schema\/logo\/image\/\"},\"sameAs\":[\"https:\/\/www.facebook.com\/profile.php?id=100063093107011\",\"https:\/\/x.com\/ElCardinal_Mx\"]},{\"@type\":\"Person\",\"@id\":\"https:\/\/elcardinal.com\/#\/schema\/person\/3c352ec0a33987fe275c0e8a2ea69f8b\",\"name\":\"Antonio Alcaraz\",\"image\":{\"@type\":\"ImageObject\",\"inLanguage\":\"es\",\"@id\":\"https:\/\/elcardinal.com\/#\/schema\/person\/image\/\",\"url\":\"https:\/\/elcardinal.com\/wp-content\/uploads\/2025\/05\/cropped-TONO-96x96.jpg\",\"contentUrl\":\"https:\/\/elcardinal.com\/wp-content\/uploads\/2025\/05\/cropped-TONO-96x96.jpg\",\"caption\":\"Antonio Alcaraz\"},\"url\":\"https:\/\/elcardinal.com\/?author=2\"}]}<\/script>\n<!-- \/ Yoast SEO plugin. -->","yoast_head_json":{"title":"\u201cPachuca vive una transformaci\u00f3n hist\u00f3rica\u201d: Jorge Reyes\u00a0 - El Cardinal","robots":{"index":"index","follow":"follow","max-snippet":"max-snippet:-1","max-image-preview":"max-image-preview:large","max-video-preview":"max-video-preview:-1"},"canonical":"https:\/\/elcardinal.com\/?p=5051","og_locale":"es_MX","og_type":"article","og_title":"\u201cPachuca vive una transformaci\u00f3n hist\u00f3rica\u201d: Jorge Reyes\u00a0 - El Cardinal","og_description":"Por: Jos\u00e9 Antonio Alcaraz Su\u00e1rez\u00a0 Durante la presentaci\u00f3n de su primer informe de gobierno ante la Honorable Asamblea de Pachuca, el presidente municipal Jorge Alberto Reyes Hern\u00e1ndez afirm\u00f3 que la capital hidalguense vive una transformaci\u00f3n sin precedentes, resultado del trabajo conjunto entre el cabildo, los funcionarios municipales y la ciudadan\u00eda. El alcalde destac\u00f3 que al","og_url":"https:\/\/elcardinal.com\/?p=5051","og_site_name":"El Cardinal","article_publisher":"https:\/\/www.facebook.com\/profile.php?id=100063093107011","article_published_time":"2025-09-10T20:52:18+00:00","og_image":[{"width":1245,"height":1080,"url":"https:\/\/elcardinal.com\/wp-content\/uploads\/2025\/09\/IMG-20250910-WA0054.jpg","type":"image\/jpeg"}],"author":"Antonio Alcaraz","twitter_card":"summary_large_image","twitter_creator":"@ElCardinal_Mx","twitter_site":"@ElCardinal_Mx","twitter_misc":{"Escrito por":"Antonio Alcaraz","Tiempo de lectura":"2 minutos"},"schema":{"@context":"https:\/\/schema.org","@graph":[{"@type":"Article","@id":"https:\/\/elcardinal.com\/?p=5051#article","isPartOf":{"@id":"https:\/\/elcardinal.com\/?p=5051"},"author":{"name":"Antonio Alcaraz","@id":"https:\/\/elcardinal.com\/#\/schema\/person\/3c352ec0a33987fe275c0e8a2ea69f8b"},"headline":"\u201cPachuca vive una transformaci\u00f3n hist\u00f3rica\u201d: Jorge Reyes\u00a0","datePublished":"2025-09-10T20:52:18+00:00","mainEntityOfPage":{"@id":"https:\/\/elcardinal.com\/?p=5051"},"wordCount":417,"commentCount":0,"publisher":{"@id":"https:\/\/elcardinal.com\/#organization"},"image":{"@id":"https:\/\/elcardinal.com\/?p=5051#primaryimage"},"thumbnailUrl":"https:\/\/elcardinal.com\/wp-content\/uploads\/2025\/09\/IMG-20250910-WA0054.jpg","keywords":["Jorge Reyes","Pachuca","Primer Informe"],"articleSection":["Hidalgo","Metr\u00f3poli","Minuto a Minuto"],"inLanguage":"es","potentialAction":[{"@type":"CommentAction","name":"Comment","target":["https:\/\/elcardinal.com\/?p=5051#respond"]}]},{"@type":"WebPage","@id":"https:\/\/elcardinal.com\/?p=5051","url":"https:\/\/elcardinal.com\/?p=5051","name":"\u201cPachuca vive una transformaci\u00f3n hist\u00f3rica\u201d: Jorge Reyes\u00a0 - El Cardinal","isPartOf":{"@id":"https:\/\/elcardinal.com\/#website"},"primaryImageOfPage":{"@id":"https:\/\/elcardinal.com\/?p=5051#primaryimage"},"image":{"@id":"https:\/\/elcardinal.com\/?p=5051#primaryimage"},"thumbnailUrl":"https:\/\/elcardinal.com\/wp-content\/uploads\/2025\/09\/IMG-20250910-WA0054.jpg","datePublished":"2025-09-10T20:52:18+00:00","breadcrumb":{"@id":"https:\/\/elcardinal.com\/?p=5051#breadcrumb"},"inLanguage":"es","potentialAction":[{"@type":"ReadAction","target":["https:\/\/elcardinal.com\/?p=5051"]}]},{"@type":"ImageObject","inLanguage":"es","@id":"https:\/\/elcardinal.com\/?p=5051#primaryimage","url":"https:\/\/elcardinal.com\/wp-content\/uploads\/2025\/09\/IMG-20250910-WA0054.jpg","contentUrl":"https:\/\/elcardinal.com\/wp-content\/uploads\/2025\/09\/IMG-20250910-WA0054.jpg","width":1245,"height":1080},{"@type":"BreadcrumbList","@id":"https:\/\/elcardinal.com\/?p=5051#breadcrumb","itemListElement":[{"@type":"ListItem","position":1,"name":"Inicio","item":"https:\/\/elcardinal.com\/"},{"@type":"ListItem","position":2,"name":"\u201cPachuca vive una transformaci\u00f3n hist\u00f3rica\u201d: Jorge Reyes\u00a0"}]},{"@type":"WebSite","@id":"https:\/\/elcardinal.com\/#website","url":"https:\/\/elcardinal.com\/","name":"El Cardinal","description":"Periodismo honesto, con valor, sentido humano, a veces sarc\u00e1stico y divertido.","publisher":{"@id":"https:\/\/elcardinal.com\/#organization"},"alternateName":"El Cardinal Noticias","potentialAction":[{"@type":"SearchAction","target":{"@type":"EntryPoint","urlTemplate":"https:\/\/elcardinal.com\/?s={search_term_string}"},"query-input":{"@type":"PropertyValueSpecification","valueRequired":true,"valueName":"search_term_string"}}],"inLanguage":"es"},{"@type":"Organization","@id":"https:\/\/elcardinal.com\/#organization","name":"El Cardinal","url":"https:\/\/elcardinal.com\/","logo":{"@type":"ImageObject","inLanguage":"es","@id":"https:\/\/elcardinal.com\/#\/schema\/logo\/image\/","url":"https:\/\/elcardinal.com\/wp-content\/uploads\/2025\/04\/LOGO-EL-CARDINAL-Periodismo-con-valor.png","contentUrl":"https:\/\/elcardinal.com\/wp-content\/uploads\/2025\/04\/LOGO-EL-CARDINAL-Periodismo-con-valor.png","width":755,"height":636,"caption":"El Cardinal"},"image":{"@id":"https:\/\/elcardinal.com\/#\/schema\/logo\/image\/"},"sameAs":["https:\/\/www.facebook.com\/profile.php?id=100063093107011","https:\/\/x.com\/ElCardinal_Mx"]},{"@type":"Person","@id":"https:\/\/elcardinal.com\/#\/schema\/person\/3c352ec0a33987fe275c0e8a2ea69f8b","name":"Antonio Alcaraz","image":{"@type":"ImageObject","inLanguage":"es","@id":"https:\/\/elcardinal.com\/#\/schema\/person\/image\/","url":"https:\/\/elcardinal.com\/wp-content\/uploads\/2025\/05\/cropped-TONO-96x96.jpg","contentUrl":"https:\/\/elcardinal.com\/wp-content\/uploads\/2025\/05\/cropped-TONO-96x96.jpg","caption":"Antonio Alcaraz"},"url":"https:\/\/elcardinal.com\/?author=2"}]}},"_links":{"self":[{"href":"https:\/\/elcardinal.com\/index.php?rest_route=\/wp\/v2\/posts\/5051","targetHints":{"allow":["GET"]}}],"collection":[{"href":"https:\/\/elcardinal.com\/index.php?rest_route=\/wp\/v2\/posts"}],"about":[{"href":"https:\/\/elcardinal.com\/index.php?rest_route=\/wp\/v2\/types\/post"}],"author":[{"embeddable":true,"href":"https:\/\/elcardinal.com\/index.php?rest_route=\/wp\/v2\/users\/2"}],"replies":[{"embeddable":true,"href":"https:\/\/elcardinal.com\/index.php?rest_route=%2Fwp%2Fv2%2Fcomments&post=5051"}],"version-history":[{"count":1,"href":"https:\/\/elcardinal.com\/index.php?rest_route=\/wp\/v2\/posts\/5051\/revisions"}],"predecessor-version":[{"id":5053,"href":"https:\/\/elcardinal.com\/index.php?rest_route=\/wp\/v2\/posts\/5051\/revisions\/5053"}],"wp:featuredmedia":[{"embeddable":true,"href":"https:\/\/elcardinal.com\/index.php?rest_route=\/wp\/v2\/media\/5052"}],"wp:attachment":[{"href":"https:\/\/elcardinal.com\/index.php?rest_route=%2Fwp%2Fv2%2Fmedia&parent=5051"}],"wp:term":[{"taxonomy":"category","embeddable":true,"href":"https:\/\/elcardinal.com\/index.php?rest_route=%2Fwp%2Fv2%2Fcategories&post=5051"},{"taxonomy":"post_tag","embeddable":true,"href":"https:\/\/elcardinal.com\/index.php?rest_route=%2Fwp%2Fv2%2Ftags&post=5051"}],"curies":[{"name":"wp","href":"https:\/\/api.w.org\/{rel}","templated":true}]}}