{"id":5058,"date":"2025-09-10T16:26:19","date_gmt":"2025-09-10T22:26:19","guid":{"rendered":"https:\/\/elcardinal.com\/?p=5058"},"modified":"2025-09-10T16:26:19","modified_gmt":"2025-09-10T22:26:19","slug":"propone-tania-meza-declarar-el-17-de-marzo-como-dia-del-huapango","status":"publish","type":"post","link":"https:\/\/elcardinal.com\/?p=5058","title":{"rendered":"Propone Tania Meza declarar el 17 de marzo como D\u00eda del Huapango"},"content":{"rendered":"<p style=\"text-align: left;\">By El Cardinal<\/p>\n<p>La Comisi\u00f3n Permanente de Cultura busca preservar, difundir y revalorizar una de las expresiones culturales m\u00e1s representativas de la regi\u00f3n huasteca.<\/p>\n<p>La diputada Tania Meza Escorza, integrante de la Comisi\u00f3n Permanente de Cultura, present\u00f3 una iniciativa para declarar el 17 de marzo como el \u201cD\u00eda del Huapango\u201d, con el objetivo de preservar, difundir y revalorizar una de las expresiones culturales m\u00e1s representativas de la regi\u00f3n huasteca.<\/p>\n<p>El huapango ya fue reconocido oficialmente como Patrimonio Cultural Inmaterial del Estado de Hidalgo desde 2014, pero, asegur\u00f3 la morenista, la fecha propuesta, el 17 de marzo, es con el fin de rendir homenaje al natalicio de Nicandro Castillo, compositor originario de Xochiatipan y uno de los m\u00e1ximos exponentes del huapango en M\u00e9xico, ya que entre su legado musical est\u00e1n las obras como \u201cEl cantador\u201d, \u201cLas tres huastecas\u201d y \u201cEl hidalguense\u201d.<\/p>\n<p>\u201cEl huapango es m\u00e1s que m\u00fasica: es canto, baile e identidad; es ra\u00edz y memoria colectiva que une comunidades y generaciones, no puede quedarse \u00fanicamente en el pasado, necesita del presente para tener futuro\u201d, coment\u00f3 Meza Escorza.<\/p>\n<p>Adem\u00e1s, la legisladora reconoci\u00f3 la colaboraci\u00f3n del cantautor hidalguense Jaime Flores Monterrubio, por ser coautor de la iniciativa. Con la propuesta, a\u00f1adi\u00f3, se busca fortalecer la ense\u00f1anza, difusi\u00f3n y transmisi\u00f3n del huapango entre las nuevas generaciones.<\/p>\n<p>\u201cNecesita de nuestras decisiones legislativas para seguir vivo en las plazas, en los corazones y en las memorias colectivas. Hagamos del D\u00eda del Huapango una oportunidad de orgullo comunitario\u201d, finaliz\u00f3 Tania Meza.<\/p>\n<p>&nbsp;<\/p>\n","protected":false},"excerpt":{"rendered":"<p>By El Cardinal La Comisi\u00f3n Permanente de Cultura busca preservar, difundir y revalorizar una de las expresiones culturales m\u00e1s representativas de la regi\u00f3n huasteca. La diputada Tania Meza Escorza, integrante de la Comisi\u00f3n Permanente de Cultura, present\u00f3 una iniciativa para declarar el 17 de marzo como el \u201cD\u00eda del Huapango\u201d, con el objetivo de preservar,<\/p>\n","protected":false},"author":2,"featured_media":5059,"comment_status":"open","ping_status":"open","sticky":false,"template":"","format":"standard","meta":{"footnotes":""},"categories":[31,44],"tags":[222],"class_list":{"0":"post-5058","1":"post","2":"type-post","3":"status-publish","4":"format-standard","5":"has-post-thumbnail","7":"category-hidalgo","8":"category-minuto-a-minuto","9":"tag-tania-meza"},"yoast_head":"<!-- This site is optimized with the Yoast SEO plugin v26.1.1 - https:\/\/yoast.com\/wordpress\/plugins\/seo\/ -->\n<title>Propone Tania Meza declarar el 17 de marzo como D\u00eda del Huapango - El Cardinal<\/title>\n<meta name=\"robots\" content=\"index, follow, max-snippet:-1, max-image-preview:large, max-video-preview:-1\" \/>\n<link rel=\"canonical\" href=\"https:\/\/elcardinal.com\/?p=5058\" \/>\n<meta property=\"og:locale\" content=\"es_MX\" \/>\n<meta property=\"og:type\" content=\"article\" \/>\n<meta property=\"og:title\" content=\"Propone Tania Meza declarar el 17 de marzo como D\u00eda del Huapango - El Cardinal\" \/>\n<meta property=\"og:description\" content=\"By El Cardinal La Comisi\u00f3n Permanente de Cultura busca preservar, difundir y revalorizar una de las expresiones culturales m\u00e1s representativas de la regi\u00f3n huasteca. La diputada Tania Meza Escorza, integrante de la Comisi\u00f3n Permanente de Cultura, present\u00f3 una iniciativa para declarar el 17 de marzo como el \u201cD\u00eda del Huapango\u201d, con el objetivo de preservar,\" \/>\n<meta property=\"og:url\" content=\"https:\/\/elcardinal.com\/?p=5058\" \/>\n<meta property=\"og:site_name\" content=\"El Cardinal\" \/>\n<meta property=\"article:publisher\" content=\"https:\/\/www.facebook.com\/profile.php?id=100063093107011\" \/>\n<meta property=\"article:published_time\" content=\"2025-09-10T22:26:19+00:00\" \/>\n<meta property=\"og:image\" content=\"https:\/\/elcardinal.com\/wp-content\/uploads\/2025\/09\/IMG-20250910-WA0098.jpg\" \/>\n\t<meta property=\"og:image:width\" content=\"1488\" \/>\n\t<meta property=\"og:image:height\" content=\"992\" \/>\n\t<meta property=\"og:image:type\" content=\"image\/jpeg\" \/>\n<meta name=\"author\" content=\"Antonio Alcaraz\" \/>\n<meta name=\"twitter:card\" content=\"summary_large_image\" \/>\n<meta name=\"twitter:creator\" content=\"@ElCardinal_Mx\" \/>\n<meta name=\"twitter:site\" content=\"@ElCardinal_Mx\" \/>\n<meta name=\"twitter:label1\" content=\"Escrito por\" \/>\n\t<meta name=\"twitter:data1\" content=\"Antonio Alcaraz\" \/>\n\t<meta name=\"twitter:label2\" content=\"Tiempo de lectura\" \/>\n\t<meta name=\"twitter:data2\" content=\"2 minutos\" \/>\n<script type=\"application\/ld+json\" class=\"yoast-schema-graph\">{\"@context\":\"https:\/\/schema.org\",\"@graph\":[{\"@type\":\"Article\",\"@id\":\"https:\/\/elcardinal.com\/?p=5058#article\",\"isPartOf\":{\"@id\":\"https:\/\/elcardinal.com\/?p=5058\"},\"author\":{\"name\":\"Antonio Alcaraz\",\"@id\":\"https:\/\/elcardinal.com\/#\/schema\/person\/3c352ec0a33987fe275c0e8a2ea69f8b\"},\"headline\":\"Propone Tania Meza declarar el 17 de marzo como D\u00eda del Huapango\",\"datePublished\":\"2025-09-10T22:26:19+00:00\",\"mainEntityOfPage\":{\"@id\":\"https:\/\/elcardinal.com\/?p=5058\"},\"wordCount\":275,\"commentCount\":0,\"publisher\":{\"@id\":\"https:\/\/elcardinal.com\/#organization\"},\"image\":{\"@id\":\"https:\/\/elcardinal.com\/?p=5058#primaryimage\"},\"thumbnailUrl\":\"https:\/\/elcardinal.com\/wp-content\/uploads\/2025\/09\/IMG-20250910-WA0098.jpg\",\"keywords\":[\"Tania Meza\"],\"articleSection\":[\"Hidalgo\",\"Minuto a Minuto\"],\"inLanguage\":\"es\",\"potentialAction\":[{\"@type\":\"CommentAction\",\"name\":\"Comment\",\"target\":[\"https:\/\/elcardinal.com\/?p=5058#respond\"]}]},{\"@type\":\"WebPage\",\"@id\":\"https:\/\/elcardinal.com\/?p=5058\",\"url\":\"https:\/\/elcardinal.com\/?p=5058\",\"name\":\"Propone Tania Meza declarar el 17 de marzo como D\u00eda del Huapango - El Cardinal\",\"isPartOf\":{\"@id\":\"https:\/\/elcardinal.com\/#website\"},\"primaryImageOfPage\":{\"@id\":\"https:\/\/elcardinal.com\/?p=5058#primaryimage\"},\"image\":{\"@id\":\"https:\/\/elcardinal.com\/?p=5058#primaryimage\"},\"thumbnailUrl\":\"https:\/\/elcardinal.com\/wp-content\/uploads\/2025\/09\/IMG-20250910-WA0098.jpg\",\"datePublished\":\"2025-09-10T22:26:19+00:00\",\"breadcrumb\":{\"@id\":\"https:\/\/elcardinal.com\/?p=5058#breadcrumb\"},\"inLanguage\":\"es\",\"potentialAction\":[{\"@type\":\"ReadAction\",\"target\":[\"https:\/\/elcardinal.com\/?p=5058\"]}]},{\"@type\":\"ImageObject\",\"inLanguage\":\"es\",\"@id\":\"https:\/\/elcardinal.com\/?p=5058#primaryimage\",\"url\":\"https:\/\/elcardinal.com\/wp-content\/uploads\/2025\/09\/IMG-20250910-WA0098.jpg\",\"contentUrl\":\"https:\/\/elcardinal.com\/wp-content\/uploads\/2025\/09\/IMG-20250910-WA0098.jpg\",\"width\":1488,\"height\":992},{\"@type\":\"BreadcrumbList\",\"@id\":\"https:\/\/elcardinal.com\/?p=5058#breadcrumb\",\"itemListElement\":[{\"@type\":\"ListItem\",\"position\":1,\"name\":\"Inicio\",\"item\":\"https:\/\/elcardinal.com\/\"},{\"@type\":\"ListItem\",\"position\":2,\"name\":\"Propone Tania Meza declarar el 17 de marzo como D\u00eda del Huapango\"}]},{\"@type\":\"WebSite\",\"@id\":\"https:\/\/elcardinal.com\/#website\",\"url\":\"https:\/\/elcardinal.com\/\",\"name\":\"El Cardinal\",\"description\":\"Periodismo honesto, con valor, sentido humano, a veces sarc\u00e1stico y divertido.\",\"publisher\":{\"@id\":\"https:\/\/elcardinal.com\/#organization\"},\"alternateName\":\"El Cardinal Noticias\",\"potentialAction\":[{\"@type\":\"SearchAction\",\"target\":{\"@type\":\"EntryPoint\",\"urlTemplate\":\"https:\/\/elcardinal.com\/?s={search_term_string}\"},\"query-input\":{\"@type\":\"PropertyValueSpecification\",\"valueRequired\":true,\"valueName\":\"search_term_string\"}}],\"inLanguage\":\"es\"},{\"@type\":\"Organization\",\"@id\":\"https:\/\/elcardinal.com\/#organization\",\"name\":\"El Cardinal\",\"url\":\"https:\/\/elcardinal.com\/\",\"logo\":{\"@type\":\"ImageObject\",\"inLanguage\":\"es\",\"@id\":\"https:\/\/elcardinal.com\/#\/schema\/logo\/image\/\",\"url\":\"https:\/\/elcardinal.com\/wp-content\/uploads\/2025\/04\/LOGO-EL-CARDINAL-Periodismo-con-valor.png\",\"contentUrl\":\"https:\/\/elcardinal.com\/wp-content\/uploads\/2025\/04\/LOGO-EL-CARDINAL-Periodismo-con-valor.png\",\"width\":755,\"height\":636,\"caption\":\"El Cardinal\"},\"image\":{\"@id\":\"https:\/\/elcardinal.com\/#\/schema\/logo\/image\/\"},\"sameAs\":[\"https:\/\/www.facebook.com\/profile.php?id=100063093107011\",\"https:\/\/x.com\/ElCardinal_Mx\"]},{\"@type\":\"Person\",\"@id\":\"https:\/\/elcardinal.com\/#\/schema\/person\/3c352ec0a33987fe275c0e8a2ea69f8b\",\"name\":\"Antonio Alcaraz\",\"image\":{\"@type\":\"ImageObject\",\"inLanguage\":\"es\",\"@id\":\"https:\/\/elcardinal.com\/#\/schema\/person\/image\/\",\"url\":\"https:\/\/elcardinal.com\/wp-content\/uploads\/2025\/05\/cropped-TONO-96x96.jpg\",\"contentUrl\":\"https:\/\/elcardinal.com\/wp-content\/uploads\/2025\/05\/cropped-TONO-96x96.jpg\",\"caption\":\"Antonio Alcaraz\"},\"url\":\"https:\/\/elcardinal.com\/?author=2\"}]}<\/script>\n<!-- \/ Yoast SEO plugin. -->","yoast_head_json":{"title":"Propone Tania Meza declarar el 17 de marzo como D\u00eda del Huapango - El Cardinal","robots":{"index":"index","follow":"follow","max-snippet":"max-snippet:-1","max-image-preview":"max-image-preview:large","max-video-preview":"max-video-preview:-1"},"canonical":"https:\/\/elcardinal.com\/?p=5058","og_locale":"es_MX","og_type":"article","og_title":"Propone Tania Meza declarar el 17 de marzo como D\u00eda del Huapango - El Cardinal","og_description":"By El Cardinal La Comisi\u00f3n Permanente de Cultura busca preservar, difundir y revalorizar una de las expresiones culturales m\u00e1s representativas de la regi\u00f3n huasteca. La diputada Tania Meza Escorza, integrante de la Comisi\u00f3n Permanente de Cultura, present\u00f3 una iniciativa para declarar el 17 de marzo como el \u201cD\u00eda del Huapango\u201d, con el objetivo de preservar,","og_url":"https:\/\/elcardinal.com\/?p=5058","og_site_name":"El Cardinal","article_publisher":"https:\/\/www.facebook.com\/profile.php?id=100063093107011","article_published_time":"2025-09-10T22:26:19+00:00","og_image":[{"width":1488,"height":992,"url":"https:\/\/elcardinal.com\/wp-content\/uploads\/2025\/09\/IMG-20250910-WA0098.jpg","type":"image\/jpeg"}],"author":"Antonio Alcaraz","twitter_card":"summary_large_image","twitter_creator":"@ElCardinal_Mx","twitter_site":"@ElCardinal_Mx","twitter_misc":{"Escrito por":"Antonio Alcaraz","Tiempo de lectura":"2 minutos"},"schema":{"@context":"https:\/\/schema.org","@graph":[{"@type":"Article","@id":"https:\/\/elcardinal.com\/?p=5058#article","isPartOf":{"@id":"https:\/\/elcardinal.com\/?p=5058"},"author":{"name":"Antonio Alcaraz","@id":"https:\/\/elcardinal.com\/#\/schema\/person\/3c352ec0a33987fe275c0e8a2ea69f8b"},"headline":"Propone Tania Meza declarar el 17 de marzo como D\u00eda del Huapango","datePublished":"2025-09-10T22:26:19+00:00","mainEntityOfPage":{"@id":"https:\/\/elcardinal.com\/?p=5058"},"wordCount":275,"commentCount":0,"publisher":{"@id":"https:\/\/elcardinal.com\/#organization"},"image":{"@id":"https:\/\/elcardinal.com\/?p=5058#primaryimage"},"thumbnailUrl":"https:\/\/elcardinal.com\/wp-content\/uploads\/2025\/09\/IMG-20250910-WA0098.jpg","keywords":["Tania Meza"],"articleSection":["Hidalgo","Minuto a Minuto"],"inLanguage":"es","potentialAction":[{"@type":"CommentAction","name":"Comment","target":["https:\/\/elcardinal.com\/?p=5058#respond"]}]},{"@type":"WebPage","@id":"https:\/\/elcardinal.com\/?p=5058","url":"https:\/\/elcardinal.com\/?p=5058","name":"Propone Tania Meza declarar el 17 de marzo como D\u00eda del Huapango - El Cardinal","isPartOf":{"@id":"https:\/\/elcardinal.com\/#website"},"primaryImageOfPage":{"@id":"https:\/\/elcardinal.com\/?p=5058#primaryimage"},"image":{"@id":"https:\/\/elcardinal.com\/?p=5058#primaryimage"},"thumbnailUrl":"https:\/\/elcardinal.com\/wp-content\/uploads\/2025\/09\/IMG-20250910-WA0098.jpg","datePublished":"2025-09-10T22:26:19+00:00","breadcrumb":{"@id":"https:\/\/elcardinal.com\/?p=5058#breadcrumb"},"inLanguage":"es","potentialAction":[{"@type":"ReadAction","target":["https:\/\/elcardinal.com\/?p=5058"]}]},{"@type":"ImageObject","inLanguage":"es","@id":"https:\/\/elcardinal.com\/?p=5058#primaryimage","url":"https:\/\/elcardinal.com\/wp-content\/uploads\/2025\/09\/IMG-20250910-WA0098.jpg","contentUrl":"https:\/\/elcardinal.com\/wp-content\/uploads\/2025\/09\/IMG-20250910-WA0098.jpg","width":1488,"height":992},{"@type":"BreadcrumbList","@id":"https:\/\/elcardinal.com\/?p=5058#breadcrumb","itemListElement":[{"@type":"ListItem","position":1,"name":"Inicio","item":"https:\/\/elcardinal.com\/"},{"@type":"ListItem","position":2,"name":"Propone Tania Meza declarar el 17 de marzo como D\u00eda del Huapango"}]},{"@type":"WebSite","@id":"https:\/\/elcardinal.com\/#website","url":"https:\/\/elcardinal.com\/","name":"El Cardinal","description":"Periodismo honesto, con valor, sentido humano, a veces sarc\u00e1stico y divertido.","publisher":{"@id":"https:\/\/elcardinal.com\/#organization"},"alternateName":"El Cardinal Noticias","potentialAction":[{"@type":"SearchAction","target":{"@type":"EntryPoint","urlTemplate":"https:\/\/elcardinal.com\/?s={search_term_string}"},"query-input":{"@type":"PropertyValueSpecification","valueRequired":true,"valueName":"search_term_string"}}],"inLanguage":"es"},{"@type":"Organization","@id":"https:\/\/elcardinal.com\/#organization","name":"El Cardinal","url":"https:\/\/elcardinal.com\/","logo":{"@type":"ImageObject","inLanguage":"es","@id":"https:\/\/elcardinal.com\/#\/schema\/logo\/image\/","url":"https:\/\/elcardinal.com\/wp-content\/uploads\/2025\/04\/LOGO-EL-CARDINAL-Periodismo-con-valor.png","contentUrl":"https:\/\/elcardinal.com\/wp-content\/uploads\/2025\/04\/LOGO-EL-CARDINAL-Periodismo-con-valor.png","width":755,"height":636,"caption":"El Cardinal"},"image":{"@id":"https:\/\/elcardinal.com\/#\/schema\/logo\/image\/"},"sameAs":["https:\/\/www.facebook.com\/profile.php?id=100063093107011","https:\/\/x.com\/ElCardinal_Mx"]},{"@type":"Person","@id":"https:\/\/elcardinal.com\/#\/schema\/person\/3c352ec0a33987fe275c0e8a2ea69f8b","name":"Antonio Alcaraz","image":{"@type":"ImageObject","inLanguage":"es","@id":"https:\/\/elcardinal.com\/#\/schema\/person\/image\/","url":"https:\/\/elcardinal.com\/wp-content\/uploads\/2025\/05\/cropped-TONO-96x96.jpg","contentUrl":"https:\/\/elcardinal.com\/wp-content\/uploads\/2025\/05\/cropped-TONO-96x96.jpg","caption":"Antonio Alcaraz"},"url":"https:\/\/elcardinal.com\/?author=2"}]}},"_links":{"self":[{"href":"https:\/\/elcardinal.com\/index.php?rest_route=\/wp\/v2\/posts\/5058","targetHints":{"allow":["GET"]}}],"collection":[{"href":"https:\/\/elcardinal.com\/index.php?rest_route=\/wp\/v2\/posts"}],"about":[{"href":"https:\/\/elcardinal.com\/index.php?rest_route=\/wp\/v2\/types\/post"}],"author":[{"embeddable":true,"href":"https:\/\/elcardinal.com\/index.php?rest_route=\/wp\/v2\/users\/2"}],"replies":[{"embeddable":true,"href":"https:\/\/elcardinal.com\/index.php?rest_route=%2Fwp%2Fv2%2Fcomments&post=5058"}],"version-history":[{"count":1,"href":"https:\/\/elcardinal.com\/index.php?rest_route=\/wp\/v2\/posts\/5058\/revisions"}],"predecessor-version":[{"id":5060,"href":"https:\/\/elcardinal.com\/index.php?rest_route=\/wp\/v2\/posts\/5058\/revisions\/5060"}],"wp:featuredmedia":[{"embeddable":true,"href":"https:\/\/elcardinal.com\/index.php?rest_route=\/wp\/v2\/media\/5059"}],"wp:attachment":[{"href":"https:\/\/elcardinal.com\/index.php?rest_route=%2Fwp%2Fv2%2Fmedia&parent=5058"}],"wp:term":[{"taxonomy":"category","embeddable":true,"href":"https:\/\/elcardinal.com\/index.php?rest_route=%2Fwp%2Fv2%2Fcategories&post=5058"},{"taxonomy":"post_tag","embeddable":true,"href":"https:\/\/elcardinal.com\/index.php?rest_route=%2Fwp%2Fv2%2Ftags&post=5058"}],"curies":[{"name":"wp","href":"https:\/\/api.w.org\/{rel}","templated":true}]}}