{"id":5062,"date":"2025-09-11T00:59:07","date_gmt":"2025-09-11T06:59:07","guid":{"rendered":"https:\/\/elcardinal.com\/?p=5062"},"modified":"2025-09-11T00:59:07","modified_gmt":"2025-09-11T06:59:07","slug":"con-iniciativa-diputada-busca-reconocer-al-maiz-como-elemento-central-de-la-identidad-estatal","status":"publish","type":"post","link":"https:\/\/elcardinal.com\/?p=5062","title":{"rendered":"Con iniciativa, diputada busca reconocer al ma\u00edz como elemento central de la identidad estatal"},"content":{"rendered":"<p>Redacci\u00f3n<\/p>\n<p><span style=\"font-weight: 400;\">La diputada <\/span><b>Citlali Delgado Mendoza<\/b><span style=\"font-weight: 400;\"> (Morena) present\u00f3 la iniciativa que reforma la Ley de Fomento y Protecci\u00f3n del Ma\u00edz Nativo del Estado de Hidalgo, la cual busca establecer que el ma\u00edz no es solo un producto agr\u00edcola, sino un elemento central de la identidad estatal y del patrimonio biocultural.<\/span><\/p>\n<p><span style=\"font-weight: 400;\">Con ello, busca blindar su cultivo, estableciendo la prohibici\u00f3n de los transg\u00e9nicos como un principio rector y priorizando el manejo agroecol\u00f3gico y la preservaci\u00f3n de los saberes tradicionales asociados a su siembra, cuidado y transformaci\u00f3n. Este enfoque legislativo reconoce al ma\u00edz como un tesoro vivo y din\u00e1mico que merece una protecci\u00f3n integral.<\/span><\/p>\n<p><b>Otras iniciativas<\/b><\/p>\n<p><b>Era digital en escuelas<\/b><\/p>\n<p><span style=\"font-weight: 400;\">El legislador <\/span><b>Francisco Javier T\u00e9llez S\u00e1nchez<\/b><span style=\"font-weight: 400;\"> (PT) propuso la iniciativa que modifica la Ley de Educaci\u00f3n Superior del Estado de Hidalgo, con el objetivo de integrar a la educaci\u00f3n superior un enfoque formativo que prepare a las y los estudiantes para enfrentar los desaf\u00edos y oportunidades que plantea la era digital, particularmente en lo relativo al uso de tecnolog\u00edas emergentes.<\/span><\/p>\n<p><b>Principio de no discriminaci\u00f3n<\/b><\/p>\n<p><span style=\"font-weight: 400;\">Las y los diputados <\/span><b>Leonel Perusqu\u00eda Muedano<\/b><span style=\"font-weight: 400;\"> (PRD), <\/span><b>Tania Er\u00e9ndira Meza Escorza<\/b><span style=\"font-weight: 400;\">, <\/span><b>Alma Rosa El\u00edas Paso<\/b><span style=\"font-weight: 400;\">, <\/span><b>Aldo Meza Hern\u00e1ndez<\/b><span style=\"font-weight: 400;\">, <\/span><b>Diana Rangel Z\u00fa\u00f1iga<\/b><span style=\"font-weight: 400;\"> (Morena), <\/span><b>Mar\u00eda Guadalupe Cruz Monta\u00f1o<\/b><span style=\"font-weight: 400;\"> (PVEM), <\/span><b>Juana Olivia Alarc\u00f3n Rivera<\/b><span style=\"font-weight: 400;\">, <\/span><b>Jorge Arg\u00fcelles Salazar<\/b><span style=\"font-weight: 400;\"> (Nueva Alianza), <\/span><b>Marco Antonio Mendoza Bustamante<\/b><span style=\"font-weight: 400;\"> (PRI), <\/span><b>Orqu\u00eddea Larragoiti Osorio<\/b><span style=\"font-weight: 400;\"> (PT) y <\/span><b>Carlos Alejandro Alc\u00e1ntara Carbajal<\/b><span style=\"font-weight: 400;\"> (MC) detallaron la iniciativa que reforma las leyes para Prevenir, Atender, Sancionar y Eliminar la Discriminaci\u00f3n, Org\u00e1nica de la Administraci\u00f3n P\u00fablica, Org\u00e1nica del Poder Legislativo y Org\u00e1nica del Poder Judicial del Estado de Hidalgo.<\/span><\/p>\n<p><span style=\"font-weight: 400;\">La finalidad de esta propuesta es garantizar que en la entidad ninguna persona sea objeto de discriminaci\u00f3n en el acceso o prestaci\u00f3n de servicios p\u00fablicos, fortaleciendo la cultura de respeto a los derechos humanos, a trav\u00e9s de la obligatoriedad para que las dependencias de los tres poderes coloquen en sus oficinas placas visibles que expresen este compromiso institucional.<\/span><\/p>\n<p><b>Mecanismo estatal de protecci\u00f3n a v\u00edctimas<\/b><\/p>\n<p><span style=\"font-weight: 400;\">La legisladora <\/span><b>Hilda Miranda Miranda<\/b><span style=\"font-weight: 400;\"> y el legislador <\/span><b>Andr\u00e9s Vel\u00e1zquez V\u00e1zquez<\/b><span style=\"font-weight: 400;\"> (Morena) presentaron la iniciativa que modifica la Ley Org\u00e1nica del Ministerio P\u00fablico del Estado de Hidalgo, con el prop\u00f3sito de establecer la implementaci\u00f3n de un mecanismo estatal de protecci\u00f3n a v\u00edctimas, denunciantes y testigos, con una base jur\u00eddica clara, procedimientos definidos y coordinaci\u00f3n interinstitucional.<\/span><\/p>\n<p><b>D\u00eda del Huapango<\/b><\/p>\n<p><span style=\"font-weight: 400;\">Las legisladoras <\/span><b>Diana Rangel Z\u00fa\u00f1iga<\/b><span style=\"font-weight: 400;\">, <\/span><b>Tania Er\u00e9ndira Meza Escorza<\/b><span style=\"font-weight: 400;\">, <\/span><b>Paloma Barrag\u00e1n Santos<\/b><span style=\"font-weight: 400;\">, <\/span><b>Cynthia Citlali Delgado Mendoza<\/b><span style=\"font-weight: 400;\"> (Morena) y el legislador <\/span><b>Carlos Alejandro Alc\u00e1ntara Carbajal<\/b><span style=\"font-weight: 400;\"> (MC) detallaron la iniciativa que declara el 17 de marzo de cada a\u00f1o como \u201cD\u00eda del Huapango\u201d, con el fin de preservar, proteger, promover y difundir esta manifestaci\u00f3n art\u00edstica, fortaleciendo la identidad cultural y el sentido de pertenencia.<\/span><\/p>\n<p><b>Hidalgo, Cuna de la Charrer\u00eda<\/b><\/p>\n<p><span style=\"font-weight: 400;\">La diputada <\/span><b>Karla Perales Arrieta<\/b><span style=\"font-weight: 400;\"> (MC) present\u00f3 la iniciativa que propone inscribir con letras de oro en el Muro de Honor del Sal\u00f3n de Plenos del Congreso del Estado Libre y Soberano de Hidalgo, la leyenda \u201cHidalgo, Cuna de la Charrer\u00eda\u201d para reconocer la relevancia hist\u00f3rica, cultural y social de este deporte, garantizando su preservaci\u00f3n y difusi\u00f3n como s\u00edmbolo de identidad estatal y nacional.<\/span><\/p>\n<p><b>Acuerdos econ\u00f3micos<\/b><\/p>\n<p><b>Actualizaci\u00f3n para conciliadores municipales<\/b><\/p>\n<p><span style=\"font-weight: 400;\">Con 23 votos a favor, cero en contra y cero abstenciones, diputadas y diputados aprobaron el acuerdo econ\u00f3mico que exhorta a las personas conciliadoras municipales en materia de capacitaci\u00f3n y actualizaci\u00f3n permanente, sobre temas de derechos humanos, perspectiva de g\u00e9nero y atenci\u00f3n a grupos prioritarios, emitido por la primera Comisi\u00f3n Permanente de Igualdad de G\u00e9nero y promovido por la legisladora <\/span><b>Hilda Miranda Miranda<\/b><span style=\"font-weight: 400;\"> (Morena).<\/span><\/p>\n<p><span style=\"font-weight: 400;\">La diputada <\/span><b>Diana Rangel Z\u00fa\u00f1iga<\/b><span style=\"font-weight: 400;\"> (Morena) indic\u00f3 que el objetivo es fortalecer los conocimientos y competencias inherentes al ejercicio de las funciones de las personas conciliadoras.<\/span><\/p>\n<p><b>Plan Municipal de Desarrollo de Cuautepec<\/b><\/p>\n<p><span style=\"font-weight: 400;\">Con 23 votos a favor, cero en contra y cero abstenciones, diputadas y diputados tambi\u00e9n aprobaron el acuerdo econ\u00f3mico relativo al Plan Municipal de Desarrollo 2025-2027 de Cuautepec, emitido por la primera Comisi\u00f3n Permanente de Planeaci\u00f3n y Prospectiva.<\/span><\/p>\n<p><span style=\"font-weight: 400;\">El legislador <\/span><b>Aldo Meza Hern\u00e1ndez<\/b><span style=\"font-weight: 400;\"> (Morena) especific\u00f3 que despu\u00e9s de la revisi\u00f3n y an\u00e1lisis a su plan, no se presentan observaciones que impliquen cambios o modificaciones, por lo que se solicita continuar con el tr\u00e1mite y publicaci\u00f3n correspondientes.<\/span><\/p>\n<p><b>Asuntos generales<\/b><\/p>\n<p><b>Natalicio de Nicol\u00e1s Bravo<\/b><\/p>\n<p><span style=\"font-weight: 400;\">El diputado <\/span><b>Arturo G\u00f3mez Canales<\/b><span style=\"font-weight: 400;\"> (Morena) conmemor\u00f3 el natalicio de Nicol\u00e1s Bravo Rueda, una de las figuras m\u00e1s nobles y heroicas de la historia nacional, \u201cdej\u00f3 huella profunda en Tulancingo. Durante su paso por esta tierra, contribuy\u00f3 a la construcci\u00f3n de una f\u00e1brica de p\u00f3lvora y promovi\u00f3 la impresi\u00f3n del peri\u00f3dico <\/span><i><span style=\"font-weight: 400;\">El mosquito tulancingue\u00f1o<\/span><\/i><span style=\"font-weight: 400;\">\u201d.<\/span><\/p>\n<p><b>Inicio de segundo a\u00f1o de ejercicio legislativo<\/b><\/p>\n<p><span style=\"font-weight: 400;\">Sobre el inicio del segundo a\u00f1o de ejercicio legislativo, la diputada <\/span><b>Hilda Miranda Miranda<\/b><span style=\"font-weight: 400;\"> (Morena) indic\u00f3 que el prop\u00f3sito es realizar una labor parlamentaria hacia objetivos comunes con la ciudadan\u00eda y los diferentes \u00f3rdenes de gobierno. \u201cNo se trata de proyectos personales, ni de agendas aisladas. Se trata de una estrategia integral que se llama Hidalgo\u201d.<\/span><\/p>\n<p><b>Tercer Informe de Gobierno<\/b><\/p>\n<p><span style=\"font-weight: 400;\">El diputado <\/span><b>Miguel \u00c1ngel Moreno Zamora <\/b><span style=\"font-weight: 400;\">(Morena) felicit\u00f3 al gobernador <\/span><b>Julio Menchaca Salazar<\/b><span style=\"font-weight: 400;\">, debido a la presentaci\u00f3n de su tercer Informe de Gobierno: \u201cEste gobierno cercano, responsable y decidido est\u00e1 demostrando que cuando se gobierna con honestidad y con amor al pueblo, s\u00ed se puede transformar la vida de nuestra gente. Felicidades al querido gobernador por estos tres a\u00f1os de grandes logros y transformaciones en Hidalgo\u201d.<\/span><\/p>\n<p><b>Regreso a clases<\/b><\/p>\n<p><span style=\"font-weight: 400;\">Ante el regreso a clases, el legislador <\/span><b>Jos\u00e9 Mar\u00eda Alejandro P\u00e9rez Ram\u00edrez<\/b><span style=\"font-weight: 400;\"> (Nueva Alianza) hizo un llamado a la unidad entre los gobiernos estatal y municipales, as\u00ed como a los poderes Legislativo y Judicial para que cada ni\u00f1a, ni\u00f1o, adolescente y personas j\u00f3venes, tenga la oportunidad de alcanzar su m\u00e1ximo potencial educativo.<\/span><\/p>\n<p>&nbsp;<\/p>\n<p><b>Protecci\u00f3n a la ni\u00f1ez<\/b><\/p>\n<p><span style=\"font-weight: 400;\">La diputada <\/span><b>Orqu\u00eddea Larragoiti Osorio<\/b><span style=\"font-weight: 400;\"> (PT) exigi\u00f3 justicia para Marisela, ni\u00f1a desaparecida y hallada sin vida en el municipio de Xochiatipan: \u201ceste caso no puede ni debe ser considerado un hecho aislado. No podemos acostumbrarnos a que la ni\u00f1ez viva con miedo. No podemos normalizar que nuestras hijas e hijos est\u00e9n expuestos a la violencia\u201d.<\/span><\/p>\n","protected":false},"excerpt":{"rendered":"<p>Redacci\u00f3n La diputada Citlali Delgado Mendoza (Morena) present\u00f3 la iniciativa que reforma la Ley de Fomento y Protecci\u00f3n del Ma\u00edz Nativo del Estado de Hidalgo, la cual busca establecer que el ma\u00edz no es solo un producto agr\u00edcola, sino un elemento central de la identidad estatal y del patrimonio biocultural. Con ello, busca blindar su<\/p>\n","protected":false},"author":2,"featured_media":5063,"comment_status":"open","ping_status":"open","sticky":false,"template":"","format":"standard","meta":{"footnotes":""},"categories":[31,44,39],"tags":[],"class_list":{"0":"post-5062","1":"post","2":"type-post","3":"status-publish","4":"format-standard","5":"has-post-thumbnail","7":"category-hidalgo","8":"category-minuto-a-minuto","9":"category-politica"},"yoast_head":"<!-- This site is optimized with the Yoast SEO plugin v26.1.1 - https:\/\/yoast.com\/wordpress\/plugins\/seo\/ -->\n<title>Con iniciativa, diputada busca reconocer al ma\u00edz como elemento central de la identidad estatal - El Cardinal<\/title>\n<meta name=\"robots\" content=\"index, follow, max-snippet:-1, max-image-preview:large, max-video-preview:-1\" \/>\n<link rel=\"canonical\" href=\"https:\/\/elcardinal.com\/?p=5062\" \/>\n<meta property=\"og:locale\" content=\"es_MX\" \/>\n<meta property=\"og:type\" content=\"article\" \/>\n<meta property=\"og:title\" content=\"Con iniciativa, diputada busca reconocer al ma\u00edz como elemento central de la identidad estatal - El Cardinal\" \/>\n<meta property=\"og:description\" content=\"Redacci\u00f3n La diputada Citlali Delgado Mendoza (Morena) present\u00f3 la iniciativa que reforma la Ley de Fomento y Protecci\u00f3n del Ma\u00edz Nativo del Estado de Hidalgo, la cual busca establecer que el ma\u00edz no es solo un producto agr\u00edcola, sino un elemento central de la identidad estatal y del patrimonio biocultural. Con ello, busca blindar su\" \/>\n<meta property=\"og:url\" content=\"https:\/\/elcardinal.com\/?p=5062\" \/>\n<meta property=\"og:site_name\" content=\"El Cardinal\" \/>\n<meta property=\"article:publisher\" content=\"https:\/\/www.facebook.com\/profile.php?id=100063093107011\" \/>\n<meta property=\"article:published_time\" content=\"2025-09-11T06:59:07+00:00\" \/>\n<meta property=\"og:image\" content=\"https:\/\/elcardinal.com\/wp-content\/uploads\/2025\/09\/Sesion-10.09.2025-Ordinaria-18.jpg\" \/>\n\t<meta property=\"og:image:width\" content=\"2400\" \/>\n\t<meta property=\"og:image:height\" content=\"1600\" \/>\n\t<meta property=\"og:image:type\" content=\"image\/jpeg\" \/>\n<meta name=\"author\" content=\"Antonio Alcaraz\" \/>\n<meta name=\"twitter:card\" content=\"summary_large_image\" \/>\n<meta name=\"twitter:creator\" content=\"@ElCardinal_Mx\" \/>\n<meta name=\"twitter:site\" content=\"@ElCardinal_Mx\" \/>\n<meta name=\"twitter:label1\" content=\"Escrito por\" \/>\n\t<meta name=\"twitter:data1\" content=\"Antonio Alcaraz\" \/>\n\t<meta name=\"twitter:label2\" content=\"Tiempo de lectura\" \/>\n\t<meta name=\"twitter:data2\" content=\"5 minutos\" \/>\n<script type=\"application\/ld+json\" class=\"yoast-schema-graph\">{\"@context\":\"https:\/\/schema.org\",\"@graph\":[{\"@type\":\"Article\",\"@id\":\"https:\/\/elcardinal.com\/?p=5062#article\",\"isPartOf\":{\"@id\":\"https:\/\/elcardinal.com\/?p=5062\"},\"author\":{\"name\":\"Antonio Alcaraz\",\"@id\":\"https:\/\/elcardinal.com\/#\/schema\/person\/3c352ec0a33987fe275c0e8a2ea69f8b\"},\"headline\":\"Con iniciativa, diputada busca reconocer al ma\u00edz como elemento central de la identidad estatal\",\"datePublished\":\"2025-09-11T06:59:07+00:00\",\"mainEntityOfPage\":{\"@id\":\"https:\/\/elcardinal.com\/?p=5062\"},\"wordCount\":1127,\"commentCount\":0,\"publisher\":{\"@id\":\"https:\/\/elcardinal.com\/#organization\"},\"image\":{\"@id\":\"https:\/\/elcardinal.com\/?p=5062#primaryimage\"},\"thumbnailUrl\":\"https:\/\/elcardinal.com\/wp-content\/uploads\/2025\/09\/Sesion-10.09.2025-Ordinaria-18.jpg\",\"articleSection\":[\"Hidalgo\",\"Minuto a Minuto\",\"Pol\u00edtica\"],\"inLanguage\":\"es\",\"potentialAction\":[{\"@type\":\"CommentAction\",\"name\":\"Comment\",\"target\":[\"https:\/\/elcardinal.com\/?p=5062#respond\"]}]},{\"@type\":\"WebPage\",\"@id\":\"https:\/\/elcardinal.com\/?p=5062\",\"url\":\"https:\/\/elcardinal.com\/?p=5062\",\"name\":\"Con iniciativa, diputada busca reconocer al ma\u00edz como elemento central de la identidad estatal - El Cardinal\",\"isPartOf\":{\"@id\":\"https:\/\/elcardinal.com\/#website\"},\"primaryImageOfPage\":{\"@id\":\"https:\/\/elcardinal.com\/?p=5062#primaryimage\"},\"image\":{\"@id\":\"https:\/\/elcardinal.com\/?p=5062#primaryimage\"},\"thumbnailUrl\":\"https:\/\/elcardinal.com\/wp-content\/uploads\/2025\/09\/Sesion-10.09.2025-Ordinaria-18.jpg\",\"datePublished\":\"2025-09-11T06:59:07+00:00\",\"breadcrumb\":{\"@id\":\"https:\/\/elcardinal.com\/?p=5062#breadcrumb\"},\"inLanguage\":\"es\",\"potentialAction\":[{\"@type\":\"ReadAction\",\"target\":[\"https:\/\/elcardinal.com\/?p=5062\"]}]},{\"@type\":\"ImageObject\",\"inLanguage\":\"es\",\"@id\":\"https:\/\/elcardinal.com\/?p=5062#primaryimage\",\"url\":\"https:\/\/elcardinal.com\/wp-content\/uploads\/2025\/09\/Sesion-10.09.2025-Ordinaria-18.jpg\",\"contentUrl\":\"https:\/\/elcardinal.com\/wp-content\/uploads\/2025\/09\/Sesion-10.09.2025-Ordinaria-18.jpg\",\"width\":2400,\"height\":1600,\"caption\":\"CONGRESO_HIDALGO\"},{\"@type\":\"BreadcrumbList\",\"@id\":\"https:\/\/elcardinal.com\/?p=5062#breadcrumb\",\"itemListElement\":[{\"@type\":\"ListItem\",\"position\":1,\"name\":\"Inicio\",\"item\":\"https:\/\/elcardinal.com\/\"},{\"@type\":\"ListItem\",\"position\":2,\"name\":\"Con iniciativa, diputada busca reconocer al ma\u00edz como elemento central de la identidad estatal\"}]},{\"@type\":\"WebSite\",\"@id\":\"https:\/\/elcardinal.com\/#website\",\"url\":\"https:\/\/elcardinal.com\/\",\"name\":\"El Cardinal\",\"description\":\"Periodismo honesto, con valor, sentido humano, a veces sarc\u00e1stico y divertido.\",\"publisher\":{\"@id\":\"https:\/\/elcardinal.com\/#organization\"},\"alternateName\":\"El Cardinal Noticias\",\"potentialAction\":[{\"@type\":\"SearchAction\",\"target\":{\"@type\":\"EntryPoint\",\"urlTemplate\":\"https:\/\/elcardinal.com\/?s={search_term_string}\"},\"query-input\":{\"@type\":\"PropertyValueSpecification\",\"valueRequired\":true,\"valueName\":\"search_term_string\"}}],\"inLanguage\":\"es\"},{\"@type\":\"Organization\",\"@id\":\"https:\/\/elcardinal.com\/#organization\",\"name\":\"El Cardinal\",\"url\":\"https:\/\/elcardinal.com\/\",\"logo\":{\"@type\":\"ImageObject\",\"inLanguage\":\"es\",\"@id\":\"https:\/\/elcardinal.com\/#\/schema\/logo\/image\/\",\"url\":\"https:\/\/elcardinal.com\/wp-content\/uploads\/2025\/04\/LOGO-EL-CARDINAL-Periodismo-con-valor.png\",\"contentUrl\":\"https:\/\/elcardinal.com\/wp-content\/uploads\/2025\/04\/LOGO-EL-CARDINAL-Periodismo-con-valor.png\",\"width\":755,\"height\":636,\"caption\":\"El Cardinal\"},\"image\":{\"@id\":\"https:\/\/elcardinal.com\/#\/schema\/logo\/image\/\"},\"sameAs\":[\"https:\/\/www.facebook.com\/profile.php?id=100063093107011\",\"https:\/\/x.com\/ElCardinal_Mx\"]},{\"@type\":\"Person\",\"@id\":\"https:\/\/elcardinal.com\/#\/schema\/person\/3c352ec0a33987fe275c0e8a2ea69f8b\",\"name\":\"Antonio Alcaraz\",\"image\":{\"@type\":\"ImageObject\",\"inLanguage\":\"es\",\"@id\":\"https:\/\/elcardinal.com\/#\/schema\/person\/image\/\",\"url\":\"https:\/\/elcardinal.com\/wp-content\/uploads\/2025\/05\/cropped-TONO-96x96.jpg\",\"contentUrl\":\"https:\/\/elcardinal.com\/wp-content\/uploads\/2025\/05\/cropped-TONO-96x96.jpg\",\"caption\":\"Antonio Alcaraz\"},\"url\":\"https:\/\/elcardinal.com\/?author=2\"}]}<\/script>\n<!-- \/ Yoast SEO plugin. -->","yoast_head_json":{"title":"Con iniciativa, diputada busca reconocer al ma\u00edz como elemento central de la identidad estatal - El Cardinal","robots":{"index":"index","follow":"follow","max-snippet":"max-snippet:-1","max-image-preview":"max-image-preview:large","max-video-preview":"max-video-preview:-1"},"canonical":"https:\/\/elcardinal.com\/?p=5062","og_locale":"es_MX","og_type":"article","og_title":"Con iniciativa, diputada busca reconocer al ma\u00edz como elemento central de la identidad estatal - El Cardinal","og_description":"Redacci\u00f3n La diputada Citlali Delgado Mendoza (Morena) present\u00f3 la iniciativa que reforma la Ley de Fomento y Protecci\u00f3n del Ma\u00edz Nativo del Estado de Hidalgo, la cual busca establecer que el ma\u00edz no es solo un producto agr\u00edcola, sino un elemento central de la identidad estatal y del patrimonio biocultural. Con ello, busca blindar su","og_url":"https:\/\/elcardinal.com\/?p=5062","og_site_name":"El Cardinal","article_publisher":"https:\/\/www.facebook.com\/profile.php?id=100063093107011","article_published_time":"2025-09-11T06:59:07+00:00","og_image":[{"width":2400,"height":1600,"url":"https:\/\/elcardinal.com\/wp-content\/uploads\/2025\/09\/Sesion-10.09.2025-Ordinaria-18.jpg","type":"image\/jpeg"}],"author":"Antonio Alcaraz","twitter_card":"summary_large_image","twitter_creator":"@ElCardinal_Mx","twitter_site":"@ElCardinal_Mx","twitter_misc":{"Escrito por":"Antonio Alcaraz","Tiempo de lectura":"5 minutos"},"schema":{"@context":"https:\/\/schema.org","@graph":[{"@type":"Article","@id":"https:\/\/elcardinal.com\/?p=5062#article","isPartOf":{"@id":"https:\/\/elcardinal.com\/?p=5062"},"author":{"name":"Antonio Alcaraz","@id":"https:\/\/elcardinal.com\/#\/schema\/person\/3c352ec0a33987fe275c0e8a2ea69f8b"},"headline":"Con iniciativa, diputada busca reconocer al ma\u00edz como elemento central de la identidad estatal","datePublished":"2025-09-11T06:59:07+00:00","mainEntityOfPage":{"@id":"https:\/\/elcardinal.com\/?p=5062"},"wordCount":1127,"commentCount":0,"publisher":{"@id":"https:\/\/elcardinal.com\/#organization"},"image":{"@id":"https:\/\/elcardinal.com\/?p=5062#primaryimage"},"thumbnailUrl":"https:\/\/elcardinal.com\/wp-content\/uploads\/2025\/09\/Sesion-10.09.2025-Ordinaria-18.jpg","articleSection":["Hidalgo","Minuto a Minuto","Pol\u00edtica"],"inLanguage":"es","potentialAction":[{"@type":"CommentAction","name":"Comment","target":["https:\/\/elcardinal.com\/?p=5062#respond"]}]},{"@type":"WebPage","@id":"https:\/\/elcardinal.com\/?p=5062","url":"https:\/\/elcardinal.com\/?p=5062","name":"Con iniciativa, diputada busca reconocer al ma\u00edz como elemento central de la identidad estatal - El Cardinal","isPartOf":{"@id":"https:\/\/elcardinal.com\/#website"},"primaryImageOfPage":{"@id":"https:\/\/elcardinal.com\/?p=5062#primaryimage"},"image":{"@id":"https:\/\/elcardinal.com\/?p=5062#primaryimage"},"thumbnailUrl":"https:\/\/elcardinal.com\/wp-content\/uploads\/2025\/09\/Sesion-10.09.2025-Ordinaria-18.jpg","datePublished":"2025-09-11T06:59:07+00:00","breadcrumb":{"@id":"https:\/\/elcardinal.com\/?p=5062#breadcrumb"},"inLanguage":"es","potentialAction":[{"@type":"ReadAction","target":["https:\/\/elcardinal.com\/?p=5062"]}]},{"@type":"ImageObject","inLanguage":"es","@id":"https:\/\/elcardinal.com\/?p=5062#primaryimage","url":"https:\/\/elcardinal.com\/wp-content\/uploads\/2025\/09\/Sesion-10.09.2025-Ordinaria-18.jpg","contentUrl":"https:\/\/elcardinal.com\/wp-content\/uploads\/2025\/09\/Sesion-10.09.2025-Ordinaria-18.jpg","width":2400,"height":1600,"caption":"CONGRESO_HIDALGO"},{"@type":"BreadcrumbList","@id":"https:\/\/elcardinal.com\/?p=5062#breadcrumb","itemListElement":[{"@type":"ListItem","position":1,"name":"Inicio","item":"https:\/\/elcardinal.com\/"},{"@type":"ListItem","position":2,"name":"Con iniciativa, diputada busca reconocer al ma\u00edz como elemento central de la identidad estatal"}]},{"@type":"WebSite","@id":"https:\/\/elcardinal.com\/#website","url":"https:\/\/elcardinal.com\/","name":"El Cardinal","description":"Periodismo honesto, con valor, sentido humano, a veces sarc\u00e1stico y divertido.","publisher":{"@id":"https:\/\/elcardinal.com\/#organization"},"alternateName":"El Cardinal Noticias","potentialAction":[{"@type":"SearchAction","target":{"@type":"EntryPoint","urlTemplate":"https:\/\/elcardinal.com\/?s={search_term_string}"},"query-input":{"@type":"PropertyValueSpecification","valueRequired":true,"valueName":"search_term_string"}}],"inLanguage":"es"},{"@type":"Organization","@id":"https:\/\/elcardinal.com\/#organization","name":"El Cardinal","url":"https:\/\/elcardinal.com\/","logo":{"@type":"ImageObject","inLanguage":"es","@id":"https:\/\/elcardinal.com\/#\/schema\/logo\/image\/","url":"https:\/\/elcardinal.com\/wp-content\/uploads\/2025\/04\/LOGO-EL-CARDINAL-Periodismo-con-valor.png","contentUrl":"https:\/\/elcardinal.com\/wp-content\/uploads\/2025\/04\/LOGO-EL-CARDINAL-Periodismo-con-valor.png","width":755,"height":636,"caption":"El Cardinal"},"image":{"@id":"https:\/\/elcardinal.com\/#\/schema\/logo\/image\/"},"sameAs":["https:\/\/www.facebook.com\/profile.php?id=100063093107011","https:\/\/x.com\/ElCardinal_Mx"]},{"@type":"Person","@id":"https:\/\/elcardinal.com\/#\/schema\/person\/3c352ec0a33987fe275c0e8a2ea69f8b","name":"Antonio Alcaraz","image":{"@type":"ImageObject","inLanguage":"es","@id":"https:\/\/elcardinal.com\/#\/schema\/person\/image\/","url":"https:\/\/elcardinal.com\/wp-content\/uploads\/2025\/05\/cropped-TONO-96x96.jpg","contentUrl":"https:\/\/elcardinal.com\/wp-content\/uploads\/2025\/05\/cropped-TONO-96x96.jpg","caption":"Antonio Alcaraz"},"url":"https:\/\/elcardinal.com\/?author=2"}]}},"_links":{"self":[{"href":"https:\/\/elcardinal.com\/index.php?rest_route=\/wp\/v2\/posts\/5062","targetHints":{"allow":["GET"]}}],"collection":[{"href":"https:\/\/elcardinal.com\/index.php?rest_route=\/wp\/v2\/posts"}],"about":[{"href":"https:\/\/elcardinal.com\/index.php?rest_route=\/wp\/v2\/types\/post"}],"author":[{"embeddable":true,"href":"https:\/\/elcardinal.com\/index.php?rest_route=\/wp\/v2\/users\/2"}],"replies":[{"embeddable":true,"href":"https:\/\/elcardinal.com\/index.php?rest_route=%2Fwp%2Fv2%2Fcomments&post=5062"}],"version-history":[{"count":1,"href":"https:\/\/elcardinal.com\/index.php?rest_route=\/wp\/v2\/posts\/5062\/revisions"}],"predecessor-version":[{"id":5064,"href":"https:\/\/elcardinal.com\/index.php?rest_route=\/wp\/v2\/posts\/5062\/revisions\/5064"}],"wp:featuredmedia":[{"embeddable":true,"href":"https:\/\/elcardinal.com\/index.php?rest_route=\/wp\/v2\/media\/5063"}],"wp:attachment":[{"href":"https:\/\/elcardinal.com\/index.php?rest_route=%2Fwp%2Fv2%2Fmedia&parent=5062"}],"wp:term":[{"taxonomy":"category","embeddable":true,"href":"https:\/\/elcardinal.com\/index.php?rest_route=%2Fwp%2Fv2%2Fcategories&post=5062"},{"taxonomy":"post_tag","embeddable":true,"href":"https:\/\/elcardinal.com\/index.php?rest_route=%2Fwp%2Fv2%2Ftags&post=5062"}],"curies":[{"name":"wp","href":"https:\/\/api.w.org\/{rel}","templated":true}]}}