{"id":5067,"date":"2025-09-11T13:26:34","date_gmt":"2025-09-11T19:26:34","guid":{"rendered":"https:\/\/elcardinal.com\/?p=5067"},"modified":"2025-09-11T13:26:34","modified_gmt":"2025-09-11T19:26:34","slug":"buscan-inscribir-en-letras-de-oro-hidalgo-cuna-de-la-charreria-karla-perales","status":"publish","type":"post","link":"https:\/\/elcardinal.com\/?p=5067","title":{"rendered":"Buscan inscribir en letras de oro &#8220;Hidalgo, cuna de la charrer\u00eda&#8221;: Karla Perales"},"content":{"rendered":"<p>Redacci\u00f3n<\/p>\n<p>Pachuca, Hgo. En el marco de la Sesi\u00f3n Ordinaria No. 105 del Congreso del Estado de Hidalgo, la Diputada Karla Perales, integrante del Grupo Legislativo de Movimiento Ciudadano en la LXVI Legislatura, present\u00f3 una iniciativa para reconocer la relevancia hist\u00f3rica, cultural y social de la charrer\u00eda, mediante su inscripci\u00f3n con letras de oro en el Muro de Honor, la leyenda \u201cHidalgo, cuna de la Charrer\u00eda\u201d.<\/p>\n<p>La Diputada Karla Perales, Presidenta de la Comisi\u00f3n de la Ni\u00f1ez, la Juventud, el Deporte y la Familia, argument\u00f3 \u201cNo podemos soslayar que la conmemoraci\u00f3n cada 14 de septiembre por el \u201cD\u00eda del Charro\u201d, data desde 1934, y mucho menos olvidar, que la charrer\u00eda ha sido declarada Patrimonio Cultural Inmaterial de la Humanidad por la UNESCO en 2016, un reconocimiento internacional que obliga a los Estados a salvaguardar la pr\u00e1ctica de la charrer\u00eda, como un entramado de costumbres, valores y expresiones art\u00edsticas\u201d.<\/p>\n<p>\u201cGrabar en letras de oro, \u201cHidalgo, Cuna de la Charrer\u00eda\u201d, es reconocer que esa historia sigue viva. Significa que cada vez que alguien mire hacia ese muro, recordar\u00e1 que en el Poder Legislativo no s\u00f3lo se hacen leyes: se honra lo que somos como Estado\u201d, argumento.<\/p>\n<p>\u201cDe aprobarse esta inscripci\u00f3n, constituir\u00eda uno de los actos de mayor trascendencia que puede realizar una Legislatura, porque es la cristalizaci\u00f3n de un reconocimiento solemne, que se proyecta hacia la memoria de las generaciones presentes y futuras. Para que, cada visitante que cruce el recinto legislativo encuentre en esas letras doradas no solo un dato hist\u00f3rico, sino un recordatorio de lo que somos y de lo que queremos seguir siendo\u201d.<\/p>\n<p>Finalmente, Karla Perales expres\u00f3 \u201cQue no se diga entonces que nuestra labor parlamentaria se limita a la modificaci\u00f3n de art\u00edculos o a la armonizaci\u00f3n de normas. El mandato que tenemos como representantes populares tambi\u00e9n es custodiar la memoria colectiva, resguardar aquello que nos da identidad y transmitirlo con dignidad a las generaciones que vienen detr\u00e1s\u201d.<\/p>\n","protected":false},"excerpt":{"rendered":"<p>Redacci\u00f3n Pachuca, Hgo. En el marco de la Sesi\u00f3n Ordinaria No. 105 del Congreso del Estado de Hidalgo, la Diputada Karla Perales, integrante del Grupo Legislativo de Movimiento Ciudadano en la LXVI Legislatura, present\u00f3 una iniciativa para reconocer la relevancia hist\u00f3rica, cultural y social de la charrer\u00eda, mediante su inscripci\u00f3n con letras de oro en<\/p>\n","protected":false},"author":2,"featured_media":5068,"comment_status":"open","ping_status":"open","sticky":false,"template":"","format":"standard","meta":{"footnotes":""},"categories":[31,32,44,39],"tags":[292,294,293],"class_list":{"0":"post-5067","1":"post","2":"type-post","3":"status-publish","4":"format-standard","5":"has-post-thumbnail","7":"category-hidalgo","8":"category-metropoli","9":"category-minuto-a-minuto","10":"category-politica","11":"tag-charreria","12":"tag-charros","13":"tag-karla-perales"},"yoast_head":"<!-- This site is optimized with the Yoast SEO plugin v26.1.1 - https:\/\/yoast.com\/wordpress\/plugins\/seo\/ -->\n<title>Buscan inscribir en letras de oro &quot;Hidalgo, cuna de la charrer\u00eda&quot;: Karla Perales - El Cardinal<\/title>\n<meta name=\"robots\" content=\"index, follow, max-snippet:-1, max-image-preview:large, max-video-preview:-1\" \/>\n<link rel=\"canonical\" href=\"https:\/\/elcardinal.com\/?p=5067\" \/>\n<meta property=\"og:locale\" content=\"es_MX\" \/>\n<meta property=\"og:type\" content=\"article\" \/>\n<meta property=\"og:title\" content=\"Buscan inscribir en letras de oro &quot;Hidalgo, cuna de la charrer\u00eda&quot;: Karla Perales - El Cardinal\" \/>\n<meta property=\"og:description\" content=\"Redacci\u00f3n Pachuca, Hgo. En el marco de la Sesi\u00f3n Ordinaria No. 105 del Congreso del Estado de Hidalgo, la Diputada Karla Perales, integrante del Grupo Legislativo de Movimiento Ciudadano en la LXVI Legislatura, present\u00f3 una iniciativa para reconocer la relevancia hist\u00f3rica, cultural y social de la charrer\u00eda, mediante su inscripci\u00f3n con letras de oro en\" \/>\n<meta property=\"og:url\" content=\"https:\/\/elcardinal.com\/?p=5067\" \/>\n<meta property=\"og:site_name\" content=\"El Cardinal\" \/>\n<meta property=\"article:publisher\" content=\"https:\/\/www.facebook.com\/profile.php?id=100063093107011\" \/>\n<meta property=\"article:published_time\" content=\"2025-09-11T19:26:34+00:00\" \/>\n<meta property=\"og:image\" content=\"https:\/\/elcardinal.com\/wp-content\/uploads\/2025\/09\/IMG-20250911-WA0017.jpg\" \/>\n\t<meta property=\"og:image:width\" content=\"1600\" \/>\n\t<meta property=\"og:image:height\" content=\"1093\" \/>\n\t<meta property=\"og:image:type\" content=\"image\/jpeg\" \/>\n<meta name=\"author\" content=\"Antonio Alcaraz\" \/>\n<meta name=\"twitter:card\" content=\"summary_large_image\" \/>\n<meta name=\"twitter:creator\" content=\"@ElCardinal_Mx\" \/>\n<meta name=\"twitter:site\" content=\"@ElCardinal_Mx\" \/>\n<meta name=\"twitter:label1\" content=\"Escrito por\" \/>\n\t<meta name=\"twitter:data1\" content=\"Antonio Alcaraz\" \/>\n\t<meta name=\"twitter:label2\" content=\"Tiempo de lectura\" \/>\n\t<meta name=\"twitter:data2\" content=\"2 minutos\" \/>\n<script type=\"application\/ld+json\" class=\"yoast-schema-graph\">{\"@context\":\"https:\/\/schema.org\",\"@graph\":[{\"@type\":\"Article\",\"@id\":\"https:\/\/elcardinal.com\/?p=5067#article\",\"isPartOf\":{\"@id\":\"https:\/\/elcardinal.com\/?p=5067\"},\"author\":{\"name\":\"Antonio Alcaraz\",\"@id\":\"https:\/\/elcardinal.com\/#\/schema\/person\/3c352ec0a33987fe275c0e8a2ea69f8b\"},\"headline\":\"Buscan inscribir en letras de oro &#8220;Hidalgo, cuna de la charrer\u00eda&#8221;: Karla Perales\",\"datePublished\":\"2025-09-11T19:26:34+00:00\",\"mainEntityOfPage\":{\"@id\":\"https:\/\/elcardinal.com\/?p=5067\"},\"wordCount\":354,\"commentCount\":0,\"publisher\":{\"@id\":\"https:\/\/elcardinal.com\/#organization\"},\"image\":{\"@id\":\"https:\/\/elcardinal.com\/?p=5067#primaryimage\"},\"thumbnailUrl\":\"https:\/\/elcardinal.com\/wp-content\/uploads\/2025\/09\/IMG-20250911-WA0017.jpg\",\"keywords\":[\"Charrer\u00eda\",\"Charros\",\"Karla Perales\"],\"articleSection\":[\"Hidalgo\",\"Metr\u00f3poli\",\"Minuto a Minuto\",\"Pol\u00edtica\"],\"inLanguage\":\"es\",\"potentialAction\":[{\"@type\":\"CommentAction\",\"name\":\"Comment\",\"target\":[\"https:\/\/elcardinal.com\/?p=5067#respond\"]}]},{\"@type\":\"WebPage\",\"@id\":\"https:\/\/elcardinal.com\/?p=5067\",\"url\":\"https:\/\/elcardinal.com\/?p=5067\",\"name\":\"Buscan inscribir en letras de oro \\\"Hidalgo, cuna de la charrer\u00eda\\\": Karla Perales - El Cardinal\",\"isPartOf\":{\"@id\":\"https:\/\/elcardinal.com\/#website\"},\"primaryImageOfPage\":{\"@id\":\"https:\/\/elcardinal.com\/?p=5067#primaryimage\"},\"image\":{\"@id\":\"https:\/\/elcardinal.com\/?p=5067#primaryimage\"},\"thumbnailUrl\":\"https:\/\/elcardinal.com\/wp-content\/uploads\/2025\/09\/IMG-20250911-WA0017.jpg\",\"datePublished\":\"2025-09-11T19:26:34+00:00\",\"breadcrumb\":{\"@id\":\"https:\/\/elcardinal.com\/?p=5067#breadcrumb\"},\"inLanguage\":\"es\",\"potentialAction\":[{\"@type\":\"ReadAction\",\"target\":[\"https:\/\/elcardinal.com\/?p=5067\"]}]},{\"@type\":\"ImageObject\",\"inLanguage\":\"es\",\"@id\":\"https:\/\/elcardinal.com\/?p=5067#primaryimage\",\"url\":\"https:\/\/elcardinal.com\/wp-content\/uploads\/2025\/09\/IMG-20250911-WA0017.jpg\",\"contentUrl\":\"https:\/\/elcardinal.com\/wp-content\/uploads\/2025\/09\/IMG-20250911-WA0017.jpg\",\"width\":1600,\"height\":1093},{\"@type\":\"BreadcrumbList\",\"@id\":\"https:\/\/elcardinal.com\/?p=5067#breadcrumb\",\"itemListElement\":[{\"@type\":\"ListItem\",\"position\":1,\"name\":\"Inicio\",\"item\":\"https:\/\/elcardinal.com\/\"},{\"@type\":\"ListItem\",\"position\":2,\"name\":\"Buscan inscribir en letras de oro &#8220;Hidalgo, cuna de la charrer\u00eda&#8221;: Karla Perales\"}]},{\"@type\":\"WebSite\",\"@id\":\"https:\/\/elcardinal.com\/#website\",\"url\":\"https:\/\/elcardinal.com\/\",\"name\":\"El Cardinal\",\"description\":\"Periodismo honesto, con valor, sentido humano, a veces sarc\u00e1stico y divertido.\",\"publisher\":{\"@id\":\"https:\/\/elcardinal.com\/#organization\"},\"alternateName\":\"El Cardinal Noticias\",\"potentialAction\":[{\"@type\":\"SearchAction\",\"target\":{\"@type\":\"EntryPoint\",\"urlTemplate\":\"https:\/\/elcardinal.com\/?s={search_term_string}\"},\"query-input\":{\"@type\":\"PropertyValueSpecification\",\"valueRequired\":true,\"valueName\":\"search_term_string\"}}],\"inLanguage\":\"es\"},{\"@type\":\"Organization\",\"@id\":\"https:\/\/elcardinal.com\/#organization\",\"name\":\"El Cardinal\",\"url\":\"https:\/\/elcardinal.com\/\",\"logo\":{\"@type\":\"ImageObject\",\"inLanguage\":\"es\",\"@id\":\"https:\/\/elcardinal.com\/#\/schema\/logo\/image\/\",\"url\":\"https:\/\/elcardinal.com\/wp-content\/uploads\/2025\/04\/LOGO-EL-CARDINAL-Periodismo-con-valor.png\",\"contentUrl\":\"https:\/\/elcardinal.com\/wp-content\/uploads\/2025\/04\/LOGO-EL-CARDINAL-Periodismo-con-valor.png\",\"width\":755,\"height\":636,\"caption\":\"El Cardinal\"},\"image\":{\"@id\":\"https:\/\/elcardinal.com\/#\/schema\/logo\/image\/\"},\"sameAs\":[\"https:\/\/www.facebook.com\/profile.php?id=100063093107011\",\"https:\/\/x.com\/ElCardinal_Mx\"]},{\"@type\":\"Person\",\"@id\":\"https:\/\/elcardinal.com\/#\/schema\/person\/3c352ec0a33987fe275c0e8a2ea69f8b\",\"name\":\"Antonio Alcaraz\",\"image\":{\"@type\":\"ImageObject\",\"inLanguage\":\"es\",\"@id\":\"https:\/\/elcardinal.com\/#\/schema\/person\/image\/\",\"url\":\"https:\/\/elcardinal.com\/wp-content\/uploads\/2025\/05\/cropped-TONO-96x96.jpg\",\"contentUrl\":\"https:\/\/elcardinal.com\/wp-content\/uploads\/2025\/05\/cropped-TONO-96x96.jpg\",\"caption\":\"Antonio Alcaraz\"},\"url\":\"https:\/\/elcardinal.com\/?author=2\"}]}<\/script>\n<!-- \/ Yoast SEO plugin. -->","yoast_head_json":{"title":"Buscan inscribir en letras de oro \"Hidalgo, cuna de la charrer\u00eda\": Karla Perales - El Cardinal","robots":{"index":"index","follow":"follow","max-snippet":"max-snippet:-1","max-image-preview":"max-image-preview:large","max-video-preview":"max-video-preview:-1"},"canonical":"https:\/\/elcardinal.com\/?p=5067","og_locale":"es_MX","og_type":"article","og_title":"Buscan inscribir en letras de oro \"Hidalgo, cuna de la charrer\u00eda\": Karla Perales - El Cardinal","og_description":"Redacci\u00f3n Pachuca, Hgo. En el marco de la Sesi\u00f3n Ordinaria No. 105 del Congreso del Estado de Hidalgo, la Diputada Karla Perales, integrante del Grupo Legislativo de Movimiento Ciudadano en la LXVI Legislatura, present\u00f3 una iniciativa para reconocer la relevancia hist\u00f3rica, cultural y social de la charrer\u00eda, mediante su inscripci\u00f3n con letras de oro en","og_url":"https:\/\/elcardinal.com\/?p=5067","og_site_name":"El Cardinal","article_publisher":"https:\/\/www.facebook.com\/profile.php?id=100063093107011","article_published_time":"2025-09-11T19:26:34+00:00","og_image":[{"width":1600,"height":1093,"url":"https:\/\/elcardinal.com\/wp-content\/uploads\/2025\/09\/IMG-20250911-WA0017.jpg","type":"image\/jpeg"}],"author":"Antonio Alcaraz","twitter_card":"summary_large_image","twitter_creator":"@ElCardinal_Mx","twitter_site":"@ElCardinal_Mx","twitter_misc":{"Escrito por":"Antonio Alcaraz","Tiempo de lectura":"2 minutos"},"schema":{"@context":"https:\/\/schema.org","@graph":[{"@type":"Article","@id":"https:\/\/elcardinal.com\/?p=5067#article","isPartOf":{"@id":"https:\/\/elcardinal.com\/?p=5067"},"author":{"name":"Antonio Alcaraz","@id":"https:\/\/elcardinal.com\/#\/schema\/person\/3c352ec0a33987fe275c0e8a2ea69f8b"},"headline":"Buscan inscribir en letras de oro &#8220;Hidalgo, cuna de la charrer\u00eda&#8221;: Karla Perales","datePublished":"2025-09-11T19:26:34+00:00","mainEntityOfPage":{"@id":"https:\/\/elcardinal.com\/?p=5067"},"wordCount":354,"commentCount":0,"publisher":{"@id":"https:\/\/elcardinal.com\/#organization"},"image":{"@id":"https:\/\/elcardinal.com\/?p=5067#primaryimage"},"thumbnailUrl":"https:\/\/elcardinal.com\/wp-content\/uploads\/2025\/09\/IMG-20250911-WA0017.jpg","keywords":["Charrer\u00eda","Charros","Karla Perales"],"articleSection":["Hidalgo","Metr\u00f3poli","Minuto a Minuto","Pol\u00edtica"],"inLanguage":"es","potentialAction":[{"@type":"CommentAction","name":"Comment","target":["https:\/\/elcardinal.com\/?p=5067#respond"]}]},{"@type":"WebPage","@id":"https:\/\/elcardinal.com\/?p=5067","url":"https:\/\/elcardinal.com\/?p=5067","name":"Buscan inscribir en letras de oro \"Hidalgo, cuna de la charrer\u00eda\": Karla Perales - El Cardinal","isPartOf":{"@id":"https:\/\/elcardinal.com\/#website"},"primaryImageOfPage":{"@id":"https:\/\/elcardinal.com\/?p=5067#primaryimage"},"image":{"@id":"https:\/\/elcardinal.com\/?p=5067#primaryimage"},"thumbnailUrl":"https:\/\/elcardinal.com\/wp-content\/uploads\/2025\/09\/IMG-20250911-WA0017.jpg","datePublished":"2025-09-11T19:26:34+00:00","breadcrumb":{"@id":"https:\/\/elcardinal.com\/?p=5067#breadcrumb"},"inLanguage":"es","potentialAction":[{"@type":"ReadAction","target":["https:\/\/elcardinal.com\/?p=5067"]}]},{"@type":"ImageObject","inLanguage":"es","@id":"https:\/\/elcardinal.com\/?p=5067#primaryimage","url":"https:\/\/elcardinal.com\/wp-content\/uploads\/2025\/09\/IMG-20250911-WA0017.jpg","contentUrl":"https:\/\/elcardinal.com\/wp-content\/uploads\/2025\/09\/IMG-20250911-WA0017.jpg","width":1600,"height":1093},{"@type":"BreadcrumbList","@id":"https:\/\/elcardinal.com\/?p=5067#breadcrumb","itemListElement":[{"@type":"ListItem","position":1,"name":"Inicio","item":"https:\/\/elcardinal.com\/"},{"@type":"ListItem","position":2,"name":"Buscan inscribir en letras de oro &#8220;Hidalgo, cuna de la charrer\u00eda&#8221;: Karla Perales"}]},{"@type":"WebSite","@id":"https:\/\/elcardinal.com\/#website","url":"https:\/\/elcardinal.com\/","name":"El Cardinal","description":"Periodismo honesto, con valor, sentido humano, a veces sarc\u00e1stico y divertido.","publisher":{"@id":"https:\/\/elcardinal.com\/#organization"},"alternateName":"El Cardinal Noticias","potentialAction":[{"@type":"SearchAction","target":{"@type":"EntryPoint","urlTemplate":"https:\/\/elcardinal.com\/?s={search_term_string}"},"query-input":{"@type":"PropertyValueSpecification","valueRequired":true,"valueName":"search_term_string"}}],"inLanguage":"es"},{"@type":"Organization","@id":"https:\/\/elcardinal.com\/#organization","name":"El Cardinal","url":"https:\/\/elcardinal.com\/","logo":{"@type":"ImageObject","inLanguage":"es","@id":"https:\/\/elcardinal.com\/#\/schema\/logo\/image\/","url":"https:\/\/elcardinal.com\/wp-content\/uploads\/2025\/04\/LOGO-EL-CARDINAL-Periodismo-con-valor.png","contentUrl":"https:\/\/elcardinal.com\/wp-content\/uploads\/2025\/04\/LOGO-EL-CARDINAL-Periodismo-con-valor.png","width":755,"height":636,"caption":"El Cardinal"},"image":{"@id":"https:\/\/elcardinal.com\/#\/schema\/logo\/image\/"},"sameAs":["https:\/\/www.facebook.com\/profile.php?id=100063093107011","https:\/\/x.com\/ElCardinal_Mx"]},{"@type":"Person","@id":"https:\/\/elcardinal.com\/#\/schema\/person\/3c352ec0a33987fe275c0e8a2ea69f8b","name":"Antonio Alcaraz","image":{"@type":"ImageObject","inLanguage":"es","@id":"https:\/\/elcardinal.com\/#\/schema\/person\/image\/","url":"https:\/\/elcardinal.com\/wp-content\/uploads\/2025\/05\/cropped-TONO-96x96.jpg","contentUrl":"https:\/\/elcardinal.com\/wp-content\/uploads\/2025\/05\/cropped-TONO-96x96.jpg","caption":"Antonio Alcaraz"},"url":"https:\/\/elcardinal.com\/?author=2"}]}},"_links":{"self":[{"href":"https:\/\/elcardinal.com\/index.php?rest_route=\/wp\/v2\/posts\/5067","targetHints":{"allow":["GET"]}}],"collection":[{"href":"https:\/\/elcardinal.com\/index.php?rest_route=\/wp\/v2\/posts"}],"about":[{"href":"https:\/\/elcardinal.com\/index.php?rest_route=\/wp\/v2\/types\/post"}],"author":[{"embeddable":true,"href":"https:\/\/elcardinal.com\/index.php?rest_route=\/wp\/v2\/users\/2"}],"replies":[{"embeddable":true,"href":"https:\/\/elcardinal.com\/index.php?rest_route=%2Fwp%2Fv2%2Fcomments&post=5067"}],"version-history":[{"count":1,"href":"https:\/\/elcardinal.com\/index.php?rest_route=\/wp\/v2\/posts\/5067\/revisions"}],"predecessor-version":[{"id":5069,"href":"https:\/\/elcardinal.com\/index.php?rest_route=\/wp\/v2\/posts\/5067\/revisions\/5069"}],"wp:featuredmedia":[{"embeddable":true,"href":"https:\/\/elcardinal.com\/index.php?rest_route=\/wp\/v2\/media\/5068"}],"wp:attachment":[{"href":"https:\/\/elcardinal.com\/index.php?rest_route=%2Fwp%2Fv2%2Fmedia&parent=5067"}],"wp:term":[{"taxonomy":"category","embeddable":true,"href":"https:\/\/elcardinal.com\/index.php?rest_route=%2Fwp%2Fv2%2Fcategories&post=5067"},{"taxonomy":"post_tag","embeddable":true,"href":"https:\/\/elcardinal.com\/index.php?rest_route=%2Fwp%2Fv2%2Ftags&post=5067"}],"curies":[{"name":"wp","href":"https:\/\/api.w.org\/{rel}","templated":true}]}}