{"id":5070,"date":"2025-09-13T12:57:38","date_gmt":"2025-09-13T18:57:38","guid":{"rendered":"https:\/\/elcardinal.com\/?p=5070"},"modified":"2025-09-14T07:55:58","modified_gmt":"2025-09-14T13:55:58","slug":"congreso-del-estado-de-hidalgo-conmemora-fiestas-patrias-con-concurso","status":"publish","type":"post","link":"https:\/\/elcardinal.com\/?p=5070","title":{"rendered":"Congreso del Estado de Hidalgo conmemora fiestas patrias con concurso"},"content":{"rendered":"<p>Redacci\u00f3n<\/p>\n<p><span style=\"font-weight: 400;\">El <\/span><b>Congreso del Estado<\/b><span style=\"font-weight: 400;\"> llev\u00f3 a cabo el concurso interno de decoraci\u00f3n de puertas como parte de las actividades conmemorativas por el D\u00eda de la Independencia de M\u00e9xico.<\/span><\/p>\n<p><span style=\"font-weight: 400;\">Esta iniciativa, en la que participaron las distintas \u00e1reas del <\/span><b>Poder Legislativo<\/b><span style=\"font-weight: 400;\">, tuvo como prop\u00f3sito rendir un merecido homenaje a los h\u00e9roes y hero\u00ednas que forjaron nuestra patria, recordando con orgullo su legado de libertad, justicia y soberan\u00eda.<\/span><\/p>\n<p><span style=\"font-weight: 400;\">Esta actividad se convirti\u00f3 en un espacio para fomentar la creatividad, el trabajo en equipo y, sobre todo, el respeto a la memoria hist\u00f3rica de nuestro pa\u00eds y del estado que lleva por nombre al padre que nos dio libertad.<\/span><\/p>\n<p><span style=\"font-weight: 400;\">Cada puerta reflej\u00f3 s\u00edmbolos, pasajes y valores que enmarcan la lucha independentista y que siguen siendo fuente de inspiraci\u00f3n para la vida democr\u00e1tica de M\u00e9xico.<\/span><\/p>\n<p><span style=\"font-weight: 400;\">De esta manera, el Poder Legislativo contribuye a mantener vivas las tradiciones y a transmitir a las nuevas generaciones el orgullo de ser mexicanos.<\/span><\/p>\n<p><span style=\"font-weight: 400;\">El presidente de la Junta de Gobierno, diputado <\/span><b>Andr\u00e9s Vel\u00e1zquez V\u00e1zquez<\/b><span style=\"font-weight: 400;\"> felicit\u00f3 al personal por la buena participaci\u00f3n registrada en este ejercicio que, al igual que los lunes c\u00edvicos, busca fortalecer los valores y conmemorar hechos hist\u00f3ricos de trascendencia.<\/span><\/p>\n<p><span style=\"font-weight: 400;\">El primer lugar lo obtuvo la Direcci\u00f3n General de Servicios Administrativos con \u201cEl primer grito de libertad\u201d; el segundo sitio fue para la Secretar\u00eda de Servicios Legislativos con \u201cDo\u00f1a Josefa Ortiz de Dom\u00ednguez\u201d; y el tercer lugar correspondi\u00f3 a la Comisi\u00f3n de Legislaci\u00f3n y Puntos Constitucionales con \u201cLa Alh\u00f3ndiga de Granaditas\u201d.<\/span><\/p>\n","protected":false},"excerpt":{"rendered":"<p>Redacci\u00f3n El Congreso del Estado llev\u00f3 a cabo el concurso interno de decoraci\u00f3n de puertas como parte de las actividades conmemorativas por el D\u00eda de la Independencia de M\u00e9xico. Esta iniciativa, en la que participaron las distintas \u00e1reas del Poder Legislativo, tuvo como prop\u00f3sito rendir un merecido homenaje a los h\u00e9roes y hero\u00ednas que forjaron<\/p>\n","protected":false},"author":2,"featured_media":5071,"comment_status":"open","ping_status":"open","sticky":false,"template":"","format":"standard","meta":{"footnotes":""},"categories":[31,44,39],"tags":[62,295],"class_list":{"0":"post-5070","1":"post","2":"type-post","3":"status-publish","4":"format-standard","5":"has-post-thumbnail","7":"category-hidalgo","8":"category-minuto-a-minuto","9":"category-politica","10":"tag-congreso-de-hidalgo","11":"tag-fiestas-patrias"},"yoast_head":"<!-- This site is optimized with the Yoast SEO plugin v26.1.1 - https:\/\/yoast.com\/wordpress\/plugins\/seo\/ -->\n<title>Congreso del Estado de Hidalgo conmemora fiestas patrias con concurso - El Cardinal<\/title>\n<meta name=\"robots\" content=\"index, follow, max-snippet:-1, max-image-preview:large, max-video-preview:-1\" \/>\n<link rel=\"canonical\" href=\"https:\/\/elcardinal.com\/?p=5070\" \/>\n<meta property=\"og:locale\" content=\"es_MX\" \/>\n<meta property=\"og:type\" content=\"article\" \/>\n<meta property=\"og:title\" content=\"Congreso del Estado de Hidalgo conmemora fiestas patrias con concurso - El Cardinal\" \/>\n<meta property=\"og:description\" content=\"Redacci\u00f3n El Congreso del Estado llev\u00f3 a cabo el concurso interno de decoraci\u00f3n de puertas como parte de las actividades conmemorativas por el D\u00eda de la Independencia de M\u00e9xico. Esta iniciativa, en la que participaron las distintas \u00e1reas del Poder Legislativo, tuvo como prop\u00f3sito rendir un merecido homenaje a los h\u00e9roes y hero\u00ednas que forjaron\" \/>\n<meta property=\"og:url\" content=\"https:\/\/elcardinal.com\/?p=5070\" \/>\n<meta property=\"og:site_name\" content=\"El Cardinal\" \/>\n<meta property=\"article:publisher\" content=\"https:\/\/www.facebook.com\/profile.php?id=100063093107011\" \/>\n<meta property=\"article:published_time\" content=\"2025-09-13T18:57:38+00:00\" \/>\n<meta property=\"article:modified_time\" content=\"2025-09-14T13:55:58+00:00\" \/>\n<meta property=\"og:image\" content=\"https:\/\/elcardinal.com\/wp-content\/uploads\/2025\/09\/12.09.2025-Recorrido-puertas-15-Septiembre-18-scaled.jpg\" \/>\n\t<meta property=\"og:image:width\" content=\"2560\" \/>\n\t<meta property=\"og:image:height\" content=\"1707\" \/>\n\t<meta property=\"og:image:type\" content=\"image\/jpeg\" \/>\n<meta name=\"author\" content=\"Antonio Alcaraz\" \/>\n<meta name=\"twitter:card\" content=\"summary_large_image\" \/>\n<meta name=\"twitter:creator\" content=\"@ElCardinal_Mx\" \/>\n<meta name=\"twitter:site\" content=\"@ElCardinal_Mx\" \/>\n<meta name=\"twitter:label1\" content=\"Escrito por\" \/>\n\t<meta name=\"twitter:data1\" content=\"Antonio Alcaraz\" \/>\n\t<meta name=\"twitter:label2\" content=\"Tiempo de lectura\" \/>\n\t<meta name=\"twitter:data2\" content=\"2 minutos\" \/>\n<script type=\"application\/ld+json\" class=\"yoast-schema-graph\">{\"@context\":\"https:\/\/schema.org\",\"@graph\":[{\"@type\":\"Article\",\"@id\":\"https:\/\/elcardinal.com\/?p=5070#article\",\"isPartOf\":{\"@id\":\"https:\/\/elcardinal.com\/?p=5070\"},\"author\":{\"name\":\"Antonio Alcaraz\",\"@id\":\"https:\/\/elcardinal.com\/#\/schema\/person\/3c352ec0a33987fe275c0e8a2ea69f8b\"},\"headline\":\"Congreso del Estado de Hidalgo conmemora fiestas patrias con concurso\",\"datePublished\":\"2025-09-13T18:57:38+00:00\",\"dateModified\":\"2025-09-14T13:55:58+00:00\",\"mainEntityOfPage\":{\"@id\":\"https:\/\/elcardinal.com\/?p=5070\"},\"wordCount\":283,\"commentCount\":0,\"publisher\":{\"@id\":\"https:\/\/elcardinal.com\/#organization\"},\"image\":{\"@id\":\"https:\/\/elcardinal.com\/?p=5070#primaryimage\"},\"thumbnailUrl\":\"https:\/\/elcardinal.com\/wp-content\/uploads\/2025\/09\/12.09.2025-Recorrido-puertas-15-Septiembre-18-scaled.jpg\",\"keywords\":[\"Congreso de Hidalgo\",\"Fiestas patrias\"],\"articleSection\":[\"Hidalgo\",\"Minuto a Minuto\",\"Pol\u00edtica\"],\"inLanguage\":\"es\",\"potentialAction\":[{\"@type\":\"CommentAction\",\"name\":\"Comment\",\"target\":[\"https:\/\/elcardinal.com\/?p=5070#respond\"]}]},{\"@type\":\"WebPage\",\"@id\":\"https:\/\/elcardinal.com\/?p=5070\",\"url\":\"https:\/\/elcardinal.com\/?p=5070\",\"name\":\"Congreso del Estado de Hidalgo conmemora fiestas patrias con concurso - El Cardinal\",\"isPartOf\":{\"@id\":\"https:\/\/elcardinal.com\/#website\"},\"primaryImageOfPage\":{\"@id\":\"https:\/\/elcardinal.com\/?p=5070#primaryimage\"},\"image\":{\"@id\":\"https:\/\/elcardinal.com\/?p=5070#primaryimage\"},\"thumbnailUrl\":\"https:\/\/elcardinal.com\/wp-content\/uploads\/2025\/09\/12.09.2025-Recorrido-puertas-15-Septiembre-18-scaled.jpg\",\"datePublished\":\"2025-09-13T18:57:38+00:00\",\"dateModified\":\"2025-09-14T13:55:58+00:00\",\"breadcrumb\":{\"@id\":\"https:\/\/elcardinal.com\/?p=5070#breadcrumb\"},\"inLanguage\":\"es\",\"potentialAction\":[{\"@type\":\"ReadAction\",\"target\":[\"https:\/\/elcardinal.com\/?p=5070\"]}]},{\"@type\":\"ImageObject\",\"inLanguage\":\"es\",\"@id\":\"https:\/\/elcardinal.com\/?p=5070#primaryimage\",\"url\":\"https:\/\/elcardinal.com\/wp-content\/uploads\/2025\/09\/12.09.2025-Recorrido-puertas-15-Septiembre-18-scaled.jpg\",\"contentUrl\":\"https:\/\/elcardinal.com\/wp-content\/uploads\/2025\/09\/12.09.2025-Recorrido-puertas-15-Septiembre-18-scaled.jpg\",\"width\":2560,\"height\":1707},{\"@type\":\"BreadcrumbList\",\"@id\":\"https:\/\/elcardinal.com\/?p=5070#breadcrumb\",\"itemListElement\":[{\"@type\":\"ListItem\",\"position\":1,\"name\":\"Inicio\",\"item\":\"https:\/\/elcardinal.com\/\"},{\"@type\":\"ListItem\",\"position\":2,\"name\":\"Congreso del Estado de Hidalgo conmemora fiestas patrias con concurso\"}]},{\"@type\":\"WebSite\",\"@id\":\"https:\/\/elcardinal.com\/#website\",\"url\":\"https:\/\/elcardinal.com\/\",\"name\":\"El Cardinal\",\"description\":\"Periodismo honesto, con valor, sentido humano, a veces sarc\u00e1stico y divertido.\",\"publisher\":{\"@id\":\"https:\/\/elcardinal.com\/#organization\"},\"alternateName\":\"El Cardinal Noticias\",\"potentialAction\":[{\"@type\":\"SearchAction\",\"target\":{\"@type\":\"EntryPoint\",\"urlTemplate\":\"https:\/\/elcardinal.com\/?s={search_term_string}\"},\"query-input\":{\"@type\":\"PropertyValueSpecification\",\"valueRequired\":true,\"valueName\":\"search_term_string\"}}],\"inLanguage\":\"es\"},{\"@type\":\"Organization\",\"@id\":\"https:\/\/elcardinal.com\/#organization\",\"name\":\"El Cardinal\",\"url\":\"https:\/\/elcardinal.com\/\",\"logo\":{\"@type\":\"ImageObject\",\"inLanguage\":\"es\",\"@id\":\"https:\/\/elcardinal.com\/#\/schema\/logo\/image\/\",\"url\":\"https:\/\/elcardinal.com\/wp-content\/uploads\/2025\/04\/LOGO-EL-CARDINAL-Periodismo-con-valor.png\",\"contentUrl\":\"https:\/\/elcardinal.com\/wp-content\/uploads\/2025\/04\/LOGO-EL-CARDINAL-Periodismo-con-valor.png\",\"width\":755,\"height\":636,\"caption\":\"El Cardinal\"},\"image\":{\"@id\":\"https:\/\/elcardinal.com\/#\/schema\/logo\/image\/\"},\"sameAs\":[\"https:\/\/www.facebook.com\/profile.php?id=100063093107011\",\"https:\/\/x.com\/ElCardinal_Mx\"]},{\"@type\":\"Person\",\"@id\":\"https:\/\/elcardinal.com\/#\/schema\/person\/3c352ec0a33987fe275c0e8a2ea69f8b\",\"name\":\"Antonio Alcaraz\",\"image\":{\"@type\":\"ImageObject\",\"inLanguage\":\"es\",\"@id\":\"https:\/\/elcardinal.com\/#\/schema\/person\/image\/\",\"url\":\"https:\/\/elcardinal.com\/wp-content\/uploads\/2025\/05\/cropped-TONO-96x96.jpg\",\"contentUrl\":\"https:\/\/elcardinal.com\/wp-content\/uploads\/2025\/05\/cropped-TONO-96x96.jpg\",\"caption\":\"Antonio Alcaraz\"},\"url\":\"https:\/\/elcardinal.com\/?author=2\"}]}<\/script>\n<!-- \/ Yoast SEO plugin. -->","yoast_head_json":{"title":"Congreso del Estado de Hidalgo conmemora fiestas patrias con concurso - El Cardinal","robots":{"index":"index","follow":"follow","max-snippet":"max-snippet:-1","max-image-preview":"max-image-preview:large","max-video-preview":"max-video-preview:-1"},"canonical":"https:\/\/elcardinal.com\/?p=5070","og_locale":"es_MX","og_type":"article","og_title":"Congreso del Estado de Hidalgo conmemora fiestas patrias con concurso - El Cardinal","og_description":"Redacci\u00f3n El Congreso del Estado llev\u00f3 a cabo el concurso interno de decoraci\u00f3n de puertas como parte de las actividades conmemorativas por el D\u00eda de la Independencia de M\u00e9xico. Esta iniciativa, en la que participaron las distintas \u00e1reas del Poder Legislativo, tuvo como prop\u00f3sito rendir un merecido homenaje a los h\u00e9roes y hero\u00ednas que forjaron","og_url":"https:\/\/elcardinal.com\/?p=5070","og_site_name":"El Cardinal","article_publisher":"https:\/\/www.facebook.com\/profile.php?id=100063093107011","article_published_time":"2025-09-13T18:57:38+00:00","article_modified_time":"2025-09-14T13:55:58+00:00","og_image":[{"width":2560,"height":1707,"url":"https:\/\/elcardinal.com\/wp-content\/uploads\/2025\/09\/12.09.2025-Recorrido-puertas-15-Septiembre-18-scaled.jpg","type":"image\/jpeg"}],"author":"Antonio Alcaraz","twitter_card":"summary_large_image","twitter_creator":"@ElCardinal_Mx","twitter_site":"@ElCardinal_Mx","twitter_misc":{"Escrito por":"Antonio Alcaraz","Tiempo de lectura":"2 minutos"},"schema":{"@context":"https:\/\/schema.org","@graph":[{"@type":"Article","@id":"https:\/\/elcardinal.com\/?p=5070#article","isPartOf":{"@id":"https:\/\/elcardinal.com\/?p=5070"},"author":{"name":"Antonio Alcaraz","@id":"https:\/\/elcardinal.com\/#\/schema\/person\/3c352ec0a33987fe275c0e8a2ea69f8b"},"headline":"Congreso del Estado de Hidalgo conmemora fiestas patrias con concurso","datePublished":"2025-09-13T18:57:38+00:00","dateModified":"2025-09-14T13:55:58+00:00","mainEntityOfPage":{"@id":"https:\/\/elcardinal.com\/?p=5070"},"wordCount":283,"commentCount":0,"publisher":{"@id":"https:\/\/elcardinal.com\/#organization"},"image":{"@id":"https:\/\/elcardinal.com\/?p=5070#primaryimage"},"thumbnailUrl":"https:\/\/elcardinal.com\/wp-content\/uploads\/2025\/09\/12.09.2025-Recorrido-puertas-15-Septiembre-18-scaled.jpg","keywords":["Congreso de Hidalgo","Fiestas patrias"],"articleSection":["Hidalgo","Minuto a Minuto","Pol\u00edtica"],"inLanguage":"es","potentialAction":[{"@type":"CommentAction","name":"Comment","target":["https:\/\/elcardinal.com\/?p=5070#respond"]}]},{"@type":"WebPage","@id":"https:\/\/elcardinal.com\/?p=5070","url":"https:\/\/elcardinal.com\/?p=5070","name":"Congreso del Estado de Hidalgo conmemora fiestas patrias con concurso - El Cardinal","isPartOf":{"@id":"https:\/\/elcardinal.com\/#website"},"primaryImageOfPage":{"@id":"https:\/\/elcardinal.com\/?p=5070#primaryimage"},"image":{"@id":"https:\/\/elcardinal.com\/?p=5070#primaryimage"},"thumbnailUrl":"https:\/\/elcardinal.com\/wp-content\/uploads\/2025\/09\/12.09.2025-Recorrido-puertas-15-Septiembre-18-scaled.jpg","datePublished":"2025-09-13T18:57:38+00:00","dateModified":"2025-09-14T13:55:58+00:00","breadcrumb":{"@id":"https:\/\/elcardinal.com\/?p=5070#breadcrumb"},"inLanguage":"es","potentialAction":[{"@type":"ReadAction","target":["https:\/\/elcardinal.com\/?p=5070"]}]},{"@type":"ImageObject","inLanguage":"es","@id":"https:\/\/elcardinal.com\/?p=5070#primaryimage","url":"https:\/\/elcardinal.com\/wp-content\/uploads\/2025\/09\/12.09.2025-Recorrido-puertas-15-Septiembre-18-scaled.jpg","contentUrl":"https:\/\/elcardinal.com\/wp-content\/uploads\/2025\/09\/12.09.2025-Recorrido-puertas-15-Septiembre-18-scaled.jpg","width":2560,"height":1707},{"@type":"BreadcrumbList","@id":"https:\/\/elcardinal.com\/?p=5070#breadcrumb","itemListElement":[{"@type":"ListItem","position":1,"name":"Inicio","item":"https:\/\/elcardinal.com\/"},{"@type":"ListItem","position":2,"name":"Congreso del Estado de Hidalgo conmemora fiestas patrias con concurso"}]},{"@type":"WebSite","@id":"https:\/\/elcardinal.com\/#website","url":"https:\/\/elcardinal.com\/","name":"El Cardinal","description":"Periodismo honesto, con valor, sentido humano, a veces sarc\u00e1stico y divertido.","publisher":{"@id":"https:\/\/elcardinal.com\/#organization"},"alternateName":"El Cardinal Noticias","potentialAction":[{"@type":"SearchAction","target":{"@type":"EntryPoint","urlTemplate":"https:\/\/elcardinal.com\/?s={search_term_string}"},"query-input":{"@type":"PropertyValueSpecification","valueRequired":true,"valueName":"search_term_string"}}],"inLanguage":"es"},{"@type":"Organization","@id":"https:\/\/elcardinal.com\/#organization","name":"El Cardinal","url":"https:\/\/elcardinal.com\/","logo":{"@type":"ImageObject","inLanguage":"es","@id":"https:\/\/elcardinal.com\/#\/schema\/logo\/image\/","url":"https:\/\/elcardinal.com\/wp-content\/uploads\/2025\/04\/LOGO-EL-CARDINAL-Periodismo-con-valor.png","contentUrl":"https:\/\/elcardinal.com\/wp-content\/uploads\/2025\/04\/LOGO-EL-CARDINAL-Periodismo-con-valor.png","width":755,"height":636,"caption":"El Cardinal"},"image":{"@id":"https:\/\/elcardinal.com\/#\/schema\/logo\/image\/"},"sameAs":["https:\/\/www.facebook.com\/profile.php?id=100063093107011","https:\/\/x.com\/ElCardinal_Mx"]},{"@type":"Person","@id":"https:\/\/elcardinal.com\/#\/schema\/person\/3c352ec0a33987fe275c0e8a2ea69f8b","name":"Antonio Alcaraz","image":{"@type":"ImageObject","inLanguage":"es","@id":"https:\/\/elcardinal.com\/#\/schema\/person\/image\/","url":"https:\/\/elcardinal.com\/wp-content\/uploads\/2025\/05\/cropped-TONO-96x96.jpg","contentUrl":"https:\/\/elcardinal.com\/wp-content\/uploads\/2025\/05\/cropped-TONO-96x96.jpg","caption":"Antonio Alcaraz"},"url":"https:\/\/elcardinal.com\/?author=2"}]}},"_links":{"self":[{"href":"https:\/\/elcardinal.com\/index.php?rest_route=\/wp\/v2\/posts\/5070","targetHints":{"allow":["GET"]}}],"collection":[{"href":"https:\/\/elcardinal.com\/index.php?rest_route=\/wp\/v2\/posts"}],"about":[{"href":"https:\/\/elcardinal.com\/index.php?rest_route=\/wp\/v2\/types\/post"}],"author":[{"embeddable":true,"href":"https:\/\/elcardinal.com\/index.php?rest_route=\/wp\/v2\/users\/2"}],"replies":[{"embeddable":true,"href":"https:\/\/elcardinal.com\/index.php?rest_route=%2Fwp%2Fv2%2Fcomments&post=5070"}],"version-history":[{"count":1,"href":"https:\/\/elcardinal.com\/index.php?rest_route=\/wp\/v2\/posts\/5070\/revisions"}],"predecessor-version":[{"id":5072,"href":"https:\/\/elcardinal.com\/index.php?rest_route=\/wp\/v2\/posts\/5070\/revisions\/5072"}],"wp:featuredmedia":[{"embeddable":true,"href":"https:\/\/elcardinal.com\/index.php?rest_route=\/wp\/v2\/media\/5071"}],"wp:attachment":[{"href":"https:\/\/elcardinal.com\/index.php?rest_route=%2Fwp%2Fv2%2Fmedia&parent=5070"}],"wp:term":[{"taxonomy":"category","embeddable":true,"href":"https:\/\/elcardinal.com\/index.php?rest_route=%2Fwp%2Fv2%2Fcategories&post=5070"},{"taxonomy":"post_tag","embeddable":true,"href":"https:\/\/elcardinal.com\/index.php?rest_route=%2Fwp%2Fv2%2Ftags&post=5070"}],"curies":[{"name":"wp","href":"https:\/\/api.w.org\/{rel}","templated":true}]}}