{"id":5073,"date":"2025-09-14T07:53:38","date_gmt":"2025-09-14T13:53:38","guid":{"rendered":"https:\/\/elcardinal.com\/?p=5073"},"modified":"2025-09-14T07:58:49","modified_gmt":"2025-09-14T13:58:49","slug":"siempre-leonora","status":"publish","type":"post","link":"https:\/\/elcardinal.com\/?p=5073","title":{"rendered":"Siempre Leonora"},"content":{"rendered":"<p>Por: <strong>Tania Mart\u00ednez Su\u00e1rez\u00a0<\/strong><\/p>\n<p>Llegu\u00e9 a <strong>Leonora<em> en un absoluto desconocimiento de ella<\/em><\/strong>, pero su obra desde la primera vez me atrap\u00f3 para siempre. Recuerdo haberla visto dar algunas entrevistas por televisi\u00f3n, me parec\u00eda parad\u00f3jico ver una afable mujer mayor hablando de cosas tan sencillas y a la vez tan intrincadas, yo me quedaba a la mitad, s\u00f3lo sab\u00eda que no alcanzaba a comprender del todo lo que expresaba, pero la segu\u00ed.<\/p>\n<p>As\u00ed, vi alguna vez una exposici\u00f3n suya en el<strong> Cuartel del Arte de Pachuca<\/strong>, era en realidad peque\u00f1a, algunos objetos, estatuas de bronce como hijos de otras monumentales que luego fui encontrando en algunas plazas p\u00fablicas y una escultura utilitaria de un cocodrilo que era tambi\u00e9n una banca donde se sent\u00f3 mi hija. <img fetchpriority=\"high\" decoding=\"async\" class=\"size-medium wp-image-5074 alignright\" src=\"https:\/\/elcardinal.com\/wp-content\/uploads\/2025\/09\/WhatsApp-Image-2025-09-13-at-3.06.49-PM-225x300.jpeg\" alt=\"\" width=\"225\" height=\"300\" srcset=\"https:\/\/elcardinal.com\/wp-content\/uploads\/2025\/09\/WhatsApp-Image-2025-09-13-at-3.06.49-PM-225x300.jpeg 225w, https:\/\/elcardinal.com\/wp-content\/uploads\/2025\/09\/WhatsApp-Image-2025-09-13-at-3.06.49-PM-768x1024.jpeg 768w, https:\/\/elcardinal.com\/wp-content\/uploads\/2025\/09\/WhatsApp-Image-2025-09-13-at-3.06.49-PM-1152x1536.jpeg 1152w, https:\/\/elcardinal.com\/wp-content\/uploads\/2025\/09\/WhatsApp-Image-2025-09-13-at-3.06.49-PM-150x200.jpeg 150w, https:\/\/elcardinal.com\/wp-content\/uploads\/2025\/09\/WhatsApp-Image-2025-09-13-at-3.06.49-PM-450x600.jpeg 450w, https:\/\/elcardinal.com\/wp-content\/uploads\/2025\/09\/WhatsApp-Image-2025-09-13-at-3.06.49-PM.jpeg 1200w\" sizes=\"(max-width: 225px) 100vw, 225px\" \/><\/p>\n<p>En el <em><strong>Museo Nacional de Arte Contempor\u00e1neo<\/strong><strong> en la Ciudad de M\u00e9xico<\/strong><\/em> disfrut\u00e9 de\u00a0 una amplia exposici\u00f3n de su arte y pensamiento, recorr\u00ed por lo menos dos veces todas la salas, y ciertamente no quer\u00eda ir, he encontrado en sus palabras e im\u00e1genes un lugar donde me siento como en casa.<\/p>\n<p>La vi en la <strong>Universidad Aut\u00f3noma de M\u00e9xico<\/strong>, ya envejecida y dando una conferencia del origen mole y como este la atrap\u00f3 cuando lleg\u00f3 a M\u00e9xico, m\u00e1s que su voz, sus manos lograron hipnotizame, se mov\u00edan haciendo un comp\u00e1s a su palabra, y distra\u00edan la atenci\u00f3n para que ella pudiera pintar con los acordes de su garganta.<\/p>\n<blockquote><p>La sigo, o la encuentro, en su escultura de los cocodrilos en reforma,\u00a0 las bancas en la calle 5 de mayo o cerca del Museo Archivo de Fotograf\u00eda en el Centro Hist\u00f3rico de la ciudad de M\u00e9xico. En La Trompeta Ac\u00fastica, Lilus Kikus, Cuentos Completos, Memorias de Abajo, El S\u00e9ptimo Caballo. La encuentro en sus frases, bosquejos, en su gusto por los gatos, mis al\u00e9rgenos m\u00e1s fieles.<\/p><\/blockquote>\n<p><img decoding=\"async\" class=\"size-medium wp-image-5075 alignleft\" src=\"https:\/\/elcardinal.com\/wp-content\/uploads\/2025\/09\/WhatsApp-Image-2025-09-13-at-3.06.51-PM-3-300x225.jpeg\" alt=\"\" width=\"300\" height=\"225\" srcset=\"https:\/\/elcardinal.com\/wp-content\/uploads\/2025\/09\/WhatsApp-Image-2025-09-13-at-3.06.51-PM-3-300x225.jpeg 300w, https:\/\/elcardinal.com\/wp-content\/uploads\/2025\/09\/WhatsApp-Image-2025-09-13-at-3.06.51-PM-3-1024x768.jpeg 1024w, https:\/\/elcardinal.com\/wp-content\/uploads\/2025\/09\/WhatsApp-Image-2025-09-13-at-3.06.51-PM-3-768x576.jpeg 768w, https:\/\/elcardinal.com\/wp-content\/uploads\/2025\/09\/WhatsApp-Image-2025-09-13-at-3.06.51-PM-3-1536x1152.jpeg 1536w, https:\/\/elcardinal.com\/wp-content\/uploads\/2025\/09\/WhatsApp-Image-2025-09-13-at-3.06.51-PM-3-150x113.jpeg 150w, https:\/\/elcardinal.com\/wp-content\/uploads\/2025\/09\/WhatsApp-Image-2025-09-13-at-3.06.51-PM-3-450x338.jpeg 450w, https:\/\/elcardinal.com\/wp-content\/uploads\/2025\/09\/WhatsApp-Image-2025-09-13-at-3.06.51-PM-3-1200x900.jpeg 1200w, https:\/\/elcardinal.com\/wp-content\/uploads\/2025\/09\/WhatsApp-Image-2025-09-13-at-3.06.51-PM-3.jpeg 1600w\" sizes=\"(max-width: 300px) 100vw, 300px\" \/>La encontr\u00e9 en San Luis Potos\u00ed, en un magn\u00edfico complejo cultural que alberga su museo, en un conjunto de 5 salas que transformaron las otrora cruj\u00edas en portales para admirar la belleza. Un lugar cual castillo, con torres, un port\u00f3n y bardas enormes es su casa imperturbable, ten\u00eda que ser en San Luis Potos\u00ed y sus callejones plagados de signos mas\u00f3nicos, su devoci\u00f3n por la marcha del silencio y los encapuchados con gorros en punta, esa ciudad de las horas sin tiempo que se entretejen entre sus plazas p\u00fablicas, una m\u00e1s hermosa que la otra y as\u00ed hasta el infinito. Ten\u00eda que ser ah\u00ed con su sol prometedor de d\u00edas c\u00e1lidos y la lluvia que golpea la tierra de s\u00fabito, para que nazca de nuevo la fragancia de la vida; ten\u00eda que ser ah\u00ed donde un pedacito de tu alma se queda mirando los arreboles y la ciudad infinita que bulle entre el progreso, la industria y el eterno estado de la calma.<\/p>\n<p>Ah\u00ed est\u00e1 Leonora, en el ojo del pez, del gallo, del becerro, en las manos abiertas de la quirom\u00e1ntica (mi pieza favorita) mirando a trav\u00e9s de las m\u00e1scaras, por los resquicios de las puertas, en todos los \u00e1ngulos de patio abierto al cielo y en las vasijas que sostienen la atolera y la hacedora de mole, para que caiga como lluvia plagada de incertidumbres, porque su obra es un acertijo y una continua pregunta en el aire. La sigo, me llevar\u00e1 a Xilitla y a Londres, a sus pinturas, a su estilo \u00fanico y enigm\u00e1tico, a donde quiera que pueda admirar su talento y maravillarme.<\/p>\n<p><img decoding=\"async\" class=\"size-medium wp-image-5076 alignright\" src=\"https:\/\/elcardinal.com\/wp-content\/uploads\/2025\/09\/WhatsApp-Image-2025-09-13-at-3.05.21-PM-1-300x225.jpeg\" alt=\"\" width=\"300\" height=\"225\" srcset=\"https:\/\/elcardinal.com\/wp-content\/uploads\/2025\/09\/WhatsApp-Image-2025-09-13-at-3.05.21-PM-1-300x225.jpeg 300w, https:\/\/elcardinal.com\/wp-content\/uploads\/2025\/09\/WhatsApp-Image-2025-09-13-at-3.05.21-PM-1-1024x768.jpeg 1024w, https:\/\/elcardinal.com\/wp-content\/uploads\/2025\/09\/WhatsApp-Image-2025-09-13-at-3.05.21-PM-1-768x576.jpeg 768w, https:\/\/elcardinal.com\/wp-content\/uploads\/2025\/09\/WhatsApp-Image-2025-09-13-at-3.05.21-PM-1-1536x1152.jpeg 1536w, https:\/\/elcardinal.com\/wp-content\/uploads\/2025\/09\/WhatsApp-Image-2025-09-13-at-3.05.21-PM-1-150x113.jpeg 150w, https:\/\/elcardinal.com\/wp-content\/uploads\/2025\/09\/WhatsApp-Image-2025-09-13-at-3.05.21-PM-1-450x338.jpeg 450w, https:\/\/elcardinal.com\/wp-content\/uploads\/2025\/09\/WhatsApp-Image-2025-09-13-at-3.05.21-PM-1-1200x900.jpeg 1200w, https:\/\/elcardinal.com\/wp-content\/uploads\/2025\/09\/WhatsApp-Image-2025-09-13-at-3.05.21-PM-1.jpeg 1600w\" sizes=\"(max-width: 300px) 100vw, 300px\" \/><\/p>\n<blockquote><p>\u201cEn la vida uno debe hacer lo que le da la gana, porque la frase que comienza con &#8216;hubiera querido&#8217; vale para una chingada\u201d.<\/p><\/blockquote>\n<p>Leonora Carrington<\/p>\n<p><strong>\u00a0<\/strong><strong>Visita el Museo: <\/strong><\/p>\n<p><strong>\u00a0<\/strong><strong>Museo Leonora Carrington<\/strong><\/p>\n<p><strong>Fecha de fundaci<\/strong><strong>\u00f3n:<\/strong> 22 de marzo de 2018.<\/p>\n<p>Centro de las Artes de San Luis Potos\u00ed\/Secretar\u00eda de Cultura de San Luis Potos\u00ed Calz. de Guadalupe 705, Col. Juli\u00e1n Carrillo. CP 78340<br \/>\nSan Luis Potos\u00ed, San Luis Potos\u00ed, San Luis Potos\u00ed<br \/>\nTels.: 444 137 41 00 \/<a href=\"mailto:dir@leonoracarringtonmuseo.org\"><strong>dir@leonoracarringtonmuseo.org<\/strong><\/a><\/p>\n<p><strong>https:\/\/sic.cultura.gob.mx\/ficha.php?table=museo&amp;table_id=1799<\/strong><\/p>\n<p><img loading=\"lazy\" decoding=\"async\" class=\"size-medium wp-image-5077 alignright\" src=\"https:\/\/elcardinal.com\/wp-content\/uploads\/2025\/09\/WhatsApp-Image-2025-09-13-at-3.05.22-PM-225x300.jpeg\" alt=\"\" width=\"225\" height=\"300\" srcset=\"https:\/\/elcardinal.com\/wp-content\/uploads\/2025\/09\/WhatsApp-Image-2025-09-13-at-3.05.22-PM-225x300.jpeg 225w, https:\/\/elcardinal.com\/wp-content\/uploads\/2025\/09\/WhatsApp-Image-2025-09-13-at-3.05.22-PM-768x1024.jpeg 768w, https:\/\/elcardinal.com\/wp-content\/uploads\/2025\/09\/WhatsApp-Image-2025-09-13-at-3.05.22-PM-1152x1536.jpeg 1152w, https:\/\/elcardinal.com\/wp-content\/uploads\/2025\/09\/WhatsApp-Image-2025-09-13-at-3.05.22-PM-150x200.jpeg 150w, https:\/\/elcardinal.com\/wp-content\/uploads\/2025\/09\/WhatsApp-Image-2025-09-13-at-3.05.22-PM-450x600.jpeg 450w, https:\/\/elcardinal.com\/wp-content\/uploads\/2025\/09\/WhatsApp-Image-2025-09-13-at-3.05.22-PM.jpeg 1200w\" sizes=\"(max-width: 225px) 100vw, 225px\" \/> <img loading=\"lazy\" decoding=\"async\" class=\"size-medium wp-image-5078 alignright\" src=\"https:\/\/elcardinal.com\/wp-content\/uploads\/2025\/09\/WhatsApp-Image-2025-09-13-at-3.05.22-PM-1-225x300.jpeg\" alt=\"\" width=\"225\" height=\"300\" srcset=\"https:\/\/elcardinal.com\/wp-content\/uploads\/2025\/09\/WhatsApp-Image-2025-09-13-at-3.05.22-PM-1-225x300.jpeg 225w, https:\/\/elcardinal.com\/wp-content\/uploads\/2025\/09\/WhatsApp-Image-2025-09-13-at-3.05.22-PM-1-768x1024.jpeg 768w, https:\/\/elcardinal.com\/wp-content\/uploads\/2025\/09\/WhatsApp-Image-2025-09-13-at-3.05.22-PM-1-1152x1536.jpeg 1152w, https:\/\/elcardinal.com\/wp-content\/uploads\/2025\/09\/WhatsApp-Image-2025-09-13-at-3.05.22-PM-1-150x200.jpeg 150w, https:\/\/elcardinal.com\/wp-content\/uploads\/2025\/09\/WhatsApp-Image-2025-09-13-at-3.05.22-PM-1-450x600.jpeg 450w, https:\/\/elcardinal.com\/wp-content\/uploads\/2025\/09\/WhatsApp-Image-2025-09-13-at-3.05.22-PM-1.jpeg 1200w\" sizes=\"(max-width: 225px) 100vw, 225px\" \/><\/p>\n<p><strong>\u00a0<\/strong><strong>Horarios y costos<\/strong><\/p>\n<p>Martes a domingo de 10 a 18 h.<br \/>\nMi\u00e9rcoles entrada libre (De 10 a 20 hrs. \u00daltimo acceso a las 7:15)<br \/>\nAdmisi\u00f3n general $50<br \/>\nEstudiantes y maestros con credencial vigente: $27.50<br \/>\nEntrada libre a menores de 10 a\u00f1os y adultos mayores de 60 con credencial de INAPAM.<\/p>\n<p><strong>Datos generales: <\/strong>Es el primer museo del mundo dedicado a la artista surrealista de origen ingl\u00e9s, donde se exhiben esculturas, joyas, obra gr\u00e1fica y objetos personales de la autora.El inmueble consta de cuatro edificios con alrededor de 20 celdas cada uno, as\u00ed como un patio central y cuatro \u00e1reas abiertas con esculturas monumentales.<\/p>\n<p><strong><img loading=\"lazy\" decoding=\"async\" class=\"size-medium wp-image-5079 alignleft\" src=\"https:\/\/elcardinal.com\/wp-content\/uploads\/2025\/09\/WhatsApp-Image-2025-09-13-at-3.06.50-PM-2-300x225.jpeg\" alt=\"\" width=\"300\" height=\"225\" srcset=\"https:\/\/elcardinal.com\/wp-content\/uploads\/2025\/09\/WhatsApp-Image-2025-09-13-at-3.06.50-PM-2-300x225.jpeg 300w, https:\/\/elcardinal.com\/wp-content\/uploads\/2025\/09\/WhatsApp-Image-2025-09-13-at-3.06.50-PM-2-1024x768.jpeg 1024w, https:\/\/elcardinal.com\/wp-content\/uploads\/2025\/09\/WhatsApp-Image-2025-09-13-at-3.06.50-PM-2-768x576.jpeg 768w, https:\/\/elcardinal.com\/wp-content\/uploads\/2025\/09\/WhatsApp-Image-2025-09-13-at-3.06.50-PM-2-1536x1152.jpeg 1536w, https:\/\/elcardinal.com\/wp-content\/uploads\/2025\/09\/WhatsApp-Image-2025-09-13-at-3.06.50-PM-2-150x113.jpeg 150w, https:\/\/elcardinal.com\/wp-content\/uploads\/2025\/09\/WhatsApp-Image-2025-09-13-at-3.06.50-PM-2-450x338.jpeg 450w, https:\/\/elcardinal.com\/wp-content\/uploads\/2025\/09\/WhatsApp-Image-2025-09-13-at-3.06.50-PM-2-1200x900.jpeg 1200w, https:\/\/elcardinal.com\/wp-content\/uploads\/2025\/09\/WhatsApp-Image-2025-09-13-at-3.06.50-PM-2.jpeg 1600w\" sizes=\"(max-width: 300px) 100vw, 300px\" \/>Salas de exhibici\u00f3n<\/strong>: informativa \u201cLeonora Carrington\u201d muestra un acercamiento a la vida y obra de la artista a trav\u00e9s de su biograf\u00eda, textos y objetos personales. \u201cSurrealismo\u201d es un espacio informativo que busca acercar al p\u00fablico al contexto hist\u00f3rico y art\u00edstico de la colecci\u00f3n. Audiovisual est\u00e1 destinada a proyecciones de video, pl\u00e1ticas, performance y conferencias. La biblioteca cuenta con material especializado y de archivo. De exhibici\u00f3n temporal: El programa de exposiciones temporales sigue dos l\u00edneas principales, exhibiciones que presentan una relaci\u00f3n hist\u00f3rica con la obra de Leonora Carrington y, por otro lado, que la entrelazan con las pr\u00e1cticas art\u00edsticas actuales.<\/p>\n<p><strong>\u00a0Servicios<\/strong>:<\/p>\n<ul>\n<li>Talleres<\/li>\n<li>Biblioteca<\/li>\n<li>Sala audiovisual<\/li>\n<li>Tienda<\/li>\n<li>Cafeter\u00eda\/Restaurante<\/li>\n<li>Accesibilidad<\/li>\n<li>Auditorio<\/li>\n<li>Ba\u00f1os<\/li>\n<li>Centro Educativo\/Documentaci\u00f3n<\/li>\n<li>Estacionamiento<\/li>\n<li>Guardarropa<\/li>\n<li>Videoteca<\/li>\n<li>Visitas Guiadas<\/li>\n<li><span style=\"font-size: 14px;\">Wi-Fi<\/span><\/li>\n<\/ul>\n","protected":false},"excerpt":{"rendered":"<p>Por: Tania Mart\u00ednez Su\u00e1rez\u00a0 Llegu\u00e9 a Leonora en un absoluto desconocimiento de ella, pero su obra desde la primera vez me atrap\u00f3 para siempre. Recuerdo haberla visto dar algunas entrevistas por televisi\u00f3n, me parec\u00eda parad\u00f3jico ver una afable mujer mayor hablando de cosas tan sencillas y a la vez tan intrincadas, yo me quedaba a<\/p>\n","protected":false},"author":2,"featured_media":4974,"comment_status":"open","ping_status":"open","sticky":false,"template":"","format":"standard","meta":{"footnotes":""},"categories":[44,35],"tags":[296,297,54,55],"class_list":{"0":"post-5073","1":"post","2":"type-post","3":"status-publish","4":"format-standard","5":"has-post-thumbnail","7":"category-minuto-a-minuto","8":"category-opinion","9":"tag-leonora","10":"tag-leonora-carrington","11":"tag-proscrita","12":"tag-tania-martinez-suarez"},"yoast_head":"<!-- This site is optimized with the Yoast SEO plugin v26.1.1 - https:\/\/yoast.com\/wordpress\/plugins\/seo\/ -->\n<title>Siempre Leonora - El Cardinal<\/title>\n<meta name=\"robots\" content=\"index, follow, max-snippet:-1, max-image-preview:large, max-video-preview:-1\" \/>\n<link rel=\"canonical\" href=\"https:\/\/elcardinal.com\/?p=5073\" \/>\n<meta property=\"og:locale\" content=\"es_MX\" \/>\n<meta property=\"og:type\" content=\"article\" \/>\n<meta property=\"og:title\" content=\"Siempre Leonora - El Cardinal\" \/>\n<meta property=\"og:description\" content=\"Por: Tania Mart\u00ednez Su\u00e1rez\u00a0 Llegu\u00e9 a Leonora en un absoluto desconocimiento de ella, pero su obra desde la primera vez me atrap\u00f3 para siempre. Recuerdo haberla visto dar algunas entrevistas por televisi\u00f3n, me parec\u00eda parad\u00f3jico ver una afable mujer mayor hablando de cosas tan sencillas y a la vez tan intrincadas, yo me quedaba a\" \/>\n<meta property=\"og:url\" content=\"https:\/\/elcardinal.com\/?p=5073\" \/>\n<meta property=\"og:site_name\" content=\"El Cardinal\" \/>\n<meta property=\"article:publisher\" content=\"https:\/\/www.facebook.com\/profile.php?id=100063093107011\" \/>\n<meta property=\"article:published_time\" content=\"2025-09-14T13:53:38+00:00\" \/>\n<meta property=\"article:modified_time\" content=\"2025-09-14T13:58:49+00:00\" \/>\n<meta property=\"og:image\" content=\"https:\/\/elcardinal.com\/wp-content\/uploads\/2025\/08\/Semillas-Esterales.png\" \/>\n\t<meta property=\"og:image:width\" content=\"940\" \/>\n\t<meta property=\"og:image:height\" content=\"788\" \/>\n\t<meta property=\"og:image:type\" content=\"image\/png\" \/>\n<meta name=\"author\" content=\"Antonio Alcaraz\" \/>\n<meta name=\"twitter:card\" content=\"summary_large_image\" \/>\n<meta name=\"twitter:creator\" content=\"@ElCardinal_Mx\" \/>\n<meta name=\"twitter:site\" content=\"@ElCardinal_Mx\" \/>\n<meta name=\"twitter:label1\" content=\"Escrito por\" \/>\n\t<meta name=\"twitter:data1\" content=\"Antonio Alcaraz\" \/>\n\t<meta name=\"twitter:label2\" content=\"Tiempo de lectura\" \/>\n\t<meta name=\"twitter:data2\" content=\"5 minutos\" \/>\n<script type=\"application\/ld+json\" class=\"yoast-schema-graph\">{\"@context\":\"https:\/\/schema.org\",\"@graph\":[{\"@type\":\"Article\",\"@id\":\"https:\/\/elcardinal.com\/?p=5073#article\",\"isPartOf\":{\"@id\":\"https:\/\/elcardinal.com\/?p=5073\"},\"author\":{\"name\":\"Antonio Alcaraz\",\"@id\":\"https:\/\/elcardinal.com\/#\/schema\/person\/3c352ec0a33987fe275c0e8a2ea69f8b\"},\"headline\":\"Siempre Leonora\",\"datePublished\":\"2025-09-14T13:53:38+00:00\",\"dateModified\":\"2025-09-14T13:58:49+00:00\",\"mainEntityOfPage\":{\"@id\":\"https:\/\/elcardinal.com\/?p=5073\"},\"wordCount\":940,\"commentCount\":0,\"publisher\":{\"@id\":\"https:\/\/elcardinal.com\/#organization\"},\"image\":{\"@id\":\"https:\/\/elcardinal.com\/?p=5073#primaryimage\"},\"thumbnailUrl\":\"https:\/\/elcardinal.com\/wp-content\/uploads\/2025\/08\/Semillas-Esterales.png\",\"keywords\":[\"Leonora\",\"Leonora Carrington\",\"Proscrita\",\"Tania Mart\u00ednez Su\u00e1rez\"],\"articleSection\":[\"Minuto a Minuto\",\"Opini\u00f3n\"],\"inLanguage\":\"es\",\"potentialAction\":[{\"@type\":\"CommentAction\",\"name\":\"Comment\",\"target\":[\"https:\/\/elcardinal.com\/?p=5073#respond\"]}]},{\"@type\":\"WebPage\",\"@id\":\"https:\/\/elcardinal.com\/?p=5073\",\"url\":\"https:\/\/elcardinal.com\/?p=5073\",\"name\":\"Siempre Leonora - El Cardinal\",\"isPartOf\":{\"@id\":\"https:\/\/elcardinal.com\/#website\"},\"primaryImageOfPage\":{\"@id\":\"https:\/\/elcardinal.com\/?p=5073#primaryimage\"},\"image\":{\"@id\":\"https:\/\/elcardinal.com\/?p=5073#primaryimage\"},\"thumbnailUrl\":\"https:\/\/elcardinal.com\/wp-content\/uploads\/2025\/08\/Semillas-Esterales.png\",\"datePublished\":\"2025-09-14T13:53:38+00:00\",\"dateModified\":\"2025-09-14T13:58:49+00:00\",\"breadcrumb\":{\"@id\":\"https:\/\/elcardinal.com\/?p=5073#breadcrumb\"},\"inLanguage\":\"es\",\"potentialAction\":[{\"@type\":\"ReadAction\",\"target\":[\"https:\/\/elcardinal.com\/?p=5073\"]}]},{\"@type\":\"ImageObject\",\"inLanguage\":\"es\",\"@id\":\"https:\/\/elcardinal.com\/?p=5073#primaryimage\",\"url\":\"https:\/\/elcardinal.com\/wp-content\/uploads\/2025\/08\/Semillas-Esterales.png\",\"contentUrl\":\"https:\/\/elcardinal.com\/wp-content\/uploads\/2025\/08\/Semillas-Esterales.png\",\"width\":940,\"height\":788},{\"@type\":\"BreadcrumbList\",\"@id\":\"https:\/\/elcardinal.com\/?p=5073#breadcrumb\",\"itemListElement\":[{\"@type\":\"ListItem\",\"position\":1,\"name\":\"Inicio\",\"item\":\"https:\/\/elcardinal.com\/\"},{\"@type\":\"ListItem\",\"position\":2,\"name\":\"Siempre Leonora\"}]},{\"@type\":\"WebSite\",\"@id\":\"https:\/\/elcardinal.com\/#website\",\"url\":\"https:\/\/elcardinal.com\/\",\"name\":\"El Cardinal\",\"description\":\"Periodismo honesto, con valor, sentido humano, a veces sarc\u00e1stico y divertido.\",\"publisher\":{\"@id\":\"https:\/\/elcardinal.com\/#organization\"},\"alternateName\":\"El Cardinal Noticias\",\"potentialAction\":[{\"@type\":\"SearchAction\",\"target\":{\"@type\":\"EntryPoint\",\"urlTemplate\":\"https:\/\/elcardinal.com\/?s={search_term_string}\"},\"query-input\":{\"@type\":\"PropertyValueSpecification\",\"valueRequired\":true,\"valueName\":\"search_term_string\"}}],\"inLanguage\":\"es\"},{\"@type\":\"Organization\",\"@id\":\"https:\/\/elcardinal.com\/#organization\",\"name\":\"El Cardinal\",\"url\":\"https:\/\/elcardinal.com\/\",\"logo\":{\"@type\":\"ImageObject\",\"inLanguage\":\"es\",\"@id\":\"https:\/\/elcardinal.com\/#\/schema\/logo\/image\/\",\"url\":\"https:\/\/elcardinal.com\/wp-content\/uploads\/2025\/04\/LOGO-EL-CARDINAL-Periodismo-con-valor.png\",\"contentUrl\":\"https:\/\/elcardinal.com\/wp-content\/uploads\/2025\/04\/LOGO-EL-CARDINAL-Periodismo-con-valor.png\",\"width\":755,\"height\":636,\"caption\":\"El Cardinal\"},\"image\":{\"@id\":\"https:\/\/elcardinal.com\/#\/schema\/logo\/image\/\"},\"sameAs\":[\"https:\/\/www.facebook.com\/profile.php?id=100063093107011\",\"https:\/\/x.com\/ElCardinal_Mx\"]},{\"@type\":\"Person\",\"@id\":\"https:\/\/elcardinal.com\/#\/schema\/person\/3c352ec0a33987fe275c0e8a2ea69f8b\",\"name\":\"Antonio Alcaraz\",\"image\":{\"@type\":\"ImageObject\",\"inLanguage\":\"es\",\"@id\":\"https:\/\/elcardinal.com\/#\/schema\/person\/image\/\",\"url\":\"https:\/\/elcardinal.com\/wp-content\/uploads\/2025\/05\/cropped-TONO-96x96.jpg\",\"contentUrl\":\"https:\/\/elcardinal.com\/wp-content\/uploads\/2025\/05\/cropped-TONO-96x96.jpg\",\"caption\":\"Antonio Alcaraz\"},\"url\":\"https:\/\/elcardinal.com\/?author=2\"}]}<\/script>\n<!-- \/ Yoast SEO plugin. -->","yoast_head_json":{"title":"Siempre Leonora - El Cardinal","robots":{"index":"index","follow":"follow","max-snippet":"max-snippet:-1","max-image-preview":"max-image-preview:large","max-video-preview":"max-video-preview:-1"},"canonical":"https:\/\/elcardinal.com\/?p=5073","og_locale":"es_MX","og_type":"article","og_title":"Siempre Leonora - El Cardinal","og_description":"Por: Tania Mart\u00ednez Su\u00e1rez\u00a0 Llegu\u00e9 a Leonora en un absoluto desconocimiento de ella, pero su obra desde la primera vez me atrap\u00f3 para siempre. Recuerdo haberla visto dar algunas entrevistas por televisi\u00f3n, me parec\u00eda parad\u00f3jico ver una afable mujer mayor hablando de cosas tan sencillas y a la vez tan intrincadas, yo me quedaba a","og_url":"https:\/\/elcardinal.com\/?p=5073","og_site_name":"El Cardinal","article_publisher":"https:\/\/www.facebook.com\/profile.php?id=100063093107011","article_published_time":"2025-09-14T13:53:38+00:00","article_modified_time":"2025-09-14T13:58:49+00:00","og_image":[{"width":940,"height":788,"url":"https:\/\/elcardinal.com\/wp-content\/uploads\/2025\/08\/Semillas-Esterales.png","type":"image\/png"}],"author":"Antonio Alcaraz","twitter_card":"summary_large_image","twitter_creator":"@ElCardinal_Mx","twitter_site":"@ElCardinal_Mx","twitter_misc":{"Escrito por":"Antonio Alcaraz","Tiempo de lectura":"5 minutos"},"schema":{"@context":"https:\/\/schema.org","@graph":[{"@type":"Article","@id":"https:\/\/elcardinal.com\/?p=5073#article","isPartOf":{"@id":"https:\/\/elcardinal.com\/?p=5073"},"author":{"name":"Antonio Alcaraz","@id":"https:\/\/elcardinal.com\/#\/schema\/person\/3c352ec0a33987fe275c0e8a2ea69f8b"},"headline":"Siempre Leonora","datePublished":"2025-09-14T13:53:38+00:00","dateModified":"2025-09-14T13:58:49+00:00","mainEntityOfPage":{"@id":"https:\/\/elcardinal.com\/?p=5073"},"wordCount":940,"commentCount":0,"publisher":{"@id":"https:\/\/elcardinal.com\/#organization"},"image":{"@id":"https:\/\/elcardinal.com\/?p=5073#primaryimage"},"thumbnailUrl":"https:\/\/elcardinal.com\/wp-content\/uploads\/2025\/08\/Semillas-Esterales.png","keywords":["Leonora","Leonora Carrington","Proscrita","Tania Mart\u00ednez Su\u00e1rez"],"articleSection":["Minuto a Minuto","Opini\u00f3n"],"inLanguage":"es","potentialAction":[{"@type":"CommentAction","name":"Comment","target":["https:\/\/elcardinal.com\/?p=5073#respond"]}]},{"@type":"WebPage","@id":"https:\/\/elcardinal.com\/?p=5073","url":"https:\/\/elcardinal.com\/?p=5073","name":"Siempre Leonora - El Cardinal","isPartOf":{"@id":"https:\/\/elcardinal.com\/#website"},"primaryImageOfPage":{"@id":"https:\/\/elcardinal.com\/?p=5073#primaryimage"},"image":{"@id":"https:\/\/elcardinal.com\/?p=5073#primaryimage"},"thumbnailUrl":"https:\/\/elcardinal.com\/wp-content\/uploads\/2025\/08\/Semillas-Esterales.png","datePublished":"2025-09-14T13:53:38+00:00","dateModified":"2025-09-14T13:58:49+00:00","breadcrumb":{"@id":"https:\/\/elcardinal.com\/?p=5073#breadcrumb"},"inLanguage":"es","potentialAction":[{"@type":"ReadAction","target":["https:\/\/elcardinal.com\/?p=5073"]}]},{"@type":"ImageObject","inLanguage":"es","@id":"https:\/\/elcardinal.com\/?p=5073#primaryimage","url":"https:\/\/elcardinal.com\/wp-content\/uploads\/2025\/08\/Semillas-Esterales.png","contentUrl":"https:\/\/elcardinal.com\/wp-content\/uploads\/2025\/08\/Semillas-Esterales.png","width":940,"height":788},{"@type":"BreadcrumbList","@id":"https:\/\/elcardinal.com\/?p=5073#breadcrumb","itemListElement":[{"@type":"ListItem","position":1,"name":"Inicio","item":"https:\/\/elcardinal.com\/"},{"@type":"ListItem","position":2,"name":"Siempre Leonora"}]},{"@type":"WebSite","@id":"https:\/\/elcardinal.com\/#website","url":"https:\/\/elcardinal.com\/","name":"El Cardinal","description":"Periodismo honesto, con valor, sentido humano, a veces sarc\u00e1stico y divertido.","publisher":{"@id":"https:\/\/elcardinal.com\/#organization"},"alternateName":"El Cardinal Noticias","potentialAction":[{"@type":"SearchAction","target":{"@type":"EntryPoint","urlTemplate":"https:\/\/elcardinal.com\/?s={search_term_string}"},"query-input":{"@type":"PropertyValueSpecification","valueRequired":true,"valueName":"search_term_string"}}],"inLanguage":"es"},{"@type":"Organization","@id":"https:\/\/elcardinal.com\/#organization","name":"El Cardinal","url":"https:\/\/elcardinal.com\/","logo":{"@type":"ImageObject","inLanguage":"es","@id":"https:\/\/elcardinal.com\/#\/schema\/logo\/image\/","url":"https:\/\/elcardinal.com\/wp-content\/uploads\/2025\/04\/LOGO-EL-CARDINAL-Periodismo-con-valor.png","contentUrl":"https:\/\/elcardinal.com\/wp-content\/uploads\/2025\/04\/LOGO-EL-CARDINAL-Periodismo-con-valor.png","width":755,"height":636,"caption":"El Cardinal"},"image":{"@id":"https:\/\/elcardinal.com\/#\/schema\/logo\/image\/"},"sameAs":["https:\/\/www.facebook.com\/profile.php?id=100063093107011","https:\/\/x.com\/ElCardinal_Mx"]},{"@type":"Person","@id":"https:\/\/elcardinal.com\/#\/schema\/person\/3c352ec0a33987fe275c0e8a2ea69f8b","name":"Antonio Alcaraz","image":{"@type":"ImageObject","inLanguage":"es","@id":"https:\/\/elcardinal.com\/#\/schema\/person\/image\/","url":"https:\/\/elcardinal.com\/wp-content\/uploads\/2025\/05\/cropped-TONO-96x96.jpg","contentUrl":"https:\/\/elcardinal.com\/wp-content\/uploads\/2025\/05\/cropped-TONO-96x96.jpg","caption":"Antonio Alcaraz"},"url":"https:\/\/elcardinal.com\/?author=2"}]}},"_links":{"self":[{"href":"https:\/\/elcardinal.com\/index.php?rest_route=\/wp\/v2\/posts\/5073","targetHints":{"allow":["GET"]}}],"collection":[{"href":"https:\/\/elcardinal.com\/index.php?rest_route=\/wp\/v2\/posts"}],"about":[{"href":"https:\/\/elcardinal.com\/index.php?rest_route=\/wp\/v2\/types\/post"}],"author":[{"embeddable":true,"href":"https:\/\/elcardinal.com\/index.php?rest_route=\/wp\/v2\/users\/2"}],"replies":[{"embeddable":true,"href":"https:\/\/elcardinal.com\/index.php?rest_route=%2Fwp%2Fv2%2Fcomments&post=5073"}],"version-history":[{"count":1,"href":"https:\/\/elcardinal.com\/index.php?rest_route=\/wp\/v2\/posts\/5073\/revisions"}],"predecessor-version":[{"id":5080,"href":"https:\/\/elcardinal.com\/index.php?rest_route=\/wp\/v2\/posts\/5073\/revisions\/5080"}],"wp:featuredmedia":[{"embeddable":true,"href":"https:\/\/elcardinal.com\/index.php?rest_route=\/wp\/v2\/media\/4974"}],"wp:attachment":[{"href":"https:\/\/elcardinal.com\/index.php?rest_route=%2Fwp%2Fv2%2Fmedia&parent=5073"}],"wp:term":[{"taxonomy":"category","embeddable":true,"href":"https:\/\/elcardinal.com\/index.php?rest_route=%2Fwp%2Fv2%2Fcategories&post=5073"},{"taxonomy":"post_tag","embeddable":true,"href":"https:\/\/elcardinal.com\/index.php?rest_route=%2Fwp%2Fv2%2Ftags&post=5073"}],"curies":[{"name":"wp","href":"https:\/\/api.w.org\/{rel}","templated":true}]}}