{"id":5081,"date":"2025-09-14T09:18:50","date_gmt":"2025-09-14T15:18:50","guid":{"rendered":"https:\/\/elcardinal.com\/?p=5081"},"modified":"2025-09-14T14:41:53","modified_gmt":"2025-09-14T20:41:53","slug":"don-cecilio-y-pantera-una-historia-de-lealtad-helados-y-amor-patrio","status":"publish","type":"post","link":"https:\/\/elcardinal.com\/?p=5081","title":{"rendered":"Don Cecilio y Pantera, una historia de lealtad, helados y amor patrio"},"content":{"rendered":"<p>Por: <strong>Jos\u00e9 Antonio Alcaraz Su\u00e1rez<\/strong><\/p>\n<p>En la calle Reforma, justo frente la Escuela <strong>Primaria Cuauht\u00e9moc<\/strong>, en <strong>Pachuquilla,<\/strong> el cuac cuac de un pollo de pl\u00e1stico anuncia la llegada del carrito de helados y paletas de <strong>Don Cecilio<\/strong>. Ah\u00ed, bajo el sol y las nubes de septiembre, se encuentra acompa\u00f1ado de su inseparable compa\u00f1era: <strong>Pantera<\/strong>, una perrita rescatada que ahora porta con orgullo un mo\u00f1o tricolor en honor a las fiestas patrias.<\/p>\n<blockquote><p>\u201cBueno, pues ahorita ando vendiendo paletas, tengo dos semanas y gracias a Dios ah\u00ed la llevo, se va vendiendo bien\u201d, cuenta <strong>Don Cecilio Cruz Hern\u00e1ndez<\/strong> mientras se acomoda su sombrero de paja y su mandil de mezclilla. A su lado, echada, Pantera observa atenta, siempre dispuesta a caminar junto a \u00e9l.<\/p><\/blockquote>\n<p>Esta bella historia de nobleza y amor comenz\u00f3 en un camino de terracer\u00eda, rumbo a <strong>Tula de Allende<\/strong>, en el campo. Ah\u00ed naci\u00f3 Pantera. Don Cecilio pasaba diario en un cami\u00f3n de refrescos y le llevaba<strong> \u201cun taquito\u201d<\/strong> para que comiera algo, hasta que un d\u00eda decidi\u00f3 rescatarla por completo: ahora, pantera tiene su <strong>cartilla de vacunaci\u00f3n, croquetas aseguradas y mucho amor.<\/strong><\/p>\n<blockquote><p>\u201cSe fue poniendo bonita. Me acostumbr\u00e9 a ella y ella a m\u00ed, fue entonces que lleg\u00f3 el momento que dije: \u2018Mejor v\u00e1monos para casita\u2019\u201d, dijo el paletero, que es vecino de la colonia Providencia, Mineral de la Reforma, Hidalgo. Desde entonces, Pantera no solo encontr\u00f3 un hogar, sino tambi\u00e9n un compa\u00f1ero inseparable.<\/p><\/blockquote>\n<p>\u201cEs una buena perra, una fiel compa\u00f1era\u201d, dice con una sonrisa. Y es que Pantera <strong>se ha convertido en toda una atracci\u00f3n:<\/strong> la gente se acerca a acariciarla, le sonr\u00ede, y m\u00e1s a\u00fan cuando la ven con su distintivo mo\u00f1ito festivo tricolor.<\/p>\n<p>Adem\u00e1s de instalarse en la primaria Cuauht\u00e9moc, Don Cecilio recorre otros puntos como el <strong>Parque de la Providencia<\/strong> y la secundaria de la zona, siempre con Pantera a su lado. Vende helados y paletas de lim\u00f3n, chocolate, arroz con leche\u2026 para sostener a su familia y a sus dos hijos, mientras su perrita le brinda compa\u00f1\u00eda y tambi\u00e9n seguridad.<\/p>\n<blockquote><p>\u201cPara m\u00ed, Pantera, representa compa\u00f1\u00eda, pero tambi\u00e9n seguridad. Ella va conmigo a todas partes donde yo salgo\u201d, dice con orgullo. Y Pantera, moviendo la cola, parece confirmar cada palabra.<\/p><\/blockquote>\n<p><strong>Una historia sencilla pero poderosa<\/strong>: un hombre trabajador, un carrito de paletas, y una perrita rescatada que ahora viste de patria. Porque en cada esquina donde suena el &#8220;cuac cuac&#8221; de un pollo de plastico de Don Cecilio, no solo se venden helados, <strong>tambi\u00e9n se comparte un ejemplo de amor y fidelidad.<\/strong><\/p>\n","protected":false},"excerpt":{"rendered":"<p>Por: Jos\u00e9 Antonio Alcaraz Su\u00e1rez En la calle Reforma, justo frente la Escuela Primaria Cuauht\u00e9moc, en Pachuquilla, el cuac cuac de un pollo de pl\u00e1stico anuncia la llegada del carrito de helados y paletas de Don Cecilio. Ah\u00ed, bajo el sol y las nubes de septiembre, se encuentra acompa\u00f1ado de su inseparable compa\u00f1era: Pantera, una<\/p>\n","protected":false},"author":2,"featured_media":5082,"comment_status":"open","ping_status":"open","sticky":false,"template":"","format":"standard","meta":{"footnotes":""},"categories":[31,36,32,44],"tags":[300,299,298,43],"class_list":{"0":"post-5081","1":"post","2":"type-post","3":"status-publish","4":"format-standard","5":"has-post-thumbnail","7":"category-hidalgo","8":"category-historias","9":"category-metropoli","10":"category-minuto-a-minuto","11":"tag-don-cecilio","12":"tag-paletas","13":"tag-pantera","14":"tag-perros"},"yoast_head":"<!-- This site is optimized with the Yoast SEO plugin v26.1.1 - https:\/\/yoast.com\/wordpress\/plugins\/seo\/ -->\n<title>Don Cecilio y Pantera, una historia de lealtad, helados y amor patrio - El Cardinal<\/title>\n<meta name=\"robots\" content=\"index, follow, max-snippet:-1, max-image-preview:large, max-video-preview:-1\" \/>\n<link rel=\"canonical\" href=\"https:\/\/elcardinal.com\/?p=5081\" \/>\n<meta property=\"og:locale\" content=\"es_MX\" \/>\n<meta property=\"og:type\" content=\"article\" \/>\n<meta property=\"og:title\" content=\"Don Cecilio y Pantera, una historia de lealtad, helados y amor patrio - El Cardinal\" \/>\n<meta property=\"og:description\" content=\"Por: Jos\u00e9 Antonio Alcaraz Su\u00e1rez En la calle Reforma, justo frente la Escuela Primaria Cuauht\u00e9moc, en Pachuquilla, el cuac cuac de un pollo de pl\u00e1stico anuncia la llegada del carrito de helados y paletas de Don Cecilio. Ah\u00ed, bajo el sol y las nubes de septiembre, se encuentra acompa\u00f1ado de su inseparable compa\u00f1era: Pantera, una\" \/>\n<meta property=\"og:url\" content=\"https:\/\/elcardinal.com\/?p=5081\" \/>\n<meta property=\"og:site_name\" content=\"El Cardinal\" \/>\n<meta property=\"article:publisher\" content=\"https:\/\/www.facebook.com\/profile.php?id=100063093107011\" \/>\n<meta property=\"article:published_time\" content=\"2025-09-14T15:18:50+00:00\" \/>\n<meta property=\"article:modified_time\" content=\"2025-09-14T20:41:53+00:00\" \/>\n<meta property=\"og:image\" content=\"https:\/\/elcardinal.com\/wp-content\/uploads\/2025\/09\/WhatsApp-Image-2025-09-14-at-9.12.43-AM-1.jpeg\" \/>\n\t<meta property=\"og:image:width\" content=\"1600\" \/>\n\t<meta property=\"og:image:height\" content=\"1066\" \/>\n\t<meta property=\"og:image:type\" content=\"image\/jpeg\" \/>\n<meta name=\"author\" content=\"Antonio Alcaraz\" \/>\n<meta name=\"twitter:card\" content=\"summary_large_image\" \/>\n<meta name=\"twitter:creator\" content=\"@ElCardinal_Mx\" \/>\n<meta name=\"twitter:site\" content=\"@ElCardinal_Mx\" \/>\n<meta name=\"twitter:label1\" content=\"Escrito por\" \/>\n\t<meta name=\"twitter:data1\" content=\"Antonio Alcaraz\" \/>\n\t<meta name=\"twitter:label2\" content=\"Tiempo de lectura\" \/>\n\t<meta name=\"twitter:data2\" content=\"2 minutos\" \/>\n<script type=\"application\/ld+json\" class=\"yoast-schema-graph\">{\"@context\":\"https:\/\/schema.org\",\"@graph\":[{\"@type\":\"Article\",\"@id\":\"https:\/\/elcardinal.com\/?p=5081#article\",\"isPartOf\":{\"@id\":\"https:\/\/elcardinal.com\/?p=5081\"},\"author\":{\"name\":\"Antonio Alcaraz\",\"@id\":\"https:\/\/elcardinal.com\/#\/schema\/person\/3c352ec0a33987fe275c0e8a2ea69f8b\"},\"headline\":\"Don Cecilio y Pantera, una historia de lealtad, helados y amor patrio\",\"datePublished\":\"2025-09-14T15:18:50+00:00\",\"dateModified\":\"2025-09-14T20:41:53+00:00\",\"mainEntityOfPage\":{\"@id\":\"https:\/\/elcardinal.com\/?p=5081\"},\"wordCount\":458,\"commentCount\":0,\"publisher\":{\"@id\":\"https:\/\/elcardinal.com\/#organization\"},\"image\":{\"@id\":\"https:\/\/elcardinal.com\/?p=5081#primaryimage\"},\"thumbnailUrl\":\"https:\/\/elcardinal.com\/wp-content\/uploads\/2025\/09\/WhatsApp-Image-2025-09-14-at-9.12.43-AM-1.jpeg\",\"keywords\":[\"Don Cecilio\",\"Paletas\",\"Pantera\",\"Perros\"],\"articleSection\":[\"Hidalgo\",\"Historias\",\"Metr\u00f3poli\",\"Minuto a Minuto\"],\"inLanguage\":\"es\",\"potentialAction\":[{\"@type\":\"CommentAction\",\"name\":\"Comment\",\"target\":[\"https:\/\/elcardinal.com\/?p=5081#respond\"]}]},{\"@type\":\"WebPage\",\"@id\":\"https:\/\/elcardinal.com\/?p=5081\",\"url\":\"https:\/\/elcardinal.com\/?p=5081\",\"name\":\"Don Cecilio y Pantera, una historia de lealtad, helados y amor patrio - El Cardinal\",\"isPartOf\":{\"@id\":\"https:\/\/elcardinal.com\/#website\"},\"primaryImageOfPage\":{\"@id\":\"https:\/\/elcardinal.com\/?p=5081#primaryimage\"},\"image\":{\"@id\":\"https:\/\/elcardinal.com\/?p=5081#primaryimage\"},\"thumbnailUrl\":\"https:\/\/elcardinal.com\/wp-content\/uploads\/2025\/09\/WhatsApp-Image-2025-09-14-at-9.12.43-AM-1.jpeg\",\"datePublished\":\"2025-09-14T15:18:50+00:00\",\"dateModified\":\"2025-09-14T20:41:53+00:00\",\"breadcrumb\":{\"@id\":\"https:\/\/elcardinal.com\/?p=5081#breadcrumb\"},\"inLanguage\":\"es\",\"potentialAction\":[{\"@type\":\"ReadAction\",\"target\":[\"https:\/\/elcardinal.com\/?p=5081\"]}]},{\"@type\":\"ImageObject\",\"inLanguage\":\"es\",\"@id\":\"https:\/\/elcardinal.com\/?p=5081#primaryimage\",\"url\":\"https:\/\/elcardinal.com\/wp-content\/uploads\/2025\/09\/WhatsApp-Image-2025-09-14-at-9.12.43-AM-1.jpeg\",\"contentUrl\":\"https:\/\/elcardinal.com\/wp-content\/uploads\/2025\/09\/WhatsApp-Image-2025-09-14-at-9.12.43-AM-1.jpeg\",\"width\":1600,\"height\":1066},{\"@type\":\"BreadcrumbList\",\"@id\":\"https:\/\/elcardinal.com\/?p=5081#breadcrumb\",\"itemListElement\":[{\"@type\":\"ListItem\",\"position\":1,\"name\":\"Inicio\",\"item\":\"https:\/\/elcardinal.com\/\"},{\"@type\":\"ListItem\",\"position\":2,\"name\":\"Don Cecilio y Pantera, una historia de lealtad, helados y amor patrio\"}]},{\"@type\":\"WebSite\",\"@id\":\"https:\/\/elcardinal.com\/#website\",\"url\":\"https:\/\/elcardinal.com\/\",\"name\":\"El Cardinal\",\"description\":\"Periodismo honesto, con valor, sentido humano, a veces sarc\u00e1stico y divertido.\",\"publisher\":{\"@id\":\"https:\/\/elcardinal.com\/#organization\"},\"alternateName\":\"El Cardinal Noticias\",\"potentialAction\":[{\"@type\":\"SearchAction\",\"target\":{\"@type\":\"EntryPoint\",\"urlTemplate\":\"https:\/\/elcardinal.com\/?s={search_term_string}\"},\"query-input\":{\"@type\":\"PropertyValueSpecification\",\"valueRequired\":true,\"valueName\":\"search_term_string\"}}],\"inLanguage\":\"es\"},{\"@type\":\"Organization\",\"@id\":\"https:\/\/elcardinal.com\/#organization\",\"name\":\"El Cardinal\",\"url\":\"https:\/\/elcardinal.com\/\",\"logo\":{\"@type\":\"ImageObject\",\"inLanguage\":\"es\",\"@id\":\"https:\/\/elcardinal.com\/#\/schema\/logo\/image\/\",\"url\":\"https:\/\/elcardinal.com\/wp-content\/uploads\/2025\/04\/LOGO-EL-CARDINAL-Periodismo-con-valor.png\",\"contentUrl\":\"https:\/\/elcardinal.com\/wp-content\/uploads\/2025\/04\/LOGO-EL-CARDINAL-Periodismo-con-valor.png\",\"width\":755,\"height\":636,\"caption\":\"El Cardinal\"},\"image\":{\"@id\":\"https:\/\/elcardinal.com\/#\/schema\/logo\/image\/\"},\"sameAs\":[\"https:\/\/www.facebook.com\/profile.php?id=100063093107011\",\"https:\/\/x.com\/ElCardinal_Mx\"]},{\"@type\":\"Person\",\"@id\":\"https:\/\/elcardinal.com\/#\/schema\/person\/3c352ec0a33987fe275c0e8a2ea69f8b\",\"name\":\"Antonio Alcaraz\",\"image\":{\"@type\":\"ImageObject\",\"inLanguage\":\"es\",\"@id\":\"https:\/\/elcardinal.com\/#\/schema\/person\/image\/\",\"url\":\"https:\/\/elcardinal.com\/wp-content\/uploads\/2025\/05\/cropped-TONO-96x96.jpg\",\"contentUrl\":\"https:\/\/elcardinal.com\/wp-content\/uploads\/2025\/05\/cropped-TONO-96x96.jpg\",\"caption\":\"Antonio Alcaraz\"},\"url\":\"https:\/\/elcardinal.com\/?author=2\"}]}<\/script>\n<!-- \/ Yoast SEO plugin. -->","yoast_head_json":{"title":"Don Cecilio y Pantera, una historia de lealtad, helados y amor patrio - El Cardinal","robots":{"index":"index","follow":"follow","max-snippet":"max-snippet:-1","max-image-preview":"max-image-preview:large","max-video-preview":"max-video-preview:-1"},"canonical":"https:\/\/elcardinal.com\/?p=5081","og_locale":"es_MX","og_type":"article","og_title":"Don Cecilio y Pantera, una historia de lealtad, helados y amor patrio - El Cardinal","og_description":"Por: Jos\u00e9 Antonio Alcaraz Su\u00e1rez En la calle Reforma, justo frente la Escuela Primaria Cuauht\u00e9moc, en Pachuquilla, el cuac cuac de un pollo de pl\u00e1stico anuncia la llegada del carrito de helados y paletas de Don Cecilio. Ah\u00ed, bajo el sol y las nubes de septiembre, se encuentra acompa\u00f1ado de su inseparable compa\u00f1era: Pantera, una","og_url":"https:\/\/elcardinal.com\/?p=5081","og_site_name":"El Cardinal","article_publisher":"https:\/\/www.facebook.com\/profile.php?id=100063093107011","article_published_time":"2025-09-14T15:18:50+00:00","article_modified_time":"2025-09-14T20:41:53+00:00","og_image":[{"width":1600,"height":1066,"url":"https:\/\/elcardinal.com\/wp-content\/uploads\/2025\/09\/WhatsApp-Image-2025-09-14-at-9.12.43-AM-1.jpeg","type":"image\/jpeg"}],"author":"Antonio Alcaraz","twitter_card":"summary_large_image","twitter_creator":"@ElCardinal_Mx","twitter_site":"@ElCardinal_Mx","twitter_misc":{"Escrito por":"Antonio Alcaraz","Tiempo de lectura":"2 minutos"},"schema":{"@context":"https:\/\/schema.org","@graph":[{"@type":"Article","@id":"https:\/\/elcardinal.com\/?p=5081#article","isPartOf":{"@id":"https:\/\/elcardinal.com\/?p=5081"},"author":{"name":"Antonio Alcaraz","@id":"https:\/\/elcardinal.com\/#\/schema\/person\/3c352ec0a33987fe275c0e8a2ea69f8b"},"headline":"Don Cecilio y Pantera, una historia de lealtad, helados y amor patrio","datePublished":"2025-09-14T15:18:50+00:00","dateModified":"2025-09-14T20:41:53+00:00","mainEntityOfPage":{"@id":"https:\/\/elcardinal.com\/?p=5081"},"wordCount":458,"commentCount":0,"publisher":{"@id":"https:\/\/elcardinal.com\/#organization"},"image":{"@id":"https:\/\/elcardinal.com\/?p=5081#primaryimage"},"thumbnailUrl":"https:\/\/elcardinal.com\/wp-content\/uploads\/2025\/09\/WhatsApp-Image-2025-09-14-at-9.12.43-AM-1.jpeg","keywords":["Don Cecilio","Paletas","Pantera","Perros"],"articleSection":["Hidalgo","Historias","Metr\u00f3poli","Minuto a Minuto"],"inLanguage":"es","potentialAction":[{"@type":"CommentAction","name":"Comment","target":["https:\/\/elcardinal.com\/?p=5081#respond"]}]},{"@type":"WebPage","@id":"https:\/\/elcardinal.com\/?p=5081","url":"https:\/\/elcardinal.com\/?p=5081","name":"Don Cecilio y Pantera, una historia de lealtad, helados y amor patrio - El Cardinal","isPartOf":{"@id":"https:\/\/elcardinal.com\/#website"},"primaryImageOfPage":{"@id":"https:\/\/elcardinal.com\/?p=5081#primaryimage"},"image":{"@id":"https:\/\/elcardinal.com\/?p=5081#primaryimage"},"thumbnailUrl":"https:\/\/elcardinal.com\/wp-content\/uploads\/2025\/09\/WhatsApp-Image-2025-09-14-at-9.12.43-AM-1.jpeg","datePublished":"2025-09-14T15:18:50+00:00","dateModified":"2025-09-14T20:41:53+00:00","breadcrumb":{"@id":"https:\/\/elcardinal.com\/?p=5081#breadcrumb"},"inLanguage":"es","potentialAction":[{"@type":"ReadAction","target":["https:\/\/elcardinal.com\/?p=5081"]}]},{"@type":"ImageObject","inLanguage":"es","@id":"https:\/\/elcardinal.com\/?p=5081#primaryimage","url":"https:\/\/elcardinal.com\/wp-content\/uploads\/2025\/09\/WhatsApp-Image-2025-09-14-at-9.12.43-AM-1.jpeg","contentUrl":"https:\/\/elcardinal.com\/wp-content\/uploads\/2025\/09\/WhatsApp-Image-2025-09-14-at-9.12.43-AM-1.jpeg","width":1600,"height":1066},{"@type":"BreadcrumbList","@id":"https:\/\/elcardinal.com\/?p=5081#breadcrumb","itemListElement":[{"@type":"ListItem","position":1,"name":"Inicio","item":"https:\/\/elcardinal.com\/"},{"@type":"ListItem","position":2,"name":"Don Cecilio y Pantera, una historia de lealtad, helados y amor patrio"}]},{"@type":"WebSite","@id":"https:\/\/elcardinal.com\/#website","url":"https:\/\/elcardinal.com\/","name":"El Cardinal","description":"Periodismo honesto, con valor, sentido humano, a veces sarc\u00e1stico y divertido.","publisher":{"@id":"https:\/\/elcardinal.com\/#organization"},"alternateName":"El Cardinal Noticias","potentialAction":[{"@type":"SearchAction","target":{"@type":"EntryPoint","urlTemplate":"https:\/\/elcardinal.com\/?s={search_term_string}"},"query-input":{"@type":"PropertyValueSpecification","valueRequired":true,"valueName":"search_term_string"}}],"inLanguage":"es"},{"@type":"Organization","@id":"https:\/\/elcardinal.com\/#organization","name":"El Cardinal","url":"https:\/\/elcardinal.com\/","logo":{"@type":"ImageObject","inLanguage":"es","@id":"https:\/\/elcardinal.com\/#\/schema\/logo\/image\/","url":"https:\/\/elcardinal.com\/wp-content\/uploads\/2025\/04\/LOGO-EL-CARDINAL-Periodismo-con-valor.png","contentUrl":"https:\/\/elcardinal.com\/wp-content\/uploads\/2025\/04\/LOGO-EL-CARDINAL-Periodismo-con-valor.png","width":755,"height":636,"caption":"El Cardinal"},"image":{"@id":"https:\/\/elcardinal.com\/#\/schema\/logo\/image\/"},"sameAs":["https:\/\/www.facebook.com\/profile.php?id=100063093107011","https:\/\/x.com\/ElCardinal_Mx"]},{"@type":"Person","@id":"https:\/\/elcardinal.com\/#\/schema\/person\/3c352ec0a33987fe275c0e8a2ea69f8b","name":"Antonio Alcaraz","image":{"@type":"ImageObject","inLanguage":"es","@id":"https:\/\/elcardinal.com\/#\/schema\/person\/image\/","url":"https:\/\/elcardinal.com\/wp-content\/uploads\/2025\/05\/cropped-TONO-96x96.jpg","contentUrl":"https:\/\/elcardinal.com\/wp-content\/uploads\/2025\/05\/cropped-TONO-96x96.jpg","caption":"Antonio Alcaraz"},"url":"https:\/\/elcardinal.com\/?author=2"}]}},"_links":{"self":[{"href":"https:\/\/elcardinal.com\/index.php?rest_route=\/wp\/v2\/posts\/5081","targetHints":{"allow":["GET"]}}],"collection":[{"href":"https:\/\/elcardinal.com\/index.php?rest_route=\/wp\/v2\/posts"}],"about":[{"href":"https:\/\/elcardinal.com\/index.php?rest_route=\/wp\/v2\/types\/post"}],"author":[{"embeddable":true,"href":"https:\/\/elcardinal.com\/index.php?rest_route=\/wp\/v2\/users\/2"}],"replies":[{"embeddable":true,"href":"https:\/\/elcardinal.com\/index.php?rest_route=%2Fwp%2Fv2%2Fcomments&post=5081"}],"version-history":[{"count":2,"href":"https:\/\/elcardinal.com\/index.php?rest_route=\/wp\/v2\/posts\/5081\/revisions"}],"predecessor-version":[{"id":5084,"href":"https:\/\/elcardinal.com\/index.php?rest_route=\/wp\/v2\/posts\/5081\/revisions\/5084"}],"wp:featuredmedia":[{"embeddable":true,"href":"https:\/\/elcardinal.com\/index.php?rest_route=\/wp\/v2\/media\/5082"}],"wp:attachment":[{"href":"https:\/\/elcardinal.com\/index.php?rest_route=%2Fwp%2Fv2%2Fmedia&parent=5081"}],"wp:term":[{"taxonomy":"category","embeddable":true,"href":"https:\/\/elcardinal.com\/index.php?rest_route=%2Fwp%2Fv2%2Fcategories&post=5081"},{"taxonomy":"post_tag","embeddable":true,"href":"https:\/\/elcardinal.com\/index.php?rest_route=%2Fwp%2Fv2%2Ftags&post=5081"}],"curies":[{"name":"wp","href":"https:\/\/api.w.org\/{rel}","templated":true}]}}