{"id":5086,"date":"2025-09-18T14:58:21","date_gmt":"2025-09-18T20:58:21","guid":{"rendered":"https:\/\/elcardinal.com\/?p=5086"},"modified":"2025-09-18T14:58:21","modified_gmt":"2025-09-18T20:58:21","slug":"ya-es-justo-que-suba-un-poquito-diputado-de-tizayuca-dueno-de-taxis-defiende-incremento-al-transporte-publico-en-hidalgo","status":"publish","type":"post","link":"https:\/\/elcardinal.com\/?p=5086","title":{"rendered":"\u201cYa es justo que suba un poquito\u201d: diputado de Tizayuca due\u00f1o de taxis defiende incremento al transporte p\u00fablico en Hidalgo"},"content":{"rendered":"<p>Por:\u00a0 Jos\u00e9 Antonio Alcaraz<\/p>\n<p>El diputado <strong>Juan Pablo Escalante,<\/strong> quien preside la Comisi\u00f3n de Transporte del Congreso de Hidalgo y tambi\u00e9n es propietario de taxis y autobuses de pasajeros for\u00e1neos, asegur\u00f3 que el incremento a la tarifa del transporte p\u00fablico &#8220;ya es justo&#8221;.<\/p>\n<blockquote><p>&#8220;Desde 2021 no ha habido un ajuste, estamos entre los estados m\u00e1s bajos en tarifas. Ya es justo que se haga un ajuste, que suba un poquito y pues a ver c\u00f3mo reacciona tanto la poblaci\u00f3n como los concesionarios\u201d, declar\u00f3 en entrevista con medios de comunicaci\u00f3n.<\/p><\/blockquote>\n<p>Pablo Escalante asegur\u00f3 que el aumento es necesario debido al alza en gasolina y refacciones. Argument\u00f3 que el mantenimiento de combis y taxis es costoso y que los usuarios deben ponerse \u201cen el lado del concesionario\u201d.<\/p>\n<p>El legislador se\u00f1al\u00f3 que el alza obligar\u00e1 a los concesionarios a mantener las unidades en mejores condiciones: \u201cQue tengan buenas llantas, frenos, que est\u00e9n limpias y no se vayan desarmando\u201d.<\/p>\n<p>Sin embargo, usuarios de transporte ya expresaron su molestia en redes sociales, advirtiendo que un incremento afectar\u00e1 fuertemente la econom\u00eda familiar, pues en algunos casos el gasto diario en pasajes equivale hasta a la mitad de un salario m\u00ednimo.<\/p>\n<p>El diputado insisti\u00f3 en que el aumento ser\u00e1 \u201cmuy poquito\u201d y gradual, descartando que impacte de manera grave en los bolsillos de la ciudadan\u00eda.<\/p>\n","protected":false},"excerpt":{"rendered":"<p>Por:\u00a0 Jos\u00e9 Antonio Alcaraz El diputado Juan Pablo Escalante, quien preside la Comisi\u00f3n de Transporte del Congreso de Hidalgo y tambi\u00e9n es propietario de taxis y autobuses de pasajeros for\u00e1neos, asegur\u00f3 que el incremento a la tarifa del transporte p\u00fablico &#8220;ya es justo&#8221;. &#8220;Desde 2021 no ha habido un ajuste, estamos entre los estados m\u00e1s<\/p>\n","protected":false},"author":2,"featured_media":5087,"comment_status":"open","ping_status":"open","sticky":false,"template":"","format":"standard","meta":{"footnotes":""},"categories":[31,32,44,39],"tags":[301,194],"class_list":{"0":"post-5086","1":"post","2":"type-post","3":"status-publish","4":"format-standard","5":"has-post-thumbnail","7":"category-hidalgo","8":"category-metropoli","9":"category-minuto-a-minuto","10":"category-politica","11":"tag-pablo-escalante","12":"tag-transporte-publico-hidalgo"},"yoast_head":"<!-- This site is optimized with the Yoast SEO plugin v26.1.1 - https:\/\/yoast.com\/wordpress\/plugins\/seo\/ -->\n<title>\u201cYa es justo que suba un poquito\u201d: diputado de Tizayuca due\u00f1o de taxis defiende incremento al transporte p\u00fablico en Hidalgo - El Cardinal<\/title>\n<meta name=\"robots\" content=\"index, follow, max-snippet:-1, max-image-preview:large, max-video-preview:-1\" \/>\n<link rel=\"canonical\" href=\"https:\/\/elcardinal.com\/?p=5086\" \/>\n<meta property=\"og:locale\" content=\"es_MX\" \/>\n<meta property=\"og:type\" content=\"article\" \/>\n<meta property=\"og:title\" content=\"\u201cYa es justo que suba un poquito\u201d: diputado de Tizayuca due\u00f1o de taxis defiende incremento al transporte p\u00fablico en Hidalgo - El Cardinal\" \/>\n<meta property=\"og:description\" content=\"Por:\u00a0 Jos\u00e9 Antonio Alcaraz El diputado Juan Pablo Escalante, quien preside la Comisi\u00f3n de Transporte del Congreso de Hidalgo y tambi\u00e9n es propietario de taxis y autobuses de pasajeros for\u00e1neos, asegur\u00f3 que el incremento a la tarifa del transporte p\u00fablico &#8220;ya es justo&#8221;. &#8220;Desde 2021 no ha habido un ajuste, estamos entre los estados m\u00e1s\" \/>\n<meta property=\"og:url\" content=\"https:\/\/elcardinal.com\/?p=5086\" \/>\n<meta property=\"og:site_name\" content=\"El Cardinal\" \/>\n<meta property=\"article:publisher\" content=\"https:\/\/www.facebook.com\/profile.php?id=100063093107011\" \/>\n<meta property=\"article:published_time\" content=\"2025-09-18T20:58:21+00:00\" \/>\n<meta property=\"og:image\" content=\"https:\/\/elcardinal.com\/wp-content\/uploads\/2025\/09\/Picsart_25-09-18_14-55-24-498.jpg\" \/>\n\t<meta property=\"og:image:width\" content=\"2443\" \/>\n\t<meta property=\"og:image:height\" content=\"1220\" \/>\n\t<meta property=\"og:image:type\" content=\"image\/jpeg\" \/>\n<meta name=\"author\" content=\"Antonio Alcaraz\" \/>\n<meta name=\"twitter:card\" content=\"summary_large_image\" \/>\n<meta name=\"twitter:creator\" content=\"@ElCardinal_Mx\" \/>\n<meta name=\"twitter:site\" content=\"@ElCardinal_Mx\" \/>\n<meta name=\"twitter:label1\" content=\"Escrito por\" \/>\n\t<meta name=\"twitter:data1\" content=\"Antonio Alcaraz\" \/>\n\t<meta name=\"twitter:label2\" content=\"Tiempo de lectura\" \/>\n\t<meta name=\"twitter:data2\" content=\"1 minuto\" \/>\n<script type=\"application\/ld+json\" class=\"yoast-schema-graph\">{\"@context\":\"https:\/\/schema.org\",\"@graph\":[{\"@type\":\"Article\",\"@id\":\"https:\/\/elcardinal.com\/?p=5086#article\",\"isPartOf\":{\"@id\":\"https:\/\/elcardinal.com\/?p=5086\"},\"author\":{\"name\":\"Antonio Alcaraz\",\"@id\":\"https:\/\/elcardinal.com\/#\/schema\/person\/3c352ec0a33987fe275c0e8a2ea69f8b\"},\"headline\":\"\u201cYa es justo que suba un poquito\u201d: diputado de Tizayuca due\u00f1o de taxis defiende incremento al transporte p\u00fablico en Hidalgo\",\"datePublished\":\"2025-09-18T20:58:21+00:00\",\"mainEntityOfPage\":{\"@id\":\"https:\/\/elcardinal.com\/?p=5086\"},\"wordCount\":252,\"commentCount\":0,\"publisher\":{\"@id\":\"https:\/\/elcardinal.com\/#organization\"},\"image\":{\"@id\":\"https:\/\/elcardinal.com\/?p=5086#primaryimage\"},\"thumbnailUrl\":\"https:\/\/elcardinal.com\/wp-content\/uploads\/2025\/09\/Picsart_25-09-18_14-55-24-498.jpg\",\"keywords\":[\"Pablo Escalante\",\"Transporte P\u00fablico Hidalgo\"],\"articleSection\":[\"Hidalgo\",\"Metr\u00f3poli\",\"Minuto a Minuto\",\"Pol\u00edtica\"],\"inLanguage\":\"es\",\"potentialAction\":[{\"@type\":\"CommentAction\",\"name\":\"Comment\",\"target\":[\"https:\/\/elcardinal.com\/?p=5086#respond\"]}]},{\"@type\":\"WebPage\",\"@id\":\"https:\/\/elcardinal.com\/?p=5086\",\"url\":\"https:\/\/elcardinal.com\/?p=5086\",\"name\":\"\u201cYa es justo que suba un poquito\u201d: diputado de Tizayuca due\u00f1o de taxis defiende incremento al transporte p\u00fablico en Hidalgo - El Cardinal\",\"isPartOf\":{\"@id\":\"https:\/\/elcardinal.com\/#website\"},\"primaryImageOfPage\":{\"@id\":\"https:\/\/elcardinal.com\/?p=5086#primaryimage\"},\"image\":{\"@id\":\"https:\/\/elcardinal.com\/?p=5086#primaryimage\"},\"thumbnailUrl\":\"https:\/\/elcardinal.com\/wp-content\/uploads\/2025\/09\/Picsart_25-09-18_14-55-24-498.jpg\",\"datePublished\":\"2025-09-18T20:58:21+00:00\",\"breadcrumb\":{\"@id\":\"https:\/\/elcardinal.com\/?p=5086#breadcrumb\"},\"inLanguage\":\"es\",\"potentialAction\":[{\"@type\":\"ReadAction\",\"target\":[\"https:\/\/elcardinal.com\/?p=5086\"]}]},{\"@type\":\"ImageObject\",\"inLanguage\":\"es\",\"@id\":\"https:\/\/elcardinal.com\/?p=5086#primaryimage\",\"url\":\"https:\/\/elcardinal.com\/wp-content\/uploads\/2025\/09\/Picsart_25-09-18_14-55-24-498.jpg\",\"contentUrl\":\"https:\/\/elcardinal.com\/wp-content\/uploads\/2025\/09\/Picsart_25-09-18_14-55-24-498.jpg\",\"width\":2443,\"height\":1220,\"caption\":\"{\\\"remix_data\\\":[],\\\"remix_entry_point\\\":\\\"challenges\\\",\\\"source_tags\\\":[\\\"local\\\"],\\\"origin\\\":\\\"unknown\\\",\\\"total_draw_time\\\":0,\\\"total_draw_actions\\\":0,\\\"layers_used\\\":0,\\\"brushes_used\\\":0,\\\"photos_added\\\":0,\\\"total_editor_actions\\\":{},\\\"tools_used\\\":{\\\"addons\\\":2,\\\"effects\\\":1},\\\"is_sticker\\\":false,\\\"edited_since_last_sticker_save\\\":true,\\\"containsFTESticker\\\":false,\\\"used_sources\\\":{\\\"version\\\":1,\\\"sources\\\":[{\\\"id\\\":\\\"309159561356211\\\",\\\"type\\\":\\\"ugc\\\"}]}}\"},{\"@type\":\"BreadcrumbList\",\"@id\":\"https:\/\/elcardinal.com\/?p=5086#breadcrumb\",\"itemListElement\":[{\"@type\":\"ListItem\",\"position\":1,\"name\":\"Inicio\",\"item\":\"https:\/\/elcardinal.com\/\"},{\"@type\":\"ListItem\",\"position\":2,\"name\":\"\u201cYa es justo que suba un poquito\u201d: diputado de Tizayuca due\u00f1o de taxis defiende incremento al transporte p\u00fablico en Hidalgo\"}]},{\"@type\":\"WebSite\",\"@id\":\"https:\/\/elcardinal.com\/#website\",\"url\":\"https:\/\/elcardinal.com\/\",\"name\":\"El Cardinal\",\"description\":\"Periodismo honesto, con valor, sentido humano, a veces sarc\u00e1stico y divertido.\",\"publisher\":{\"@id\":\"https:\/\/elcardinal.com\/#organization\"},\"alternateName\":\"El Cardinal Noticias\",\"potentialAction\":[{\"@type\":\"SearchAction\",\"target\":{\"@type\":\"EntryPoint\",\"urlTemplate\":\"https:\/\/elcardinal.com\/?s={search_term_string}\"},\"query-input\":{\"@type\":\"PropertyValueSpecification\",\"valueRequired\":true,\"valueName\":\"search_term_string\"}}],\"inLanguage\":\"es\"},{\"@type\":\"Organization\",\"@id\":\"https:\/\/elcardinal.com\/#organization\",\"name\":\"El Cardinal\",\"url\":\"https:\/\/elcardinal.com\/\",\"logo\":{\"@type\":\"ImageObject\",\"inLanguage\":\"es\",\"@id\":\"https:\/\/elcardinal.com\/#\/schema\/logo\/image\/\",\"url\":\"https:\/\/elcardinal.com\/wp-content\/uploads\/2025\/04\/LOGO-EL-CARDINAL-Periodismo-con-valor.png\",\"contentUrl\":\"https:\/\/elcardinal.com\/wp-content\/uploads\/2025\/04\/LOGO-EL-CARDINAL-Periodismo-con-valor.png\",\"width\":755,\"height\":636,\"caption\":\"El Cardinal\"},\"image\":{\"@id\":\"https:\/\/elcardinal.com\/#\/schema\/logo\/image\/\"},\"sameAs\":[\"https:\/\/www.facebook.com\/profile.php?id=100063093107011\",\"https:\/\/x.com\/ElCardinal_Mx\"]},{\"@type\":\"Person\",\"@id\":\"https:\/\/elcardinal.com\/#\/schema\/person\/3c352ec0a33987fe275c0e8a2ea69f8b\",\"name\":\"Antonio Alcaraz\",\"image\":{\"@type\":\"ImageObject\",\"inLanguage\":\"es\",\"@id\":\"https:\/\/elcardinal.com\/#\/schema\/person\/image\/\",\"url\":\"https:\/\/elcardinal.com\/wp-content\/uploads\/2025\/05\/cropped-TONO-96x96.jpg\",\"contentUrl\":\"https:\/\/elcardinal.com\/wp-content\/uploads\/2025\/05\/cropped-TONO-96x96.jpg\",\"caption\":\"Antonio Alcaraz\"},\"url\":\"https:\/\/elcardinal.com\/?author=2\"}]}<\/script>\n<!-- \/ Yoast SEO plugin. -->","yoast_head_json":{"title":"\u201cYa es justo que suba un poquito\u201d: diputado de Tizayuca due\u00f1o de taxis defiende incremento al transporte p\u00fablico en Hidalgo - El Cardinal","robots":{"index":"index","follow":"follow","max-snippet":"max-snippet:-1","max-image-preview":"max-image-preview:large","max-video-preview":"max-video-preview:-1"},"canonical":"https:\/\/elcardinal.com\/?p=5086","og_locale":"es_MX","og_type":"article","og_title":"\u201cYa es justo que suba un poquito\u201d: diputado de Tizayuca due\u00f1o de taxis defiende incremento al transporte p\u00fablico en Hidalgo - El Cardinal","og_description":"Por:\u00a0 Jos\u00e9 Antonio Alcaraz El diputado Juan Pablo Escalante, quien preside la Comisi\u00f3n de Transporte del Congreso de Hidalgo y tambi\u00e9n es propietario de taxis y autobuses de pasajeros for\u00e1neos, asegur\u00f3 que el incremento a la tarifa del transporte p\u00fablico &#8220;ya es justo&#8221;. &#8220;Desde 2021 no ha habido un ajuste, estamos entre los estados m\u00e1s","og_url":"https:\/\/elcardinal.com\/?p=5086","og_site_name":"El Cardinal","article_publisher":"https:\/\/www.facebook.com\/profile.php?id=100063093107011","article_published_time":"2025-09-18T20:58:21+00:00","og_image":[{"width":2443,"height":1220,"url":"https:\/\/elcardinal.com\/wp-content\/uploads\/2025\/09\/Picsart_25-09-18_14-55-24-498.jpg","type":"image\/jpeg"}],"author":"Antonio Alcaraz","twitter_card":"summary_large_image","twitter_creator":"@ElCardinal_Mx","twitter_site":"@ElCardinal_Mx","twitter_misc":{"Escrito por":"Antonio Alcaraz","Tiempo de lectura":"1 minuto"},"schema":{"@context":"https:\/\/schema.org","@graph":[{"@type":"Article","@id":"https:\/\/elcardinal.com\/?p=5086#article","isPartOf":{"@id":"https:\/\/elcardinal.com\/?p=5086"},"author":{"name":"Antonio Alcaraz","@id":"https:\/\/elcardinal.com\/#\/schema\/person\/3c352ec0a33987fe275c0e8a2ea69f8b"},"headline":"\u201cYa es justo que suba un poquito\u201d: diputado de Tizayuca due\u00f1o de taxis defiende incremento al transporte p\u00fablico en Hidalgo","datePublished":"2025-09-18T20:58:21+00:00","mainEntityOfPage":{"@id":"https:\/\/elcardinal.com\/?p=5086"},"wordCount":252,"commentCount":0,"publisher":{"@id":"https:\/\/elcardinal.com\/#organization"},"image":{"@id":"https:\/\/elcardinal.com\/?p=5086#primaryimage"},"thumbnailUrl":"https:\/\/elcardinal.com\/wp-content\/uploads\/2025\/09\/Picsart_25-09-18_14-55-24-498.jpg","keywords":["Pablo Escalante","Transporte P\u00fablico Hidalgo"],"articleSection":["Hidalgo","Metr\u00f3poli","Minuto a Minuto","Pol\u00edtica"],"inLanguage":"es","potentialAction":[{"@type":"CommentAction","name":"Comment","target":["https:\/\/elcardinal.com\/?p=5086#respond"]}]},{"@type":"WebPage","@id":"https:\/\/elcardinal.com\/?p=5086","url":"https:\/\/elcardinal.com\/?p=5086","name":"\u201cYa es justo que suba un poquito\u201d: diputado de Tizayuca due\u00f1o de taxis defiende incremento al transporte p\u00fablico en Hidalgo - El Cardinal","isPartOf":{"@id":"https:\/\/elcardinal.com\/#website"},"primaryImageOfPage":{"@id":"https:\/\/elcardinal.com\/?p=5086#primaryimage"},"image":{"@id":"https:\/\/elcardinal.com\/?p=5086#primaryimage"},"thumbnailUrl":"https:\/\/elcardinal.com\/wp-content\/uploads\/2025\/09\/Picsart_25-09-18_14-55-24-498.jpg","datePublished":"2025-09-18T20:58:21+00:00","breadcrumb":{"@id":"https:\/\/elcardinal.com\/?p=5086#breadcrumb"},"inLanguage":"es","potentialAction":[{"@type":"ReadAction","target":["https:\/\/elcardinal.com\/?p=5086"]}]},{"@type":"ImageObject","inLanguage":"es","@id":"https:\/\/elcardinal.com\/?p=5086#primaryimage","url":"https:\/\/elcardinal.com\/wp-content\/uploads\/2025\/09\/Picsart_25-09-18_14-55-24-498.jpg","contentUrl":"https:\/\/elcardinal.com\/wp-content\/uploads\/2025\/09\/Picsart_25-09-18_14-55-24-498.jpg","width":2443,"height":1220,"caption":"{\"remix_data\":[],\"remix_entry_point\":\"challenges\",\"source_tags\":[\"local\"],\"origin\":\"unknown\",\"total_draw_time\":0,\"total_draw_actions\":0,\"layers_used\":0,\"brushes_used\":0,\"photos_added\":0,\"total_editor_actions\":{},\"tools_used\":{\"addons\":2,\"effects\":1},\"is_sticker\":false,\"edited_since_last_sticker_save\":true,\"containsFTESticker\":false,\"used_sources\":{\"version\":1,\"sources\":[{\"id\":\"309159561356211\",\"type\":\"ugc\"}]}}"},{"@type":"BreadcrumbList","@id":"https:\/\/elcardinal.com\/?p=5086#breadcrumb","itemListElement":[{"@type":"ListItem","position":1,"name":"Inicio","item":"https:\/\/elcardinal.com\/"},{"@type":"ListItem","position":2,"name":"\u201cYa es justo que suba un poquito\u201d: diputado de Tizayuca due\u00f1o de taxis defiende incremento al transporte p\u00fablico en Hidalgo"}]},{"@type":"WebSite","@id":"https:\/\/elcardinal.com\/#website","url":"https:\/\/elcardinal.com\/","name":"El Cardinal","description":"Periodismo honesto, con valor, sentido humano, a veces sarc\u00e1stico y divertido.","publisher":{"@id":"https:\/\/elcardinal.com\/#organization"},"alternateName":"El Cardinal Noticias","potentialAction":[{"@type":"SearchAction","target":{"@type":"EntryPoint","urlTemplate":"https:\/\/elcardinal.com\/?s={search_term_string}"},"query-input":{"@type":"PropertyValueSpecification","valueRequired":true,"valueName":"search_term_string"}}],"inLanguage":"es"},{"@type":"Organization","@id":"https:\/\/elcardinal.com\/#organization","name":"El Cardinal","url":"https:\/\/elcardinal.com\/","logo":{"@type":"ImageObject","inLanguage":"es","@id":"https:\/\/elcardinal.com\/#\/schema\/logo\/image\/","url":"https:\/\/elcardinal.com\/wp-content\/uploads\/2025\/04\/LOGO-EL-CARDINAL-Periodismo-con-valor.png","contentUrl":"https:\/\/elcardinal.com\/wp-content\/uploads\/2025\/04\/LOGO-EL-CARDINAL-Periodismo-con-valor.png","width":755,"height":636,"caption":"El Cardinal"},"image":{"@id":"https:\/\/elcardinal.com\/#\/schema\/logo\/image\/"},"sameAs":["https:\/\/www.facebook.com\/profile.php?id=100063093107011","https:\/\/x.com\/ElCardinal_Mx"]},{"@type":"Person","@id":"https:\/\/elcardinal.com\/#\/schema\/person\/3c352ec0a33987fe275c0e8a2ea69f8b","name":"Antonio Alcaraz","image":{"@type":"ImageObject","inLanguage":"es","@id":"https:\/\/elcardinal.com\/#\/schema\/person\/image\/","url":"https:\/\/elcardinal.com\/wp-content\/uploads\/2025\/05\/cropped-TONO-96x96.jpg","contentUrl":"https:\/\/elcardinal.com\/wp-content\/uploads\/2025\/05\/cropped-TONO-96x96.jpg","caption":"Antonio Alcaraz"},"url":"https:\/\/elcardinal.com\/?author=2"}]}},"_links":{"self":[{"href":"https:\/\/elcardinal.com\/index.php?rest_route=\/wp\/v2\/posts\/5086","targetHints":{"allow":["GET"]}}],"collection":[{"href":"https:\/\/elcardinal.com\/index.php?rest_route=\/wp\/v2\/posts"}],"about":[{"href":"https:\/\/elcardinal.com\/index.php?rest_route=\/wp\/v2\/types\/post"}],"author":[{"embeddable":true,"href":"https:\/\/elcardinal.com\/index.php?rest_route=\/wp\/v2\/users\/2"}],"replies":[{"embeddable":true,"href":"https:\/\/elcardinal.com\/index.php?rest_route=%2Fwp%2Fv2%2Fcomments&post=5086"}],"version-history":[{"count":1,"href":"https:\/\/elcardinal.com\/index.php?rest_route=\/wp\/v2\/posts\/5086\/revisions"}],"predecessor-version":[{"id":5088,"href":"https:\/\/elcardinal.com\/index.php?rest_route=\/wp\/v2\/posts\/5086\/revisions\/5088"}],"wp:featuredmedia":[{"embeddable":true,"href":"https:\/\/elcardinal.com\/index.php?rest_route=\/wp\/v2\/media\/5087"}],"wp:attachment":[{"href":"https:\/\/elcardinal.com\/index.php?rest_route=%2Fwp%2Fv2%2Fmedia&parent=5086"}],"wp:term":[{"taxonomy":"category","embeddable":true,"href":"https:\/\/elcardinal.com\/index.php?rest_route=%2Fwp%2Fv2%2Fcategories&post=5086"},{"taxonomy":"post_tag","embeddable":true,"href":"https:\/\/elcardinal.com\/index.php?rest_route=%2Fwp%2Fv2%2Ftags&post=5086"}],"curies":[{"name":"wp","href":"https:\/\/api.w.org\/{rel}","templated":true}]}}