{"id":5092,"date":"2025-09-19T23:59:14","date_gmt":"2025-09-20T05:59:14","guid":{"rendered":"https:\/\/elcardinal.com\/?p=5092"},"modified":"2025-09-19T23:59:27","modified_gmt":"2025-09-20T05:59:27","slug":"diputados-proponen-la-creacion-de-las-procuradurias-municipales-de-proteccion-de-ninas-ninos-y-adolescentes","status":"publish","type":"post","link":"https:\/\/elcardinal.com\/?p=5092","title":{"rendered":"Diputados proponen la creaci\u00f3n de las Procuradur\u00edas Municipales de Protecci\u00f3n de Ni\u00f1as, Ni\u00f1os y Adolescentes"},"content":{"rendered":"<p>Redacci\u00f3n<\/p>\n<p><span style=\"font-weight: 400;\">En sesi\u00f3n ordinaria, la diputada <\/span><b>Lizbeth Irais Ordaz Islas<\/b><span style=\"font-weight: 400;\"> y el diputado <\/span><b>Andr\u00e9s Vel\u00e1zquez V\u00e1zquez<\/b><span style=\"font-weight: 400;\"> (Morena) presentaron la iniciativa que reforma las leyes de los Derechos de Ni\u00f1as, Ni\u00f1os y Adolescentes, de Asistencia Social, Org\u00e1nica Municipal y de los Derechos de las Personas Adultas Mayores, todas del estado de Hidalgo, para crear las Procuradur\u00edas Municipales de Protecci\u00f3n de Ni\u00f1as, Ni\u00f1os y Adolescentes.<\/span><\/p>\n<p><span style=\"font-weight: 400;\">Ante la presencia de <\/span><b>Edda Vite Ramos<\/b><span style=\"font-weight: 400;\">, presidenta del Patronato del Sistema DIF Hidalgo, <\/span><b>Fabiola Salas Ambriz<\/b><span style=\"font-weight: 400;\">, procuradora federal den Protecci\u00f3n de Ni\u00f1as, Ni\u00f1os y Adolescentes, as\u00ed como alcaldes y titulares de los DIF municipales, el presidente de la Junta de Gobierno precis\u00f3 que esta reforma plantea la creaci\u00f3n de procuradur\u00edas concebidas como autoridades administrativas de primer contacto con autonom\u00eda t\u00e9cnica y operativa, personal especializado en \u00e1reas como psicolog\u00eda, trabajo social, medicina, derecho y administraci\u00f3n, adem\u00e1s de atribuciones claras para actuar de manera inmediata y categ\u00f3rica en casos de vulneraci\u00f3n de derechos.<\/span><\/p>\n<p><span style=\"font-weight: 400;\">\u201cEsta medida permitir\u00e1 que la protecci\u00f3n no dependa exclusivamente de instancias estatales y muchas veces lejanas geogr\u00e1ficamente y limitadas en su capacidad de cobertura, sino que se acerque a las comunidades y se convierta en una realidad tangible para las familias hidalguenses\u201d, resalt\u00f3 el diputado desde tribuna.<\/span><\/p>\n<p><span style=\"font-weight: 400;\">Por su parte, <\/span><b>Edda Vite Ramos<\/b><span style=\"font-weight: 400;\"> reconoci\u00f3 el compromiso del Congreso del Estado, encabezado por su presidente <\/span><b>Andr\u00e9s Vel\u00e1zquez<\/b><span style=\"font-weight: 400;\">, al presentar la iniciativa que permitir\u00e1 la creaci\u00f3n de procuradur\u00edas municipales en todo Hidalgo. Destac\u00f3 que, con esta acci\u00f3n, se fortalece la protecci\u00f3n de ni\u00f1as, ni\u00f1os y adolescentes, asegurando que sus derechos sean defendidos de manera cercana y oportuna en sus propios lugares de origen.<\/span><\/p>\n<p><span style=\"font-weight: 400;\">Subray\u00f3 que, desde el Sistema DIF Hidalgo, celebran la propuesta, ya que representa un paso decisivo hacia un futuro m\u00e1s seguro. Con procuradur\u00edas municipales activas, las familias podr\u00e1n recibir atenci\u00f3n inmediata, sin necesidad de traslados largos ni procesos burocr\u00e1ticos, consolidando as\u00ed un estado que coloca a la ni\u00f1ez en el centro de sus pol\u00edticas p\u00fablicas.<\/span><\/p>\n<p><span style=\"font-weight: 400;\">Todos los grupos legislativos se sumaron a esta reforma.<\/span><\/p>\n<p><b>Otras iniciativas<\/b><\/p>\n<p><b>Protecci\u00f3n integral de la vida y la salud<\/b><\/p>\n<p><span style=\"font-weight: 400;\">La legisladora <\/span><b>Johana Montcerrat Hern\u00e1ndez P\u00e9rez<\/b><span style=\"font-weight: 400;\"> (PRI) propuso la iniciativa que reforma la Ley de Protecci\u00f3n Civil del Estado de Hidalgo, con la finalidad de garantizar la protecci\u00f3n integral de la vida y la salud de los conductores y habitantes ante los riesgos asociados al transporte, almacenamiento y distribuci\u00f3n de gas licuado de petr\u00f3leo (gas LP), a trav\u00e9s de la regulaci\u00f3n estricta del mantenimiento certificado de las unidades, la capacitaci\u00f3n obligatoria del personal, la supervisi\u00f3n constante y la aplicaci\u00f3n de sanciones proporcionales, fomentando una cultura de prevenci\u00f3n y fortaleciendo la seguridad p\u00fablica.<\/span><\/p>\n<p><b>Ley en Materia de Desaparici\u00f3n de Personas para el Estado de Hidalgo<\/b><\/p>\n<p><span style=\"font-weight: 400;\">Las y los diputados <\/span><b>Tania Er\u00e9ndira Meza Escorza<\/b><span style=\"font-weight: 400;\">, <\/span><b>Paloma Barrag\u00e1n Santos<\/b><span style=\"font-weight: 400;\">, <\/span><b>Diana Rangel Z\u00fa\u00f1iga<\/b><span style=\"font-weight: 400;\">, <\/span><b>Alma Rosa El\u00edas Paso<\/b><span style=\"font-weight: 400;\">, <\/span><b>Hilda Miranda Miranda<\/b><span style=\"font-weight: 400;\">, <\/span><b>Juli\u00e1n Nochebuena Hern\u00e1ndez<\/b><span style=\"font-weight: 400;\"> (Morena), <\/span><b>Orqu\u00eddea Larragoiti Osorio<\/b><span style=\"font-weight: 400;\"> (PT), <\/span><b>Johana Montcerrat Hern\u00e1ndez P\u00e9rez<\/b><span style=\"font-weight: 400;\"> (PRI), <\/span><b>Claudia Lilia Luna Islas<\/b><span style=\"font-weight: 400;\"> (PAN), <\/span><b>Mar\u00eda Guadalupe Cruz Monta\u00f1o<\/b><span style=\"font-weight: 400;\">, <\/span><b>Carlos Alejandro Alc\u00e1ntara Carbajal<\/b><span style=\"font-weight: 400;\"> (MC) y <\/span><b>Jos\u00e9 Mar\u00eda Alejandro P\u00e9rez Ram\u00edrez <\/b><span style=\"font-weight: 400;\">(Nueva Alianza) detallaron la iniciativa que reforma la Ley en Materia de Desaparici\u00f3n de Personas para el Estado de Hidalgo, con el fin de incorporar definiciones clave como familia social y nombre social, as\u00ed como garantizar que el estado cumpla con los transitorios obligatorios de la reforma federal, evitando vac\u00edos legales o sanciones potenciales por incumplimiento.<\/span><\/p>\n<p><b>Incorporaci\u00f3n de contenidos de desarrollo agropecuario<\/b><\/p>\n<p><span style=\"font-weight: 400;\">El legislador <\/span><b>Marco Antonio Mendoza Bustamante<\/b><span style=\"font-weight: 400;\"> (PRI) present\u00f3 la iniciativa que reforma la Ley de Desarrollo Agr\u00edcola Sustentable para el Estado de Hidalgo, la cual busca que se promueva la incorporaci\u00f3n de contenidos de desarrollo agropecuario y rural, conocimientos, valores y competencias, en los diversos ciclos educativos, especialmente en el nivel b\u00e1sico, as\u00ed como en la formaci\u00f3n cultural de la ni\u00f1ez y la juventud; adem\u00e1s de propiciar la participaci\u00f3n comprometida de los medios de comunicaci\u00f3n masiva en el fortalecimiento de la conciencia rural y la socializaci\u00f3n de proyectos de desarrollo agropecuario.<\/span><\/p>\n<p><b>Acuerdo econ\u00f3mico<\/b><\/p>\n<p><b>Proceso de expedici\u00f3n, rectificaci\u00f3n y correcci\u00f3n de actas de nacimiento<\/b><\/p>\n<p><span style=\"font-weight: 400;\">Las y los diputados aprobaron con 17 votos a favor, cero en contra y cero abstenciones, el acuerdo econ\u00f3mico que exhorta a las 84 personas titulares del Registro del Estado Familiar de los gobiernos municipales a agilizar el proceso de expedici\u00f3n, rectificaci\u00f3n, correcci\u00f3n y certificaci\u00f3n de actas de nacimiento de las personas que pertenecen a pueblos y comunidades ind\u00edgenas y afromexicanas en el estado, emitido por la primera Comisi\u00f3n Permanente para el Desarrollo Integral de los Pueblos y Comunidades Ind\u00edgenas y Afromexicanas.<\/span><\/p>\n<p><span style=\"font-weight: 400;\">La legisladora <\/span><b>Yarabi Gonz\u00e1lez Mart\u00ednez<\/b><span style=\"font-weight: 400;\"> (Morena), promovente del acuerdo, indic\u00f3 que tambi\u00e9n se solicita a los 84 municipios otorgar la asesor\u00eda y orientaci\u00f3n necesaria para realizar estos tr\u00e1mites de manera gratuita y de ser necesario, proveerles de un traductor o int\u00e9rprete.<\/span><\/p>\n<p><b>Asuntos generales<\/b><\/p>\n<p><b>Aumento de recursos para Centro de Trasplantes<\/b><\/p>\n<p><span style=\"font-weight: 400;\">La diputada <\/span><b>Claudia Lilia Luna Islas<\/b><span style=\"font-weight: 400;\"> (PAN) propuso el acuerdo econ\u00f3mico que exhorta a las titulares de las secretar\u00edas de Salud y de Hacienda de Hidalgo, as\u00ed como a la Secretar\u00eda de Salud del gobierno federal, a incrementar los recursos financieros destinados al Centro Estatal de Trasplantes del Estado de Hidalgo, fortalecer la infraestructura hospitalaria y de laboratorio, garantizar la capacitaci\u00f3n continua del personal m\u00e9dico y administrativo involucrado en la procuraci\u00f3n y trasplante de \u00f3rganos y tejidos, establecer campa\u00f1as permanentes de concientizaci\u00f3n para promover la cultura de la donaci\u00f3n y asegurar la coordinaci\u00f3n interinstitucional necesaria para que los procedimientos de trasplante se realicen de manera oportuna y eficiente.<\/span><\/p>\n<p>&nbsp;<\/p>\n<p><b>Asistencia a sesiones de Juntas de Gobierno<\/b><\/p>\n<p><span style=\"font-weight: 400;\">Las y los legisladores <\/span><b>Hilda Miranda Miranda<\/b><span style=\"font-weight: 400;\">, <\/span><b>Lizbeth Ira\u00eds Ordaz Islas<\/b><span style=\"font-weight: 400;\">, <\/span><b>Paloma Barrag\u00e1n Santos<\/b><span style=\"font-weight: 400;\">, <\/span><b>Alma Rosa El\u00edas Paso<\/b><span style=\"font-weight: 400;\">, <\/span><b>Miguel \u00c1ngel Moreno Zamora<\/b><span style=\"font-weight: 400;\">, <\/span><b>Andr\u00e9s Vel\u00e1zquez V\u00e1zquez<\/b><span style=\"font-weight: 400;\">, <\/span><b>Arturo G\u00f3mez Canales<\/b><span style=\"font-weight: 400;\">, <\/span><b>Juan Pablo Escalante Urb\u00e1n<\/b><span style=\"font-weight: 400;\"> (Morena), <\/span><b>Jorge Arg\u00fcelles Salazar<\/b><span style=\"font-weight: 400;\"> y <\/span><b>Jos\u00e9 Mar\u00eda Alejandro P\u00e9rez Ram\u00edrez<\/b><span style=\"font-weight: 400;\"> (Nueva Alianza) presentaron el acuerdo econ\u00f3mico que exhorta a la Comisi\u00f3n Nacional del Agua a asistir y participar de manera permanente en las sesiones de las Juntas de Gobierno de los organismos operadores.<\/span><\/p>\n<p><span style=\"font-weight: 400;\">Asimismo, se solicita a los organismos operadores de agua gestionar e implementar la modalidad de sesiones virtuales en sus Juntas de Gobierno, con el prop\u00f3sito de garantizar la asistencia y representaci\u00f3n efectiva de todos sus integrantes.<\/span><\/p>\n<p>&nbsp;<\/p>\n<p><b>Supervisi\u00f3n de establecimientos de hidrocarburos<\/b><\/p>\n<p><span style=\"font-weight: 400;\">Las y los diputados <\/span><b>Marco Antonio Mendoza Bustamante<\/b><span style=\"font-weight: 400;\">, <\/span><b>Johana Montcerrat Hern\u00e1ndez P\u00e9rez<\/b><span style=\"font-weight: 400;\"> (PRI), <\/span><b>Claudia Lilia Luna Islas<\/b><span style=\"font-weight: 400;\"> (PAN), <\/span><b>Leonel Perusqu\u00eda Muedano<\/b><span style=\"font-weight: 400;\"> (PRD), <\/span><b>Karla Perales Arrieta<\/b><span style=\"font-weight: 400;\"> (MC), <\/span><b>Orqu\u00eddea Larragoiti Osorio<\/b><span style=\"font-weight: 400;\"> y <\/span><b>Francisco Javier T\u00e9llez S\u00e1nchez<\/b><span style=\"font-weight: 400;\"> (PT) propusieron el acuerdo econ\u00f3mico que exhorta a realizar la supervisi\u00f3n de la seguridad en establecimientos y unidades vehiculares que se dediquen al almacenamiento y distribuci\u00f3n de hidrocarburos y gas L.P.<\/span><\/p>\n<p>&nbsp;<\/p>\n<p><b>Mantenimiento preventivo de gaseras<\/b><\/p>\n<p><span style=\"font-weight: 400;\">Respecto al mismo tema, el diputado <\/span><b>Francisco Javier T\u00e9llez S\u00e1nchez<\/b><span style=\"font-weight: 400;\"> (PT) mencion\u00f3 que el gas LP es uno de los combustibles m\u00e1s utilizados en M\u00e9xico, \u201cpero tambi\u00e9n uno de los m\u00e1s peligrosos. El mantenimiento preventivo de las gaseras de gas LP es crucial para garantizar la seguridad, previniendo fugas, explosiones y accidentes\u201d.<\/span><\/p>\n<p>&nbsp;<\/p>\n<p><b>Participaci\u00f3n de las mujeres en la independencia<\/b><\/p>\n<p><span style=\"font-weight: 400;\">En el marco de la conmemoraci\u00f3n del D\u00eda de la Independencia en M\u00e9xico, la legisladora <\/span><b>Johana Montcerrat Hern\u00e1ndez P\u00e9rez<\/b><span style=\"font-weight: 400;\"> (PRI) record\u00f3 que, a lo largo de los a\u00f1os, \u201clas mujeres hemos tenido un papel determinante en la consolidaci\u00f3n de nuestra democracia, desde la lucha por el derecho al voto, hasta ocupar espacios de representaci\u00f3n popular en la toma de decisiones. La historia nos demuestra que M\u00e9xico avanza cuando se reconoce el valor y el liderazgo de sus mujeres\u201d.<\/span><\/p>\n<p>&nbsp;<\/p>\n<p><b>Congreso del Estado participa segundo Simulacro Nacional 2025<\/b><\/p>\n<p><span style=\"font-weight: 400;\">El <\/span><b>Congreso del Estado de Hidalgo<\/b><span style=\"font-weight: 400;\"> se sum\u00f3 al segundo Simulacro Nacional 2025, en el cual se activ\u00f3 un escenario de emergencia con la hip\u00f3tesis de un sismo de magnitud 8.1 con epicentro en L\u00e1zaro C\u00e1rdenas, Michoac\u00e1n.<\/span><\/p>\n<p><span style=\"font-weight: 400;\">En esta actividad participaron m\u00e1s de 30 brigadistas del Poder Legislativo, quienes ayudaron en la evacuaci\u00f3n de 633 personas, m\u00e1s 81 que se integraron posteriormente, registrando saldo blanco.<\/span><\/p>\n<p><span style=\"font-weight: 400;\">El presidente de la Junta de Gobierno, diputado <\/span><b>Andr\u00e9s Vel\u00e1zquez V\u00e1zquez<\/b><span style=\"font-weight: 400;\"> agradeci\u00f3 la participaci\u00f3n del personal del Congreso para reforzar la cultura de la prevenci\u00f3n y la protecci\u00f3n civil, adem\u00e1s anunci\u00f3 la entrega de una ambulancia que estar\u00e1 disponible para cualquier emergencia en el Servicio M\u00e9dico.<\/span><\/p>\n<p><span style=\"font-weight: 400;\">El diputado <\/span><b>Francisco Javier T\u00e9llez S\u00e1nchez<\/b><span style=\"font-weight: 400;\">, presidente de la primera Comisi\u00f3n de Protecci\u00f3n Civil y Gesti\u00f3n Integral de Riesgos, record\u00f3 lo importante que es \u201cla vida de todos y cada uno de nosotros. Entre todos nos podemos cuidar de manera mutua y organizada\u201d.<\/span><\/p>\n","protected":false},"excerpt":{"rendered":"<p>Redacci\u00f3n En sesi\u00f3n ordinaria, la diputada Lizbeth Irais Ordaz Islas y el diputado Andr\u00e9s Vel\u00e1zquez V\u00e1zquez (Morena) presentaron la iniciativa que reforma las leyes de los Derechos de Ni\u00f1as, Ni\u00f1os y Adolescentes, de Asistencia Social, Org\u00e1nica Municipal y de los Derechos de las Personas Adultas Mayores, todas del estado de Hidalgo, para crear las Procuradur\u00edas<\/p>\n","protected":false},"author":2,"featured_media":5093,"comment_status":"open","ping_status":"open","sticky":false,"template":"","format":"standard","meta":{"footnotes":""},"categories":[31,44,39],"tags":[70,302],"class_list":{"0":"post-5092","1":"post","2":"type-post","3":"status-publish","4":"format-standard","5":"has-post-thumbnail","7":"category-hidalgo","8":"category-minuto-a-minuto","9":"category-politica","10":"tag-andres-velazquez","11":"tag-ninez"},"yoast_head":"<!-- This site is optimized with the Yoast SEO plugin v26.1.1 - https:\/\/yoast.com\/wordpress\/plugins\/seo\/ -->\n<title>Diputados proponen la creaci\u00f3n de las Procuradur\u00edas Municipales de Protecci\u00f3n de Ni\u00f1as, Ni\u00f1os y Adolescentes - El Cardinal<\/title>\n<meta name=\"robots\" content=\"index, follow, max-snippet:-1, max-image-preview:large, max-video-preview:-1\" \/>\n<link rel=\"canonical\" href=\"https:\/\/elcardinal.com\/?p=5092\" \/>\n<meta property=\"og:locale\" content=\"es_MX\" \/>\n<meta property=\"og:type\" content=\"article\" \/>\n<meta property=\"og:title\" content=\"Diputados proponen la creaci\u00f3n de las Procuradur\u00edas Municipales de Protecci\u00f3n de Ni\u00f1as, Ni\u00f1os y Adolescentes - El Cardinal\" \/>\n<meta property=\"og:description\" content=\"Redacci\u00f3n En sesi\u00f3n ordinaria, la diputada Lizbeth Irais Ordaz Islas y el diputado Andr\u00e9s Vel\u00e1zquez V\u00e1zquez (Morena) presentaron la iniciativa que reforma las leyes de los Derechos de Ni\u00f1as, Ni\u00f1os y Adolescentes, de Asistencia Social, Org\u00e1nica Municipal y de los Derechos de las Personas Adultas Mayores, todas del estado de Hidalgo, para crear las Procuradur\u00edas\" \/>\n<meta property=\"og:url\" content=\"https:\/\/elcardinal.com\/?p=5092\" \/>\n<meta property=\"og:site_name\" content=\"El Cardinal\" \/>\n<meta property=\"article:publisher\" content=\"https:\/\/www.facebook.com\/profile.php?id=100063093107011\" \/>\n<meta property=\"article:published_time\" content=\"2025-09-20T05:59:14+00:00\" \/>\n<meta property=\"article:modified_time\" content=\"2025-09-20T05:59:27+00:00\" \/>\n<meta property=\"og:image\" content=\"https:\/\/elcardinal.com\/wp-content\/uploads\/2025\/09\/Sesion-19.09.2025-ordinaria-165.jpg\" \/>\n\t<meta property=\"og:image:width\" content=\"2400\" \/>\n\t<meta property=\"og:image:height\" content=\"1600\" \/>\n\t<meta property=\"og:image:type\" content=\"image\/jpeg\" \/>\n<meta name=\"author\" content=\"Antonio Alcaraz\" \/>\n<meta name=\"twitter:card\" content=\"summary_large_image\" \/>\n<meta name=\"twitter:creator\" content=\"@ElCardinal_Mx\" \/>\n<meta name=\"twitter:site\" content=\"@ElCardinal_Mx\" \/>\n<meta name=\"twitter:label1\" content=\"Escrito por\" \/>\n\t<meta name=\"twitter:data1\" content=\"Antonio Alcaraz\" \/>\n\t<meta name=\"twitter:label2\" content=\"Tiempo de lectura\" \/>\n\t<meta name=\"twitter:data2\" content=\"7 minutos\" \/>\n<script type=\"application\/ld+json\" class=\"yoast-schema-graph\">{\"@context\":\"https:\/\/schema.org\",\"@graph\":[{\"@type\":\"Article\",\"@id\":\"https:\/\/elcardinal.com\/?p=5092#article\",\"isPartOf\":{\"@id\":\"https:\/\/elcardinal.com\/?p=5092\"},\"author\":{\"name\":\"Antonio Alcaraz\",\"@id\":\"https:\/\/elcardinal.com\/#\/schema\/person\/3c352ec0a33987fe275c0e8a2ea69f8b\"},\"headline\":\"Diputados proponen la creaci\u00f3n de las Procuradur\u00edas Municipales de Protecci\u00f3n de Ni\u00f1as, Ni\u00f1os y Adolescentes\",\"datePublished\":\"2025-09-20T05:59:14+00:00\",\"dateModified\":\"2025-09-20T05:59:27+00:00\",\"mainEntityOfPage\":{\"@id\":\"https:\/\/elcardinal.com\/?p=5092\"},\"wordCount\":1586,\"commentCount\":0,\"publisher\":{\"@id\":\"https:\/\/elcardinal.com\/#organization\"},\"image\":{\"@id\":\"https:\/\/elcardinal.com\/?p=5092#primaryimage\"},\"thumbnailUrl\":\"https:\/\/elcardinal.com\/wp-content\/uploads\/2025\/09\/Sesion-19.09.2025-ordinaria-165.jpg\",\"keywords\":[\"Andr\u00e9s Vel\u00e1zquez\",\"Ni\u00f1ez\"],\"articleSection\":[\"Hidalgo\",\"Minuto a Minuto\",\"Pol\u00edtica\"],\"inLanguage\":\"es\",\"potentialAction\":[{\"@type\":\"CommentAction\",\"name\":\"Comment\",\"target\":[\"https:\/\/elcardinal.com\/?p=5092#respond\"]}]},{\"@type\":\"WebPage\",\"@id\":\"https:\/\/elcardinal.com\/?p=5092\",\"url\":\"https:\/\/elcardinal.com\/?p=5092\",\"name\":\"Diputados proponen la creaci\u00f3n de las Procuradur\u00edas Municipales de Protecci\u00f3n de Ni\u00f1as, Ni\u00f1os y Adolescentes - El Cardinal\",\"isPartOf\":{\"@id\":\"https:\/\/elcardinal.com\/#website\"},\"primaryImageOfPage\":{\"@id\":\"https:\/\/elcardinal.com\/?p=5092#primaryimage\"},\"image\":{\"@id\":\"https:\/\/elcardinal.com\/?p=5092#primaryimage\"},\"thumbnailUrl\":\"https:\/\/elcardinal.com\/wp-content\/uploads\/2025\/09\/Sesion-19.09.2025-ordinaria-165.jpg\",\"datePublished\":\"2025-09-20T05:59:14+00:00\",\"dateModified\":\"2025-09-20T05:59:27+00:00\",\"breadcrumb\":{\"@id\":\"https:\/\/elcardinal.com\/?p=5092#breadcrumb\"},\"inLanguage\":\"es\",\"potentialAction\":[{\"@type\":\"ReadAction\",\"target\":[\"https:\/\/elcardinal.com\/?p=5092\"]}]},{\"@type\":\"ImageObject\",\"inLanguage\":\"es\",\"@id\":\"https:\/\/elcardinal.com\/?p=5092#primaryimage\",\"url\":\"https:\/\/elcardinal.com\/wp-content\/uploads\/2025\/09\/Sesion-19.09.2025-ordinaria-165.jpg\",\"contentUrl\":\"https:\/\/elcardinal.com\/wp-content\/uploads\/2025\/09\/Sesion-19.09.2025-ordinaria-165.jpg\",\"width\":2400,\"height\":1600,\"caption\":\"CONGRESO_HIDALGO\"},{\"@type\":\"BreadcrumbList\",\"@id\":\"https:\/\/elcardinal.com\/?p=5092#breadcrumb\",\"itemListElement\":[{\"@type\":\"ListItem\",\"position\":1,\"name\":\"Inicio\",\"item\":\"https:\/\/elcardinal.com\/\"},{\"@type\":\"ListItem\",\"position\":2,\"name\":\"Diputados proponen la creaci\u00f3n de las Procuradur\u00edas Municipales de Protecci\u00f3n de Ni\u00f1as, Ni\u00f1os y Adolescentes\"}]},{\"@type\":\"WebSite\",\"@id\":\"https:\/\/elcardinal.com\/#website\",\"url\":\"https:\/\/elcardinal.com\/\",\"name\":\"El Cardinal\",\"description\":\"Periodismo honesto, con valor, sentido humano, a veces sarc\u00e1stico y divertido.\",\"publisher\":{\"@id\":\"https:\/\/elcardinal.com\/#organization\"},\"alternateName\":\"El Cardinal Noticias\",\"potentialAction\":[{\"@type\":\"SearchAction\",\"target\":{\"@type\":\"EntryPoint\",\"urlTemplate\":\"https:\/\/elcardinal.com\/?s={search_term_string}\"},\"query-input\":{\"@type\":\"PropertyValueSpecification\",\"valueRequired\":true,\"valueName\":\"search_term_string\"}}],\"inLanguage\":\"es\"},{\"@type\":\"Organization\",\"@id\":\"https:\/\/elcardinal.com\/#organization\",\"name\":\"El Cardinal\",\"url\":\"https:\/\/elcardinal.com\/\",\"logo\":{\"@type\":\"ImageObject\",\"inLanguage\":\"es\",\"@id\":\"https:\/\/elcardinal.com\/#\/schema\/logo\/image\/\",\"url\":\"https:\/\/elcardinal.com\/wp-content\/uploads\/2025\/04\/LOGO-EL-CARDINAL-Periodismo-con-valor.png\",\"contentUrl\":\"https:\/\/elcardinal.com\/wp-content\/uploads\/2025\/04\/LOGO-EL-CARDINAL-Periodismo-con-valor.png\",\"width\":755,\"height\":636,\"caption\":\"El Cardinal\"},\"image\":{\"@id\":\"https:\/\/elcardinal.com\/#\/schema\/logo\/image\/\"},\"sameAs\":[\"https:\/\/www.facebook.com\/profile.php?id=100063093107011\",\"https:\/\/x.com\/ElCardinal_Mx\"]},{\"@type\":\"Person\",\"@id\":\"https:\/\/elcardinal.com\/#\/schema\/person\/3c352ec0a33987fe275c0e8a2ea69f8b\",\"name\":\"Antonio Alcaraz\",\"image\":{\"@type\":\"ImageObject\",\"inLanguage\":\"es\",\"@id\":\"https:\/\/elcardinal.com\/#\/schema\/person\/image\/\",\"url\":\"https:\/\/elcardinal.com\/wp-content\/uploads\/2025\/05\/cropped-TONO-96x96.jpg\",\"contentUrl\":\"https:\/\/elcardinal.com\/wp-content\/uploads\/2025\/05\/cropped-TONO-96x96.jpg\",\"caption\":\"Antonio Alcaraz\"},\"url\":\"https:\/\/elcardinal.com\/?author=2\"}]}<\/script>\n<!-- \/ Yoast SEO plugin. -->","yoast_head_json":{"title":"Diputados proponen la creaci\u00f3n de las Procuradur\u00edas Municipales de Protecci\u00f3n de Ni\u00f1as, Ni\u00f1os y Adolescentes - El Cardinal","robots":{"index":"index","follow":"follow","max-snippet":"max-snippet:-1","max-image-preview":"max-image-preview:large","max-video-preview":"max-video-preview:-1"},"canonical":"https:\/\/elcardinal.com\/?p=5092","og_locale":"es_MX","og_type":"article","og_title":"Diputados proponen la creaci\u00f3n de las Procuradur\u00edas Municipales de Protecci\u00f3n de Ni\u00f1as, Ni\u00f1os y Adolescentes - El Cardinal","og_description":"Redacci\u00f3n En sesi\u00f3n ordinaria, la diputada Lizbeth Irais Ordaz Islas y el diputado Andr\u00e9s Vel\u00e1zquez V\u00e1zquez (Morena) presentaron la iniciativa que reforma las leyes de los Derechos de Ni\u00f1as, Ni\u00f1os y Adolescentes, de Asistencia Social, Org\u00e1nica Municipal y de los Derechos de las Personas Adultas Mayores, todas del estado de Hidalgo, para crear las Procuradur\u00edas","og_url":"https:\/\/elcardinal.com\/?p=5092","og_site_name":"El Cardinal","article_publisher":"https:\/\/www.facebook.com\/profile.php?id=100063093107011","article_published_time":"2025-09-20T05:59:14+00:00","article_modified_time":"2025-09-20T05:59:27+00:00","og_image":[{"width":2400,"height":1600,"url":"https:\/\/elcardinal.com\/wp-content\/uploads\/2025\/09\/Sesion-19.09.2025-ordinaria-165.jpg","type":"image\/jpeg"}],"author":"Antonio Alcaraz","twitter_card":"summary_large_image","twitter_creator":"@ElCardinal_Mx","twitter_site":"@ElCardinal_Mx","twitter_misc":{"Escrito por":"Antonio Alcaraz","Tiempo de lectura":"7 minutos"},"schema":{"@context":"https:\/\/schema.org","@graph":[{"@type":"Article","@id":"https:\/\/elcardinal.com\/?p=5092#article","isPartOf":{"@id":"https:\/\/elcardinal.com\/?p=5092"},"author":{"name":"Antonio Alcaraz","@id":"https:\/\/elcardinal.com\/#\/schema\/person\/3c352ec0a33987fe275c0e8a2ea69f8b"},"headline":"Diputados proponen la creaci\u00f3n de las Procuradur\u00edas Municipales de Protecci\u00f3n de Ni\u00f1as, Ni\u00f1os y Adolescentes","datePublished":"2025-09-20T05:59:14+00:00","dateModified":"2025-09-20T05:59:27+00:00","mainEntityOfPage":{"@id":"https:\/\/elcardinal.com\/?p=5092"},"wordCount":1586,"commentCount":0,"publisher":{"@id":"https:\/\/elcardinal.com\/#organization"},"image":{"@id":"https:\/\/elcardinal.com\/?p=5092#primaryimage"},"thumbnailUrl":"https:\/\/elcardinal.com\/wp-content\/uploads\/2025\/09\/Sesion-19.09.2025-ordinaria-165.jpg","keywords":["Andr\u00e9s Vel\u00e1zquez","Ni\u00f1ez"],"articleSection":["Hidalgo","Minuto a Minuto","Pol\u00edtica"],"inLanguage":"es","potentialAction":[{"@type":"CommentAction","name":"Comment","target":["https:\/\/elcardinal.com\/?p=5092#respond"]}]},{"@type":"WebPage","@id":"https:\/\/elcardinal.com\/?p=5092","url":"https:\/\/elcardinal.com\/?p=5092","name":"Diputados proponen la creaci\u00f3n de las Procuradur\u00edas Municipales de Protecci\u00f3n de Ni\u00f1as, Ni\u00f1os y Adolescentes - El Cardinal","isPartOf":{"@id":"https:\/\/elcardinal.com\/#website"},"primaryImageOfPage":{"@id":"https:\/\/elcardinal.com\/?p=5092#primaryimage"},"image":{"@id":"https:\/\/elcardinal.com\/?p=5092#primaryimage"},"thumbnailUrl":"https:\/\/elcardinal.com\/wp-content\/uploads\/2025\/09\/Sesion-19.09.2025-ordinaria-165.jpg","datePublished":"2025-09-20T05:59:14+00:00","dateModified":"2025-09-20T05:59:27+00:00","breadcrumb":{"@id":"https:\/\/elcardinal.com\/?p=5092#breadcrumb"},"inLanguage":"es","potentialAction":[{"@type":"ReadAction","target":["https:\/\/elcardinal.com\/?p=5092"]}]},{"@type":"ImageObject","inLanguage":"es","@id":"https:\/\/elcardinal.com\/?p=5092#primaryimage","url":"https:\/\/elcardinal.com\/wp-content\/uploads\/2025\/09\/Sesion-19.09.2025-ordinaria-165.jpg","contentUrl":"https:\/\/elcardinal.com\/wp-content\/uploads\/2025\/09\/Sesion-19.09.2025-ordinaria-165.jpg","width":2400,"height":1600,"caption":"CONGRESO_HIDALGO"},{"@type":"BreadcrumbList","@id":"https:\/\/elcardinal.com\/?p=5092#breadcrumb","itemListElement":[{"@type":"ListItem","position":1,"name":"Inicio","item":"https:\/\/elcardinal.com\/"},{"@type":"ListItem","position":2,"name":"Diputados proponen la creaci\u00f3n de las Procuradur\u00edas Municipales de Protecci\u00f3n de Ni\u00f1as, Ni\u00f1os y Adolescentes"}]},{"@type":"WebSite","@id":"https:\/\/elcardinal.com\/#website","url":"https:\/\/elcardinal.com\/","name":"El Cardinal","description":"Periodismo honesto, con valor, sentido humano, a veces sarc\u00e1stico y divertido.","publisher":{"@id":"https:\/\/elcardinal.com\/#organization"},"alternateName":"El Cardinal Noticias","potentialAction":[{"@type":"SearchAction","target":{"@type":"EntryPoint","urlTemplate":"https:\/\/elcardinal.com\/?s={search_term_string}"},"query-input":{"@type":"PropertyValueSpecification","valueRequired":true,"valueName":"search_term_string"}}],"inLanguage":"es"},{"@type":"Organization","@id":"https:\/\/elcardinal.com\/#organization","name":"El Cardinal","url":"https:\/\/elcardinal.com\/","logo":{"@type":"ImageObject","inLanguage":"es","@id":"https:\/\/elcardinal.com\/#\/schema\/logo\/image\/","url":"https:\/\/elcardinal.com\/wp-content\/uploads\/2025\/04\/LOGO-EL-CARDINAL-Periodismo-con-valor.png","contentUrl":"https:\/\/elcardinal.com\/wp-content\/uploads\/2025\/04\/LOGO-EL-CARDINAL-Periodismo-con-valor.png","width":755,"height":636,"caption":"El Cardinal"},"image":{"@id":"https:\/\/elcardinal.com\/#\/schema\/logo\/image\/"},"sameAs":["https:\/\/www.facebook.com\/profile.php?id=100063093107011","https:\/\/x.com\/ElCardinal_Mx"]},{"@type":"Person","@id":"https:\/\/elcardinal.com\/#\/schema\/person\/3c352ec0a33987fe275c0e8a2ea69f8b","name":"Antonio Alcaraz","image":{"@type":"ImageObject","inLanguage":"es","@id":"https:\/\/elcardinal.com\/#\/schema\/person\/image\/","url":"https:\/\/elcardinal.com\/wp-content\/uploads\/2025\/05\/cropped-TONO-96x96.jpg","contentUrl":"https:\/\/elcardinal.com\/wp-content\/uploads\/2025\/05\/cropped-TONO-96x96.jpg","caption":"Antonio Alcaraz"},"url":"https:\/\/elcardinal.com\/?author=2"}]}},"_links":{"self":[{"href":"https:\/\/elcardinal.com\/index.php?rest_route=\/wp\/v2\/posts\/5092","targetHints":{"allow":["GET"]}}],"collection":[{"href":"https:\/\/elcardinal.com\/index.php?rest_route=\/wp\/v2\/posts"}],"about":[{"href":"https:\/\/elcardinal.com\/index.php?rest_route=\/wp\/v2\/types\/post"}],"author":[{"embeddable":true,"href":"https:\/\/elcardinal.com\/index.php?rest_route=\/wp\/v2\/users\/2"}],"replies":[{"embeddable":true,"href":"https:\/\/elcardinal.com\/index.php?rest_route=%2Fwp%2Fv2%2Fcomments&post=5092"}],"version-history":[{"count":1,"href":"https:\/\/elcardinal.com\/index.php?rest_route=\/wp\/v2\/posts\/5092\/revisions"}],"predecessor-version":[{"id":5094,"href":"https:\/\/elcardinal.com\/index.php?rest_route=\/wp\/v2\/posts\/5092\/revisions\/5094"}],"wp:featuredmedia":[{"embeddable":true,"href":"https:\/\/elcardinal.com\/index.php?rest_route=\/wp\/v2\/media\/5093"}],"wp:attachment":[{"href":"https:\/\/elcardinal.com\/index.php?rest_route=%2Fwp%2Fv2%2Fmedia&parent=5092"}],"wp:term":[{"taxonomy":"category","embeddable":true,"href":"https:\/\/elcardinal.com\/index.php?rest_route=%2Fwp%2Fv2%2Fcategories&post=5092"},{"taxonomy":"post_tag","embeddable":true,"href":"https:\/\/elcardinal.com\/index.php?rest_route=%2Fwp%2Fv2%2Ftags&post=5092"}],"curies":[{"name":"wp","href":"https:\/\/api.w.org\/{rel}","templated":true}]}}