{"id":5101,"date":"2025-09-23T13:05:46","date_gmt":"2025-09-23T19:05:46","guid":{"rendered":"https:\/\/elcardinal.com\/?p=5101"},"modified":"2025-09-23T13:05:46","modified_gmt":"2025-09-23T19:05:46","slug":"presentan-la-feria-patronal-de-san-francisco-de-asis-acayuca-2025-con-tradicion-cultura-y-sabor","status":"publish","type":"post","link":"https:\/\/elcardinal.com\/?p=5101","title":{"rendered":"Presentan la Feria Patronal de San Francisco de As\u00eds Acayuca 2025 con tradici\u00f3n, cultura y sabor\u00a0"},"content":{"rendered":"<p>Por: <strong>Jos\u00e9 Antonio Alcaraz Su\u00e1rez<\/strong><\/p>\n<p>La ma\u00f1ana de este martes, en conferencia de prensa realizada en las instalaciones de la Secretar\u00eda de Turismo del Estado de Hidalgo, autoridades municipales y organizadores anunciaron la <strong data-start=\"297\" data-end=\"345\">Feria Patronal de San Francisco de As\u00eds 2025<\/strong>, que se llevar\u00e1 a cabo los d\u00edas <strong data-start=\"378\" data-end=\"463\">3, 4 y 5 de octubre en la comunidad de Acayuca, municipio de Zapotl\u00e1n de Ju\u00e1rez, Hidalgo<\/strong>.<\/p>\n<p data-start=\"468\" data-end=\"746\">En el evento participaron el secretario de Fomento Econ\u00f3mico, <strong data-start=\"533\" data-end=\"556\">Fabi\u00e1n S\u00e1nchez Cruz<\/strong>; el director de Turismo, <strong data-start=\"582\" data-end=\"607\">Eduardo Delgado P\u00e9rez<\/strong>; el presidente del comit\u00e9 de feria, <strong data-start=\"644\" data-end=\"670\">Francisco G\u00f3mez Garc\u00eda<\/strong>; as\u00ed como representantes de artesanos, productores y empresarios locales.<\/p>\n<p data-start=\"748\" data-end=\"1190\">Como parte de la programaci\u00f3n, se destac\u00f3 la instalaci\u00f3n de un <strong data-start=\"816\" data-end=\"851\">pabell\u00f3n artesanal de 40 metros<\/strong>, con la participaci\u00f3n de m\u00e1s de <strong data-start=\"884\" data-end=\"926\">35 artesanos, textileros y productores<\/strong>, quienes ofrecer\u00e1n prendas t\u00edpicas, sandalias, aretes, productos de resina y confecciones \u00fanicas de la regi\u00f3n. Tambi\u00e9n se contar\u00e1 con la presencia de <strong data-start=\"1077\" data-end=\"1087\">Biomar<\/strong>, productora de un destilado de pulque originario de Zapotl\u00e1n, que busca proyectarse a nivel estatal.<\/p>\n<p data-start=\"1192\" data-end=\"1562\">Adem\u00e1s, se realizar\u00e1 un <strong data-start=\"1221\" data-end=\"1246\">concurso gastron\u00f3mico<\/strong>, en el que cocineras y cocineros locales presentar\u00e1n platillos t\u00edpicos elaborados con ingredientes de la regi\u00f3n. El mejor ser\u00e1 seleccionado por un jurado en colaboraci\u00f3n con la <strong data-start=\"1424\" data-end=\"1470\">Universidad Aut\u00f3noma del Estado de Hidalgo<\/strong>, con el objetivo de representar al municipio en la convocatoria de <strong data-start=\"1538\" data-end=\"1559\">Pueblos con Sabor<\/strong>.<\/p>\n<p data-start=\"1564\" data-end=\"2083\">La tradici\u00f3n religiosa tambi\u00e9n tendr\u00e1 un papel fundamental: el <strong data-start=\"1632\" data-end=\"1648\">3 de octubre<\/strong> se efectuar\u00e1 la procesi\u00f3n de capillas hacia la iglesia principal y un baile guapanguero; el <strong data-start=\"1741\" data-end=\"1757\">4 de octubre<\/strong> habr\u00e1 ma\u00f1anitas, misas, confirmaciones y un gran jaripeo, adem\u00e1s de la presentaci\u00f3n de <strong data-start=\"1845\" data-end=\"1903\">Tony Liz\u00e1rraga, Estrellas Latinas y Conjunto Acorazado<\/strong>; mientras que el <strong data-start=\"1921\" data-end=\"1937\">5 de octubre<\/strong> se cerrar\u00e1 con otro jaripeo y presentaciones musicales de <strong data-start=\"1996\" data-end=\"2080\">Banda Ejecutiva, Tr\u00edo Aurora, Conjunto Insistente y Banda Nueva de las Estrellas<\/strong>.<\/p>\n<p data-start=\"2085\" data-end=\"2328\">Los organizadores estiman la llegada de <strong data-start=\"2128\" data-end=\"2149\">50 mil visitantes<\/strong> durante los tres d\u00edas de actividades, lo que representar\u00e1 una <strong data-start=\"2212\" data-end=\"2265\">derrama econ\u00f3mica significativa para el municipio<\/strong> y la proyecci\u00f3n del talento artesanal y cultural de Acayuca.<\/p>\n<p data-start=\"2330\" data-end=\"2503\" data-is-last-node=\"\" data-is-only-node=\"\">Con m\u00fasica, tradici\u00f3n, fe, gastronom\u00eda y cultura, <strong data-start=\"2383\" data-end=\"2502\">Acayuca abre sus puertas a todo Hidalgo y a visitantes de la regi\u00f3n para celebrar en grande a San Francisco de As\u00eds<\/strong>.<\/p>\n<p>&nbsp;<\/p>\n","protected":false},"excerpt":{"rendered":"<p>Por: Jos\u00e9 Antonio Alcaraz Su\u00e1rez La ma\u00f1ana de este martes, en conferencia de prensa realizada en las instalaciones de la Secretar\u00eda de Turismo del Estado de Hidalgo, autoridades municipales y organizadores anunciaron la Feria Patronal de San Francisco de As\u00eds 2025, que se llevar\u00e1 a cabo los d\u00edas 3, 4 y 5 de octubre en<\/p>\n","protected":false},"author":2,"featured_media":5102,"comment_status":"open","ping_status":"open","sticky":false,"template":"","format":"standard","meta":{"footnotes":""},"categories":[31,32,44],"tags":[],"class_list":{"0":"post-5101","1":"post","2":"type-post","3":"status-publish","4":"format-standard","5":"has-post-thumbnail","7":"category-hidalgo","8":"category-metropoli","9":"category-minuto-a-minuto"},"yoast_head":"<!-- This site is optimized with the Yoast SEO plugin v26.1.1 - https:\/\/yoast.com\/wordpress\/plugins\/seo\/ -->\n<title>Presentan la Feria Patronal de San Francisco de As\u00eds Acayuca 2025 con tradici\u00f3n, cultura y sabor\u00a0 - El Cardinal<\/title>\n<meta name=\"robots\" content=\"index, follow, max-snippet:-1, max-image-preview:large, max-video-preview:-1\" \/>\n<link rel=\"canonical\" href=\"https:\/\/elcardinal.com\/?p=5101\" \/>\n<meta property=\"og:locale\" content=\"es_MX\" \/>\n<meta property=\"og:type\" content=\"article\" \/>\n<meta property=\"og:title\" content=\"Presentan la Feria Patronal de San Francisco de As\u00eds Acayuca 2025 con tradici\u00f3n, cultura y sabor\u00a0 - El Cardinal\" \/>\n<meta property=\"og:description\" content=\"Por: Jos\u00e9 Antonio Alcaraz Su\u00e1rez La ma\u00f1ana de este martes, en conferencia de prensa realizada en las instalaciones de la Secretar\u00eda de Turismo del Estado de Hidalgo, autoridades municipales y organizadores anunciaron la Feria Patronal de San Francisco de As\u00eds 2025, que se llevar\u00e1 a cabo los d\u00edas 3, 4 y 5 de octubre en\" \/>\n<meta property=\"og:url\" content=\"https:\/\/elcardinal.com\/?p=5101\" \/>\n<meta property=\"og:site_name\" content=\"El Cardinal\" \/>\n<meta property=\"article:publisher\" content=\"https:\/\/www.facebook.com\/profile.php?id=100063093107011\" \/>\n<meta property=\"article:published_time\" content=\"2025-09-23T19:05:46+00:00\" \/>\n<meta property=\"og:image\" content=\"https:\/\/elcardinal.com\/wp-content\/uploads\/2025\/09\/WhatsApp-Image-2025-09-23-at-1.04.53-PM.jpeg\" \/>\n\t<meta property=\"og:image:width\" content=\"1600\" \/>\n\t<meta property=\"og:image:height\" content=\"900\" \/>\n\t<meta property=\"og:image:type\" content=\"image\/jpeg\" \/>\n<meta name=\"author\" content=\"Antonio Alcaraz\" \/>\n<meta name=\"twitter:card\" content=\"summary_large_image\" \/>\n<meta name=\"twitter:creator\" content=\"@ElCardinal_Mx\" \/>\n<meta name=\"twitter:site\" content=\"@ElCardinal_Mx\" \/>\n<meta name=\"twitter:label1\" content=\"Escrito por\" \/>\n\t<meta name=\"twitter:data1\" content=\"Antonio Alcaraz\" \/>\n\t<meta name=\"twitter:label2\" content=\"Tiempo de lectura\" \/>\n\t<meta name=\"twitter:data2\" content=\"2 minutos\" \/>\n<script type=\"application\/ld+json\" class=\"yoast-schema-graph\">{\"@context\":\"https:\/\/schema.org\",\"@graph\":[{\"@type\":\"Article\",\"@id\":\"https:\/\/elcardinal.com\/?p=5101#article\",\"isPartOf\":{\"@id\":\"https:\/\/elcardinal.com\/?p=5101\"},\"author\":{\"name\":\"Antonio Alcaraz\",\"@id\":\"https:\/\/elcardinal.com\/#\/schema\/person\/3c352ec0a33987fe275c0e8a2ea69f8b\"},\"headline\":\"Presentan la Feria Patronal de San Francisco de As\u00eds Acayuca 2025 con tradici\u00f3n, cultura y sabor\u00a0\",\"datePublished\":\"2025-09-23T19:05:46+00:00\",\"mainEntityOfPage\":{\"@id\":\"https:\/\/elcardinal.com\/?p=5101\"},\"wordCount\":415,\"commentCount\":0,\"publisher\":{\"@id\":\"https:\/\/elcardinal.com\/#organization\"},\"image\":{\"@id\":\"https:\/\/elcardinal.com\/?p=5101#primaryimage\"},\"thumbnailUrl\":\"https:\/\/elcardinal.com\/wp-content\/uploads\/2025\/09\/WhatsApp-Image-2025-09-23-at-1.04.53-PM.jpeg\",\"articleSection\":[\"Hidalgo\",\"Metr\u00f3poli\",\"Minuto a Minuto\"],\"inLanguage\":\"es\",\"potentialAction\":[{\"@type\":\"CommentAction\",\"name\":\"Comment\",\"target\":[\"https:\/\/elcardinal.com\/?p=5101#respond\"]}]},{\"@type\":\"WebPage\",\"@id\":\"https:\/\/elcardinal.com\/?p=5101\",\"url\":\"https:\/\/elcardinal.com\/?p=5101\",\"name\":\"Presentan la Feria Patronal de San Francisco de As\u00eds Acayuca 2025 con tradici\u00f3n, cultura y sabor\u00a0 - El Cardinal\",\"isPartOf\":{\"@id\":\"https:\/\/elcardinal.com\/#website\"},\"primaryImageOfPage\":{\"@id\":\"https:\/\/elcardinal.com\/?p=5101#primaryimage\"},\"image\":{\"@id\":\"https:\/\/elcardinal.com\/?p=5101#primaryimage\"},\"thumbnailUrl\":\"https:\/\/elcardinal.com\/wp-content\/uploads\/2025\/09\/WhatsApp-Image-2025-09-23-at-1.04.53-PM.jpeg\",\"datePublished\":\"2025-09-23T19:05:46+00:00\",\"breadcrumb\":{\"@id\":\"https:\/\/elcardinal.com\/?p=5101#breadcrumb\"},\"inLanguage\":\"es\",\"potentialAction\":[{\"@type\":\"ReadAction\",\"target\":[\"https:\/\/elcardinal.com\/?p=5101\"]}]},{\"@type\":\"ImageObject\",\"inLanguage\":\"es\",\"@id\":\"https:\/\/elcardinal.com\/?p=5101#primaryimage\",\"url\":\"https:\/\/elcardinal.com\/wp-content\/uploads\/2025\/09\/WhatsApp-Image-2025-09-23-at-1.04.53-PM.jpeg\",\"contentUrl\":\"https:\/\/elcardinal.com\/wp-content\/uploads\/2025\/09\/WhatsApp-Image-2025-09-23-at-1.04.53-PM.jpeg\",\"width\":1600,\"height\":900},{\"@type\":\"BreadcrumbList\",\"@id\":\"https:\/\/elcardinal.com\/?p=5101#breadcrumb\",\"itemListElement\":[{\"@type\":\"ListItem\",\"position\":1,\"name\":\"Inicio\",\"item\":\"https:\/\/elcardinal.com\/\"},{\"@type\":\"ListItem\",\"position\":2,\"name\":\"Presentan la Feria Patronal de San Francisco de As\u00eds Acayuca 2025 con tradici\u00f3n, cultura y sabor\u00a0\"}]},{\"@type\":\"WebSite\",\"@id\":\"https:\/\/elcardinal.com\/#website\",\"url\":\"https:\/\/elcardinal.com\/\",\"name\":\"El Cardinal\",\"description\":\"Periodismo honesto, con valor, sentido humano, a veces sarc\u00e1stico y divertido.\",\"publisher\":{\"@id\":\"https:\/\/elcardinal.com\/#organization\"},\"alternateName\":\"El Cardinal Noticias\",\"potentialAction\":[{\"@type\":\"SearchAction\",\"target\":{\"@type\":\"EntryPoint\",\"urlTemplate\":\"https:\/\/elcardinal.com\/?s={search_term_string}\"},\"query-input\":{\"@type\":\"PropertyValueSpecification\",\"valueRequired\":true,\"valueName\":\"search_term_string\"}}],\"inLanguage\":\"es\"},{\"@type\":\"Organization\",\"@id\":\"https:\/\/elcardinal.com\/#organization\",\"name\":\"El Cardinal\",\"url\":\"https:\/\/elcardinal.com\/\",\"logo\":{\"@type\":\"ImageObject\",\"inLanguage\":\"es\",\"@id\":\"https:\/\/elcardinal.com\/#\/schema\/logo\/image\/\",\"url\":\"https:\/\/elcardinal.com\/wp-content\/uploads\/2025\/04\/LOGO-EL-CARDINAL-Periodismo-con-valor.png\",\"contentUrl\":\"https:\/\/elcardinal.com\/wp-content\/uploads\/2025\/04\/LOGO-EL-CARDINAL-Periodismo-con-valor.png\",\"width\":755,\"height\":636,\"caption\":\"El Cardinal\"},\"image\":{\"@id\":\"https:\/\/elcardinal.com\/#\/schema\/logo\/image\/\"},\"sameAs\":[\"https:\/\/www.facebook.com\/profile.php?id=100063093107011\",\"https:\/\/x.com\/ElCardinal_Mx\"]},{\"@type\":\"Person\",\"@id\":\"https:\/\/elcardinal.com\/#\/schema\/person\/3c352ec0a33987fe275c0e8a2ea69f8b\",\"name\":\"Antonio Alcaraz\",\"image\":{\"@type\":\"ImageObject\",\"inLanguage\":\"es\",\"@id\":\"https:\/\/elcardinal.com\/#\/schema\/person\/image\/\",\"url\":\"https:\/\/elcardinal.com\/wp-content\/uploads\/2025\/05\/cropped-TONO-96x96.jpg\",\"contentUrl\":\"https:\/\/elcardinal.com\/wp-content\/uploads\/2025\/05\/cropped-TONO-96x96.jpg\",\"caption\":\"Antonio Alcaraz\"},\"url\":\"https:\/\/elcardinal.com\/?author=2\"}]}<\/script>\n<!-- \/ Yoast SEO plugin. -->","yoast_head_json":{"title":"Presentan la Feria Patronal de San Francisco de As\u00eds Acayuca 2025 con tradici\u00f3n, cultura y sabor\u00a0 - El Cardinal","robots":{"index":"index","follow":"follow","max-snippet":"max-snippet:-1","max-image-preview":"max-image-preview:large","max-video-preview":"max-video-preview:-1"},"canonical":"https:\/\/elcardinal.com\/?p=5101","og_locale":"es_MX","og_type":"article","og_title":"Presentan la Feria Patronal de San Francisco de As\u00eds Acayuca 2025 con tradici\u00f3n, cultura y sabor\u00a0 - El Cardinal","og_description":"Por: Jos\u00e9 Antonio Alcaraz Su\u00e1rez La ma\u00f1ana de este martes, en conferencia de prensa realizada en las instalaciones de la Secretar\u00eda de Turismo del Estado de Hidalgo, autoridades municipales y organizadores anunciaron la Feria Patronal de San Francisco de As\u00eds 2025, que se llevar\u00e1 a cabo los d\u00edas 3, 4 y 5 de octubre en","og_url":"https:\/\/elcardinal.com\/?p=5101","og_site_name":"El Cardinal","article_publisher":"https:\/\/www.facebook.com\/profile.php?id=100063093107011","article_published_time":"2025-09-23T19:05:46+00:00","og_image":[{"width":1600,"height":900,"url":"https:\/\/elcardinal.com\/wp-content\/uploads\/2025\/09\/WhatsApp-Image-2025-09-23-at-1.04.53-PM.jpeg","type":"image\/jpeg"}],"author":"Antonio Alcaraz","twitter_card":"summary_large_image","twitter_creator":"@ElCardinal_Mx","twitter_site":"@ElCardinal_Mx","twitter_misc":{"Escrito por":"Antonio Alcaraz","Tiempo de lectura":"2 minutos"},"schema":{"@context":"https:\/\/schema.org","@graph":[{"@type":"Article","@id":"https:\/\/elcardinal.com\/?p=5101#article","isPartOf":{"@id":"https:\/\/elcardinal.com\/?p=5101"},"author":{"name":"Antonio Alcaraz","@id":"https:\/\/elcardinal.com\/#\/schema\/person\/3c352ec0a33987fe275c0e8a2ea69f8b"},"headline":"Presentan la Feria Patronal de San Francisco de As\u00eds Acayuca 2025 con tradici\u00f3n, cultura y sabor\u00a0","datePublished":"2025-09-23T19:05:46+00:00","mainEntityOfPage":{"@id":"https:\/\/elcardinal.com\/?p=5101"},"wordCount":415,"commentCount":0,"publisher":{"@id":"https:\/\/elcardinal.com\/#organization"},"image":{"@id":"https:\/\/elcardinal.com\/?p=5101#primaryimage"},"thumbnailUrl":"https:\/\/elcardinal.com\/wp-content\/uploads\/2025\/09\/WhatsApp-Image-2025-09-23-at-1.04.53-PM.jpeg","articleSection":["Hidalgo","Metr\u00f3poli","Minuto a Minuto"],"inLanguage":"es","potentialAction":[{"@type":"CommentAction","name":"Comment","target":["https:\/\/elcardinal.com\/?p=5101#respond"]}]},{"@type":"WebPage","@id":"https:\/\/elcardinal.com\/?p=5101","url":"https:\/\/elcardinal.com\/?p=5101","name":"Presentan la Feria Patronal de San Francisco de As\u00eds Acayuca 2025 con tradici\u00f3n, cultura y sabor\u00a0 - El Cardinal","isPartOf":{"@id":"https:\/\/elcardinal.com\/#website"},"primaryImageOfPage":{"@id":"https:\/\/elcardinal.com\/?p=5101#primaryimage"},"image":{"@id":"https:\/\/elcardinal.com\/?p=5101#primaryimage"},"thumbnailUrl":"https:\/\/elcardinal.com\/wp-content\/uploads\/2025\/09\/WhatsApp-Image-2025-09-23-at-1.04.53-PM.jpeg","datePublished":"2025-09-23T19:05:46+00:00","breadcrumb":{"@id":"https:\/\/elcardinal.com\/?p=5101#breadcrumb"},"inLanguage":"es","potentialAction":[{"@type":"ReadAction","target":["https:\/\/elcardinal.com\/?p=5101"]}]},{"@type":"ImageObject","inLanguage":"es","@id":"https:\/\/elcardinal.com\/?p=5101#primaryimage","url":"https:\/\/elcardinal.com\/wp-content\/uploads\/2025\/09\/WhatsApp-Image-2025-09-23-at-1.04.53-PM.jpeg","contentUrl":"https:\/\/elcardinal.com\/wp-content\/uploads\/2025\/09\/WhatsApp-Image-2025-09-23-at-1.04.53-PM.jpeg","width":1600,"height":900},{"@type":"BreadcrumbList","@id":"https:\/\/elcardinal.com\/?p=5101#breadcrumb","itemListElement":[{"@type":"ListItem","position":1,"name":"Inicio","item":"https:\/\/elcardinal.com\/"},{"@type":"ListItem","position":2,"name":"Presentan la Feria Patronal de San Francisco de As\u00eds Acayuca 2025 con tradici\u00f3n, cultura y sabor\u00a0"}]},{"@type":"WebSite","@id":"https:\/\/elcardinal.com\/#website","url":"https:\/\/elcardinal.com\/","name":"El Cardinal","description":"Periodismo honesto, con valor, sentido humano, a veces sarc\u00e1stico y divertido.","publisher":{"@id":"https:\/\/elcardinal.com\/#organization"},"alternateName":"El Cardinal Noticias","potentialAction":[{"@type":"SearchAction","target":{"@type":"EntryPoint","urlTemplate":"https:\/\/elcardinal.com\/?s={search_term_string}"},"query-input":{"@type":"PropertyValueSpecification","valueRequired":true,"valueName":"search_term_string"}}],"inLanguage":"es"},{"@type":"Organization","@id":"https:\/\/elcardinal.com\/#organization","name":"El Cardinal","url":"https:\/\/elcardinal.com\/","logo":{"@type":"ImageObject","inLanguage":"es","@id":"https:\/\/elcardinal.com\/#\/schema\/logo\/image\/","url":"https:\/\/elcardinal.com\/wp-content\/uploads\/2025\/04\/LOGO-EL-CARDINAL-Periodismo-con-valor.png","contentUrl":"https:\/\/elcardinal.com\/wp-content\/uploads\/2025\/04\/LOGO-EL-CARDINAL-Periodismo-con-valor.png","width":755,"height":636,"caption":"El Cardinal"},"image":{"@id":"https:\/\/elcardinal.com\/#\/schema\/logo\/image\/"},"sameAs":["https:\/\/www.facebook.com\/profile.php?id=100063093107011","https:\/\/x.com\/ElCardinal_Mx"]},{"@type":"Person","@id":"https:\/\/elcardinal.com\/#\/schema\/person\/3c352ec0a33987fe275c0e8a2ea69f8b","name":"Antonio Alcaraz","image":{"@type":"ImageObject","inLanguage":"es","@id":"https:\/\/elcardinal.com\/#\/schema\/person\/image\/","url":"https:\/\/elcardinal.com\/wp-content\/uploads\/2025\/05\/cropped-TONO-96x96.jpg","contentUrl":"https:\/\/elcardinal.com\/wp-content\/uploads\/2025\/05\/cropped-TONO-96x96.jpg","caption":"Antonio Alcaraz"},"url":"https:\/\/elcardinal.com\/?author=2"}]}},"_links":{"self":[{"href":"https:\/\/elcardinal.com\/index.php?rest_route=\/wp\/v2\/posts\/5101","targetHints":{"allow":["GET"]}}],"collection":[{"href":"https:\/\/elcardinal.com\/index.php?rest_route=\/wp\/v2\/posts"}],"about":[{"href":"https:\/\/elcardinal.com\/index.php?rest_route=\/wp\/v2\/types\/post"}],"author":[{"embeddable":true,"href":"https:\/\/elcardinal.com\/index.php?rest_route=\/wp\/v2\/users\/2"}],"replies":[{"embeddable":true,"href":"https:\/\/elcardinal.com\/index.php?rest_route=%2Fwp%2Fv2%2Fcomments&post=5101"}],"version-history":[{"count":1,"href":"https:\/\/elcardinal.com\/index.php?rest_route=\/wp\/v2\/posts\/5101\/revisions"}],"predecessor-version":[{"id":5103,"href":"https:\/\/elcardinal.com\/index.php?rest_route=\/wp\/v2\/posts\/5101\/revisions\/5103"}],"wp:featuredmedia":[{"embeddable":true,"href":"https:\/\/elcardinal.com\/index.php?rest_route=\/wp\/v2\/media\/5102"}],"wp:attachment":[{"href":"https:\/\/elcardinal.com\/index.php?rest_route=%2Fwp%2Fv2%2Fmedia&parent=5101"}],"wp:term":[{"taxonomy":"category","embeddable":true,"href":"https:\/\/elcardinal.com\/index.php?rest_route=%2Fwp%2Fv2%2Fcategories&post=5101"},{"taxonomy":"post_tag","embeddable":true,"href":"https:\/\/elcardinal.com\/index.php?rest_route=%2Fwp%2Fv2%2Ftags&post=5101"}],"curies":[{"name":"wp","href":"https:\/\/api.w.org\/{rel}","templated":true}]}}