{"id":5104,"date":"2025-09-23T13:30:28","date_gmt":"2025-09-23T19:30:28","guid":{"rendered":"https:\/\/elcardinal.com\/?p=5104"},"modified":"2025-09-23T13:30:28","modified_gmt":"2025-09-23T19:30:28","slug":"benjamin-sanchez-nuevo-dirigente-del-prd-hidalgo-en-pachuca","status":"publish","type":"post","link":"https:\/\/elcardinal.com\/?p=5104","title":{"rendered":"Benjam\u00edn S\u00e1nchez, nuevo dirigente del PRD Hidalgo en Pachuca"},"content":{"rendered":"<p>Redacci\u00f3n<\/p>\n<p>Pachuca de Soto, Hgo., 22 de septiembre de 2025. \u2013 El <strong>Partido de la Revoluci\u00f3n Democr\u00e1tica en Pachuca (PRDH)<\/strong> dio un paso decisivo en su proceso de renovaci\u00f3n al presentar a los integrantes del Comit\u00e9 Ejecutivo Municipal, encabezados por<strong> Benjam\u00edn S\u00e1nchez Espinosa<\/strong> como nuevo dirigente municipal.<\/p>\n<p>En conferencia de prensa, la presidenta estatal del PRDH, <strong>Margarita Ramos Villeda<\/strong>, destac\u00f3 que este relevo significa un fortalecimiento real de las estructuras locales y, sobre todo, una apertura in\u00e9dita hacia la ciudadan\u00eda:<\/p>\n<blockquote><p>\u201cEstamos poniendo todo nuestro esfuerzo para integrar nuestras estructuras municipales. La toma de protesta del comit\u00e9 en Pachuca es un claro ejemplo de que la ciudadan\u00eda est\u00e1 viendo al PRDH como un partido donde se puede construir. Nos hemos despojado de intereses personales y de grupo para darle paso a la ciudadan\u00eda; desterramos ya a las tribus que tanto da\u00f1o nos hicieron en el pasado. Hoy somos un solo partido\u201d.<\/p><\/blockquote>\n<p>El nuevo dirigente municipal, Benjam\u00edn S\u00e1nchez, asegur\u00f3 que asume el reto con plena convicci\u00f3n y una visi\u00f3n clara para Pachuca:<\/p>\n<blockquote><p>\u201cAsumo este encargo con gran responsabilidad y con muchas ganas de dar a conocer mis ideas, de contribuir para que Pachuca sea una ciudad de la que nos podamos sentir orgullosos los pachuque\u00f1os, una ciudad que responda a nuestras aspiraciones\u201d.<\/p><\/blockquote>\n<p>Con formaci\u00f3n en el \u00e1rea de la salud, S\u00e1nchez explic\u00f3 su motivaci\u00f3n para entrar a la pol\u00edtica:<\/p>\n<p>\u201cEn mi profesi\u00f3n siempre he tenido el gusto de servir, pero tambi\u00e9n es una realidad que para cambiar de fondo las condiciones de vida de la gente es necesario influir en la toma de decisiones, por eso estoy en la pol\u00edtica\u201d.<\/p>\n<p>El dirigente fue enf\u00e1tico al se\u00f1alar que el PRDH Pachuca est\u00e1 vigente y con principios firmes, listo para enfrentar los retos actuales:<\/p>\n<p>\u201cEl PRDH naci\u00f3 de una necesidad social y de la voluntad de ciudadanos y liderazgos valientes que quer\u00edan transformar su entorno. Hoy, con nuevos cuadros y una agenda com\u00fan, vamos a fortalecerlo como una opci\u00f3n de cambio para Pachuca\u201d.<\/p>\n<p>Adem\u00e1s de Benjam\u00edn S\u00e1nchez Espinosa en la Presidencia, el Comit\u00e9 Ejecutivo Municipal qued\u00f3 conformado de la siguiente manera:<\/p>\n<p>Secretar\u00eda General: Honorina Parra S\u00e1nchez<\/p>\n<p>Secretar\u00eda de Planeaci\u00f3n y Organizaci\u00f3n: Jael Bola\u00f1os Garc\u00eda<\/p>\n<p>Secretar\u00eda de Estrategia y Comunicaci\u00f3n Pol\u00edtica: Teresa Samperio Le\u00f3n<\/p>\n<p>Secretar\u00eda de Igualdad Sustantiva, Grupos Vulnerables, Derechos Humanos y Movimientos Sociales: Laura Jazm\u00edn Porras Valdez<\/p>\n<p>Finalmente, S\u00e1nchez lanz\u00f3 un mensaje de unidad y esperanza a las bases y a la ciudadan\u00eda:<\/p>\n<p>\u201cLa pol\u00edtica no debe entenderse como un negocio, sino como una vocaci\u00f3n para generar bienestar colectivo. Convoco a nuestras bases y a las y los j\u00f3venes a incorporarse; juntos vamos a consolidar una propuesta progresista, cercana y democr\u00e1tica en todos los rincones de Pachuca\u201d.<\/p>\n","protected":false},"excerpt":{"rendered":"<p>Redacci\u00f3n Pachuca de Soto, Hgo., 22 de septiembre de 2025. \u2013 El Partido de la Revoluci\u00f3n Democr\u00e1tica en Pachuca (PRDH) dio un paso decisivo en su proceso de renovaci\u00f3n al presentar a los integrantes del Comit\u00e9 Ejecutivo Municipal, encabezados por Benjam\u00edn S\u00e1nchez Espinosa como nuevo dirigente municipal. En conferencia de prensa, la presidenta estatal del<\/p>\n","protected":false},"author":2,"featured_media":5105,"comment_status":"open","ping_status":"open","sticky":false,"template":"","format":"standard","meta":{"footnotes":""},"categories":[31,44,39],"tags":[265],"class_list":{"0":"post-5104","1":"post","2":"type-post","3":"status-publish","4":"format-standard","5":"has-post-thumbnail","7":"category-hidalgo","8":"category-minuto-a-minuto","9":"category-politica","10":"tag-prd"},"yoast_head":"<!-- This site is optimized with the Yoast SEO plugin v26.1.1 - https:\/\/yoast.com\/wordpress\/plugins\/seo\/ -->\n<title>Benjam\u00edn S\u00e1nchez, nuevo dirigente del PRD Hidalgo en Pachuca - El Cardinal<\/title>\n<meta name=\"robots\" content=\"index, follow, max-snippet:-1, max-image-preview:large, max-video-preview:-1\" \/>\n<link rel=\"canonical\" href=\"https:\/\/elcardinal.com\/?p=5104\" \/>\n<meta property=\"og:locale\" content=\"es_MX\" \/>\n<meta property=\"og:type\" content=\"article\" \/>\n<meta property=\"og:title\" content=\"Benjam\u00edn S\u00e1nchez, nuevo dirigente del PRD Hidalgo en Pachuca - El Cardinal\" \/>\n<meta property=\"og:description\" content=\"Redacci\u00f3n Pachuca de Soto, Hgo., 22 de septiembre de 2025. \u2013 El Partido de la Revoluci\u00f3n Democr\u00e1tica en Pachuca (PRDH) dio un paso decisivo en su proceso de renovaci\u00f3n al presentar a los integrantes del Comit\u00e9 Ejecutivo Municipal, encabezados por Benjam\u00edn S\u00e1nchez Espinosa como nuevo dirigente municipal. En conferencia de prensa, la presidenta estatal del\" \/>\n<meta property=\"og:url\" content=\"https:\/\/elcardinal.com\/?p=5104\" \/>\n<meta property=\"og:site_name\" content=\"El Cardinal\" \/>\n<meta property=\"article:publisher\" content=\"https:\/\/www.facebook.com\/profile.php?id=100063093107011\" \/>\n<meta property=\"article:published_time\" content=\"2025-09-23T19:30:28+00:00\" \/>\n<meta property=\"og:image\" content=\"https:\/\/elcardinal.com\/wp-content\/uploads\/2025\/09\/WhatsApp-Image-2025-09-23-at-1.29.57-PM.jpeg\" \/>\n\t<meta property=\"og:image:width\" content=\"1599\" \/>\n\t<meta property=\"og:image:height\" content=\"1066\" \/>\n\t<meta property=\"og:image:type\" content=\"image\/jpeg\" \/>\n<meta name=\"author\" content=\"Antonio Alcaraz\" \/>\n<meta name=\"twitter:card\" content=\"summary_large_image\" \/>\n<meta name=\"twitter:creator\" content=\"@ElCardinal_Mx\" \/>\n<meta name=\"twitter:site\" content=\"@ElCardinal_Mx\" \/>\n<meta name=\"twitter:label1\" content=\"Escrito por\" \/>\n\t<meta name=\"twitter:data1\" content=\"Antonio Alcaraz\" \/>\n\t<meta name=\"twitter:label2\" content=\"Tiempo de lectura\" \/>\n\t<meta name=\"twitter:data2\" content=\"2 minutos\" \/>\n<script type=\"application\/ld+json\" class=\"yoast-schema-graph\">{\"@context\":\"https:\/\/schema.org\",\"@graph\":[{\"@type\":\"Article\",\"@id\":\"https:\/\/elcardinal.com\/?p=5104#article\",\"isPartOf\":{\"@id\":\"https:\/\/elcardinal.com\/?p=5104\"},\"author\":{\"name\":\"Antonio Alcaraz\",\"@id\":\"https:\/\/elcardinal.com\/#\/schema\/person\/3c352ec0a33987fe275c0e8a2ea69f8b\"},\"headline\":\"Benjam\u00edn S\u00e1nchez, nuevo dirigente del PRD Hidalgo en Pachuca\",\"datePublished\":\"2025-09-23T19:30:28+00:00\",\"mainEntityOfPage\":{\"@id\":\"https:\/\/elcardinal.com\/?p=5104\"},\"wordCount\":502,\"commentCount\":0,\"publisher\":{\"@id\":\"https:\/\/elcardinal.com\/#organization\"},\"image\":{\"@id\":\"https:\/\/elcardinal.com\/?p=5104#primaryimage\"},\"thumbnailUrl\":\"https:\/\/elcardinal.com\/wp-content\/uploads\/2025\/09\/WhatsApp-Image-2025-09-23-at-1.29.57-PM.jpeg\",\"keywords\":[\"PRD\"],\"articleSection\":[\"Hidalgo\",\"Minuto a Minuto\",\"Pol\u00edtica\"],\"inLanguage\":\"es\",\"potentialAction\":[{\"@type\":\"CommentAction\",\"name\":\"Comment\",\"target\":[\"https:\/\/elcardinal.com\/?p=5104#respond\"]}]},{\"@type\":\"WebPage\",\"@id\":\"https:\/\/elcardinal.com\/?p=5104\",\"url\":\"https:\/\/elcardinal.com\/?p=5104\",\"name\":\"Benjam\u00edn S\u00e1nchez, nuevo dirigente del PRD Hidalgo en Pachuca - El Cardinal\",\"isPartOf\":{\"@id\":\"https:\/\/elcardinal.com\/#website\"},\"primaryImageOfPage\":{\"@id\":\"https:\/\/elcardinal.com\/?p=5104#primaryimage\"},\"image\":{\"@id\":\"https:\/\/elcardinal.com\/?p=5104#primaryimage\"},\"thumbnailUrl\":\"https:\/\/elcardinal.com\/wp-content\/uploads\/2025\/09\/WhatsApp-Image-2025-09-23-at-1.29.57-PM.jpeg\",\"datePublished\":\"2025-09-23T19:30:28+00:00\",\"breadcrumb\":{\"@id\":\"https:\/\/elcardinal.com\/?p=5104#breadcrumb\"},\"inLanguage\":\"es\",\"potentialAction\":[{\"@type\":\"ReadAction\",\"target\":[\"https:\/\/elcardinal.com\/?p=5104\"]}]},{\"@type\":\"ImageObject\",\"inLanguage\":\"es\",\"@id\":\"https:\/\/elcardinal.com\/?p=5104#primaryimage\",\"url\":\"https:\/\/elcardinal.com\/wp-content\/uploads\/2025\/09\/WhatsApp-Image-2025-09-23-at-1.29.57-PM.jpeg\",\"contentUrl\":\"https:\/\/elcardinal.com\/wp-content\/uploads\/2025\/09\/WhatsApp-Image-2025-09-23-at-1.29.57-PM.jpeg\",\"width\":1599,\"height\":1066},{\"@type\":\"BreadcrumbList\",\"@id\":\"https:\/\/elcardinal.com\/?p=5104#breadcrumb\",\"itemListElement\":[{\"@type\":\"ListItem\",\"position\":1,\"name\":\"Inicio\",\"item\":\"https:\/\/elcardinal.com\/\"},{\"@type\":\"ListItem\",\"position\":2,\"name\":\"Benjam\u00edn S\u00e1nchez, nuevo dirigente del PRD Hidalgo en Pachuca\"}]},{\"@type\":\"WebSite\",\"@id\":\"https:\/\/elcardinal.com\/#website\",\"url\":\"https:\/\/elcardinal.com\/\",\"name\":\"El Cardinal\",\"description\":\"Periodismo honesto, con valor, sentido humano, a veces sarc\u00e1stico y divertido.\",\"publisher\":{\"@id\":\"https:\/\/elcardinal.com\/#organization\"},\"alternateName\":\"El Cardinal Noticias\",\"potentialAction\":[{\"@type\":\"SearchAction\",\"target\":{\"@type\":\"EntryPoint\",\"urlTemplate\":\"https:\/\/elcardinal.com\/?s={search_term_string}\"},\"query-input\":{\"@type\":\"PropertyValueSpecification\",\"valueRequired\":true,\"valueName\":\"search_term_string\"}}],\"inLanguage\":\"es\"},{\"@type\":\"Organization\",\"@id\":\"https:\/\/elcardinal.com\/#organization\",\"name\":\"El Cardinal\",\"url\":\"https:\/\/elcardinal.com\/\",\"logo\":{\"@type\":\"ImageObject\",\"inLanguage\":\"es\",\"@id\":\"https:\/\/elcardinal.com\/#\/schema\/logo\/image\/\",\"url\":\"https:\/\/elcardinal.com\/wp-content\/uploads\/2025\/04\/LOGO-EL-CARDINAL-Periodismo-con-valor.png\",\"contentUrl\":\"https:\/\/elcardinal.com\/wp-content\/uploads\/2025\/04\/LOGO-EL-CARDINAL-Periodismo-con-valor.png\",\"width\":755,\"height\":636,\"caption\":\"El Cardinal\"},\"image\":{\"@id\":\"https:\/\/elcardinal.com\/#\/schema\/logo\/image\/\"},\"sameAs\":[\"https:\/\/www.facebook.com\/profile.php?id=100063093107011\",\"https:\/\/x.com\/ElCardinal_Mx\"]},{\"@type\":\"Person\",\"@id\":\"https:\/\/elcardinal.com\/#\/schema\/person\/3c352ec0a33987fe275c0e8a2ea69f8b\",\"name\":\"Antonio Alcaraz\",\"image\":{\"@type\":\"ImageObject\",\"inLanguage\":\"es\",\"@id\":\"https:\/\/elcardinal.com\/#\/schema\/person\/image\/\",\"url\":\"https:\/\/elcardinal.com\/wp-content\/uploads\/2025\/05\/cropped-TONO-96x96.jpg\",\"contentUrl\":\"https:\/\/elcardinal.com\/wp-content\/uploads\/2025\/05\/cropped-TONO-96x96.jpg\",\"caption\":\"Antonio Alcaraz\"},\"url\":\"https:\/\/elcardinal.com\/?author=2\"}]}<\/script>\n<!-- \/ Yoast SEO plugin. -->","yoast_head_json":{"title":"Benjam\u00edn S\u00e1nchez, nuevo dirigente del PRD Hidalgo en Pachuca - El Cardinal","robots":{"index":"index","follow":"follow","max-snippet":"max-snippet:-1","max-image-preview":"max-image-preview:large","max-video-preview":"max-video-preview:-1"},"canonical":"https:\/\/elcardinal.com\/?p=5104","og_locale":"es_MX","og_type":"article","og_title":"Benjam\u00edn S\u00e1nchez, nuevo dirigente del PRD Hidalgo en Pachuca - El Cardinal","og_description":"Redacci\u00f3n Pachuca de Soto, Hgo., 22 de septiembre de 2025. \u2013 El Partido de la Revoluci\u00f3n Democr\u00e1tica en Pachuca (PRDH) dio un paso decisivo en su proceso de renovaci\u00f3n al presentar a los integrantes del Comit\u00e9 Ejecutivo Municipal, encabezados por Benjam\u00edn S\u00e1nchez Espinosa como nuevo dirigente municipal. En conferencia de prensa, la presidenta estatal del","og_url":"https:\/\/elcardinal.com\/?p=5104","og_site_name":"El Cardinal","article_publisher":"https:\/\/www.facebook.com\/profile.php?id=100063093107011","article_published_time":"2025-09-23T19:30:28+00:00","og_image":[{"width":1599,"height":1066,"url":"https:\/\/elcardinal.com\/wp-content\/uploads\/2025\/09\/WhatsApp-Image-2025-09-23-at-1.29.57-PM.jpeg","type":"image\/jpeg"}],"author":"Antonio Alcaraz","twitter_card":"summary_large_image","twitter_creator":"@ElCardinal_Mx","twitter_site":"@ElCardinal_Mx","twitter_misc":{"Escrito por":"Antonio Alcaraz","Tiempo de lectura":"2 minutos"},"schema":{"@context":"https:\/\/schema.org","@graph":[{"@type":"Article","@id":"https:\/\/elcardinal.com\/?p=5104#article","isPartOf":{"@id":"https:\/\/elcardinal.com\/?p=5104"},"author":{"name":"Antonio Alcaraz","@id":"https:\/\/elcardinal.com\/#\/schema\/person\/3c352ec0a33987fe275c0e8a2ea69f8b"},"headline":"Benjam\u00edn S\u00e1nchez, nuevo dirigente del PRD Hidalgo en Pachuca","datePublished":"2025-09-23T19:30:28+00:00","mainEntityOfPage":{"@id":"https:\/\/elcardinal.com\/?p=5104"},"wordCount":502,"commentCount":0,"publisher":{"@id":"https:\/\/elcardinal.com\/#organization"},"image":{"@id":"https:\/\/elcardinal.com\/?p=5104#primaryimage"},"thumbnailUrl":"https:\/\/elcardinal.com\/wp-content\/uploads\/2025\/09\/WhatsApp-Image-2025-09-23-at-1.29.57-PM.jpeg","keywords":["PRD"],"articleSection":["Hidalgo","Minuto a Minuto","Pol\u00edtica"],"inLanguage":"es","potentialAction":[{"@type":"CommentAction","name":"Comment","target":["https:\/\/elcardinal.com\/?p=5104#respond"]}]},{"@type":"WebPage","@id":"https:\/\/elcardinal.com\/?p=5104","url":"https:\/\/elcardinal.com\/?p=5104","name":"Benjam\u00edn S\u00e1nchez, nuevo dirigente del PRD Hidalgo en Pachuca - El Cardinal","isPartOf":{"@id":"https:\/\/elcardinal.com\/#website"},"primaryImageOfPage":{"@id":"https:\/\/elcardinal.com\/?p=5104#primaryimage"},"image":{"@id":"https:\/\/elcardinal.com\/?p=5104#primaryimage"},"thumbnailUrl":"https:\/\/elcardinal.com\/wp-content\/uploads\/2025\/09\/WhatsApp-Image-2025-09-23-at-1.29.57-PM.jpeg","datePublished":"2025-09-23T19:30:28+00:00","breadcrumb":{"@id":"https:\/\/elcardinal.com\/?p=5104#breadcrumb"},"inLanguage":"es","potentialAction":[{"@type":"ReadAction","target":["https:\/\/elcardinal.com\/?p=5104"]}]},{"@type":"ImageObject","inLanguage":"es","@id":"https:\/\/elcardinal.com\/?p=5104#primaryimage","url":"https:\/\/elcardinal.com\/wp-content\/uploads\/2025\/09\/WhatsApp-Image-2025-09-23-at-1.29.57-PM.jpeg","contentUrl":"https:\/\/elcardinal.com\/wp-content\/uploads\/2025\/09\/WhatsApp-Image-2025-09-23-at-1.29.57-PM.jpeg","width":1599,"height":1066},{"@type":"BreadcrumbList","@id":"https:\/\/elcardinal.com\/?p=5104#breadcrumb","itemListElement":[{"@type":"ListItem","position":1,"name":"Inicio","item":"https:\/\/elcardinal.com\/"},{"@type":"ListItem","position":2,"name":"Benjam\u00edn S\u00e1nchez, nuevo dirigente del PRD Hidalgo en Pachuca"}]},{"@type":"WebSite","@id":"https:\/\/elcardinal.com\/#website","url":"https:\/\/elcardinal.com\/","name":"El Cardinal","description":"Periodismo honesto, con valor, sentido humano, a veces sarc\u00e1stico y divertido.","publisher":{"@id":"https:\/\/elcardinal.com\/#organization"},"alternateName":"El Cardinal Noticias","potentialAction":[{"@type":"SearchAction","target":{"@type":"EntryPoint","urlTemplate":"https:\/\/elcardinal.com\/?s={search_term_string}"},"query-input":{"@type":"PropertyValueSpecification","valueRequired":true,"valueName":"search_term_string"}}],"inLanguage":"es"},{"@type":"Organization","@id":"https:\/\/elcardinal.com\/#organization","name":"El Cardinal","url":"https:\/\/elcardinal.com\/","logo":{"@type":"ImageObject","inLanguage":"es","@id":"https:\/\/elcardinal.com\/#\/schema\/logo\/image\/","url":"https:\/\/elcardinal.com\/wp-content\/uploads\/2025\/04\/LOGO-EL-CARDINAL-Periodismo-con-valor.png","contentUrl":"https:\/\/elcardinal.com\/wp-content\/uploads\/2025\/04\/LOGO-EL-CARDINAL-Periodismo-con-valor.png","width":755,"height":636,"caption":"El Cardinal"},"image":{"@id":"https:\/\/elcardinal.com\/#\/schema\/logo\/image\/"},"sameAs":["https:\/\/www.facebook.com\/profile.php?id=100063093107011","https:\/\/x.com\/ElCardinal_Mx"]},{"@type":"Person","@id":"https:\/\/elcardinal.com\/#\/schema\/person\/3c352ec0a33987fe275c0e8a2ea69f8b","name":"Antonio Alcaraz","image":{"@type":"ImageObject","inLanguage":"es","@id":"https:\/\/elcardinal.com\/#\/schema\/person\/image\/","url":"https:\/\/elcardinal.com\/wp-content\/uploads\/2025\/05\/cropped-TONO-96x96.jpg","contentUrl":"https:\/\/elcardinal.com\/wp-content\/uploads\/2025\/05\/cropped-TONO-96x96.jpg","caption":"Antonio Alcaraz"},"url":"https:\/\/elcardinal.com\/?author=2"}]}},"_links":{"self":[{"href":"https:\/\/elcardinal.com\/index.php?rest_route=\/wp\/v2\/posts\/5104","targetHints":{"allow":["GET"]}}],"collection":[{"href":"https:\/\/elcardinal.com\/index.php?rest_route=\/wp\/v2\/posts"}],"about":[{"href":"https:\/\/elcardinal.com\/index.php?rest_route=\/wp\/v2\/types\/post"}],"author":[{"embeddable":true,"href":"https:\/\/elcardinal.com\/index.php?rest_route=\/wp\/v2\/users\/2"}],"replies":[{"embeddable":true,"href":"https:\/\/elcardinal.com\/index.php?rest_route=%2Fwp%2Fv2%2Fcomments&post=5104"}],"version-history":[{"count":1,"href":"https:\/\/elcardinal.com\/index.php?rest_route=\/wp\/v2\/posts\/5104\/revisions"}],"predecessor-version":[{"id":5106,"href":"https:\/\/elcardinal.com\/index.php?rest_route=\/wp\/v2\/posts\/5104\/revisions\/5106"}],"wp:featuredmedia":[{"embeddable":true,"href":"https:\/\/elcardinal.com\/index.php?rest_route=\/wp\/v2\/media\/5105"}],"wp:attachment":[{"href":"https:\/\/elcardinal.com\/index.php?rest_route=%2Fwp%2Fv2%2Fmedia&parent=5104"}],"wp:term":[{"taxonomy":"category","embeddable":true,"href":"https:\/\/elcardinal.com\/index.php?rest_route=%2Fwp%2Fv2%2Fcategories&post=5104"},{"taxonomy":"post_tag","embeddable":true,"href":"https:\/\/elcardinal.com\/index.php?rest_route=%2Fwp%2Fv2%2Ftags&post=5104"}],"curies":[{"name":"wp","href":"https:\/\/api.w.org\/{rel}","templated":true}]}}