{"id":5117,"date":"2025-09-25T23:51:52","date_gmt":"2025-09-26T05:51:52","guid":{"rendered":"https:\/\/elcardinal.com\/?p=5117"},"modified":"2025-09-25T23:51:52","modified_gmt":"2025-09-26T05:51:52","slug":"lorena-garcia-asegura-que-tulancingo-es-un-municipio-tranquilo-pese-a-ataque-armado","status":"publish","type":"post","link":"https:\/\/elcardinal.com\/?p=5117","title":{"rendered":"Lorena Garc\u00eda asegura que Tulancingo es un municipio tranquilo pese a ataque armado"},"content":{"rendered":"<p>Por: Jos\u00e9 Antonio Alcaraz Su\u00e1rez<\/p>\n<p>Pachuca, Hidalgo.\u2013 Tras el atentado en el que result\u00f3 herido el director de Prevenci\u00f3n del Delito, la presidenta municipal, Lorena Garc\u00eda Cazares, afirm\u00f3 en entrevista con medios de comunicaci\u00f3n que su administraci\u00f3n no ha recibido amenazas ni advertencias de grupos delictivos.<\/p>\n<blockquote><p>\u201cNi yo ni ning\u00fan miembro de mi equipo hemos recibido llamadas de extorsi\u00f3n o de amenaza. Creo que somos un municipio tranquilo, pac\u00edfico, y lo sucedido nos tom\u00f3 por sorpresa porque nunca hab\u00eda pasado algo as\u00ed en esta administraci\u00f3n\u201d, declar\u00f3.<\/p><\/blockquote>\n<p>La\u00a0alcaldesa\u00a0reconoci\u00f3\u00a0que\u00a0el\u00a0funcionario\u00a0atacado\u00a0no\u00a0ten\u00eda\u00a0carrera\u00a0policial\u00a0ni\u00a0permiso\u00a0de\u00a0portaci\u00f3n\u00a0de\u00a0armas,\u00a0ya\u00a0que\u00a0su\u00a0funci\u00f3n\u00a0se\u00a0enfocaba\u00a0en\u00a0dar\u00a0pl\u00e1ticas\u00a0de\u00a0prevenci\u00f3n\u00a0y\u00a0no\u00a0en\u00a0tareas\u00a0de\u00a0seguridad\u00a0p\u00fablica.\u00a0Asegur\u00f3\u00a0que\u00a0fue\u00a0incorporado\u00a0por\u00a0su\u00a0capacidad\u00a0y\u00a0compromiso,\u00a0adem\u00e1s\u00a0de\u00a0haber\u00a0apoyado\u00a0en\u00a0su\u00a0campa\u00f1a.<\/p>\n<p>Respecto\u00a0a\u00a0se\u00f1alamientos\u00a0de\u00a0nepotismo\u00a0por\u00a0la\u00a0participaci\u00f3n\u00a0de\u00a0integrantes\u00a0de\u00a0una\u00a0misma\u00a0familia\u00a0en\u00a0su\u00a0administraci\u00f3n,\u00a0Garc\u00eda\u00a0Cazares\u00a0respondi\u00f3\u00a0que\u00a0se\u00a0trat\u00f3\u00a0de\u00a0un\u00a0reconocimiento\u00a0al\u00a0trabajo\u00a0realizado\u00a0durante\u00a0la\u00a0campa\u00f1a\u00a0electoral\u00a0y\u00a0aclar\u00f3\u00a0que,\u00a0de\u00a0ser\u00a0necesario,\u00a0acatar\u00e1\u00a0lo\u00a0que\u00a0determinen\u00a0las\u00a0instancias\u00a0correspondientes.<\/p>\n<p>Sobre su seguridad personal, indic\u00f3 que hasta el momento solo cuenta con el acompa\u00f1amiento de su secretario y un asistente, aunque no descart\u00f3 reforzar protocolos dependiendo de lo que determinen las investigaciones.<\/p>\n<p>Finalmente, reiter\u00f3 que Tulancingo no enfrenta presencia de c\u00e9lulas del crimen organizado y que los incidentes delictivos m\u00e1s comunes son robos menores como carterismo, por lo que insisti\u00f3 en que la ciudad mantiene un clima de paz y orden.<\/p>\n","protected":false},"excerpt":{"rendered":"<p>Por: Jos\u00e9 Antonio Alcaraz Su\u00e1rez Pachuca, Hidalgo.\u2013 Tras el atentado en el que result\u00f3 herido el director de Prevenci\u00f3n del Delito, la presidenta municipal, Lorena Garc\u00eda Cazares, afirm\u00f3 en entrevista con medios de comunicaci\u00f3n que su administraci\u00f3n no ha recibido amenazas ni advertencias de grupos delictivos. \u201cNi yo ni ning\u00fan miembro de mi equipo hemos<\/p>\n","protected":false},"author":2,"featured_media":5118,"comment_status":"open","ping_status":"open","sticky":false,"template":"","format":"standard","meta":{"footnotes":""},"categories":[31,32,44],"tags":[],"class_list":{"0":"post-5117","1":"post","2":"type-post","3":"status-publish","4":"format-standard","5":"has-post-thumbnail","7":"category-hidalgo","8":"category-metropoli","9":"category-minuto-a-minuto"},"yoast_head":"<!-- This site is optimized with the Yoast SEO plugin v26.1.1 - https:\/\/yoast.com\/wordpress\/plugins\/seo\/ -->\n<title>Lorena Garc\u00eda asegura que Tulancingo es un municipio tranquilo pese a ataque armado - El Cardinal<\/title>\n<meta name=\"robots\" content=\"index, follow, max-snippet:-1, max-image-preview:large, max-video-preview:-1\" \/>\n<link rel=\"canonical\" href=\"https:\/\/elcardinal.com\/?p=5117\" \/>\n<meta property=\"og:locale\" content=\"es_MX\" \/>\n<meta property=\"og:type\" content=\"article\" \/>\n<meta property=\"og:title\" content=\"Lorena Garc\u00eda asegura que Tulancingo es un municipio tranquilo pese a ataque armado - El Cardinal\" \/>\n<meta property=\"og:description\" content=\"Por: Jos\u00e9 Antonio Alcaraz Su\u00e1rez Pachuca, Hidalgo.\u2013 Tras el atentado en el que result\u00f3 herido el director de Prevenci\u00f3n del Delito, la presidenta municipal, Lorena Garc\u00eda Cazares, afirm\u00f3 en entrevista con medios de comunicaci\u00f3n que su administraci\u00f3n no ha recibido amenazas ni advertencias de grupos delictivos. \u201cNi yo ni ning\u00fan miembro de mi equipo hemos\" \/>\n<meta property=\"og:url\" content=\"https:\/\/elcardinal.com\/?p=5117\" \/>\n<meta property=\"og:site_name\" content=\"El Cardinal\" \/>\n<meta property=\"article:publisher\" content=\"https:\/\/www.facebook.com\/profile.php?id=100063093107011\" \/>\n<meta property=\"article:published_time\" content=\"2025-09-26T05:51:52+00:00\" \/>\n<meta property=\"og:image\" content=\"https:\/\/elcardinal.com\/wp-content\/uploads\/2025\/09\/WhatsApp-Image-2025-09-24-at-10.08.53-PM.jpeg\" \/>\n\t<meta property=\"og:image:width\" content=\"1600\" \/>\n\t<meta property=\"og:image:height\" content=\"1065\" \/>\n\t<meta property=\"og:image:type\" content=\"image\/jpeg\" \/>\n<meta name=\"author\" content=\"Antonio Alcaraz\" \/>\n<meta name=\"twitter:card\" content=\"summary_large_image\" \/>\n<meta name=\"twitter:creator\" content=\"@ElCardinal_Mx\" \/>\n<meta name=\"twitter:site\" content=\"@ElCardinal_Mx\" \/>\n<meta name=\"twitter:label1\" content=\"Escrito por\" \/>\n\t<meta name=\"twitter:data1\" content=\"Antonio Alcaraz\" \/>\n\t<meta name=\"twitter:label2\" content=\"Tiempo de lectura\" \/>\n\t<meta name=\"twitter:data2\" content=\"2 minutos\" \/>\n<script type=\"application\/ld+json\" class=\"yoast-schema-graph\">{\"@context\":\"https:\/\/schema.org\",\"@graph\":[{\"@type\":\"Article\",\"@id\":\"https:\/\/elcardinal.com\/?p=5117#article\",\"isPartOf\":{\"@id\":\"https:\/\/elcardinal.com\/?p=5117\"},\"author\":{\"name\":\"Antonio Alcaraz\",\"@id\":\"https:\/\/elcardinal.com\/#\/schema\/person\/3c352ec0a33987fe275c0e8a2ea69f8b\"},\"headline\":\"Lorena Garc\u00eda asegura que Tulancingo es un municipio tranquilo pese a ataque armado\",\"datePublished\":\"2025-09-26T05:51:52+00:00\",\"mainEntityOfPage\":{\"@id\":\"https:\/\/elcardinal.com\/?p=5117\"},\"wordCount\":294,\"commentCount\":0,\"publisher\":{\"@id\":\"https:\/\/elcardinal.com\/#organization\"},\"image\":{\"@id\":\"https:\/\/elcardinal.com\/?p=5117#primaryimage\"},\"thumbnailUrl\":\"https:\/\/elcardinal.com\/wp-content\/uploads\/2025\/09\/WhatsApp-Image-2025-09-24-at-10.08.53-PM.jpeg\",\"articleSection\":[\"Hidalgo\",\"Metr\u00f3poli\",\"Minuto a Minuto\"],\"inLanguage\":\"es\",\"potentialAction\":[{\"@type\":\"CommentAction\",\"name\":\"Comment\",\"target\":[\"https:\/\/elcardinal.com\/?p=5117#respond\"]}]},{\"@type\":\"WebPage\",\"@id\":\"https:\/\/elcardinal.com\/?p=5117\",\"url\":\"https:\/\/elcardinal.com\/?p=5117\",\"name\":\"Lorena Garc\u00eda asegura que Tulancingo es un municipio tranquilo pese a ataque armado - El Cardinal\",\"isPartOf\":{\"@id\":\"https:\/\/elcardinal.com\/#website\"},\"primaryImageOfPage\":{\"@id\":\"https:\/\/elcardinal.com\/?p=5117#primaryimage\"},\"image\":{\"@id\":\"https:\/\/elcardinal.com\/?p=5117#primaryimage\"},\"thumbnailUrl\":\"https:\/\/elcardinal.com\/wp-content\/uploads\/2025\/09\/WhatsApp-Image-2025-09-24-at-10.08.53-PM.jpeg\",\"datePublished\":\"2025-09-26T05:51:52+00:00\",\"breadcrumb\":{\"@id\":\"https:\/\/elcardinal.com\/?p=5117#breadcrumb\"},\"inLanguage\":\"es\",\"potentialAction\":[{\"@type\":\"ReadAction\",\"target\":[\"https:\/\/elcardinal.com\/?p=5117\"]}]},{\"@type\":\"ImageObject\",\"inLanguage\":\"es\",\"@id\":\"https:\/\/elcardinal.com\/?p=5117#primaryimage\",\"url\":\"https:\/\/elcardinal.com\/wp-content\/uploads\/2025\/09\/WhatsApp-Image-2025-09-24-at-10.08.53-PM.jpeg\",\"contentUrl\":\"https:\/\/elcardinal.com\/wp-content\/uploads\/2025\/09\/WhatsApp-Image-2025-09-24-at-10.08.53-PM.jpeg\",\"width\":1600,\"height\":1065},{\"@type\":\"BreadcrumbList\",\"@id\":\"https:\/\/elcardinal.com\/?p=5117#breadcrumb\",\"itemListElement\":[{\"@type\":\"ListItem\",\"position\":1,\"name\":\"Inicio\",\"item\":\"https:\/\/elcardinal.com\/\"},{\"@type\":\"ListItem\",\"position\":2,\"name\":\"Lorena Garc\u00eda asegura que Tulancingo es un municipio tranquilo pese a ataque armado\"}]},{\"@type\":\"WebSite\",\"@id\":\"https:\/\/elcardinal.com\/#website\",\"url\":\"https:\/\/elcardinal.com\/\",\"name\":\"El Cardinal\",\"description\":\"Periodismo honesto, con valor, sentido humano, a veces sarc\u00e1stico y divertido.\",\"publisher\":{\"@id\":\"https:\/\/elcardinal.com\/#organization\"},\"alternateName\":\"El Cardinal Noticias\",\"potentialAction\":[{\"@type\":\"SearchAction\",\"target\":{\"@type\":\"EntryPoint\",\"urlTemplate\":\"https:\/\/elcardinal.com\/?s={search_term_string}\"},\"query-input\":{\"@type\":\"PropertyValueSpecification\",\"valueRequired\":true,\"valueName\":\"search_term_string\"}}],\"inLanguage\":\"es\"},{\"@type\":\"Organization\",\"@id\":\"https:\/\/elcardinal.com\/#organization\",\"name\":\"El Cardinal\",\"url\":\"https:\/\/elcardinal.com\/\",\"logo\":{\"@type\":\"ImageObject\",\"inLanguage\":\"es\",\"@id\":\"https:\/\/elcardinal.com\/#\/schema\/logo\/image\/\",\"url\":\"https:\/\/elcardinal.com\/wp-content\/uploads\/2025\/04\/LOGO-EL-CARDINAL-Periodismo-con-valor.png\",\"contentUrl\":\"https:\/\/elcardinal.com\/wp-content\/uploads\/2025\/04\/LOGO-EL-CARDINAL-Periodismo-con-valor.png\",\"width\":755,\"height\":636,\"caption\":\"El Cardinal\"},\"image\":{\"@id\":\"https:\/\/elcardinal.com\/#\/schema\/logo\/image\/\"},\"sameAs\":[\"https:\/\/www.facebook.com\/profile.php?id=100063093107011\",\"https:\/\/x.com\/ElCardinal_Mx\"]},{\"@type\":\"Person\",\"@id\":\"https:\/\/elcardinal.com\/#\/schema\/person\/3c352ec0a33987fe275c0e8a2ea69f8b\",\"name\":\"Antonio Alcaraz\",\"image\":{\"@type\":\"ImageObject\",\"inLanguage\":\"es\",\"@id\":\"https:\/\/elcardinal.com\/#\/schema\/person\/image\/\",\"url\":\"https:\/\/elcardinal.com\/wp-content\/uploads\/2025\/05\/cropped-TONO-96x96.jpg\",\"contentUrl\":\"https:\/\/elcardinal.com\/wp-content\/uploads\/2025\/05\/cropped-TONO-96x96.jpg\",\"caption\":\"Antonio Alcaraz\"},\"url\":\"https:\/\/elcardinal.com\/?author=2\"}]}<\/script>\n<!-- \/ Yoast SEO plugin. -->","yoast_head_json":{"title":"Lorena Garc\u00eda asegura que Tulancingo es un municipio tranquilo pese a ataque armado - El Cardinal","robots":{"index":"index","follow":"follow","max-snippet":"max-snippet:-1","max-image-preview":"max-image-preview:large","max-video-preview":"max-video-preview:-1"},"canonical":"https:\/\/elcardinal.com\/?p=5117","og_locale":"es_MX","og_type":"article","og_title":"Lorena Garc\u00eda asegura que Tulancingo es un municipio tranquilo pese a ataque armado - El Cardinal","og_description":"Por: Jos\u00e9 Antonio Alcaraz Su\u00e1rez Pachuca, Hidalgo.\u2013 Tras el atentado en el que result\u00f3 herido el director de Prevenci\u00f3n del Delito, la presidenta municipal, Lorena Garc\u00eda Cazares, afirm\u00f3 en entrevista con medios de comunicaci\u00f3n que su administraci\u00f3n no ha recibido amenazas ni advertencias de grupos delictivos. \u201cNi yo ni ning\u00fan miembro de mi equipo hemos","og_url":"https:\/\/elcardinal.com\/?p=5117","og_site_name":"El Cardinal","article_publisher":"https:\/\/www.facebook.com\/profile.php?id=100063093107011","article_published_time":"2025-09-26T05:51:52+00:00","og_image":[{"width":1600,"height":1065,"url":"https:\/\/elcardinal.com\/wp-content\/uploads\/2025\/09\/WhatsApp-Image-2025-09-24-at-10.08.53-PM.jpeg","type":"image\/jpeg"}],"author":"Antonio Alcaraz","twitter_card":"summary_large_image","twitter_creator":"@ElCardinal_Mx","twitter_site":"@ElCardinal_Mx","twitter_misc":{"Escrito por":"Antonio Alcaraz","Tiempo de lectura":"2 minutos"},"schema":{"@context":"https:\/\/schema.org","@graph":[{"@type":"Article","@id":"https:\/\/elcardinal.com\/?p=5117#article","isPartOf":{"@id":"https:\/\/elcardinal.com\/?p=5117"},"author":{"name":"Antonio Alcaraz","@id":"https:\/\/elcardinal.com\/#\/schema\/person\/3c352ec0a33987fe275c0e8a2ea69f8b"},"headline":"Lorena Garc\u00eda asegura que Tulancingo es un municipio tranquilo pese a ataque armado","datePublished":"2025-09-26T05:51:52+00:00","mainEntityOfPage":{"@id":"https:\/\/elcardinal.com\/?p=5117"},"wordCount":294,"commentCount":0,"publisher":{"@id":"https:\/\/elcardinal.com\/#organization"},"image":{"@id":"https:\/\/elcardinal.com\/?p=5117#primaryimage"},"thumbnailUrl":"https:\/\/elcardinal.com\/wp-content\/uploads\/2025\/09\/WhatsApp-Image-2025-09-24-at-10.08.53-PM.jpeg","articleSection":["Hidalgo","Metr\u00f3poli","Minuto a Minuto"],"inLanguage":"es","potentialAction":[{"@type":"CommentAction","name":"Comment","target":["https:\/\/elcardinal.com\/?p=5117#respond"]}]},{"@type":"WebPage","@id":"https:\/\/elcardinal.com\/?p=5117","url":"https:\/\/elcardinal.com\/?p=5117","name":"Lorena Garc\u00eda asegura que Tulancingo es un municipio tranquilo pese a ataque armado - El Cardinal","isPartOf":{"@id":"https:\/\/elcardinal.com\/#website"},"primaryImageOfPage":{"@id":"https:\/\/elcardinal.com\/?p=5117#primaryimage"},"image":{"@id":"https:\/\/elcardinal.com\/?p=5117#primaryimage"},"thumbnailUrl":"https:\/\/elcardinal.com\/wp-content\/uploads\/2025\/09\/WhatsApp-Image-2025-09-24-at-10.08.53-PM.jpeg","datePublished":"2025-09-26T05:51:52+00:00","breadcrumb":{"@id":"https:\/\/elcardinal.com\/?p=5117#breadcrumb"},"inLanguage":"es","potentialAction":[{"@type":"ReadAction","target":["https:\/\/elcardinal.com\/?p=5117"]}]},{"@type":"ImageObject","inLanguage":"es","@id":"https:\/\/elcardinal.com\/?p=5117#primaryimage","url":"https:\/\/elcardinal.com\/wp-content\/uploads\/2025\/09\/WhatsApp-Image-2025-09-24-at-10.08.53-PM.jpeg","contentUrl":"https:\/\/elcardinal.com\/wp-content\/uploads\/2025\/09\/WhatsApp-Image-2025-09-24-at-10.08.53-PM.jpeg","width":1600,"height":1065},{"@type":"BreadcrumbList","@id":"https:\/\/elcardinal.com\/?p=5117#breadcrumb","itemListElement":[{"@type":"ListItem","position":1,"name":"Inicio","item":"https:\/\/elcardinal.com\/"},{"@type":"ListItem","position":2,"name":"Lorena Garc\u00eda asegura que Tulancingo es un municipio tranquilo pese a ataque armado"}]},{"@type":"WebSite","@id":"https:\/\/elcardinal.com\/#website","url":"https:\/\/elcardinal.com\/","name":"El Cardinal","description":"Periodismo honesto, con valor, sentido humano, a veces sarc\u00e1stico y divertido.","publisher":{"@id":"https:\/\/elcardinal.com\/#organization"},"alternateName":"El Cardinal Noticias","potentialAction":[{"@type":"SearchAction","target":{"@type":"EntryPoint","urlTemplate":"https:\/\/elcardinal.com\/?s={search_term_string}"},"query-input":{"@type":"PropertyValueSpecification","valueRequired":true,"valueName":"search_term_string"}}],"inLanguage":"es"},{"@type":"Organization","@id":"https:\/\/elcardinal.com\/#organization","name":"El Cardinal","url":"https:\/\/elcardinal.com\/","logo":{"@type":"ImageObject","inLanguage":"es","@id":"https:\/\/elcardinal.com\/#\/schema\/logo\/image\/","url":"https:\/\/elcardinal.com\/wp-content\/uploads\/2025\/04\/LOGO-EL-CARDINAL-Periodismo-con-valor.png","contentUrl":"https:\/\/elcardinal.com\/wp-content\/uploads\/2025\/04\/LOGO-EL-CARDINAL-Periodismo-con-valor.png","width":755,"height":636,"caption":"El Cardinal"},"image":{"@id":"https:\/\/elcardinal.com\/#\/schema\/logo\/image\/"},"sameAs":["https:\/\/www.facebook.com\/profile.php?id=100063093107011","https:\/\/x.com\/ElCardinal_Mx"]},{"@type":"Person","@id":"https:\/\/elcardinal.com\/#\/schema\/person\/3c352ec0a33987fe275c0e8a2ea69f8b","name":"Antonio Alcaraz","image":{"@type":"ImageObject","inLanguage":"es","@id":"https:\/\/elcardinal.com\/#\/schema\/person\/image\/","url":"https:\/\/elcardinal.com\/wp-content\/uploads\/2025\/05\/cropped-TONO-96x96.jpg","contentUrl":"https:\/\/elcardinal.com\/wp-content\/uploads\/2025\/05\/cropped-TONO-96x96.jpg","caption":"Antonio Alcaraz"},"url":"https:\/\/elcardinal.com\/?author=2"}]}},"_links":{"self":[{"href":"https:\/\/elcardinal.com\/index.php?rest_route=\/wp\/v2\/posts\/5117","targetHints":{"allow":["GET"]}}],"collection":[{"href":"https:\/\/elcardinal.com\/index.php?rest_route=\/wp\/v2\/posts"}],"about":[{"href":"https:\/\/elcardinal.com\/index.php?rest_route=\/wp\/v2\/types\/post"}],"author":[{"embeddable":true,"href":"https:\/\/elcardinal.com\/index.php?rest_route=\/wp\/v2\/users\/2"}],"replies":[{"embeddable":true,"href":"https:\/\/elcardinal.com\/index.php?rest_route=%2Fwp%2Fv2%2Fcomments&post=5117"}],"version-history":[{"count":1,"href":"https:\/\/elcardinal.com\/index.php?rest_route=\/wp\/v2\/posts\/5117\/revisions"}],"predecessor-version":[{"id":5119,"href":"https:\/\/elcardinal.com\/index.php?rest_route=\/wp\/v2\/posts\/5117\/revisions\/5119"}],"wp:featuredmedia":[{"embeddable":true,"href":"https:\/\/elcardinal.com\/index.php?rest_route=\/wp\/v2\/media\/5118"}],"wp:attachment":[{"href":"https:\/\/elcardinal.com\/index.php?rest_route=%2Fwp%2Fv2%2Fmedia&parent=5117"}],"wp:term":[{"taxonomy":"category","embeddable":true,"href":"https:\/\/elcardinal.com\/index.php?rest_route=%2Fwp%2Fv2%2Fcategories&post=5117"},{"taxonomy":"post_tag","embeddable":true,"href":"https:\/\/elcardinal.com\/index.php?rest_route=%2Fwp%2Fv2%2Ftags&post=5117"}],"curies":[{"name":"wp","href":"https:\/\/api.w.org\/{rel}","templated":true}]}}