{"id":5120,"date":"2025-09-26T16:35:48","date_gmt":"2025-09-26T22:35:48","guid":{"rendered":"https:\/\/elcardinal.com\/?p=5120"},"modified":"2025-09-26T16:35:48","modified_gmt":"2025-09-26T22:35:48","slug":"julio-menchaca-reconoce-labor-de-las-juventudes-hidalguenses","status":"publish","type":"post","link":"https:\/\/elcardinal.com\/?p=5120","title":{"rendered":"Julio Menchaca reconoce labor de las juventudes hidalguenses"},"content":{"rendered":"<ul>\n<li style=\"font-weight: 400;\" aria-level=\"1\"><i><span style=\"font-weight: 400;\">El gobierno de Hidalgo destina recursos para incentivar la participaci\u00f3n de las juventudes, respaldar sus actividades e inhibir la migraci\u00f3n<\/span><\/i><\/li>\n<\/ul>\n<p><span style=\"font-weight: 400;\">Con la convicci\u00f3n de visibilizar y fortalecer el liderazgo juvenil hidalguense, el gobernador Julio Menchaca Salazar entreg\u00f3 el Premio Estatal de la Juventud 2025, as\u00ed como los programas Embajadores Juventud y Transformando Emprendedores, que representan una inversi\u00f3n superior a los 3 millones de pesos.<\/span><\/p>\n<p><span style=\"font-weight: 400;\">Desde la Sala del Pueblo, en el edificio de Gobierno, el titular del Ejecutivo en Hidalgo destac\u00f3 la importancia de reconocer la labor que mujeres y hombres j\u00f3venes realizan en favor de la entidad, por ello, resalt\u00f3 que su administraci\u00f3n dirige una enorme cantidad de recursos para incentivar la participaci\u00f3n de las juventudes e impulsar sus actividades educativas y productivas.<\/span><\/p>\n<p><span style=\"font-weight: 400;\">\u201cEse esfuerzo que se est\u00e1 realizando en este segundo piso de la transformaci\u00f3n es para poder arraigar a las personas con su familia, con su comunidad, con su municipio y, desde luego, con su estado\u201d, puntualiz\u00f3 Menchaca Salazar al enfatizar que tambi\u00e9n se trabaja para atraer nuevas empresas que generen los empleos que permitan que la juventud encuentre fuentes de ingreso cerca de su comunidad, y as\u00ed permanezca en su lugar de origen.<\/span><\/p>\n<p><span style=\"font-weight: 400;\">Respecto a los programas entregados este d\u00eda, se detall\u00f3 que fueron seleccionados 17 j\u00f3venes, entre los 12 y 29 a\u00f1os de edad, para recibir el Premio Estatal de la Juventud 2025; cada galardonado recibi\u00f3 un apoyo cercano a los 4 mil 500 pesos.<\/span><\/p>\n<p><span style=\"font-weight: 400;\">En el caso del programa Embajadores Juventud, se destin\u00f3 una bolsa de 2 millones 520 mil pesos para otorgar apoyos de 12 mil pesos a j\u00f3venes que con creatividad y compromiso comparten sus talentos en comunidades y escuelas; en tanto, el programa Transformando Emprendedores est\u00e1 dirigido a quienes desean abrir camino en el sector productivo, con incentivos de 20 mil pesos a cada joven seleccionado.\u00a0<\/span><\/p>\n<p><span style=\"font-weight: 400;\">Regina Guadalupe Camargo Camargo, galardonada en la categor\u00eda de Actividades Acad\u00e9micas, Cient\u00edficas, Tecnol\u00f3gicas y de Innovaci\u00f3n, consider\u00f3 que este certamen es una oportunidad para reconocer la dedicaci\u00f3n y el compromiso de este sector, adem\u00e1s de ser un llamado para formar un estado incluyente y pr\u00f3spero donde las y los j\u00f3venes son un motor de cambio.\u00a0<\/span><\/p>\n<p><span style=\"font-weight: 400;\">Por su parte, Ricardo G\u00f3mez Moreno, secretario de Bienestar e Inclusi\u00f3n Social, indic\u00f3 que, a trav\u00e9s de los programas Transformando Emprendedores y Embajadores Juventud se busca combatir la desigualdad, por lo que se analiz\u00f3 cada solicitud recibida, a fin de diversificar los apoyos econ\u00f3micos y que estos lleguen a cada regi\u00f3n de Hidalgo.<\/span><\/p>\n<p><span style=\"font-weight: 400;\">Finalmente, Ricardo Olvera Molina, director general del Instituto de Hidalguense de la Juventud (Inhjuve), agradeci\u00f3 el respaldo del gobernador Julio Menchaca pues, en lo que va de la administraci\u00f3n, se ha aumentado el presupuesto destinado a los programas sociales dirigidos a este rubro.<\/span><\/p>\n","protected":false},"excerpt":{"rendered":"<p>El gobierno de Hidalgo destina recursos para incentivar la participaci\u00f3n de las juventudes, respaldar sus actividades e inhibir la migraci\u00f3n Con la convicci\u00f3n de visibilizar y fortalecer el liderazgo juvenil hidalguense, el gobernador Julio Menchaca Salazar entreg\u00f3 el Premio Estatal de la Juventud 2025, as\u00ed como los programas Embajadores Juventud y Transformando Emprendedores, que representan<\/p>\n","protected":false},"author":2,"featured_media":5121,"comment_status":"open","ping_status":"open","sticky":false,"template":"","format":"standard","meta":{"footnotes":""},"categories":[31,44],"tags":[],"class_list":{"0":"post-5120","1":"post","2":"type-post","3":"status-publish","4":"format-standard","5":"has-post-thumbnail","7":"category-hidalgo","8":"category-minuto-a-minuto"},"yoast_head":"<!-- This site is optimized with the Yoast SEO plugin v26.1.1 - https:\/\/yoast.com\/wordpress\/plugins\/seo\/ -->\n<title>Julio Menchaca reconoce labor de las juventudes hidalguenses - El Cardinal<\/title>\n<meta name=\"robots\" content=\"index, follow, max-snippet:-1, max-image-preview:large, max-video-preview:-1\" \/>\n<link rel=\"canonical\" href=\"https:\/\/elcardinal.com\/?p=5120\" \/>\n<meta property=\"og:locale\" content=\"es_MX\" \/>\n<meta property=\"og:type\" content=\"article\" \/>\n<meta property=\"og:title\" content=\"Julio Menchaca reconoce labor de las juventudes hidalguenses - El Cardinal\" \/>\n<meta property=\"og:description\" content=\"El gobierno de Hidalgo destina recursos para incentivar la participaci\u00f3n de las juventudes, respaldar sus actividades e inhibir la migraci\u00f3n Con la convicci\u00f3n de visibilizar y fortalecer el liderazgo juvenil hidalguense, el gobernador Julio Menchaca Salazar entreg\u00f3 el Premio Estatal de la Juventud 2025, as\u00ed como los programas Embajadores Juventud y Transformando Emprendedores, que representan\" \/>\n<meta property=\"og:url\" content=\"https:\/\/elcardinal.com\/?p=5120\" \/>\n<meta property=\"og:site_name\" content=\"El Cardinal\" \/>\n<meta property=\"article:publisher\" content=\"https:\/\/www.facebook.com\/profile.php?id=100063093107011\" \/>\n<meta property=\"article:published_time\" content=\"2025-09-26T22:35:48+00:00\" \/>\n<meta property=\"og:image\" content=\"https:\/\/elcardinal.com\/wp-content\/uploads\/2025\/09\/26-SEPTIEMBRE-2025_GOBERNADOR_PREMIO-ESTATAL-DE-LA-JUVENTUD-7-scaled.jpg\" \/>\n\t<meta property=\"og:image:width\" content=\"2560\" \/>\n\t<meta property=\"og:image:height\" content=\"1437\" \/>\n\t<meta property=\"og:image:type\" content=\"image\/jpeg\" \/>\n<meta name=\"author\" content=\"Antonio Alcaraz\" \/>\n<meta name=\"twitter:card\" content=\"summary_large_image\" \/>\n<meta name=\"twitter:creator\" content=\"@ElCardinal_Mx\" \/>\n<meta name=\"twitter:site\" content=\"@ElCardinal_Mx\" \/>\n<meta name=\"twitter:label1\" content=\"Escrito por\" \/>\n\t<meta name=\"twitter:data1\" content=\"Antonio Alcaraz\" \/>\n\t<meta name=\"twitter:label2\" content=\"Tiempo de lectura\" \/>\n\t<meta name=\"twitter:data2\" content=\"3 minutos\" \/>\n<script type=\"application\/ld+json\" class=\"yoast-schema-graph\">{\"@context\":\"https:\/\/schema.org\",\"@graph\":[{\"@type\":\"Article\",\"@id\":\"https:\/\/elcardinal.com\/?p=5120#article\",\"isPartOf\":{\"@id\":\"https:\/\/elcardinal.com\/?p=5120\"},\"author\":{\"name\":\"Antonio Alcaraz\",\"@id\":\"https:\/\/elcardinal.com\/#\/schema\/person\/3c352ec0a33987fe275c0e8a2ea69f8b\"},\"headline\":\"Julio Menchaca reconoce labor de las juventudes hidalguenses\",\"datePublished\":\"2025-09-26T22:35:48+00:00\",\"mainEntityOfPage\":{\"@id\":\"https:\/\/elcardinal.com\/?p=5120\"},\"wordCount\":480,\"commentCount\":0,\"publisher\":{\"@id\":\"https:\/\/elcardinal.com\/#organization\"},\"image\":{\"@id\":\"https:\/\/elcardinal.com\/?p=5120#primaryimage\"},\"thumbnailUrl\":\"https:\/\/elcardinal.com\/wp-content\/uploads\/2025\/09\/26-SEPTIEMBRE-2025_GOBERNADOR_PREMIO-ESTATAL-DE-LA-JUVENTUD-7-scaled.jpg\",\"articleSection\":[\"Hidalgo\",\"Minuto a Minuto\"],\"inLanguage\":\"es\",\"potentialAction\":[{\"@type\":\"CommentAction\",\"name\":\"Comment\",\"target\":[\"https:\/\/elcardinal.com\/?p=5120#respond\"]}]},{\"@type\":\"WebPage\",\"@id\":\"https:\/\/elcardinal.com\/?p=5120\",\"url\":\"https:\/\/elcardinal.com\/?p=5120\",\"name\":\"Julio Menchaca reconoce labor de las juventudes hidalguenses - El Cardinal\",\"isPartOf\":{\"@id\":\"https:\/\/elcardinal.com\/#website\"},\"primaryImageOfPage\":{\"@id\":\"https:\/\/elcardinal.com\/?p=5120#primaryimage\"},\"image\":{\"@id\":\"https:\/\/elcardinal.com\/?p=5120#primaryimage\"},\"thumbnailUrl\":\"https:\/\/elcardinal.com\/wp-content\/uploads\/2025\/09\/26-SEPTIEMBRE-2025_GOBERNADOR_PREMIO-ESTATAL-DE-LA-JUVENTUD-7-scaled.jpg\",\"datePublished\":\"2025-09-26T22:35:48+00:00\",\"breadcrumb\":{\"@id\":\"https:\/\/elcardinal.com\/?p=5120#breadcrumb\"},\"inLanguage\":\"es\",\"potentialAction\":[{\"@type\":\"ReadAction\",\"target\":[\"https:\/\/elcardinal.com\/?p=5120\"]}]},{\"@type\":\"ImageObject\",\"inLanguage\":\"es\",\"@id\":\"https:\/\/elcardinal.com\/?p=5120#primaryimage\",\"url\":\"https:\/\/elcardinal.com\/wp-content\/uploads\/2025\/09\/26-SEPTIEMBRE-2025_GOBERNADOR_PREMIO-ESTATAL-DE-LA-JUVENTUD-7-scaled.jpg\",\"contentUrl\":\"https:\/\/elcardinal.com\/wp-content\/uploads\/2025\/09\/26-SEPTIEMBRE-2025_GOBERNADOR_PREMIO-ESTATAL-DE-LA-JUVENTUD-7-scaled.jpg\",\"width\":2560,\"height\":1437},{\"@type\":\"BreadcrumbList\",\"@id\":\"https:\/\/elcardinal.com\/?p=5120#breadcrumb\",\"itemListElement\":[{\"@type\":\"ListItem\",\"position\":1,\"name\":\"Inicio\",\"item\":\"https:\/\/elcardinal.com\/\"},{\"@type\":\"ListItem\",\"position\":2,\"name\":\"Julio Menchaca reconoce labor de las juventudes hidalguenses\"}]},{\"@type\":\"WebSite\",\"@id\":\"https:\/\/elcardinal.com\/#website\",\"url\":\"https:\/\/elcardinal.com\/\",\"name\":\"El Cardinal\",\"description\":\"Periodismo honesto, con valor, sentido humano, a veces sarc\u00e1stico y divertido.\",\"publisher\":{\"@id\":\"https:\/\/elcardinal.com\/#organization\"},\"alternateName\":\"El Cardinal Noticias\",\"potentialAction\":[{\"@type\":\"SearchAction\",\"target\":{\"@type\":\"EntryPoint\",\"urlTemplate\":\"https:\/\/elcardinal.com\/?s={search_term_string}\"},\"query-input\":{\"@type\":\"PropertyValueSpecification\",\"valueRequired\":true,\"valueName\":\"search_term_string\"}}],\"inLanguage\":\"es\"},{\"@type\":\"Organization\",\"@id\":\"https:\/\/elcardinal.com\/#organization\",\"name\":\"El Cardinal\",\"url\":\"https:\/\/elcardinal.com\/\",\"logo\":{\"@type\":\"ImageObject\",\"inLanguage\":\"es\",\"@id\":\"https:\/\/elcardinal.com\/#\/schema\/logo\/image\/\",\"url\":\"https:\/\/elcardinal.com\/wp-content\/uploads\/2025\/04\/LOGO-EL-CARDINAL-Periodismo-con-valor.png\",\"contentUrl\":\"https:\/\/elcardinal.com\/wp-content\/uploads\/2025\/04\/LOGO-EL-CARDINAL-Periodismo-con-valor.png\",\"width\":755,\"height\":636,\"caption\":\"El Cardinal\"},\"image\":{\"@id\":\"https:\/\/elcardinal.com\/#\/schema\/logo\/image\/\"},\"sameAs\":[\"https:\/\/www.facebook.com\/profile.php?id=100063093107011\",\"https:\/\/x.com\/ElCardinal_Mx\"]},{\"@type\":\"Person\",\"@id\":\"https:\/\/elcardinal.com\/#\/schema\/person\/3c352ec0a33987fe275c0e8a2ea69f8b\",\"name\":\"Antonio Alcaraz\",\"image\":{\"@type\":\"ImageObject\",\"inLanguage\":\"es\",\"@id\":\"https:\/\/elcardinal.com\/#\/schema\/person\/image\/\",\"url\":\"https:\/\/elcardinal.com\/wp-content\/uploads\/2025\/05\/cropped-TONO-96x96.jpg\",\"contentUrl\":\"https:\/\/elcardinal.com\/wp-content\/uploads\/2025\/05\/cropped-TONO-96x96.jpg\",\"caption\":\"Antonio Alcaraz\"},\"url\":\"https:\/\/elcardinal.com\/?author=2\"}]}<\/script>\n<!-- \/ Yoast SEO plugin. -->","yoast_head_json":{"title":"Julio Menchaca reconoce labor de las juventudes hidalguenses - El Cardinal","robots":{"index":"index","follow":"follow","max-snippet":"max-snippet:-1","max-image-preview":"max-image-preview:large","max-video-preview":"max-video-preview:-1"},"canonical":"https:\/\/elcardinal.com\/?p=5120","og_locale":"es_MX","og_type":"article","og_title":"Julio Menchaca reconoce labor de las juventudes hidalguenses - El Cardinal","og_description":"El gobierno de Hidalgo destina recursos para incentivar la participaci\u00f3n de las juventudes, respaldar sus actividades e inhibir la migraci\u00f3n Con la convicci\u00f3n de visibilizar y fortalecer el liderazgo juvenil hidalguense, el gobernador Julio Menchaca Salazar entreg\u00f3 el Premio Estatal de la Juventud 2025, as\u00ed como los programas Embajadores Juventud y Transformando Emprendedores, que representan","og_url":"https:\/\/elcardinal.com\/?p=5120","og_site_name":"El Cardinal","article_publisher":"https:\/\/www.facebook.com\/profile.php?id=100063093107011","article_published_time":"2025-09-26T22:35:48+00:00","og_image":[{"width":2560,"height":1437,"url":"https:\/\/elcardinal.com\/wp-content\/uploads\/2025\/09\/26-SEPTIEMBRE-2025_GOBERNADOR_PREMIO-ESTATAL-DE-LA-JUVENTUD-7-scaled.jpg","type":"image\/jpeg"}],"author":"Antonio Alcaraz","twitter_card":"summary_large_image","twitter_creator":"@ElCardinal_Mx","twitter_site":"@ElCardinal_Mx","twitter_misc":{"Escrito por":"Antonio Alcaraz","Tiempo de lectura":"3 minutos"},"schema":{"@context":"https:\/\/schema.org","@graph":[{"@type":"Article","@id":"https:\/\/elcardinal.com\/?p=5120#article","isPartOf":{"@id":"https:\/\/elcardinal.com\/?p=5120"},"author":{"name":"Antonio Alcaraz","@id":"https:\/\/elcardinal.com\/#\/schema\/person\/3c352ec0a33987fe275c0e8a2ea69f8b"},"headline":"Julio Menchaca reconoce labor de las juventudes hidalguenses","datePublished":"2025-09-26T22:35:48+00:00","mainEntityOfPage":{"@id":"https:\/\/elcardinal.com\/?p=5120"},"wordCount":480,"commentCount":0,"publisher":{"@id":"https:\/\/elcardinal.com\/#organization"},"image":{"@id":"https:\/\/elcardinal.com\/?p=5120#primaryimage"},"thumbnailUrl":"https:\/\/elcardinal.com\/wp-content\/uploads\/2025\/09\/26-SEPTIEMBRE-2025_GOBERNADOR_PREMIO-ESTATAL-DE-LA-JUVENTUD-7-scaled.jpg","articleSection":["Hidalgo","Minuto a Minuto"],"inLanguage":"es","potentialAction":[{"@type":"CommentAction","name":"Comment","target":["https:\/\/elcardinal.com\/?p=5120#respond"]}]},{"@type":"WebPage","@id":"https:\/\/elcardinal.com\/?p=5120","url":"https:\/\/elcardinal.com\/?p=5120","name":"Julio Menchaca reconoce labor de las juventudes hidalguenses - El Cardinal","isPartOf":{"@id":"https:\/\/elcardinal.com\/#website"},"primaryImageOfPage":{"@id":"https:\/\/elcardinal.com\/?p=5120#primaryimage"},"image":{"@id":"https:\/\/elcardinal.com\/?p=5120#primaryimage"},"thumbnailUrl":"https:\/\/elcardinal.com\/wp-content\/uploads\/2025\/09\/26-SEPTIEMBRE-2025_GOBERNADOR_PREMIO-ESTATAL-DE-LA-JUVENTUD-7-scaled.jpg","datePublished":"2025-09-26T22:35:48+00:00","breadcrumb":{"@id":"https:\/\/elcardinal.com\/?p=5120#breadcrumb"},"inLanguage":"es","potentialAction":[{"@type":"ReadAction","target":["https:\/\/elcardinal.com\/?p=5120"]}]},{"@type":"ImageObject","inLanguage":"es","@id":"https:\/\/elcardinal.com\/?p=5120#primaryimage","url":"https:\/\/elcardinal.com\/wp-content\/uploads\/2025\/09\/26-SEPTIEMBRE-2025_GOBERNADOR_PREMIO-ESTATAL-DE-LA-JUVENTUD-7-scaled.jpg","contentUrl":"https:\/\/elcardinal.com\/wp-content\/uploads\/2025\/09\/26-SEPTIEMBRE-2025_GOBERNADOR_PREMIO-ESTATAL-DE-LA-JUVENTUD-7-scaled.jpg","width":2560,"height":1437},{"@type":"BreadcrumbList","@id":"https:\/\/elcardinal.com\/?p=5120#breadcrumb","itemListElement":[{"@type":"ListItem","position":1,"name":"Inicio","item":"https:\/\/elcardinal.com\/"},{"@type":"ListItem","position":2,"name":"Julio Menchaca reconoce labor de las juventudes hidalguenses"}]},{"@type":"WebSite","@id":"https:\/\/elcardinal.com\/#website","url":"https:\/\/elcardinal.com\/","name":"El Cardinal","description":"Periodismo honesto, con valor, sentido humano, a veces sarc\u00e1stico y divertido.","publisher":{"@id":"https:\/\/elcardinal.com\/#organization"},"alternateName":"El Cardinal Noticias","potentialAction":[{"@type":"SearchAction","target":{"@type":"EntryPoint","urlTemplate":"https:\/\/elcardinal.com\/?s={search_term_string}"},"query-input":{"@type":"PropertyValueSpecification","valueRequired":true,"valueName":"search_term_string"}}],"inLanguage":"es"},{"@type":"Organization","@id":"https:\/\/elcardinal.com\/#organization","name":"El Cardinal","url":"https:\/\/elcardinal.com\/","logo":{"@type":"ImageObject","inLanguage":"es","@id":"https:\/\/elcardinal.com\/#\/schema\/logo\/image\/","url":"https:\/\/elcardinal.com\/wp-content\/uploads\/2025\/04\/LOGO-EL-CARDINAL-Periodismo-con-valor.png","contentUrl":"https:\/\/elcardinal.com\/wp-content\/uploads\/2025\/04\/LOGO-EL-CARDINAL-Periodismo-con-valor.png","width":755,"height":636,"caption":"El Cardinal"},"image":{"@id":"https:\/\/elcardinal.com\/#\/schema\/logo\/image\/"},"sameAs":["https:\/\/www.facebook.com\/profile.php?id=100063093107011","https:\/\/x.com\/ElCardinal_Mx"]},{"@type":"Person","@id":"https:\/\/elcardinal.com\/#\/schema\/person\/3c352ec0a33987fe275c0e8a2ea69f8b","name":"Antonio Alcaraz","image":{"@type":"ImageObject","inLanguage":"es","@id":"https:\/\/elcardinal.com\/#\/schema\/person\/image\/","url":"https:\/\/elcardinal.com\/wp-content\/uploads\/2025\/05\/cropped-TONO-96x96.jpg","contentUrl":"https:\/\/elcardinal.com\/wp-content\/uploads\/2025\/05\/cropped-TONO-96x96.jpg","caption":"Antonio Alcaraz"},"url":"https:\/\/elcardinal.com\/?author=2"}]}},"_links":{"self":[{"href":"https:\/\/elcardinal.com\/index.php?rest_route=\/wp\/v2\/posts\/5120","targetHints":{"allow":["GET"]}}],"collection":[{"href":"https:\/\/elcardinal.com\/index.php?rest_route=\/wp\/v2\/posts"}],"about":[{"href":"https:\/\/elcardinal.com\/index.php?rest_route=\/wp\/v2\/types\/post"}],"author":[{"embeddable":true,"href":"https:\/\/elcardinal.com\/index.php?rest_route=\/wp\/v2\/users\/2"}],"replies":[{"embeddable":true,"href":"https:\/\/elcardinal.com\/index.php?rest_route=%2Fwp%2Fv2%2Fcomments&post=5120"}],"version-history":[{"count":1,"href":"https:\/\/elcardinal.com\/index.php?rest_route=\/wp\/v2\/posts\/5120\/revisions"}],"predecessor-version":[{"id":5122,"href":"https:\/\/elcardinal.com\/index.php?rest_route=\/wp\/v2\/posts\/5120\/revisions\/5122"}],"wp:featuredmedia":[{"embeddable":true,"href":"https:\/\/elcardinal.com\/index.php?rest_route=\/wp\/v2\/media\/5121"}],"wp:attachment":[{"href":"https:\/\/elcardinal.com\/index.php?rest_route=%2Fwp%2Fv2%2Fmedia&parent=5120"}],"wp:term":[{"taxonomy":"category","embeddable":true,"href":"https:\/\/elcardinal.com\/index.php?rest_route=%2Fwp%2Fv2%2Fcategories&post=5120"},{"taxonomy":"post_tag","embeddable":true,"href":"https:\/\/elcardinal.com\/index.php?rest_route=%2Fwp%2Fv2%2Ftags&post=5120"}],"curies":[{"name":"wp","href":"https:\/\/api.w.org\/{rel}","templated":true}]}}