{"id":5123,"date":"2025-09-27T10:42:47","date_gmt":"2025-09-27T16:42:47","guid":{"rendered":"https:\/\/elcardinal.com\/?p=5123"},"modified":"2025-09-27T10:42:47","modified_gmt":"2025-09-27T16:42:47","slug":"la-poesia-escrita-por-mujeres-es-necesaria","status":"publish","type":"post","link":"https:\/\/elcardinal.com\/?p=5123","title":{"rendered":"La poes\u00eda escrita por mujeres es necesaria"},"content":{"rendered":"<p>Por: <strong>Tania Mart\u00ednez Su\u00e1rez<\/strong><\/p>\n<p style=\"text-align: right;\">Mi querida Perla Ibarra y yo tuvimos el gran honor de presentar la Tercera Antolog\u00eda de Poes\u00eda FENALEM, resultado del Premio Nacional de Poes\u00eda 2025, en la Feria del Libro del Libro Infantil y Juvenil del Estado de Hidalgo, comparto en esta columna un fragmento del mensaje que di ese d\u00eda:<\/p>\n<p style=\"text-align: right;\">Texto de apertura Perla Ibarra:<\/p>\n<p>A lo largo de la<strong> historia literaria en M\u00e9xico<\/strong>, la voz de las escritoras ha sido sistem\u00e1ticamente invisibilizada o relegada a un plano secundario frente a las voces masculinas. Es hasta mediados del siglo XX, que las antolog\u00edas de poes\u00eda mexicana inclu\u00edan de manera marginal a autoras cuando no las omit\u00edan por completo. En el siglo XIX, nombres como el de <strong>Sor Juana In\u00e9s de la Cruz<\/strong> eran excepciones que lejos de abrir un camino amplio, quedaron como figuras aisladas en el imaginario colectivo.<\/p>\n<p>Durante gran parte del siglo XX, la cr\u00edtica literaria, los circuitos editoriales y las instituciones culturales privilegiaron a poetas hombres, consolidando un canon que reforzaba desigualdades de g\u00e9nero en el acceso a la publicaci\u00f3n y a la memoria literaria.<\/p>\n<blockquote class=\"modern-quote full\"><p>Es hasta las \u00faltimas d\u00e9cadas, que han surgido estudios y proyectos editoriales que buscan rescatar y visibilizar la escritura po\u00e9tica de las mujeres. Investigaciones recientes se\u00f1alan que, por ejemplo, en la primera mitad del <strong>siglo XX<\/strong>, menos del 10% de los t\u00edtulos de poes\u00eda publicados en M\u00e9xico llevaban la firma de una autora, mientras que en concursos nacionales de poes\u00eda, la presencia de mujeres premiadas comenz\u00f3 a hacerse significativa apenas a partir de los a\u00f1os ochenta.<img fetchpriority=\"high\" decoding=\"async\" class=\"alignnone size-medium wp-image-5124\" src=\"https:\/\/elcardinal.com\/wp-content\/uploads\/2025\/09\/WhatsApp-Image-2025-09-26-at-11.04.33-PM-1-300x189.jpeg\" alt=\"\" width=\"300\" height=\"189\" srcset=\"https:\/\/elcardinal.com\/wp-content\/uploads\/2025\/09\/WhatsApp-Image-2025-09-26-at-11.04.33-PM-1-300x189.jpeg 300w, https:\/\/elcardinal.com\/wp-content\/uploads\/2025\/09\/WhatsApp-Image-2025-09-26-at-11.04.33-PM-1-1024x646.jpeg 1024w, https:\/\/elcardinal.com\/wp-content\/uploads\/2025\/09\/WhatsApp-Image-2025-09-26-at-11.04.33-PM-1-768x485.jpeg 768w, https:\/\/elcardinal.com\/wp-content\/uploads\/2025\/09\/WhatsApp-Image-2025-09-26-at-11.04.33-PM-1-150x95.jpeg 150w, https:\/\/elcardinal.com\/wp-content\/uploads\/2025\/09\/WhatsApp-Image-2025-09-26-at-11.04.33-PM-1-450x284.jpeg 450w, https:\/\/elcardinal.com\/wp-content\/uploads\/2025\/09\/WhatsApp-Image-2025-09-26-at-11.04.33-PM-1.jpeg 1079w\" sizes=\"(max-width: 300px) 100vw, 300px\" \/><\/p><\/blockquote>\n<p>Esta desproporci\u00f3n hist\u00f3rica evidencia c\u00f3mo las estructuras culturales limitaron la participaci\u00f3n femenina, pese a que exist\u00eda una producci\u00f3n po\u00e9tica constante y valiosa.<\/p>\n<p>En las antolog\u00edas mexicanas de 1940 y 1950, la presencia femenina era m\u00ednima: en la famosa Antolog\u00eda de la poes\u00eda mexicana moderna (1953) de Octavio Paz, solo aparecen unas cuantas mujeres frente a decenas de hombres. La llamada \u201cGeneraci\u00f3n de los 50\u201d (Dolores Castro, Rosario Castellanos, Enriqueta Ochoa, Thelma Nava) abri\u00f3 camino para que m\u00e1s voces femeninas tuvieran legitimidad en el canon. Aun as\u00ed, no fue sino hasta la d\u00e9cada de 1980 que las escritoras segu\u00edan siendo minor\u00eda en premios nacionales y publicaciones.<\/p>\n<p>Leer poes\u00eda escrita por mujeres hoy, implica un acto de justicia literaria y de reconstrucci\u00f3n de la memoria cultural. No se trata \u00fanicamente de equilibrar cifras, sino de reconocer que la experiencia femenina aporta perspectivas esenciales sobre el cuerpo, la identidad, la memoria y el territorio. Antolog\u00edas como la que hoy presentamos, permiten que las lectoras y lectores entren en contacto con una pluralidad de voces que hist\u00f3ricamente fueron silenciadas o marginadas.<\/p>\n<p>Cada poema escrito por una mujer no solo enriquece el horizonte de la literatura mexicana, sino que contribuye a un tejido m\u00e1s diverso y representativo de lo que somos como sociedad.<\/p>\n<h1>\u00bfQu\u00e9 es la FENALEM?<\/h1>\n<p style=\"text-align: left;\"><strong> <img decoding=\"async\" class=\"size-medium wp-image-5127 alignleft\" src=\"https:\/\/elcardinal.com\/wp-content\/uploads\/2025\/09\/WhatsApp-Image-2025-09-26-at-11.04.33-PM-225x300.jpeg\" alt=\"\" width=\"225\" height=\"300\" srcset=\"https:\/\/elcardinal.com\/wp-content\/uploads\/2025\/09\/WhatsApp-Image-2025-09-26-at-11.04.33-PM-225x300.jpeg 225w, https:\/\/elcardinal.com\/wp-content\/uploads\/2025\/09\/WhatsApp-Image-2025-09-26-at-11.04.33-PM-768x1024.jpeg 768w, https:\/\/elcardinal.com\/wp-content\/uploads\/2025\/09\/WhatsApp-Image-2025-09-26-at-11.04.33-PM-1152x1536.jpeg 1152w, https:\/\/elcardinal.com\/wp-content\/uploads\/2025\/09\/WhatsApp-Image-2025-09-26-at-11.04.33-PM-150x200.jpeg 150w, https:\/\/elcardinal.com\/wp-content\/uploads\/2025\/09\/WhatsApp-Image-2025-09-26-at-11.04.33-PM-450x600.jpeg 450w, https:\/\/elcardinal.com\/wp-content\/uploads\/2025\/09\/WhatsApp-Image-2025-09-26-at-11.04.33-PM.jpeg 1200w\" sizes=\"(max-width: 225px) 100vw, 225px\" \/><\/strong>Un proyecto para escritoras un proyecto creado en 2020 para impulsar la literatura escrita por mujeres en M\u00e9xico.\u00a0 FENALEM son las siglas de la Feria Nacional del Libro de Escritoras Mexicanas, un proyecto cultural autogestivo que busca dar visibilidad y difundir la obra literaria de autoras mexicanas, promoviendo su producci\u00f3n en g\u00e9neros como novela, cuento, poes\u00eda y ensayo. Este evento sirve como un espacio para que las escritoras presenten sus trabajos, interact\u00faen con el p\u00fablico y se genere un di\u00e1logo en torno a la literatura hecha por mujeres en M\u00e9xico.<\/p>\n<ul>\n<li><strong>Plataforma de difusi\u00f3n:<\/strong><\/li>\n<\/ul>\n<p>Funciona como una feria anual y una plataforma de difusi\u00f3n para la obra de las escritoras, ya sean de editoriales o esfuerzos independientes.<\/p>\n<ul>\n<li><strong>Participaci\u00f3n en eventos:<\/strong><\/li>\n<\/ul>\n<p>Adem\u00e1s de su feria anual, FENALEM participa en otras ferias del libro, como la Feria Internacional del Libro de Guadalajara (FILGUA).<\/p>\n<h1><em><strong>\u00bfQu\u00e9 actividades organiza?<\/strong><\/em><\/h1>\n<ul>\n<li><strong>Concursos y antolog\u00edas:<\/strong><\/li>\n<\/ul>\n<p>Ha organizado concursos de poes\u00eda y ha compilado antolog\u00edas de ganadoras para visibilizar a nuevas autoras.<\/p>\n<ul>\n<li><strong>Eventos en tiendas f\u00edsicas:<\/strong><\/li>\n<\/ul>\n<p>Cuenta con una tienda f\u00edsica en la Ciudad de M\u00e9xico donde se realizan presentaciones de libros, venta y convivencias con autoras.<\/p>\n<h1><strong>Las mujeres tendemos redes<\/strong><\/h1>\n<p><img decoding=\"async\" class=\"size-medium wp-image-5125 alignright\" src=\"https:\/\/elcardinal.com\/wp-content\/uploads\/2025\/09\/WhatsApp-Image-2025-09-26-at-11.07.14-PM-204x300.jpeg\" alt=\"\" width=\"204\" height=\"300\" srcset=\"https:\/\/elcardinal.com\/wp-content\/uploads\/2025\/09\/WhatsApp-Image-2025-09-26-at-11.07.14-PM-204x300.jpeg 204w, https:\/\/elcardinal.com\/wp-content\/uploads\/2025\/09\/WhatsApp-Image-2025-09-26-at-11.07.14-PM-695x1024.jpeg 695w, https:\/\/elcardinal.com\/wp-content\/uploads\/2025\/09\/WhatsApp-Image-2025-09-26-at-11.07.14-PM-768x1131.jpeg 768w, https:\/\/elcardinal.com\/wp-content\/uploads\/2025\/09\/WhatsApp-Image-2025-09-26-at-11.07.14-PM-1043x1536.jpeg 1043w, https:\/\/elcardinal.com\/wp-content\/uploads\/2025\/09\/WhatsApp-Image-2025-09-26-at-11.07.14-PM-150x221.jpeg 150w, https:\/\/elcardinal.com\/wp-content\/uploads\/2025\/09\/WhatsApp-Image-2025-09-26-at-11.07.14-PM-450x663.jpeg 450w, https:\/\/elcardinal.com\/wp-content\/uploads\/2025\/09\/WhatsApp-Image-2025-09-26-at-11.07.14-PM.jpeg 1086w\" sizes=\"(max-width: 204px) 100vw, 204px\" \/>As\u00ed como la FENALEM hay decenas de espacios autogestivos, de plataformas, mapas, repositorios, revistas, compilaciones, fanzines, talleres literarios, lecturas masivas, reuniones, grupos de escucha, festivales, encuentros, mesas de di\u00e1logo, en fin\u2026. Son innumerables los esfuerzos de cientos de mujeres en nuestro pa\u00eds por configurar la escritura de las mujeres desde las bases, todas podemos escribir, para dejar testimonio de nuestro paso por el mundo, aportar nuestra visi\u00f3n, para narrar el tiempo en el cual nos desarrollamos, la escritura para las mujeres es tambi\u00e9n un espacio para la disertaci\u00f3n, para sentirnos menos solas ante la vor\u00e1gine que la vida cotidiana nos significa, como parte del progreso y la modernidad las mujeres hemos debido crecer aisladas, procurar una vida profesional como medio de subsistencia y al momento de formar una familia la carga mental y de responsabilidad recae en nosotras, estamos solas, cansadas,, etc y aun as\u00ed sostenemos el mundo, hacerse cargo de lo cotidiano es mantener vivo el entorno, estos vasos comunicantes que se tienden nos acercan, nos permiten reconocer en las palabras de las otras ese hilito luminoso que nos atraviesa y nos une.<\/p>\n<p>Pienso en este efervecer literario con perspectiva feminista, de derechos humanos y equidad de g\u00e9nero; como un gran micelio que se interconecta, se desdobla y se expande entre nuestras letras, esta Tercera antolog\u00eda de poes\u00eda es una muestra lo que se escribe en la actualidad, de lo que mujeres de todas las generaciones experimentan ahora, es una dulce y cruento prisma de las cosas que no siempre podemos ver.<\/p>\n<p>Me honra much\u00edsimo que este premio nacional en su emisi\u00f3n 2025 celebre el talento de 25 mujeres de la rep\u00fablica mexicana, y que entre ellas estemos 3 hidalguenses, somos una buena prueba de lo que se escribe en nuestro estado, <strong>Ilse Sanquez Quintero,<\/strong> es la segunda vez que gana este premio, la primera vez fue en la categor\u00eda de cuento, con su texto cr\u00edtico Declaraci\u00f3n, cuestiona e increpa la tarea de la escritura. La gran <strong>Rosa Maqueda Vicente<\/strong> del Valle del Mezquital para el mundo, siempre digo que los dos brazos po\u00e9ticos que circundan nuestro estado son las voces l\u00edricas de Yanira Garc\u00eda y Rosa Maqueda, cada una desde la experiencia de su propia vida, con su mirada y estilo. Rosa, es la voz batiente que nos recuerda que el h\u00f1ah\u00f1u es una lengua viva, que se comparte y camina, no va a desaparecer.<\/p>\n<p>Nombrad\u00eda, la que se nombra, la que tiene renombre.<\/p>\n<p>Texto escrito por m\u00ed. Habla de la incesante voz que nos persigue, puede ser el miedo a la violencia, la b\u00fasqueda de nosotras mismas o como por nuestro nombre o nuestro g\u00e9nero nos es etiquetado, en el espejismo de la menci\u00f3n de nuestro nombre quiz\u00e1 nos encontremos materializadas.<\/p>\n<p><strong>Nombrad\u00eda<\/strong><\/p>\n<blockquote><p>Escucho mi nombre entre el fuego<\/p>\n<p>en el medio de la oficina<\/p>\n<p>alguien grita con desespero<\/p>\n<p>enuncia las letras de mi nombre<\/p>\n<p>y mi cuerpo se vuelve pesado<\/p>\n<p>como si fuera a caer en una guerra<\/p>\n<p>hipn\u00f3ticos surcos en el viento<\/p>\n<p>los haces de luz que figuran esas letras<\/p>\n<p>nadie m\u00e1s las ha escuchado<\/p>\n<p>en sus escritorios apenas y parpadean<\/p>\n<p>los miro de reojo<\/p>\n<p>buscando alguna se\u00f1al de este suceso<\/p>\n<p>pero nada<\/p>\n<p>solo el que siempre sale a fumar<\/p>\n<p>se va de prisa<\/p><\/blockquote>\n<p>&nbsp;<\/p>\n<blockquote><p>Escucho mi nombre<\/p>\n<p>retumba entre las estrechas lozas<\/p>\n<p>como si estas fueran a romperse<\/p>\n<p>y me cayera encima el candelabro<\/p>\n<p>guardo silencio<\/p>\n<p>aqu\u00ed estoy solo yo<\/p>\n<p>es muy tarde<\/p>\n<p>\u00bfqui\u00e9n podr\u00eda buscarme hora?<\/p>\n<p>escucho los pasos<\/p>\n<p>que dictan mi nombre<\/p>\n<p>no s\u00e9 si se alejan o se aproximan<\/p>\n<p>y me escondo entre las s\u00e1banas<\/p>\n<p>como cuando era ni\u00f1a<\/p>\n<p>y nadie me cre\u00eda<\/p>\n<p>que me llamaban<\/p>\n<p>&nbsp;<\/p>\n<p>Escucho mi nombre entre la multitud<\/p>\n<p>no se si voltear<\/p>\n<p>me siento la m\u00e1s torpe<\/p>\n<p>cuando miro en diferentes direcciones<\/p>\n<p>pero no encuentro de d\u00f3nde vienen esos sonidos<\/p>\n<p>otra vez estoy en el and\u00e9n<\/p>\n<p>miro enfilados por lo menos 10 autobuses<\/p>\n<p>observo<\/p>\n<p>siempre observo<\/p>\n<p>tratando de pasar desapercibida<\/p>\n<p>me cuido de las sombras<\/p>\n<p>y el olor f\u00e9tido<\/p>\n<p>alguien grita mi nombre<\/p>\n<p>y cuando volteo<\/p>\n<p>susurra a mi o\u00eddo.<\/p><\/blockquote>\n<p>&nbsp;<\/p>\n","protected":false},"excerpt":{"rendered":"<p>Por: Tania Mart\u00ednez Su\u00e1rez Mi querida Perla Ibarra y yo tuvimos el gran honor de presentar la Tercera Antolog\u00eda de Poes\u00eda FENALEM, resultado del Premio Nacional de Poes\u00eda 2025, en la Feria del Libro del Libro Infantil y Juvenil del Estado de Hidalgo, comparto en esta columna un fragmento del mensaje que di ese d\u00eda:<\/p>\n","protected":false},"author":2,"featured_media":4234,"comment_status":"open","ping_status":"open","sticky":false,"template":"","format":"standard","meta":{"footnotes":""},"categories":[44,35],"tags":[305,304,55],"class_list":{"0":"post-5123","1":"post","2":"type-post","3":"status-publish","4":"format-standard","5":"has-post-thumbnail","7":"category-minuto-a-minuto","8":"category-opinion","9":"tag-fenalem","10":"tag-poesia","11":"tag-tania-martinez-suarez"},"yoast_head":"<!-- This site is optimized with the Yoast SEO plugin v26.1.1 - https:\/\/yoast.com\/wordpress\/plugins\/seo\/ -->\n<title>La poes\u00eda escrita por mujeres es necesaria - El Cardinal<\/title>\n<meta name=\"robots\" content=\"index, follow, max-snippet:-1, max-image-preview:large, max-video-preview:-1\" \/>\n<link rel=\"canonical\" href=\"https:\/\/elcardinal.com\/?p=5123\" \/>\n<meta property=\"og:locale\" content=\"es_MX\" \/>\n<meta property=\"og:type\" content=\"article\" \/>\n<meta property=\"og:title\" content=\"La poes\u00eda escrita por mujeres es necesaria - El Cardinal\" \/>\n<meta property=\"og:description\" content=\"Por: Tania Mart\u00ednez Su\u00e1rez Mi querida Perla Ibarra y yo tuvimos el gran honor de presentar la Tercera Antolog\u00eda de Poes\u00eda FENALEM, resultado del Premio Nacional de Poes\u00eda 2025, en la Feria del Libro del Libro Infantil y Juvenil del Estado de Hidalgo, comparto en esta columna un fragmento del mensaje que di ese d\u00eda:\" \/>\n<meta property=\"og:url\" content=\"https:\/\/elcardinal.com\/?p=5123\" \/>\n<meta property=\"og:site_name\" content=\"El Cardinal\" \/>\n<meta property=\"article:publisher\" content=\"https:\/\/www.facebook.com\/profile.php?id=100063093107011\" \/>\n<meta property=\"article:published_time\" content=\"2025-09-27T16:42:47+00:00\" \/>\n<meta property=\"og:image\" content=\"https:\/\/elcardinal.com\/wp-content\/uploads\/2025\/04\/Semillas-Esterales.png\" \/>\n\t<meta property=\"og:image:width\" content=\"940\" \/>\n\t<meta property=\"og:image:height\" content=\"788\" \/>\n\t<meta property=\"og:image:type\" content=\"image\/png\" \/>\n<meta name=\"author\" content=\"Antonio Alcaraz\" \/>\n<meta name=\"twitter:card\" content=\"summary_large_image\" \/>\n<meta name=\"twitter:creator\" content=\"@ElCardinal_Mx\" \/>\n<meta name=\"twitter:site\" content=\"@ElCardinal_Mx\" \/>\n<meta name=\"twitter:label1\" content=\"Escrito por\" \/>\n\t<meta name=\"twitter:data1\" content=\"Antonio Alcaraz\" \/>\n\t<meta name=\"twitter:label2\" content=\"Tiempo de lectura\" \/>\n\t<meta name=\"twitter:data2\" content=\"6 minutos\" \/>\n<script type=\"application\/ld+json\" class=\"yoast-schema-graph\">{\"@context\":\"https:\/\/schema.org\",\"@graph\":[{\"@type\":\"Article\",\"@id\":\"https:\/\/elcardinal.com\/?p=5123#article\",\"isPartOf\":{\"@id\":\"https:\/\/elcardinal.com\/?p=5123\"},\"author\":{\"name\":\"Antonio Alcaraz\",\"@id\":\"https:\/\/elcardinal.com\/#\/schema\/person\/3c352ec0a33987fe275c0e8a2ea69f8b\"},\"headline\":\"La poes\u00eda escrita por mujeres es necesaria\",\"datePublished\":\"2025-09-27T16:42:47+00:00\",\"mainEntityOfPage\":{\"@id\":\"https:\/\/elcardinal.com\/?p=5123\"},\"wordCount\":1433,\"commentCount\":0,\"publisher\":{\"@id\":\"https:\/\/elcardinal.com\/#organization\"},\"image\":{\"@id\":\"https:\/\/elcardinal.com\/?p=5123#primaryimage\"},\"thumbnailUrl\":\"https:\/\/elcardinal.com\/wp-content\/uploads\/2025\/04\/Semillas-Esterales.png\",\"keywords\":[\"FENALEM\",\"Poes\u00eda\",\"Tania Mart\u00ednez Su\u00e1rez\"],\"articleSection\":[\"Minuto a Minuto\",\"Opini\u00f3n\"],\"inLanguage\":\"es\",\"potentialAction\":[{\"@type\":\"CommentAction\",\"name\":\"Comment\",\"target\":[\"https:\/\/elcardinal.com\/?p=5123#respond\"]}]},{\"@type\":\"WebPage\",\"@id\":\"https:\/\/elcardinal.com\/?p=5123\",\"url\":\"https:\/\/elcardinal.com\/?p=5123\",\"name\":\"La poes\u00eda escrita por mujeres es necesaria - El Cardinal\",\"isPartOf\":{\"@id\":\"https:\/\/elcardinal.com\/#website\"},\"primaryImageOfPage\":{\"@id\":\"https:\/\/elcardinal.com\/?p=5123#primaryimage\"},\"image\":{\"@id\":\"https:\/\/elcardinal.com\/?p=5123#primaryimage\"},\"thumbnailUrl\":\"https:\/\/elcardinal.com\/wp-content\/uploads\/2025\/04\/Semillas-Esterales.png\",\"datePublished\":\"2025-09-27T16:42:47+00:00\",\"breadcrumb\":{\"@id\":\"https:\/\/elcardinal.com\/?p=5123#breadcrumb\"},\"inLanguage\":\"es\",\"potentialAction\":[{\"@type\":\"ReadAction\",\"target\":[\"https:\/\/elcardinal.com\/?p=5123\"]}]},{\"@type\":\"ImageObject\",\"inLanguage\":\"es\",\"@id\":\"https:\/\/elcardinal.com\/?p=5123#primaryimage\",\"url\":\"https:\/\/elcardinal.com\/wp-content\/uploads\/2025\/04\/Semillas-Esterales.png\",\"contentUrl\":\"https:\/\/elcardinal.com\/wp-content\/uploads\/2025\/04\/Semillas-Esterales.png\",\"width\":940,\"height\":788},{\"@type\":\"BreadcrumbList\",\"@id\":\"https:\/\/elcardinal.com\/?p=5123#breadcrumb\",\"itemListElement\":[{\"@type\":\"ListItem\",\"position\":1,\"name\":\"Inicio\",\"item\":\"https:\/\/elcardinal.com\/\"},{\"@type\":\"ListItem\",\"position\":2,\"name\":\"La poes\u00eda escrita por mujeres es necesaria\"}]},{\"@type\":\"WebSite\",\"@id\":\"https:\/\/elcardinal.com\/#website\",\"url\":\"https:\/\/elcardinal.com\/\",\"name\":\"El Cardinal\",\"description\":\"Periodismo honesto, con valor, sentido humano, a veces sarc\u00e1stico y divertido.\",\"publisher\":{\"@id\":\"https:\/\/elcardinal.com\/#organization\"},\"alternateName\":\"El Cardinal Noticias\",\"potentialAction\":[{\"@type\":\"SearchAction\",\"target\":{\"@type\":\"EntryPoint\",\"urlTemplate\":\"https:\/\/elcardinal.com\/?s={search_term_string}\"},\"query-input\":{\"@type\":\"PropertyValueSpecification\",\"valueRequired\":true,\"valueName\":\"search_term_string\"}}],\"inLanguage\":\"es\"},{\"@type\":\"Organization\",\"@id\":\"https:\/\/elcardinal.com\/#organization\",\"name\":\"El Cardinal\",\"url\":\"https:\/\/elcardinal.com\/\",\"logo\":{\"@type\":\"ImageObject\",\"inLanguage\":\"es\",\"@id\":\"https:\/\/elcardinal.com\/#\/schema\/logo\/image\/\",\"url\":\"https:\/\/elcardinal.com\/wp-content\/uploads\/2025\/04\/LOGO-EL-CARDINAL-Periodismo-con-valor.png\",\"contentUrl\":\"https:\/\/elcardinal.com\/wp-content\/uploads\/2025\/04\/LOGO-EL-CARDINAL-Periodismo-con-valor.png\",\"width\":755,\"height\":636,\"caption\":\"El Cardinal\"},\"image\":{\"@id\":\"https:\/\/elcardinal.com\/#\/schema\/logo\/image\/\"},\"sameAs\":[\"https:\/\/www.facebook.com\/profile.php?id=100063093107011\",\"https:\/\/x.com\/ElCardinal_Mx\"]},{\"@type\":\"Person\",\"@id\":\"https:\/\/elcardinal.com\/#\/schema\/person\/3c352ec0a33987fe275c0e8a2ea69f8b\",\"name\":\"Antonio Alcaraz\",\"image\":{\"@type\":\"ImageObject\",\"inLanguage\":\"es\",\"@id\":\"https:\/\/elcardinal.com\/#\/schema\/person\/image\/\",\"url\":\"https:\/\/elcardinal.com\/wp-content\/uploads\/2025\/05\/cropped-TONO-96x96.jpg\",\"contentUrl\":\"https:\/\/elcardinal.com\/wp-content\/uploads\/2025\/05\/cropped-TONO-96x96.jpg\",\"caption\":\"Antonio Alcaraz\"},\"url\":\"https:\/\/elcardinal.com\/?author=2\"}]}<\/script>\n<!-- \/ Yoast SEO plugin. -->","yoast_head_json":{"title":"La poes\u00eda escrita por mujeres es necesaria - El Cardinal","robots":{"index":"index","follow":"follow","max-snippet":"max-snippet:-1","max-image-preview":"max-image-preview:large","max-video-preview":"max-video-preview:-1"},"canonical":"https:\/\/elcardinal.com\/?p=5123","og_locale":"es_MX","og_type":"article","og_title":"La poes\u00eda escrita por mujeres es necesaria - El Cardinal","og_description":"Por: Tania Mart\u00ednez Su\u00e1rez Mi querida Perla Ibarra y yo tuvimos el gran honor de presentar la Tercera Antolog\u00eda de Poes\u00eda FENALEM, resultado del Premio Nacional de Poes\u00eda 2025, en la Feria del Libro del Libro Infantil y Juvenil del Estado de Hidalgo, comparto en esta columna un fragmento del mensaje que di ese d\u00eda:","og_url":"https:\/\/elcardinal.com\/?p=5123","og_site_name":"El Cardinal","article_publisher":"https:\/\/www.facebook.com\/profile.php?id=100063093107011","article_published_time":"2025-09-27T16:42:47+00:00","og_image":[{"width":940,"height":788,"url":"https:\/\/elcardinal.com\/wp-content\/uploads\/2025\/04\/Semillas-Esterales.png","type":"image\/png"}],"author":"Antonio Alcaraz","twitter_card":"summary_large_image","twitter_creator":"@ElCardinal_Mx","twitter_site":"@ElCardinal_Mx","twitter_misc":{"Escrito por":"Antonio Alcaraz","Tiempo de lectura":"6 minutos"},"schema":{"@context":"https:\/\/schema.org","@graph":[{"@type":"Article","@id":"https:\/\/elcardinal.com\/?p=5123#article","isPartOf":{"@id":"https:\/\/elcardinal.com\/?p=5123"},"author":{"name":"Antonio Alcaraz","@id":"https:\/\/elcardinal.com\/#\/schema\/person\/3c352ec0a33987fe275c0e8a2ea69f8b"},"headline":"La poes\u00eda escrita por mujeres es necesaria","datePublished":"2025-09-27T16:42:47+00:00","mainEntityOfPage":{"@id":"https:\/\/elcardinal.com\/?p=5123"},"wordCount":1433,"commentCount":0,"publisher":{"@id":"https:\/\/elcardinal.com\/#organization"},"image":{"@id":"https:\/\/elcardinal.com\/?p=5123#primaryimage"},"thumbnailUrl":"https:\/\/elcardinal.com\/wp-content\/uploads\/2025\/04\/Semillas-Esterales.png","keywords":["FENALEM","Poes\u00eda","Tania Mart\u00ednez Su\u00e1rez"],"articleSection":["Minuto a Minuto","Opini\u00f3n"],"inLanguage":"es","potentialAction":[{"@type":"CommentAction","name":"Comment","target":["https:\/\/elcardinal.com\/?p=5123#respond"]}]},{"@type":"WebPage","@id":"https:\/\/elcardinal.com\/?p=5123","url":"https:\/\/elcardinal.com\/?p=5123","name":"La poes\u00eda escrita por mujeres es necesaria - El Cardinal","isPartOf":{"@id":"https:\/\/elcardinal.com\/#website"},"primaryImageOfPage":{"@id":"https:\/\/elcardinal.com\/?p=5123#primaryimage"},"image":{"@id":"https:\/\/elcardinal.com\/?p=5123#primaryimage"},"thumbnailUrl":"https:\/\/elcardinal.com\/wp-content\/uploads\/2025\/04\/Semillas-Esterales.png","datePublished":"2025-09-27T16:42:47+00:00","breadcrumb":{"@id":"https:\/\/elcardinal.com\/?p=5123#breadcrumb"},"inLanguage":"es","potentialAction":[{"@type":"ReadAction","target":["https:\/\/elcardinal.com\/?p=5123"]}]},{"@type":"ImageObject","inLanguage":"es","@id":"https:\/\/elcardinal.com\/?p=5123#primaryimage","url":"https:\/\/elcardinal.com\/wp-content\/uploads\/2025\/04\/Semillas-Esterales.png","contentUrl":"https:\/\/elcardinal.com\/wp-content\/uploads\/2025\/04\/Semillas-Esterales.png","width":940,"height":788},{"@type":"BreadcrumbList","@id":"https:\/\/elcardinal.com\/?p=5123#breadcrumb","itemListElement":[{"@type":"ListItem","position":1,"name":"Inicio","item":"https:\/\/elcardinal.com\/"},{"@type":"ListItem","position":2,"name":"La poes\u00eda escrita por mujeres es necesaria"}]},{"@type":"WebSite","@id":"https:\/\/elcardinal.com\/#website","url":"https:\/\/elcardinal.com\/","name":"El Cardinal","description":"Periodismo honesto, con valor, sentido humano, a veces sarc\u00e1stico y divertido.","publisher":{"@id":"https:\/\/elcardinal.com\/#organization"},"alternateName":"El Cardinal Noticias","potentialAction":[{"@type":"SearchAction","target":{"@type":"EntryPoint","urlTemplate":"https:\/\/elcardinal.com\/?s={search_term_string}"},"query-input":{"@type":"PropertyValueSpecification","valueRequired":true,"valueName":"search_term_string"}}],"inLanguage":"es"},{"@type":"Organization","@id":"https:\/\/elcardinal.com\/#organization","name":"El Cardinal","url":"https:\/\/elcardinal.com\/","logo":{"@type":"ImageObject","inLanguage":"es","@id":"https:\/\/elcardinal.com\/#\/schema\/logo\/image\/","url":"https:\/\/elcardinal.com\/wp-content\/uploads\/2025\/04\/LOGO-EL-CARDINAL-Periodismo-con-valor.png","contentUrl":"https:\/\/elcardinal.com\/wp-content\/uploads\/2025\/04\/LOGO-EL-CARDINAL-Periodismo-con-valor.png","width":755,"height":636,"caption":"El Cardinal"},"image":{"@id":"https:\/\/elcardinal.com\/#\/schema\/logo\/image\/"},"sameAs":["https:\/\/www.facebook.com\/profile.php?id=100063093107011","https:\/\/x.com\/ElCardinal_Mx"]},{"@type":"Person","@id":"https:\/\/elcardinal.com\/#\/schema\/person\/3c352ec0a33987fe275c0e8a2ea69f8b","name":"Antonio Alcaraz","image":{"@type":"ImageObject","inLanguage":"es","@id":"https:\/\/elcardinal.com\/#\/schema\/person\/image\/","url":"https:\/\/elcardinal.com\/wp-content\/uploads\/2025\/05\/cropped-TONO-96x96.jpg","contentUrl":"https:\/\/elcardinal.com\/wp-content\/uploads\/2025\/05\/cropped-TONO-96x96.jpg","caption":"Antonio Alcaraz"},"url":"https:\/\/elcardinal.com\/?author=2"}]}},"_links":{"self":[{"href":"https:\/\/elcardinal.com\/index.php?rest_route=\/wp\/v2\/posts\/5123","targetHints":{"allow":["GET"]}}],"collection":[{"href":"https:\/\/elcardinal.com\/index.php?rest_route=\/wp\/v2\/posts"}],"about":[{"href":"https:\/\/elcardinal.com\/index.php?rest_route=\/wp\/v2\/types\/post"}],"author":[{"embeddable":true,"href":"https:\/\/elcardinal.com\/index.php?rest_route=\/wp\/v2\/users\/2"}],"replies":[{"embeddable":true,"href":"https:\/\/elcardinal.com\/index.php?rest_route=%2Fwp%2Fv2%2Fcomments&post=5123"}],"version-history":[{"count":1,"href":"https:\/\/elcardinal.com\/index.php?rest_route=\/wp\/v2\/posts\/5123\/revisions"}],"predecessor-version":[{"id":5128,"href":"https:\/\/elcardinal.com\/index.php?rest_route=\/wp\/v2\/posts\/5123\/revisions\/5128"}],"wp:featuredmedia":[{"embeddable":true,"href":"https:\/\/elcardinal.com\/index.php?rest_route=\/wp\/v2\/media\/4234"}],"wp:attachment":[{"href":"https:\/\/elcardinal.com\/index.php?rest_route=%2Fwp%2Fv2%2Fmedia&parent=5123"}],"wp:term":[{"taxonomy":"category","embeddable":true,"href":"https:\/\/elcardinal.com\/index.php?rest_route=%2Fwp%2Fv2%2Fcategories&post=5123"},{"taxonomy":"post_tag","embeddable":true,"href":"https:\/\/elcardinal.com\/index.php?rest_route=%2Fwp%2Fv2%2Ftags&post=5123"}],"curies":[{"name":"wp","href":"https:\/\/api.w.org\/{rel}","templated":true}]}}