{"id":5134,"date":"2025-09-27T19:09:20","date_gmt":"2025-09-28T01:09:20","guid":{"rendered":"https:\/\/elcardinal.com\/?p=5134"},"modified":"2025-09-27T19:09:20","modified_gmt":"2025-09-28T01:09:20","slug":"huejutla-se-prepara-para-un-xantolo-inolvidable","status":"publish","type":"post","link":"https:\/\/elcardinal.com\/?p=5134","title":{"rendered":"\u00a1Huejutla se prepara para un Xantolo inolvidable!"},"content":{"rendered":"<p>Por: <strong>Jos\u00e9 Antonio Alcaraz Su\u00e1rez<\/strong><\/p>\n<p>El presidente municipal, <strong>Alfredo San Rom\u00e1n Duval<\/strong>, anunci\u00f3 que ya comenzaron los preparativos para celebrar el tradicional <strong>Xantolo<\/strong>, destacando que el centro de <strong>Huejutla<\/strong> se viste de fiesta con una escenograf\u00eda que refleja la riqueza cultural y gastron\u00f3mica de la regi\u00f3n. \ud83c\udf3d\ud83c\udf2e\ud83e\udd58<\/p>\n<blockquote><p>\u201cYa estamos trabajando en el centro de Huejutla, entregando invitaciones y coordin\u00e1ndonos con los medios de comunicaci\u00f3n. En unos d\u00edas m\u00e1s presentaremos en Pachuca la maqueta de lo que ser\u00e1 nuestro Xantolo\u201d, inform\u00f3 el edil.<\/p><\/blockquote>\n<p>El festejo dar\u00e1 inicio con la primera ofrenda el<strong> 29 de septiembre<\/strong>, mientras que los eventos principales se realizar\u00e1n el <strong>30 y 31 de octubre y 1 y 2 de noviembre<\/strong>. Para garantizar que todo est\u00e9 listo, el municipio inici\u00f3 desde hace un mes la preparaci\u00f3n de la escenograf\u00eda que har\u00e1 brillar la ciudad durante estas fechas. \ud83d\udd6f\ufe0f\ud83c\udfad\u2728<\/p>\n<p><img fetchpriority=\"high\" decoding=\"async\" class=\"size-medium wp-image-5136 alignleft\" src=\"https:\/\/elcardinal.com\/wp-content\/uploads\/2025\/09\/476121531_950132127099882_8539188822132012533_n-300x200.jpg\" alt=\"\" width=\"300\" height=\"200\" srcset=\"https:\/\/elcardinal.com\/wp-content\/uploads\/2025\/09\/476121531_950132127099882_8539188822132012533_n-300x200.jpg 300w, https:\/\/elcardinal.com\/wp-content\/uploads\/2025\/09\/476121531_950132127099882_8539188822132012533_n-1024x684.jpg 1024w, https:\/\/elcardinal.com\/wp-content\/uploads\/2025\/09\/476121531_950132127099882_8539188822132012533_n-768x513.jpg 768w, https:\/\/elcardinal.com\/wp-content\/uploads\/2025\/09\/476121531_950132127099882_8539188822132012533_n-1536x1025.jpg 1536w, https:\/\/elcardinal.com\/wp-content\/uploads\/2025\/09\/476121531_950132127099882_8539188822132012533_n-150x100.jpg 150w, https:\/\/elcardinal.com\/wp-content\/uploads\/2025\/09\/476121531_950132127099882_8539188822132012533_n-450x300.jpg 450w, https:\/\/elcardinal.com\/wp-content\/uploads\/2025\/09\/476121531_950132127099882_8539188822132012533_n-1200x801.jpg 1200w, https:\/\/elcardinal.com\/wp-content\/uploads\/2025\/09\/476121531_950132127099882_8539188822132012533_n.jpg 1600w\" sizes=\"(max-width: 300px) 100vw, 300px\" \/><\/p>\n<p>San Rom\u00e1n Duval invit\u00f3 a los visitantes a disfrutar de la cultura, tradiciones y gastronom\u00eda local, destacando platillos como enchiladas, bocoles y tamales. <strong>\u201cVale la pena que vayan y conozcan nuestra riqueza cultural\u201d, a\u00f1adi\u00f3. \ud83c\udf2e\ud83d\udc9b<\/strong><\/p>\n<p>En cuanto a la infraestructura hotelera, el presidente se\u00f1al\u00f3 que se encuentra entre el 80 y 90% de ocupaci\u00f3n, y que la pr\u00f3xima semana har\u00e1 un recuento con los hoteleros para afinar detalles. \ud83c\udfe8\u2705<\/p>\n<p>Se espera la llegada de visitantes de todo M\u00e9xico y del extranjero, consolidando a Huejutla como un destino cultural y tur\u00edstico de gran relevancia. \u2708\ufe0f\ud83c\udf0e<\/p>\n<p>#Xantolo2025 #Huejutla #Tradici\u00f3nYM\u00e9xico #CulturaYGastronom\u00eda #FiestaDeMuertos \ud83c\udf89\ud83d\udc80\ud83d\udd6f\ufe0f<\/p>\n","protected":false},"excerpt":{"rendered":"<p>Por: Jos\u00e9 Antonio Alcaraz Su\u00e1rez El presidente municipal, Alfredo San Rom\u00e1n Duval, anunci\u00f3 que ya comenzaron los preparativos para celebrar el tradicional Xantolo, destacando que el centro de Huejutla se viste de fiesta con una escenograf\u00eda que refleja la riqueza cultural y gastron\u00f3mica de la regi\u00f3n. \ud83c\udf3d\ud83c\udf2e\ud83e\udd58 \u201cYa estamos trabajando en el centro de Huejutla,<\/p>\n","protected":false},"author":2,"featured_media":5135,"comment_status":"open","ping_status":"open","sticky":false,"template":"","format":"standard","meta":{"footnotes":""},"categories":[31,44],"tags":[60,307,59,306],"class_list":{"0":"post-5134","1":"post","2":"type-post","3":"status-publish","4":"format-standard","5":"has-post-thumbnail","7":"category-hidalgo","8":"category-minuto-a-minuto","9":"tag-alfredo-san-roman","10":"tag-fiesta-de-los-muertos","11":"tag-huejutla","12":"tag-xantolo"},"yoast_head":"<!-- This site is optimized with the Yoast SEO plugin v26.1.1 - https:\/\/yoast.com\/wordpress\/plugins\/seo\/ -->\n<title>\u00a1Huejutla se prepara para un Xantolo inolvidable! - El Cardinal<\/title>\n<meta name=\"robots\" content=\"index, follow, max-snippet:-1, max-image-preview:large, max-video-preview:-1\" \/>\n<link rel=\"canonical\" href=\"https:\/\/elcardinal.com\/?p=5134\" \/>\n<meta property=\"og:locale\" content=\"es_MX\" \/>\n<meta property=\"og:type\" content=\"article\" \/>\n<meta property=\"og:title\" content=\"\u00a1Huejutla se prepara para un Xantolo inolvidable! - El Cardinal\" \/>\n<meta property=\"og:description\" content=\"Por: Jos\u00e9 Antonio Alcaraz Su\u00e1rez El presidente municipal, Alfredo San Rom\u00e1n Duval, anunci\u00f3 que ya comenzaron los preparativos para celebrar el tradicional Xantolo, destacando que el centro de Huejutla se viste de fiesta con una escenograf\u00eda que refleja la riqueza cultural y gastron\u00f3mica de la regi\u00f3n. \ud83c\udf3d\ud83c\udf2e\ud83e\udd58 \u201cYa estamos trabajando en el centro de Huejutla,\" \/>\n<meta property=\"og:url\" content=\"https:\/\/elcardinal.com\/?p=5134\" \/>\n<meta property=\"og:site_name\" content=\"El Cardinal\" \/>\n<meta property=\"article:publisher\" content=\"https:\/\/www.facebook.com\/profile.php?id=100063093107011\" \/>\n<meta property=\"article:published_time\" content=\"2025-09-28T01:09:20+00:00\" \/>\n<meta property=\"og:image\" content=\"https:\/\/elcardinal.com\/wp-content\/uploads\/2025\/09\/WhatsApp-Image-2025-09-27-at-7.08.11-PM.jpeg\" \/>\n\t<meta property=\"og:image:width\" content=\"1600\" \/>\n\t<meta property=\"og:image:height\" content=\"959\" \/>\n\t<meta property=\"og:image:type\" content=\"image\/jpeg\" \/>\n<meta name=\"author\" content=\"Antonio Alcaraz\" \/>\n<meta name=\"twitter:card\" content=\"summary_large_image\" \/>\n<meta name=\"twitter:creator\" content=\"@ElCardinal_Mx\" \/>\n<meta name=\"twitter:site\" content=\"@ElCardinal_Mx\" \/>\n<meta name=\"twitter:label1\" content=\"Escrito por\" \/>\n\t<meta name=\"twitter:data1\" content=\"Antonio Alcaraz\" \/>\n\t<meta name=\"twitter:label2\" content=\"Tiempo de lectura\" \/>\n\t<meta name=\"twitter:data2\" content=\"2 minutos\" \/>\n<script type=\"application\/ld+json\" class=\"yoast-schema-graph\">{\"@context\":\"https:\/\/schema.org\",\"@graph\":[{\"@type\":\"Article\",\"@id\":\"https:\/\/elcardinal.com\/?p=5134#article\",\"isPartOf\":{\"@id\":\"https:\/\/elcardinal.com\/?p=5134\"},\"author\":{\"name\":\"Antonio Alcaraz\",\"@id\":\"https:\/\/elcardinal.com\/#\/schema\/person\/3c352ec0a33987fe275c0e8a2ea69f8b\"},\"headline\":\"\u00a1Huejutla se prepara para un Xantolo inolvidable!\",\"datePublished\":\"2025-09-28T01:09:20+00:00\",\"mainEntityOfPage\":{\"@id\":\"https:\/\/elcardinal.com\/?p=5134\"},\"wordCount\":257,\"commentCount\":0,\"publisher\":{\"@id\":\"https:\/\/elcardinal.com\/#organization\"},\"image\":{\"@id\":\"https:\/\/elcardinal.com\/?p=5134#primaryimage\"},\"thumbnailUrl\":\"https:\/\/elcardinal.com\/wp-content\/uploads\/2025\/09\/WhatsApp-Image-2025-09-27-at-7.08.11-PM.jpeg\",\"keywords\":[\"Alfredo San Rom\u00e1n\",\"Fiesta de los muertos\",\"Huejutla\",\"Xantolo\"],\"articleSection\":[\"Hidalgo\",\"Minuto a Minuto\"],\"inLanguage\":\"es\",\"potentialAction\":[{\"@type\":\"CommentAction\",\"name\":\"Comment\",\"target\":[\"https:\/\/elcardinal.com\/?p=5134#respond\"]}]},{\"@type\":\"WebPage\",\"@id\":\"https:\/\/elcardinal.com\/?p=5134\",\"url\":\"https:\/\/elcardinal.com\/?p=5134\",\"name\":\"\u00a1Huejutla se prepara para un Xantolo inolvidable! - El Cardinal\",\"isPartOf\":{\"@id\":\"https:\/\/elcardinal.com\/#website\"},\"primaryImageOfPage\":{\"@id\":\"https:\/\/elcardinal.com\/?p=5134#primaryimage\"},\"image\":{\"@id\":\"https:\/\/elcardinal.com\/?p=5134#primaryimage\"},\"thumbnailUrl\":\"https:\/\/elcardinal.com\/wp-content\/uploads\/2025\/09\/WhatsApp-Image-2025-09-27-at-7.08.11-PM.jpeg\",\"datePublished\":\"2025-09-28T01:09:20+00:00\",\"breadcrumb\":{\"@id\":\"https:\/\/elcardinal.com\/?p=5134#breadcrumb\"},\"inLanguage\":\"es\",\"potentialAction\":[{\"@type\":\"ReadAction\",\"target\":[\"https:\/\/elcardinal.com\/?p=5134\"]}]},{\"@type\":\"ImageObject\",\"inLanguage\":\"es\",\"@id\":\"https:\/\/elcardinal.com\/?p=5134#primaryimage\",\"url\":\"https:\/\/elcardinal.com\/wp-content\/uploads\/2025\/09\/WhatsApp-Image-2025-09-27-at-7.08.11-PM.jpeg\",\"contentUrl\":\"https:\/\/elcardinal.com\/wp-content\/uploads\/2025\/09\/WhatsApp-Image-2025-09-27-at-7.08.11-PM.jpeg\",\"width\":1600,\"height\":959},{\"@type\":\"BreadcrumbList\",\"@id\":\"https:\/\/elcardinal.com\/?p=5134#breadcrumb\",\"itemListElement\":[{\"@type\":\"ListItem\",\"position\":1,\"name\":\"Inicio\",\"item\":\"https:\/\/elcardinal.com\/\"},{\"@type\":\"ListItem\",\"position\":2,\"name\":\"\u00a1Huejutla se prepara para un Xantolo inolvidable!\"}]},{\"@type\":\"WebSite\",\"@id\":\"https:\/\/elcardinal.com\/#website\",\"url\":\"https:\/\/elcardinal.com\/\",\"name\":\"El Cardinal\",\"description\":\"Periodismo honesto, con valor, sentido humano, a veces sarc\u00e1stico y divertido.\",\"publisher\":{\"@id\":\"https:\/\/elcardinal.com\/#organization\"},\"alternateName\":\"El Cardinal Noticias\",\"potentialAction\":[{\"@type\":\"SearchAction\",\"target\":{\"@type\":\"EntryPoint\",\"urlTemplate\":\"https:\/\/elcardinal.com\/?s={search_term_string}\"},\"query-input\":{\"@type\":\"PropertyValueSpecification\",\"valueRequired\":true,\"valueName\":\"search_term_string\"}}],\"inLanguage\":\"es\"},{\"@type\":\"Organization\",\"@id\":\"https:\/\/elcardinal.com\/#organization\",\"name\":\"El Cardinal\",\"url\":\"https:\/\/elcardinal.com\/\",\"logo\":{\"@type\":\"ImageObject\",\"inLanguage\":\"es\",\"@id\":\"https:\/\/elcardinal.com\/#\/schema\/logo\/image\/\",\"url\":\"https:\/\/elcardinal.com\/wp-content\/uploads\/2025\/04\/LOGO-EL-CARDINAL-Periodismo-con-valor.png\",\"contentUrl\":\"https:\/\/elcardinal.com\/wp-content\/uploads\/2025\/04\/LOGO-EL-CARDINAL-Periodismo-con-valor.png\",\"width\":755,\"height\":636,\"caption\":\"El Cardinal\"},\"image\":{\"@id\":\"https:\/\/elcardinal.com\/#\/schema\/logo\/image\/\"},\"sameAs\":[\"https:\/\/www.facebook.com\/profile.php?id=100063093107011\",\"https:\/\/x.com\/ElCardinal_Mx\"]},{\"@type\":\"Person\",\"@id\":\"https:\/\/elcardinal.com\/#\/schema\/person\/3c352ec0a33987fe275c0e8a2ea69f8b\",\"name\":\"Antonio Alcaraz\",\"image\":{\"@type\":\"ImageObject\",\"inLanguage\":\"es\",\"@id\":\"https:\/\/elcardinal.com\/#\/schema\/person\/image\/\",\"url\":\"https:\/\/elcardinal.com\/wp-content\/uploads\/2025\/05\/cropped-TONO-96x96.jpg\",\"contentUrl\":\"https:\/\/elcardinal.com\/wp-content\/uploads\/2025\/05\/cropped-TONO-96x96.jpg\",\"caption\":\"Antonio Alcaraz\"},\"url\":\"https:\/\/elcardinal.com\/?author=2\"}]}<\/script>\n<!-- \/ Yoast SEO plugin. -->","yoast_head_json":{"title":"\u00a1Huejutla se prepara para un Xantolo inolvidable! - El Cardinal","robots":{"index":"index","follow":"follow","max-snippet":"max-snippet:-1","max-image-preview":"max-image-preview:large","max-video-preview":"max-video-preview:-1"},"canonical":"https:\/\/elcardinal.com\/?p=5134","og_locale":"es_MX","og_type":"article","og_title":"\u00a1Huejutla se prepara para un Xantolo inolvidable! - El Cardinal","og_description":"Por: Jos\u00e9 Antonio Alcaraz Su\u00e1rez El presidente municipal, Alfredo San Rom\u00e1n Duval, anunci\u00f3 que ya comenzaron los preparativos para celebrar el tradicional Xantolo, destacando que el centro de Huejutla se viste de fiesta con una escenograf\u00eda que refleja la riqueza cultural y gastron\u00f3mica de la regi\u00f3n. \ud83c\udf3d\ud83c\udf2e\ud83e\udd58 \u201cYa estamos trabajando en el centro de Huejutla,","og_url":"https:\/\/elcardinal.com\/?p=5134","og_site_name":"El Cardinal","article_publisher":"https:\/\/www.facebook.com\/profile.php?id=100063093107011","article_published_time":"2025-09-28T01:09:20+00:00","og_image":[{"width":1600,"height":959,"url":"https:\/\/elcardinal.com\/wp-content\/uploads\/2025\/09\/WhatsApp-Image-2025-09-27-at-7.08.11-PM.jpeg","type":"image\/jpeg"}],"author":"Antonio Alcaraz","twitter_card":"summary_large_image","twitter_creator":"@ElCardinal_Mx","twitter_site":"@ElCardinal_Mx","twitter_misc":{"Escrito por":"Antonio Alcaraz","Tiempo de lectura":"2 minutos"},"schema":{"@context":"https:\/\/schema.org","@graph":[{"@type":"Article","@id":"https:\/\/elcardinal.com\/?p=5134#article","isPartOf":{"@id":"https:\/\/elcardinal.com\/?p=5134"},"author":{"name":"Antonio Alcaraz","@id":"https:\/\/elcardinal.com\/#\/schema\/person\/3c352ec0a33987fe275c0e8a2ea69f8b"},"headline":"\u00a1Huejutla se prepara para un Xantolo inolvidable!","datePublished":"2025-09-28T01:09:20+00:00","mainEntityOfPage":{"@id":"https:\/\/elcardinal.com\/?p=5134"},"wordCount":257,"commentCount":0,"publisher":{"@id":"https:\/\/elcardinal.com\/#organization"},"image":{"@id":"https:\/\/elcardinal.com\/?p=5134#primaryimage"},"thumbnailUrl":"https:\/\/elcardinal.com\/wp-content\/uploads\/2025\/09\/WhatsApp-Image-2025-09-27-at-7.08.11-PM.jpeg","keywords":["Alfredo San Rom\u00e1n","Fiesta de los muertos","Huejutla","Xantolo"],"articleSection":["Hidalgo","Minuto a Minuto"],"inLanguage":"es","potentialAction":[{"@type":"CommentAction","name":"Comment","target":["https:\/\/elcardinal.com\/?p=5134#respond"]}]},{"@type":"WebPage","@id":"https:\/\/elcardinal.com\/?p=5134","url":"https:\/\/elcardinal.com\/?p=5134","name":"\u00a1Huejutla se prepara para un Xantolo inolvidable! - El Cardinal","isPartOf":{"@id":"https:\/\/elcardinal.com\/#website"},"primaryImageOfPage":{"@id":"https:\/\/elcardinal.com\/?p=5134#primaryimage"},"image":{"@id":"https:\/\/elcardinal.com\/?p=5134#primaryimage"},"thumbnailUrl":"https:\/\/elcardinal.com\/wp-content\/uploads\/2025\/09\/WhatsApp-Image-2025-09-27-at-7.08.11-PM.jpeg","datePublished":"2025-09-28T01:09:20+00:00","breadcrumb":{"@id":"https:\/\/elcardinal.com\/?p=5134#breadcrumb"},"inLanguage":"es","potentialAction":[{"@type":"ReadAction","target":["https:\/\/elcardinal.com\/?p=5134"]}]},{"@type":"ImageObject","inLanguage":"es","@id":"https:\/\/elcardinal.com\/?p=5134#primaryimage","url":"https:\/\/elcardinal.com\/wp-content\/uploads\/2025\/09\/WhatsApp-Image-2025-09-27-at-7.08.11-PM.jpeg","contentUrl":"https:\/\/elcardinal.com\/wp-content\/uploads\/2025\/09\/WhatsApp-Image-2025-09-27-at-7.08.11-PM.jpeg","width":1600,"height":959},{"@type":"BreadcrumbList","@id":"https:\/\/elcardinal.com\/?p=5134#breadcrumb","itemListElement":[{"@type":"ListItem","position":1,"name":"Inicio","item":"https:\/\/elcardinal.com\/"},{"@type":"ListItem","position":2,"name":"\u00a1Huejutla se prepara para un Xantolo inolvidable!"}]},{"@type":"WebSite","@id":"https:\/\/elcardinal.com\/#website","url":"https:\/\/elcardinal.com\/","name":"El Cardinal","description":"Periodismo honesto, con valor, sentido humano, a veces sarc\u00e1stico y divertido.","publisher":{"@id":"https:\/\/elcardinal.com\/#organization"},"alternateName":"El Cardinal Noticias","potentialAction":[{"@type":"SearchAction","target":{"@type":"EntryPoint","urlTemplate":"https:\/\/elcardinal.com\/?s={search_term_string}"},"query-input":{"@type":"PropertyValueSpecification","valueRequired":true,"valueName":"search_term_string"}}],"inLanguage":"es"},{"@type":"Organization","@id":"https:\/\/elcardinal.com\/#organization","name":"El Cardinal","url":"https:\/\/elcardinal.com\/","logo":{"@type":"ImageObject","inLanguage":"es","@id":"https:\/\/elcardinal.com\/#\/schema\/logo\/image\/","url":"https:\/\/elcardinal.com\/wp-content\/uploads\/2025\/04\/LOGO-EL-CARDINAL-Periodismo-con-valor.png","contentUrl":"https:\/\/elcardinal.com\/wp-content\/uploads\/2025\/04\/LOGO-EL-CARDINAL-Periodismo-con-valor.png","width":755,"height":636,"caption":"El Cardinal"},"image":{"@id":"https:\/\/elcardinal.com\/#\/schema\/logo\/image\/"},"sameAs":["https:\/\/www.facebook.com\/profile.php?id=100063093107011","https:\/\/x.com\/ElCardinal_Mx"]},{"@type":"Person","@id":"https:\/\/elcardinal.com\/#\/schema\/person\/3c352ec0a33987fe275c0e8a2ea69f8b","name":"Antonio Alcaraz","image":{"@type":"ImageObject","inLanguage":"es","@id":"https:\/\/elcardinal.com\/#\/schema\/person\/image\/","url":"https:\/\/elcardinal.com\/wp-content\/uploads\/2025\/05\/cropped-TONO-96x96.jpg","contentUrl":"https:\/\/elcardinal.com\/wp-content\/uploads\/2025\/05\/cropped-TONO-96x96.jpg","caption":"Antonio Alcaraz"},"url":"https:\/\/elcardinal.com\/?author=2"}]}},"_links":{"self":[{"href":"https:\/\/elcardinal.com\/index.php?rest_route=\/wp\/v2\/posts\/5134","targetHints":{"allow":["GET"]}}],"collection":[{"href":"https:\/\/elcardinal.com\/index.php?rest_route=\/wp\/v2\/posts"}],"about":[{"href":"https:\/\/elcardinal.com\/index.php?rest_route=\/wp\/v2\/types\/post"}],"author":[{"embeddable":true,"href":"https:\/\/elcardinal.com\/index.php?rest_route=\/wp\/v2\/users\/2"}],"replies":[{"embeddable":true,"href":"https:\/\/elcardinal.com\/index.php?rest_route=%2Fwp%2Fv2%2Fcomments&post=5134"}],"version-history":[{"count":1,"href":"https:\/\/elcardinal.com\/index.php?rest_route=\/wp\/v2\/posts\/5134\/revisions"}],"predecessor-version":[{"id":5137,"href":"https:\/\/elcardinal.com\/index.php?rest_route=\/wp\/v2\/posts\/5134\/revisions\/5137"}],"wp:featuredmedia":[{"embeddable":true,"href":"https:\/\/elcardinal.com\/index.php?rest_route=\/wp\/v2\/media\/5135"}],"wp:attachment":[{"href":"https:\/\/elcardinal.com\/index.php?rest_route=%2Fwp%2Fv2%2Fmedia&parent=5134"}],"wp:term":[{"taxonomy":"category","embeddable":true,"href":"https:\/\/elcardinal.com\/index.php?rest_route=%2Fwp%2Fv2%2Fcategories&post=5134"},{"taxonomy":"post_tag","embeddable":true,"href":"https:\/\/elcardinal.com\/index.php?rest_route=%2Fwp%2Fv2%2Ftags&post=5134"}],"curies":[{"name":"wp","href":"https:\/\/api.w.org\/{rel}","templated":true}]}}