{"id":5138,"date":"2025-09-20T18:27:35","date_gmt":"2025-09-21T00:27:35","guid":{"rendered":"https:\/\/elcardinal.com\/?p=5138"},"modified":"2025-09-29T11:47:26","modified_gmt":"2025-09-29T17:47:26","slug":"tizayuca-dona-350-mdp-a-proyectos-federales-de-salud-seguridad-y-educacion-en-el-primer-ano-de-gobierno-de-gretchen-atilano","status":"publish","type":"post","link":"https:\/\/elcardinal.com\/?p=5138","title":{"rendered":"Tizayuca dona 350 mdp a proyectos federales de salud, seguridad y educaci\u00f3n en el primer a\u00f1o de gobierno de Gretchen Atilano"},"content":{"rendered":"<p><span style=\"color: #191919;\"><span style=\"font-size: 15.68px;\">Redacci\u00f3n\u00a0<\/span><\/span><\/p>\n<p>En un evento hist\u00f3rico que reuni\u00f3 a m\u00e1s de 1,500 personas, la alcaldesa <strong>Gretchen Atilano<\/strong> present\u00f3 su 1er. Informe de <strong>Gobierno en el Complejo Colibr\u00ed<\/strong>, en el marco de una sesi\u00f3n p\u00fablica de car\u00e1cter solemne. La ceremonia cont\u00f3 con la presencia de s\u00edndicos y regidores del Ayuntamiento para el periodo 2024-2027, as\u00ed como de <strong>Enrique L\u00f3pez Rivera<\/strong>, secretario t\u00e9cnico en el despacho del gobernador Julio Menchaca Salazar, quien asisti\u00f3 en representaci\u00f3n del mandatario estatal.<\/p>\n<p><img fetchpriority=\"high\" decoding=\"async\" class=\" wp-image-5140 alignleft\" src=\"https:\/\/elcardinal.com\/wp-content\/uploads\/2025\/09\/b914fdda-6e1d-4e99-ae4a-43de1f85a652-300x169.jpeg\" alt=\"\" width=\"327\" height=\"184\" srcset=\"https:\/\/elcardinal.com\/wp-content\/uploads\/2025\/09\/b914fdda-6e1d-4e99-ae4a-43de1f85a652-300x169.jpeg 300w, https:\/\/elcardinal.com\/wp-content\/uploads\/2025\/09\/b914fdda-6e1d-4e99-ae4a-43de1f85a652-1024x576.jpeg 1024w, https:\/\/elcardinal.com\/wp-content\/uploads\/2025\/09\/b914fdda-6e1d-4e99-ae4a-43de1f85a652-768x432.jpeg 768w, https:\/\/elcardinal.com\/wp-content\/uploads\/2025\/09\/b914fdda-6e1d-4e99-ae4a-43de1f85a652-150x84.jpeg 150w, https:\/\/elcardinal.com\/wp-content\/uploads\/2025\/09\/b914fdda-6e1d-4e99-ae4a-43de1f85a652-450x253.jpeg 450w, https:\/\/elcardinal.com\/wp-content\/uploads\/2025\/09\/b914fdda-6e1d-4e99-ae4a-43de1f85a652-1200x675.jpeg 1200w, https:\/\/elcardinal.com\/wp-content\/uploads\/2025\/09\/b914fdda-6e1d-4e99-ae4a-43de1f85a652.jpeg 1280w\" sizes=\"(max-width: 327px) 100vw, 327px\" \/>El evento fue un reflejo del compromiso del gobierno que edifica el segundo piso de <strong>la Cuarta Transformaci\u00f3n en Tizayuca,<\/strong> basado en la escucha y cercan\u00eda con el pueblo, adem\u00e1s de la rendici\u00f3n de cuentas y transparencia de las acciones ejecutadas durante este primer a\u00f1o, donde ha prevalecido un cambio impulsado por la fuerza de las mujeres y la juventud, y que busca saldar deudas hist\u00f3ricas con los sectores m\u00e1s desfavorecidos de la poblaci\u00f3n. La presidenta municipal, destac\u00f3 que el crecimiento poblacional del municipio, que ha pasado de <strong>50 mil a m\u00e1s de 160 mil habitantes<\/strong> en la \u00faltima d\u00e9cada, exige un gobierno a la altura de las circunstancias.<\/p>\n<p>Durante su presentaci\u00f3n, y acompa\u00f1ada por diversos sectores de la sociedad, adem\u00e1s de legisladores locales y federales, presidentas y presidentes municipales vecinos de Pachuca, Zapotl\u00e1n de Ju\u00e1rez, Tolcayuca, Villa de Tezontepec, Temascalapa, Tec\u00e1mac y otros, la alcaldesa enfatiz\u00f3 que las acciones del gobierno se basan en el <strong>Plan Municipal de Desarrollo<\/strong>, el cual refleja la voz de la ciudadan\u00eda y gu\u00eda la transformaci\u00f3n del municipio. \u201cEste informe confirma que el pueblo manda y el gobierno obedece\u201d, afirm\u00f3 Atilano, resaltando los logros alcanzados en colaboraci\u00f3n con diversos sectores de la comunidad en temas sensibles como la salud, educaci\u00f3n, seguridad, infraestructura, arte y cultura para el fortalecimiento del tejido social, atenci\u00f3n a las desigualdades, servicios p\u00fablicos, y m\u00e1s.<\/p>\n<p><img decoding=\"async\" class=\" wp-image-5141 alignright\" src=\"https:\/\/elcardinal.com\/wp-content\/uploads\/2025\/09\/c28a0877-e03a-4a86-92c6-f90c72ce5639-300x200.jpeg\" alt=\"\" width=\"261\" height=\"174\" srcset=\"https:\/\/elcardinal.com\/wp-content\/uploads\/2025\/09\/c28a0877-e03a-4a86-92c6-f90c72ce5639-300x200.jpeg 300w, https:\/\/elcardinal.com\/wp-content\/uploads\/2025\/09\/c28a0877-e03a-4a86-92c6-f90c72ce5639-1024x682.jpeg 1024w, https:\/\/elcardinal.com\/wp-content\/uploads\/2025\/09\/c28a0877-e03a-4a86-92c6-f90c72ce5639-768x512.jpeg 768w, https:\/\/elcardinal.com\/wp-content\/uploads\/2025\/09\/c28a0877-e03a-4a86-92c6-f90c72ce5639-150x100.jpeg 150w, https:\/\/elcardinal.com\/wp-content\/uploads\/2025\/09\/c28a0877-e03a-4a86-92c6-f90c72ce5639-450x300.jpeg 450w, https:\/\/elcardinal.com\/wp-content\/uploads\/2025\/09\/c28a0877-e03a-4a86-92c6-f90c72ce5639-1200x800.jpeg 1200w, https:\/\/elcardinal.com\/wp-content\/uploads\/2025\/09\/c28a0877-e03a-4a86-92c6-f90c72ce5639.jpeg 1280w\" sizes=\"(max-width: 261px) 100vw, 261px\" \/>El regidor Teodoro G\u00f3mez Escalona, representante del Partido Acci\u00f3n Nacional, respondi\u00f3 al informe reconociendo el trabajo realizado por la administraci\u00f3n, pero tambi\u00e9n subrayando los retos que a\u00fan persisten, especialmente en lo que respecta al mejoramiento de la infraestructura vial y a la necesidad de trabajar para elevar la calidad de vida de las y los tizayuquenses.<\/p>\n<p>El informe destac\u00f3 acciones concretas que mejoran la vida cotidiana de los tizayuquenses, como la donaci\u00f3n de predios con un valor conjunto de 350 millones de pesos, destinados a la seguridad para la instalaci\u00f3n de un destacamento de la Guardia Nacional; a la educaci\u00f3n para la construcci\u00f3n del <strong>CBTIS 293, la Universidad para el Bienestar Benito Ju\u00e1rez y el Centro de Educaci\u00f3n y Cuidado Infantil (CECI)<\/strong>; adem\u00e1s de salud, con la donaci\u00f3n del predio para la construcci\u00f3n de un Hospital General de Zona; todo ello sumado a una inversi\u00f3n de m\u00e1s de 62 millones de pesos en 20 obras de infraestructura y el anuncio del Plan General de Mejoramiento de infraestructura vial con el cual se incrementar\u00e1 hist\u00f3ricamente la atenci\u00f3n para el mejoramiento de las calles del municipio el pr\u00f3ximo a\u00f1o. Sumado al impulso que se dio a la seguridad con la inversi\u00f3n de 17.5 millones de pesos para la construcci\u00f3n y equipamiento del Centro de Coordinaci\u00f3n para la Paz y Seguridad donde se contar\u00e1 con aplicaci\u00f3n de tecnolog\u00eda e inteligencia para apoyar la reducci\u00f3n de la incidencia delictiva.<\/p>\n<p><img decoding=\"async\" class=\"size-medium wp-image-5142 alignleft\" src=\"https:\/\/elcardinal.com\/wp-content\/uploads\/2025\/09\/a7e59666-d2d1-4120-b64f-b5c71e49cd9c-300x200.jpeg\" alt=\"\" width=\"300\" height=\"200\" srcset=\"https:\/\/elcardinal.com\/wp-content\/uploads\/2025\/09\/a7e59666-d2d1-4120-b64f-b5c71e49cd9c-300x200.jpeg 300w, https:\/\/elcardinal.com\/wp-content\/uploads\/2025\/09\/a7e59666-d2d1-4120-b64f-b5c71e49cd9c-1024x682.jpeg 1024w, https:\/\/elcardinal.com\/wp-content\/uploads\/2025\/09\/a7e59666-d2d1-4120-b64f-b5c71e49cd9c-768x512.jpeg 768w, https:\/\/elcardinal.com\/wp-content\/uploads\/2025\/09\/a7e59666-d2d1-4120-b64f-b5c71e49cd9c-150x100.jpeg 150w, https:\/\/elcardinal.com\/wp-content\/uploads\/2025\/09\/a7e59666-d2d1-4120-b64f-b5c71e49cd9c-450x300.jpeg 450w, https:\/\/elcardinal.com\/wp-content\/uploads\/2025\/09\/a7e59666-d2d1-4120-b64f-b5c71e49cd9c-1200x800.jpeg 1200w, https:\/\/elcardinal.com\/wp-content\/uploads\/2025\/09\/a7e59666-d2d1-4120-b64f-b5c71e49cd9c.jpeg 1280w\" sizes=\"(max-width: 300px) 100vw, 300px\" \/>La alcaldesa Gretchen Atilano, afirm\u00f3 que la administraci\u00f3n en este primer a\u00f1o se ha enfocado en la escucha activa, en ser un gobierno cercano que sale a territorio, lo cual ha dado como resultado un municipio con mayor recaudaci\u00f3n, m\u00e1s recursos materiales y la eficiencia en la administraci\u00f3n de los mismos, para que las y los tizayuquenses puedan vivir con mayor bienestar y prosperidad.<\/p>\n<p>La presidenta municipal reconoci\u00f3 que a\u00fan existe mucho trabajo por realizar, pero la administraci\u00f3n se encuentra comprometida a dar pasos firmes en lo que la ciudadan\u00eda demanda, y concluy\u00f3 su discurso reafirmando su compromiso con la justicia y la fraternidad, contrastando este nuevo enfoque con las administraciones anteriores que favorecieron el saqueo y la corrupci\u00f3n. \u201cEstamos aqu\u00ed para servir a nuestra comunidad y enfrentar juntos los retos que se presentan\u201d, finaliz\u00f3.<\/p>\n","protected":false},"excerpt":{"rendered":"<p>Redacci\u00f3n\u00a0 En un evento hist\u00f3rico que reuni\u00f3 a m\u00e1s de 1,500 personas, la alcaldesa Gretchen Atilano present\u00f3 su 1er. Informe de Gobierno en el Complejo Colibr\u00ed, en el marco de una sesi\u00f3n p\u00fablica de car\u00e1cter solemne. La ceremonia cont\u00f3 con la presencia de s\u00edndicos y regidores del Ayuntamiento para el periodo 2024-2027, as\u00ed como de<\/p>\n","protected":false},"author":2,"featured_media":5139,"comment_status":"open","ping_status":"open","sticky":false,"template":"","format":"standard","meta":{"footnotes":""},"categories":[31,32,39],"tags":[47,45],"class_list":{"0":"post-5138","1":"post","2":"type-post","3":"status-publish","4":"format-standard","5":"has-post-thumbnail","7":"category-hidalgo","8":"category-metropoli","9":"category-politica","10":"tag-gretchen-atilano","11":"tag-tizayuca"},"yoast_head":"<!-- This site is optimized with the Yoast SEO plugin v26.1.1 - https:\/\/yoast.com\/wordpress\/plugins\/seo\/ -->\n<title>Tizayuca dona 350 mdp a proyectos federales de salud, seguridad y educaci\u00f3n en el primer a\u00f1o de gobierno de Gretchen Atilano - El Cardinal<\/title>\n<meta name=\"robots\" content=\"index, follow, max-snippet:-1, max-image-preview:large, max-video-preview:-1\" \/>\n<link rel=\"canonical\" href=\"https:\/\/elcardinal.com\/?p=5138\" \/>\n<meta property=\"og:locale\" content=\"es_MX\" \/>\n<meta property=\"og:type\" content=\"article\" \/>\n<meta property=\"og:title\" content=\"Tizayuca dona 350 mdp a proyectos federales de salud, seguridad y educaci\u00f3n en el primer a\u00f1o de gobierno de Gretchen Atilano - El Cardinal\" \/>\n<meta property=\"og:description\" content=\"Redacci\u00f3n\u00a0 En un evento hist\u00f3rico que reuni\u00f3 a m\u00e1s de 1,500 personas, la alcaldesa Gretchen Atilano present\u00f3 su 1er. Informe de Gobierno en el Complejo Colibr\u00ed, en el marco de una sesi\u00f3n p\u00fablica de car\u00e1cter solemne. La ceremonia cont\u00f3 con la presencia de s\u00edndicos y regidores del Ayuntamiento para el periodo 2024-2027, as\u00ed como de\" \/>\n<meta property=\"og:url\" content=\"https:\/\/elcardinal.com\/?p=5138\" \/>\n<meta property=\"og:site_name\" content=\"El Cardinal\" \/>\n<meta property=\"article:publisher\" content=\"https:\/\/www.facebook.com\/profile.php?id=100063093107011\" \/>\n<meta property=\"article:published_time\" content=\"2025-09-21T00:27:35+00:00\" \/>\n<meta property=\"article:modified_time\" content=\"2025-09-29T17:47:26+00:00\" \/>\n<meta property=\"og:image\" content=\"https:\/\/elcardinal.com\/wp-content\/uploads\/2025\/09\/WhatsApp-Image-2025-09-20-at-5.31.45-PM-1.jpeg\" \/>\n\t<meta property=\"og:image:width\" content=\"1280\" \/>\n\t<meta property=\"og:image:height\" content=\"720\" \/>\n\t<meta property=\"og:image:type\" content=\"image\/jpeg\" \/>\n<meta name=\"author\" content=\"Antonio Alcaraz\" \/>\n<meta name=\"twitter:card\" content=\"summary_large_image\" \/>\n<meta name=\"twitter:creator\" content=\"@ElCardinal_Mx\" \/>\n<meta name=\"twitter:site\" content=\"@ElCardinal_Mx\" \/>\n<meta name=\"twitter:label1\" content=\"Escrito por\" \/>\n\t<meta name=\"twitter:data1\" content=\"Antonio Alcaraz\" \/>\n\t<meta name=\"twitter:label2\" content=\"Tiempo de lectura\" \/>\n\t<meta name=\"twitter:data2\" content=\"4 minutos\" \/>\n<script type=\"application\/ld+json\" class=\"yoast-schema-graph\">{\"@context\":\"https:\/\/schema.org\",\"@graph\":[{\"@type\":\"Article\",\"@id\":\"https:\/\/elcardinal.com\/?p=5138#article\",\"isPartOf\":{\"@id\":\"https:\/\/elcardinal.com\/?p=5138\"},\"author\":{\"name\":\"Antonio Alcaraz\",\"@id\":\"https:\/\/elcardinal.com\/#\/schema\/person\/3c352ec0a33987fe275c0e8a2ea69f8b\"},\"headline\":\"Tizayuca dona 350 mdp a proyectos federales de salud, seguridad y educaci\u00f3n en el primer a\u00f1o de gobierno de Gretchen Atilano\",\"datePublished\":\"2025-09-21T00:27:35+00:00\",\"dateModified\":\"2025-09-29T17:47:26+00:00\",\"mainEntityOfPage\":{\"@id\":\"https:\/\/elcardinal.com\/?p=5138\"},\"wordCount\":753,\"commentCount\":0,\"publisher\":{\"@id\":\"https:\/\/elcardinal.com\/#organization\"},\"image\":{\"@id\":\"https:\/\/elcardinal.com\/?p=5138#primaryimage\"},\"thumbnailUrl\":\"https:\/\/elcardinal.com\/wp-content\/uploads\/2025\/09\/WhatsApp-Image-2025-09-20-at-5.31.45-PM-1.jpeg\",\"keywords\":[\"Gretchen Atilano\",\"Tizayuca\"],\"articleSection\":[\"Hidalgo\",\"Metr\u00f3poli\",\"Pol\u00edtica\"],\"inLanguage\":\"es\",\"potentialAction\":[{\"@type\":\"CommentAction\",\"name\":\"Comment\",\"target\":[\"https:\/\/elcardinal.com\/?p=5138#respond\"]}]},{\"@type\":\"WebPage\",\"@id\":\"https:\/\/elcardinal.com\/?p=5138\",\"url\":\"https:\/\/elcardinal.com\/?p=5138\",\"name\":\"Tizayuca dona 350 mdp a proyectos federales de salud, seguridad y educaci\u00f3n en el primer a\u00f1o de gobierno de Gretchen Atilano - El Cardinal\",\"isPartOf\":{\"@id\":\"https:\/\/elcardinal.com\/#website\"},\"primaryImageOfPage\":{\"@id\":\"https:\/\/elcardinal.com\/?p=5138#primaryimage\"},\"image\":{\"@id\":\"https:\/\/elcardinal.com\/?p=5138#primaryimage\"},\"thumbnailUrl\":\"https:\/\/elcardinal.com\/wp-content\/uploads\/2025\/09\/WhatsApp-Image-2025-09-20-at-5.31.45-PM-1.jpeg\",\"datePublished\":\"2025-09-21T00:27:35+00:00\",\"dateModified\":\"2025-09-29T17:47:26+00:00\",\"breadcrumb\":{\"@id\":\"https:\/\/elcardinal.com\/?p=5138#breadcrumb\"},\"inLanguage\":\"es\",\"potentialAction\":[{\"@type\":\"ReadAction\",\"target\":[\"https:\/\/elcardinal.com\/?p=5138\"]}]},{\"@type\":\"ImageObject\",\"inLanguage\":\"es\",\"@id\":\"https:\/\/elcardinal.com\/?p=5138#primaryimage\",\"url\":\"https:\/\/elcardinal.com\/wp-content\/uploads\/2025\/09\/WhatsApp-Image-2025-09-20-at-5.31.45-PM-1.jpeg\",\"contentUrl\":\"https:\/\/elcardinal.com\/wp-content\/uploads\/2025\/09\/WhatsApp-Image-2025-09-20-at-5.31.45-PM-1.jpeg\",\"width\":1280,\"height\":720},{\"@type\":\"BreadcrumbList\",\"@id\":\"https:\/\/elcardinal.com\/?p=5138#breadcrumb\",\"itemListElement\":[{\"@type\":\"ListItem\",\"position\":1,\"name\":\"Inicio\",\"item\":\"https:\/\/elcardinal.com\/\"},{\"@type\":\"ListItem\",\"position\":2,\"name\":\"Tizayuca dona 350 mdp a proyectos federales de salud, seguridad y educaci\u00f3n en el primer a\u00f1o de gobierno de Gretchen Atilano\"}]},{\"@type\":\"WebSite\",\"@id\":\"https:\/\/elcardinal.com\/#website\",\"url\":\"https:\/\/elcardinal.com\/\",\"name\":\"El Cardinal\",\"description\":\"Periodismo honesto, con valor, sentido humano, a veces sarc\u00e1stico y divertido.\",\"publisher\":{\"@id\":\"https:\/\/elcardinal.com\/#organization\"},\"alternateName\":\"El Cardinal Noticias\",\"potentialAction\":[{\"@type\":\"SearchAction\",\"target\":{\"@type\":\"EntryPoint\",\"urlTemplate\":\"https:\/\/elcardinal.com\/?s={search_term_string}\"},\"query-input\":{\"@type\":\"PropertyValueSpecification\",\"valueRequired\":true,\"valueName\":\"search_term_string\"}}],\"inLanguage\":\"es\"},{\"@type\":\"Organization\",\"@id\":\"https:\/\/elcardinal.com\/#organization\",\"name\":\"El Cardinal\",\"url\":\"https:\/\/elcardinal.com\/\",\"logo\":{\"@type\":\"ImageObject\",\"inLanguage\":\"es\",\"@id\":\"https:\/\/elcardinal.com\/#\/schema\/logo\/image\/\",\"url\":\"https:\/\/elcardinal.com\/wp-content\/uploads\/2025\/04\/LOGO-EL-CARDINAL-Periodismo-con-valor.png\",\"contentUrl\":\"https:\/\/elcardinal.com\/wp-content\/uploads\/2025\/04\/LOGO-EL-CARDINAL-Periodismo-con-valor.png\",\"width\":755,\"height\":636,\"caption\":\"El Cardinal\"},\"image\":{\"@id\":\"https:\/\/elcardinal.com\/#\/schema\/logo\/image\/\"},\"sameAs\":[\"https:\/\/www.facebook.com\/profile.php?id=100063093107011\",\"https:\/\/x.com\/ElCardinal_Mx\"]},{\"@type\":\"Person\",\"@id\":\"https:\/\/elcardinal.com\/#\/schema\/person\/3c352ec0a33987fe275c0e8a2ea69f8b\",\"name\":\"Antonio Alcaraz\",\"image\":{\"@type\":\"ImageObject\",\"inLanguage\":\"es\",\"@id\":\"https:\/\/elcardinal.com\/#\/schema\/person\/image\/\",\"url\":\"https:\/\/elcardinal.com\/wp-content\/uploads\/2025\/05\/cropped-TONO-96x96.jpg\",\"contentUrl\":\"https:\/\/elcardinal.com\/wp-content\/uploads\/2025\/05\/cropped-TONO-96x96.jpg\",\"caption\":\"Antonio Alcaraz\"},\"url\":\"https:\/\/elcardinal.com\/?author=2\"}]}<\/script>\n<!-- \/ Yoast SEO plugin. -->","yoast_head_json":{"title":"Tizayuca dona 350 mdp a proyectos federales de salud, seguridad y educaci\u00f3n en el primer a\u00f1o de gobierno de Gretchen Atilano - El Cardinal","robots":{"index":"index","follow":"follow","max-snippet":"max-snippet:-1","max-image-preview":"max-image-preview:large","max-video-preview":"max-video-preview:-1"},"canonical":"https:\/\/elcardinal.com\/?p=5138","og_locale":"es_MX","og_type":"article","og_title":"Tizayuca dona 350 mdp a proyectos federales de salud, seguridad y educaci\u00f3n en el primer a\u00f1o de gobierno de Gretchen Atilano - El Cardinal","og_description":"Redacci\u00f3n\u00a0 En un evento hist\u00f3rico que reuni\u00f3 a m\u00e1s de 1,500 personas, la alcaldesa Gretchen Atilano present\u00f3 su 1er. Informe de Gobierno en el Complejo Colibr\u00ed, en el marco de una sesi\u00f3n p\u00fablica de car\u00e1cter solemne. La ceremonia cont\u00f3 con la presencia de s\u00edndicos y regidores del Ayuntamiento para el periodo 2024-2027, as\u00ed como de","og_url":"https:\/\/elcardinal.com\/?p=5138","og_site_name":"El Cardinal","article_publisher":"https:\/\/www.facebook.com\/profile.php?id=100063093107011","article_published_time":"2025-09-21T00:27:35+00:00","article_modified_time":"2025-09-29T17:47:26+00:00","og_image":[{"width":1280,"height":720,"url":"https:\/\/elcardinal.com\/wp-content\/uploads\/2025\/09\/WhatsApp-Image-2025-09-20-at-5.31.45-PM-1.jpeg","type":"image\/jpeg"}],"author":"Antonio Alcaraz","twitter_card":"summary_large_image","twitter_creator":"@ElCardinal_Mx","twitter_site":"@ElCardinal_Mx","twitter_misc":{"Escrito por":"Antonio Alcaraz","Tiempo de lectura":"4 minutos"},"schema":{"@context":"https:\/\/schema.org","@graph":[{"@type":"Article","@id":"https:\/\/elcardinal.com\/?p=5138#article","isPartOf":{"@id":"https:\/\/elcardinal.com\/?p=5138"},"author":{"name":"Antonio Alcaraz","@id":"https:\/\/elcardinal.com\/#\/schema\/person\/3c352ec0a33987fe275c0e8a2ea69f8b"},"headline":"Tizayuca dona 350 mdp a proyectos federales de salud, seguridad y educaci\u00f3n en el primer a\u00f1o de gobierno de Gretchen Atilano","datePublished":"2025-09-21T00:27:35+00:00","dateModified":"2025-09-29T17:47:26+00:00","mainEntityOfPage":{"@id":"https:\/\/elcardinal.com\/?p=5138"},"wordCount":753,"commentCount":0,"publisher":{"@id":"https:\/\/elcardinal.com\/#organization"},"image":{"@id":"https:\/\/elcardinal.com\/?p=5138#primaryimage"},"thumbnailUrl":"https:\/\/elcardinal.com\/wp-content\/uploads\/2025\/09\/WhatsApp-Image-2025-09-20-at-5.31.45-PM-1.jpeg","keywords":["Gretchen Atilano","Tizayuca"],"articleSection":["Hidalgo","Metr\u00f3poli","Pol\u00edtica"],"inLanguage":"es","potentialAction":[{"@type":"CommentAction","name":"Comment","target":["https:\/\/elcardinal.com\/?p=5138#respond"]}]},{"@type":"WebPage","@id":"https:\/\/elcardinal.com\/?p=5138","url":"https:\/\/elcardinal.com\/?p=5138","name":"Tizayuca dona 350 mdp a proyectos federales de salud, seguridad y educaci\u00f3n en el primer a\u00f1o de gobierno de Gretchen Atilano - El Cardinal","isPartOf":{"@id":"https:\/\/elcardinal.com\/#website"},"primaryImageOfPage":{"@id":"https:\/\/elcardinal.com\/?p=5138#primaryimage"},"image":{"@id":"https:\/\/elcardinal.com\/?p=5138#primaryimage"},"thumbnailUrl":"https:\/\/elcardinal.com\/wp-content\/uploads\/2025\/09\/WhatsApp-Image-2025-09-20-at-5.31.45-PM-1.jpeg","datePublished":"2025-09-21T00:27:35+00:00","dateModified":"2025-09-29T17:47:26+00:00","breadcrumb":{"@id":"https:\/\/elcardinal.com\/?p=5138#breadcrumb"},"inLanguage":"es","potentialAction":[{"@type":"ReadAction","target":["https:\/\/elcardinal.com\/?p=5138"]}]},{"@type":"ImageObject","inLanguage":"es","@id":"https:\/\/elcardinal.com\/?p=5138#primaryimage","url":"https:\/\/elcardinal.com\/wp-content\/uploads\/2025\/09\/WhatsApp-Image-2025-09-20-at-5.31.45-PM-1.jpeg","contentUrl":"https:\/\/elcardinal.com\/wp-content\/uploads\/2025\/09\/WhatsApp-Image-2025-09-20-at-5.31.45-PM-1.jpeg","width":1280,"height":720},{"@type":"BreadcrumbList","@id":"https:\/\/elcardinal.com\/?p=5138#breadcrumb","itemListElement":[{"@type":"ListItem","position":1,"name":"Inicio","item":"https:\/\/elcardinal.com\/"},{"@type":"ListItem","position":2,"name":"Tizayuca dona 350 mdp a proyectos federales de salud, seguridad y educaci\u00f3n en el primer a\u00f1o de gobierno de Gretchen Atilano"}]},{"@type":"WebSite","@id":"https:\/\/elcardinal.com\/#website","url":"https:\/\/elcardinal.com\/","name":"El Cardinal","description":"Periodismo honesto, con valor, sentido humano, a veces sarc\u00e1stico y divertido.","publisher":{"@id":"https:\/\/elcardinal.com\/#organization"},"alternateName":"El Cardinal Noticias","potentialAction":[{"@type":"SearchAction","target":{"@type":"EntryPoint","urlTemplate":"https:\/\/elcardinal.com\/?s={search_term_string}"},"query-input":{"@type":"PropertyValueSpecification","valueRequired":true,"valueName":"search_term_string"}}],"inLanguage":"es"},{"@type":"Organization","@id":"https:\/\/elcardinal.com\/#organization","name":"El Cardinal","url":"https:\/\/elcardinal.com\/","logo":{"@type":"ImageObject","inLanguage":"es","@id":"https:\/\/elcardinal.com\/#\/schema\/logo\/image\/","url":"https:\/\/elcardinal.com\/wp-content\/uploads\/2025\/04\/LOGO-EL-CARDINAL-Periodismo-con-valor.png","contentUrl":"https:\/\/elcardinal.com\/wp-content\/uploads\/2025\/04\/LOGO-EL-CARDINAL-Periodismo-con-valor.png","width":755,"height":636,"caption":"El Cardinal"},"image":{"@id":"https:\/\/elcardinal.com\/#\/schema\/logo\/image\/"},"sameAs":["https:\/\/www.facebook.com\/profile.php?id=100063093107011","https:\/\/x.com\/ElCardinal_Mx"]},{"@type":"Person","@id":"https:\/\/elcardinal.com\/#\/schema\/person\/3c352ec0a33987fe275c0e8a2ea69f8b","name":"Antonio Alcaraz","image":{"@type":"ImageObject","inLanguage":"es","@id":"https:\/\/elcardinal.com\/#\/schema\/person\/image\/","url":"https:\/\/elcardinal.com\/wp-content\/uploads\/2025\/05\/cropped-TONO-96x96.jpg","contentUrl":"https:\/\/elcardinal.com\/wp-content\/uploads\/2025\/05\/cropped-TONO-96x96.jpg","caption":"Antonio Alcaraz"},"url":"https:\/\/elcardinal.com\/?author=2"}]}},"_links":{"self":[{"href":"https:\/\/elcardinal.com\/index.php?rest_route=\/wp\/v2\/posts\/5138","targetHints":{"allow":["GET"]}}],"collection":[{"href":"https:\/\/elcardinal.com\/index.php?rest_route=\/wp\/v2\/posts"}],"about":[{"href":"https:\/\/elcardinal.com\/index.php?rest_route=\/wp\/v2\/types\/post"}],"author":[{"embeddable":true,"href":"https:\/\/elcardinal.com\/index.php?rest_route=\/wp\/v2\/users\/2"}],"replies":[{"embeddable":true,"href":"https:\/\/elcardinal.com\/index.php?rest_route=%2Fwp%2Fv2%2Fcomments&post=5138"}],"version-history":[{"count":1,"href":"https:\/\/elcardinal.com\/index.php?rest_route=\/wp\/v2\/posts\/5138\/revisions"}],"predecessor-version":[{"id":5143,"href":"https:\/\/elcardinal.com\/index.php?rest_route=\/wp\/v2\/posts\/5138\/revisions\/5143"}],"wp:featuredmedia":[{"embeddable":true,"href":"https:\/\/elcardinal.com\/index.php?rest_route=\/wp\/v2\/media\/5139"}],"wp:attachment":[{"href":"https:\/\/elcardinal.com\/index.php?rest_route=%2Fwp%2Fv2%2Fmedia&parent=5138"}],"wp:term":[{"taxonomy":"category","embeddable":true,"href":"https:\/\/elcardinal.com\/index.php?rest_route=%2Fwp%2Fv2%2Fcategories&post=5138"},{"taxonomy":"post_tag","embeddable":true,"href":"https:\/\/elcardinal.com\/index.php?rest_route=%2Fwp%2Fv2%2Ftags&post=5138"}],"curies":[{"name":"wp","href":"https:\/\/api.w.org\/{rel}","templated":true}]}}