{"id":5144,"date":"2025-09-29T17:58:20","date_gmt":"2025-09-29T23:58:20","guid":{"rendered":"https:\/\/elcardinal.com\/?p=5144"},"modified":"2025-09-29T17:58:20","modified_gmt":"2025-09-29T23:58:20","slug":"zapotlan-de-juarez-busca-ser-pueblo-con-sabor","status":"publish","type":"post","link":"https:\/\/elcardinal.com\/?p=5144","title":{"rendered":"Zapotl\u00e1n de Ju\u00e1rez busca ser Pueblo con Sabor"},"content":{"rendered":"<p>Por: <strong>Jos\u00e9 Antonio Alcaraz Su\u00e1rez<\/strong><\/p>\n<p>El director de Turismo de <strong>Zapotl\u00e1n de Ju\u00e1rez<\/strong>, Eli\u00fa Delgado, anunci\u00f3 que, durante la <strong>Feria Patronal de San Francisco en Acayuca<\/strong>, del 3 al 5 de octubre, se celebrar\u00e1 un concurso gastron\u00f3mico donde cocineras y cocineros tradicionales mostrar\u00e1n su mejor platillo para representar al municipio rumbo a la denominaci\u00f3n de Pueblo con Sabor.<\/p>\n<blockquote><p>En entrevista, dijo que se espera la participaci\u00f3n de entre 10 y 20 cocineras, quienes cocinar\u00e1n con productos locales como <strong>gualumbos, xochonostle y nopales<\/strong>, ingredientes que forman parte de la riqueza culinaria de la regi\u00f3n. El concurso se realizar\u00e1 el s\u00e1bado a las 4:00 pm en el centro de Acayuca, con premios de 5, 3 y mil 500 pesos para los tres primeros lugares.<\/p><\/blockquote>\n<p>Adem\u00e1s, la feria \u2014<strong>con m\u00e1s de 30 a\u00f1os de tradici\u00f3n<\/strong>\u2014 espera recibir a <strong>40 a 50 mil visitantes<\/strong> que podr\u00e1n disfrutar de gastronom\u00eda, pabell\u00f3n artesanal, atractivos tur\u00edsticos y espect\u00e1culos durante tres d\u00edas llenos de cultura y sabor.<\/p>\n<blockquote><p>\u201cQueremos dar a conocer al mundo entero nuestra cultura y gastronom\u00eda, y con ello lograr que Zapotl\u00e1n de Ju\u00e1rez sea reconocido como Pueblo con Sabor\u201d, destac\u00f3 Eli\u00fa Delgado.<\/p><\/blockquote>\n<p>La cita es en<strong> Acayuca, Zapotl\u00e1n de Ju\u00e1rez, Hidalgo,<\/strong> donde la tradici\u00f3n, los sabores y la hospitalidad esperan a todos los visitantes.<\/p>\n","protected":false},"excerpt":{"rendered":"<p>Por: Jos\u00e9 Antonio Alcaraz Su\u00e1rez El director de Turismo de Zapotl\u00e1n de Ju\u00e1rez, Eli\u00fa Delgado, anunci\u00f3 que, durante la Feria Patronal de San Francisco en Acayuca, del 3 al 5 de octubre, se celebrar\u00e1 un concurso gastron\u00f3mico donde cocineras y cocineros tradicionales mostrar\u00e1n su mejor platillo para representar al municipio rumbo a la denominaci\u00f3n de<\/p>\n","protected":false},"author":2,"featured_media":5146,"comment_status":"open","ping_status":"open","sticky":false,"template":"","format":"standard","meta":{"footnotes":""},"categories":[31,32,44],"tags":[308,127],"class_list":{"0":"post-5144","1":"post","2":"type-post","3":"status-publish","4":"format-standard","5":"has-post-thumbnail","7":"category-hidalgo","8":"category-metropoli","9":"category-minuto-a-minuto","10":"tag-pueblo-con-sabor","11":"tag-zapotlan-de-juarez"},"yoast_head":"<!-- This site is optimized with the Yoast SEO plugin v26.1.1 - https:\/\/yoast.com\/wordpress\/plugins\/seo\/ -->\n<title>Zapotl\u00e1n de Ju\u00e1rez busca ser Pueblo con Sabor - El Cardinal<\/title>\n<meta name=\"robots\" content=\"index, follow, max-snippet:-1, max-image-preview:large, max-video-preview:-1\" \/>\n<link rel=\"canonical\" href=\"https:\/\/elcardinal.com\/?p=5144\" \/>\n<meta property=\"og:locale\" content=\"es_MX\" \/>\n<meta property=\"og:type\" content=\"article\" \/>\n<meta property=\"og:title\" content=\"Zapotl\u00e1n de Ju\u00e1rez busca ser Pueblo con Sabor - El Cardinal\" \/>\n<meta property=\"og:description\" content=\"Por: Jos\u00e9 Antonio Alcaraz Su\u00e1rez El director de Turismo de Zapotl\u00e1n de Ju\u00e1rez, Eli\u00fa Delgado, anunci\u00f3 que, durante la Feria Patronal de San Francisco en Acayuca, del 3 al 5 de octubre, se celebrar\u00e1 un concurso gastron\u00f3mico donde cocineras y cocineros tradicionales mostrar\u00e1n su mejor platillo para representar al municipio rumbo a la denominaci\u00f3n de\" \/>\n<meta property=\"og:url\" content=\"https:\/\/elcardinal.com\/?p=5144\" \/>\n<meta property=\"og:site_name\" content=\"El Cardinal\" \/>\n<meta property=\"article:publisher\" content=\"https:\/\/www.facebook.com\/profile.php?id=100063093107011\" \/>\n<meta property=\"article:published_time\" content=\"2025-09-29T23:58:20+00:00\" \/>\n<meta property=\"og:image\" content=\"https:\/\/elcardinal.com\/wp-content\/uploads\/2025\/09\/552601628_1115534023893024_6190827183061999855_n.jpg\" \/>\n\t<meta property=\"og:image:width\" content=\"2048\" \/>\n\t<meta property=\"og:image:height\" content=\"1365\" \/>\n\t<meta property=\"og:image:type\" content=\"image\/jpeg\" \/>\n<meta name=\"author\" content=\"Antonio Alcaraz\" \/>\n<meta name=\"twitter:card\" content=\"summary_large_image\" \/>\n<meta name=\"twitter:creator\" content=\"@ElCardinal_Mx\" \/>\n<meta name=\"twitter:site\" content=\"@ElCardinal_Mx\" \/>\n<meta name=\"twitter:label1\" content=\"Escrito por\" \/>\n\t<meta name=\"twitter:data1\" content=\"Antonio Alcaraz\" \/>\n\t<meta name=\"twitter:label2\" content=\"Tiempo de lectura\" \/>\n\t<meta name=\"twitter:data2\" content=\"1 minuto\" \/>\n<script type=\"application\/ld+json\" class=\"yoast-schema-graph\">{\"@context\":\"https:\/\/schema.org\",\"@graph\":[{\"@type\":\"Article\",\"@id\":\"https:\/\/elcardinal.com\/?p=5144#article\",\"isPartOf\":{\"@id\":\"https:\/\/elcardinal.com\/?p=5144\"},\"author\":{\"name\":\"Antonio Alcaraz\",\"@id\":\"https:\/\/elcardinal.com\/#\/schema\/person\/3c352ec0a33987fe275c0e8a2ea69f8b\"},\"headline\":\"Zapotl\u00e1n de Ju\u00e1rez busca ser Pueblo con Sabor\",\"datePublished\":\"2025-09-29T23:58:20+00:00\",\"mainEntityOfPage\":{\"@id\":\"https:\/\/elcardinal.com\/?p=5144\"},\"wordCount\":234,\"commentCount\":0,\"publisher\":{\"@id\":\"https:\/\/elcardinal.com\/#organization\"},\"image\":{\"@id\":\"https:\/\/elcardinal.com\/?p=5144#primaryimage\"},\"thumbnailUrl\":\"https:\/\/elcardinal.com\/wp-content\/uploads\/2025\/09\/552601628_1115534023893024_6190827183061999855_n.jpg\",\"keywords\":[\"Pueblo con Sabor\",\"Zapotl\u00e1n de Ju\u00e1rez\"],\"articleSection\":[\"Hidalgo\",\"Metr\u00f3poli\",\"Minuto a Minuto\"],\"inLanguage\":\"es\",\"potentialAction\":[{\"@type\":\"CommentAction\",\"name\":\"Comment\",\"target\":[\"https:\/\/elcardinal.com\/?p=5144#respond\"]}]},{\"@type\":\"WebPage\",\"@id\":\"https:\/\/elcardinal.com\/?p=5144\",\"url\":\"https:\/\/elcardinal.com\/?p=5144\",\"name\":\"Zapotl\u00e1n de Ju\u00e1rez busca ser Pueblo con Sabor - El Cardinal\",\"isPartOf\":{\"@id\":\"https:\/\/elcardinal.com\/#website\"},\"primaryImageOfPage\":{\"@id\":\"https:\/\/elcardinal.com\/?p=5144#primaryimage\"},\"image\":{\"@id\":\"https:\/\/elcardinal.com\/?p=5144#primaryimage\"},\"thumbnailUrl\":\"https:\/\/elcardinal.com\/wp-content\/uploads\/2025\/09\/552601628_1115534023893024_6190827183061999855_n.jpg\",\"datePublished\":\"2025-09-29T23:58:20+00:00\",\"breadcrumb\":{\"@id\":\"https:\/\/elcardinal.com\/?p=5144#breadcrumb\"},\"inLanguage\":\"es\",\"potentialAction\":[{\"@type\":\"ReadAction\",\"target\":[\"https:\/\/elcardinal.com\/?p=5144\"]}]},{\"@type\":\"ImageObject\",\"inLanguage\":\"es\",\"@id\":\"https:\/\/elcardinal.com\/?p=5144#primaryimage\",\"url\":\"https:\/\/elcardinal.com\/wp-content\/uploads\/2025\/09\/552601628_1115534023893024_6190827183061999855_n.jpg\",\"contentUrl\":\"https:\/\/elcardinal.com\/wp-content\/uploads\/2025\/09\/552601628_1115534023893024_6190827183061999855_n.jpg\",\"width\":2048,\"height\":1365},{\"@type\":\"BreadcrumbList\",\"@id\":\"https:\/\/elcardinal.com\/?p=5144#breadcrumb\",\"itemListElement\":[{\"@type\":\"ListItem\",\"position\":1,\"name\":\"Inicio\",\"item\":\"https:\/\/elcardinal.com\/\"},{\"@type\":\"ListItem\",\"position\":2,\"name\":\"Zapotl\u00e1n de Ju\u00e1rez busca ser Pueblo con Sabor\"}]},{\"@type\":\"WebSite\",\"@id\":\"https:\/\/elcardinal.com\/#website\",\"url\":\"https:\/\/elcardinal.com\/\",\"name\":\"El Cardinal\",\"description\":\"Periodismo honesto, con valor, sentido humano, a veces sarc\u00e1stico y divertido.\",\"publisher\":{\"@id\":\"https:\/\/elcardinal.com\/#organization\"},\"alternateName\":\"El Cardinal Noticias\",\"potentialAction\":[{\"@type\":\"SearchAction\",\"target\":{\"@type\":\"EntryPoint\",\"urlTemplate\":\"https:\/\/elcardinal.com\/?s={search_term_string}\"},\"query-input\":{\"@type\":\"PropertyValueSpecification\",\"valueRequired\":true,\"valueName\":\"search_term_string\"}}],\"inLanguage\":\"es\"},{\"@type\":\"Organization\",\"@id\":\"https:\/\/elcardinal.com\/#organization\",\"name\":\"El Cardinal\",\"url\":\"https:\/\/elcardinal.com\/\",\"logo\":{\"@type\":\"ImageObject\",\"inLanguage\":\"es\",\"@id\":\"https:\/\/elcardinal.com\/#\/schema\/logo\/image\/\",\"url\":\"https:\/\/elcardinal.com\/wp-content\/uploads\/2025\/04\/LOGO-EL-CARDINAL-Periodismo-con-valor.png\",\"contentUrl\":\"https:\/\/elcardinal.com\/wp-content\/uploads\/2025\/04\/LOGO-EL-CARDINAL-Periodismo-con-valor.png\",\"width\":755,\"height\":636,\"caption\":\"El Cardinal\"},\"image\":{\"@id\":\"https:\/\/elcardinal.com\/#\/schema\/logo\/image\/\"},\"sameAs\":[\"https:\/\/www.facebook.com\/profile.php?id=100063093107011\",\"https:\/\/x.com\/ElCardinal_Mx\"]},{\"@type\":\"Person\",\"@id\":\"https:\/\/elcardinal.com\/#\/schema\/person\/3c352ec0a33987fe275c0e8a2ea69f8b\",\"name\":\"Antonio Alcaraz\",\"image\":{\"@type\":\"ImageObject\",\"inLanguage\":\"es\",\"@id\":\"https:\/\/elcardinal.com\/#\/schema\/person\/image\/\",\"url\":\"https:\/\/elcardinal.com\/wp-content\/uploads\/2025\/05\/cropped-TONO-96x96.jpg\",\"contentUrl\":\"https:\/\/elcardinal.com\/wp-content\/uploads\/2025\/05\/cropped-TONO-96x96.jpg\",\"caption\":\"Antonio Alcaraz\"},\"url\":\"https:\/\/elcardinal.com\/?author=2\"}]}<\/script>\n<!-- \/ Yoast SEO plugin. -->","yoast_head_json":{"title":"Zapotl\u00e1n de Ju\u00e1rez busca ser Pueblo con Sabor - El Cardinal","robots":{"index":"index","follow":"follow","max-snippet":"max-snippet:-1","max-image-preview":"max-image-preview:large","max-video-preview":"max-video-preview:-1"},"canonical":"https:\/\/elcardinal.com\/?p=5144","og_locale":"es_MX","og_type":"article","og_title":"Zapotl\u00e1n de Ju\u00e1rez busca ser Pueblo con Sabor - El Cardinal","og_description":"Por: Jos\u00e9 Antonio Alcaraz Su\u00e1rez El director de Turismo de Zapotl\u00e1n de Ju\u00e1rez, Eli\u00fa Delgado, anunci\u00f3 que, durante la Feria Patronal de San Francisco en Acayuca, del 3 al 5 de octubre, se celebrar\u00e1 un concurso gastron\u00f3mico donde cocineras y cocineros tradicionales mostrar\u00e1n su mejor platillo para representar al municipio rumbo a la denominaci\u00f3n de","og_url":"https:\/\/elcardinal.com\/?p=5144","og_site_name":"El Cardinal","article_publisher":"https:\/\/www.facebook.com\/profile.php?id=100063093107011","article_published_time":"2025-09-29T23:58:20+00:00","og_image":[{"width":2048,"height":1365,"url":"https:\/\/elcardinal.com\/wp-content\/uploads\/2025\/09\/552601628_1115534023893024_6190827183061999855_n.jpg","type":"image\/jpeg"}],"author":"Antonio Alcaraz","twitter_card":"summary_large_image","twitter_creator":"@ElCardinal_Mx","twitter_site":"@ElCardinal_Mx","twitter_misc":{"Escrito por":"Antonio Alcaraz","Tiempo de lectura":"1 minuto"},"schema":{"@context":"https:\/\/schema.org","@graph":[{"@type":"Article","@id":"https:\/\/elcardinal.com\/?p=5144#article","isPartOf":{"@id":"https:\/\/elcardinal.com\/?p=5144"},"author":{"name":"Antonio Alcaraz","@id":"https:\/\/elcardinal.com\/#\/schema\/person\/3c352ec0a33987fe275c0e8a2ea69f8b"},"headline":"Zapotl\u00e1n de Ju\u00e1rez busca ser Pueblo con Sabor","datePublished":"2025-09-29T23:58:20+00:00","mainEntityOfPage":{"@id":"https:\/\/elcardinal.com\/?p=5144"},"wordCount":234,"commentCount":0,"publisher":{"@id":"https:\/\/elcardinal.com\/#organization"},"image":{"@id":"https:\/\/elcardinal.com\/?p=5144#primaryimage"},"thumbnailUrl":"https:\/\/elcardinal.com\/wp-content\/uploads\/2025\/09\/552601628_1115534023893024_6190827183061999855_n.jpg","keywords":["Pueblo con Sabor","Zapotl\u00e1n de Ju\u00e1rez"],"articleSection":["Hidalgo","Metr\u00f3poli","Minuto a Minuto"],"inLanguage":"es","potentialAction":[{"@type":"CommentAction","name":"Comment","target":["https:\/\/elcardinal.com\/?p=5144#respond"]}]},{"@type":"WebPage","@id":"https:\/\/elcardinal.com\/?p=5144","url":"https:\/\/elcardinal.com\/?p=5144","name":"Zapotl\u00e1n de Ju\u00e1rez busca ser Pueblo con Sabor - El Cardinal","isPartOf":{"@id":"https:\/\/elcardinal.com\/#website"},"primaryImageOfPage":{"@id":"https:\/\/elcardinal.com\/?p=5144#primaryimage"},"image":{"@id":"https:\/\/elcardinal.com\/?p=5144#primaryimage"},"thumbnailUrl":"https:\/\/elcardinal.com\/wp-content\/uploads\/2025\/09\/552601628_1115534023893024_6190827183061999855_n.jpg","datePublished":"2025-09-29T23:58:20+00:00","breadcrumb":{"@id":"https:\/\/elcardinal.com\/?p=5144#breadcrumb"},"inLanguage":"es","potentialAction":[{"@type":"ReadAction","target":["https:\/\/elcardinal.com\/?p=5144"]}]},{"@type":"ImageObject","inLanguage":"es","@id":"https:\/\/elcardinal.com\/?p=5144#primaryimage","url":"https:\/\/elcardinal.com\/wp-content\/uploads\/2025\/09\/552601628_1115534023893024_6190827183061999855_n.jpg","contentUrl":"https:\/\/elcardinal.com\/wp-content\/uploads\/2025\/09\/552601628_1115534023893024_6190827183061999855_n.jpg","width":2048,"height":1365},{"@type":"BreadcrumbList","@id":"https:\/\/elcardinal.com\/?p=5144#breadcrumb","itemListElement":[{"@type":"ListItem","position":1,"name":"Inicio","item":"https:\/\/elcardinal.com\/"},{"@type":"ListItem","position":2,"name":"Zapotl\u00e1n de Ju\u00e1rez busca ser Pueblo con Sabor"}]},{"@type":"WebSite","@id":"https:\/\/elcardinal.com\/#website","url":"https:\/\/elcardinal.com\/","name":"El Cardinal","description":"Periodismo honesto, con valor, sentido humano, a veces sarc\u00e1stico y divertido.","publisher":{"@id":"https:\/\/elcardinal.com\/#organization"},"alternateName":"El Cardinal Noticias","potentialAction":[{"@type":"SearchAction","target":{"@type":"EntryPoint","urlTemplate":"https:\/\/elcardinal.com\/?s={search_term_string}"},"query-input":{"@type":"PropertyValueSpecification","valueRequired":true,"valueName":"search_term_string"}}],"inLanguage":"es"},{"@type":"Organization","@id":"https:\/\/elcardinal.com\/#organization","name":"El Cardinal","url":"https:\/\/elcardinal.com\/","logo":{"@type":"ImageObject","inLanguage":"es","@id":"https:\/\/elcardinal.com\/#\/schema\/logo\/image\/","url":"https:\/\/elcardinal.com\/wp-content\/uploads\/2025\/04\/LOGO-EL-CARDINAL-Periodismo-con-valor.png","contentUrl":"https:\/\/elcardinal.com\/wp-content\/uploads\/2025\/04\/LOGO-EL-CARDINAL-Periodismo-con-valor.png","width":755,"height":636,"caption":"El Cardinal"},"image":{"@id":"https:\/\/elcardinal.com\/#\/schema\/logo\/image\/"},"sameAs":["https:\/\/www.facebook.com\/profile.php?id=100063093107011","https:\/\/x.com\/ElCardinal_Mx"]},{"@type":"Person","@id":"https:\/\/elcardinal.com\/#\/schema\/person\/3c352ec0a33987fe275c0e8a2ea69f8b","name":"Antonio Alcaraz","image":{"@type":"ImageObject","inLanguage":"es","@id":"https:\/\/elcardinal.com\/#\/schema\/person\/image\/","url":"https:\/\/elcardinal.com\/wp-content\/uploads\/2025\/05\/cropped-TONO-96x96.jpg","contentUrl":"https:\/\/elcardinal.com\/wp-content\/uploads\/2025\/05\/cropped-TONO-96x96.jpg","caption":"Antonio Alcaraz"},"url":"https:\/\/elcardinal.com\/?author=2"}]}},"_links":{"self":[{"href":"https:\/\/elcardinal.com\/index.php?rest_route=\/wp\/v2\/posts\/5144","targetHints":{"allow":["GET"]}}],"collection":[{"href":"https:\/\/elcardinal.com\/index.php?rest_route=\/wp\/v2\/posts"}],"about":[{"href":"https:\/\/elcardinal.com\/index.php?rest_route=\/wp\/v2\/types\/post"}],"author":[{"embeddable":true,"href":"https:\/\/elcardinal.com\/index.php?rest_route=\/wp\/v2\/users\/2"}],"replies":[{"embeddable":true,"href":"https:\/\/elcardinal.com\/index.php?rest_route=%2Fwp%2Fv2%2Fcomments&post=5144"}],"version-history":[{"count":1,"href":"https:\/\/elcardinal.com\/index.php?rest_route=\/wp\/v2\/posts\/5144\/revisions"}],"predecessor-version":[{"id":5147,"href":"https:\/\/elcardinal.com\/index.php?rest_route=\/wp\/v2\/posts\/5144\/revisions\/5147"}],"wp:featuredmedia":[{"embeddable":true,"href":"https:\/\/elcardinal.com\/index.php?rest_route=\/wp\/v2\/media\/5146"}],"wp:attachment":[{"href":"https:\/\/elcardinal.com\/index.php?rest_route=%2Fwp%2Fv2%2Fmedia&parent=5144"}],"wp:term":[{"taxonomy":"category","embeddable":true,"href":"https:\/\/elcardinal.com\/index.php?rest_route=%2Fwp%2Fv2%2Fcategories&post=5144"},{"taxonomy":"post_tag","embeddable":true,"href":"https:\/\/elcardinal.com\/index.php?rest_route=%2Fwp%2Fv2%2Ftags&post=5144"}],"curies":[{"name":"wp","href":"https:\/\/api.w.org\/{rel}","templated":true}]}}