{"id":5151,"date":"2025-09-30T16:50:43","date_gmt":"2025-09-30T22:50:43","guid":{"rendered":"https:\/\/elcardinal.com\/?p=5151"},"modified":"2025-09-30T16:50:43","modified_gmt":"2025-09-30T22:50:43","slug":"propone-protocolos-antiacoso-con-reforma-a-ley-de-educacion","status":"publish","type":"post","link":"https:\/\/elcardinal.com\/?p=5151","title":{"rendered":"Propone protocolos antiacoso con Reforma a Ley de Educaci\u00f3n"},"content":{"rendered":"<p>Redacci\u00f3n<\/p>\n<p>La diputada Claudia Luna, del Partido Acci\u00f3n Nacional (PAN), present\u00f3 en el Congreso del Estado de Hidalgo una iniciativa para reformar los art\u00edculos 90 y 91 de la Ley de Educaci\u00f3n del Estado de Hidalgo, con el objetivo de fortalecer la prevenci\u00f3n y atenci\u00f3n de la violencia escolar. Esta propuesta busca armonizar el marco normativo con la Ley para la Prevenci\u00f3n, Atenci\u00f3n y Erradicaci\u00f3n de la Violencia Escolar en Hidalgo, asegurando entornos educativos seguros y libres de agresiones, tanto f\u00edsicas como cibern\u00e9ticas. La medida transforma las escuelas en espacios de respeto y solidaridad, protegiendo la integridad de estudiantes y reduciendo riesgos como deserci\u00f3n y problemas emocionales.<\/p>\n<p>&nbsp;<\/p>\n<p><strong>Cambios y beneficios clave<\/strong><\/p>\n<p>Esta iniciativa introduce obligaciones claras y vinculantes para autoridades educativas, directivos y docentes, cerrando brechas normativas que permiten la impunidad en casos de acoso escolar.<\/p>\n<ul>\n<li>Protocolos obligatorios: la Secretar\u00eda de Educaci\u00f3n emitir\u00e1 y supervisar\u00e1 protocolos para prevenci\u00f3n, detecci\u00f3n temprana, denuncia y seguimiento de violencia, aplicables en todos los planteles.<\/li>\n<li>Capacitaci\u00f3n permanente: docentes y personal recibir\u00e1n entrenamiento continuo para actuar inmediatamente, protegiendo v\u00edctimas y reportando casos a autoridades competentes.<\/li>\n<li>Evaluaciones psicosociales peri\u00f3dicas: se implementar\u00e1n revisiones regulares para identificar riesgos, con canalizaciones oportunas y medidas de protecci\u00f3n inmediata.<\/li>\n<\/ul>\n<p>&nbsp;<\/p>\n<ul>\n<li>Mecanismos gratuitos de apoyo: se establecer\u00e1n l\u00edneas de asesor\u00eda remota para estudiantes, padres y tutores, fomentando una cultura de paz y convivencia democr\u00e1tica.<\/li>\n<li>Supervisi\u00f3n efectiva: las autoridades garantizar\u00e1n el cumplimiento en cada escuela, promoviendo inclusi\u00f3n y reduciendo deserci\u00f3n por acoso.<\/li>\n<\/ul>\n<p>&nbsp;<\/p>\n<p>Con esta reforma, Hidalgo se convierte en estado l\u00edder en protecci\u00f3n infantil educativa, respondiendo a estad\u00edsticas alarmantes donde uno de cada tres estudiantes enfrenta violencia escolar, seg\u00fan datos de Unesco e Inegi.<\/p>\n","protected":false},"excerpt":{"rendered":"<p>Redacci\u00f3n La diputada Claudia Luna, del Partido Acci\u00f3n Nacional (PAN), present\u00f3 en el Congreso del Estado de Hidalgo una iniciativa para reformar los art\u00edculos 90 y 91 de la Ley de Educaci\u00f3n del Estado de Hidalgo, con el objetivo de fortalecer la prevenci\u00f3n y atenci\u00f3n de la violencia escolar. Esta propuesta busca armonizar el marco<\/p>\n","protected":false},"author":2,"featured_media":5152,"comment_status":"open","ping_status":"open","sticky":false,"template":"","format":"standard","meta":{"footnotes":""},"categories":[31,44,39],"tags":[],"class_list":{"0":"post-5151","1":"post","2":"type-post","3":"status-publish","4":"format-standard","5":"has-post-thumbnail","7":"category-hidalgo","8":"category-minuto-a-minuto","9":"category-politica"},"yoast_head":"<!-- This site is optimized with the Yoast SEO plugin v26.1.1 - https:\/\/yoast.com\/wordpress\/plugins\/seo\/ -->\n<title>Propone protocolos antiacoso con Reforma a Ley de Educaci\u00f3n - El Cardinal<\/title>\n<meta name=\"robots\" content=\"index, follow, max-snippet:-1, max-image-preview:large, max-video-preview:-1\" \/>\n<link rel=\"canonical\" href=\"https:\/\/elcardinal.com\/?p=5151\" \/>\n<meta property=\"og:locale\" content=\"es_MX\" \/>\n<meta property=\"og:type\" content=\"article\" \/>\n<meta property=\"og:title\" content=\"Propone protocolos antiacoso con Reforma a Ley de Educaci\u00f3n - El Cardinal\" \/>\n<meta property=\"og:description\" content=\"Redacci\u00f3n La diputada Claudia Luna, del Partido Acci\u00f3n Nacional (PAN), present\u00f3 en el Congreso del Estado de Hidalgo una iniciativa para reformar los art\u00edculos 90 y 91 de la Ley de Educaci\u00f3n del Estado de Hidalgo, con el objetivo de fortalecer la prevenci\u00f3n y atenci\u00f3n de la violencia escolar. Esta propuesta busca armonizar el marco\" \/>\n<meta property=\"og:url\" content=\"https:\/\/elcardinal.com\/?p=5151\" \/>\n<meta property=\"og:site_name\" content=\"El Cardinal\" \/>\n<meta property=\"article:publisher\" content=\"https:\/\/www.facebook.com\/profile.php?id=100063093107011\" \/>\n<meta property=\"article:published_time\" content=\"2025-09-30T22:50:43+00:00\" \/>\n<meta property=\"og:image\" content=\"https:\/\/elcardinal.com\/wp-content\/uploads\/2025\/09\/Sesion-30.09.2025-ordimaria-118.jpg\" \/>\n\t<meta property=\"og:image:width\" content=\"2400\" \/>\n\t<meta property=\"og:image:height\" content=\"1602\" \/>\n\t<meta property=\"og:image:type\" content=\"image\/jpeg\" \/>\n<meta name=\"author\" content=\"Antonio Alcaraz\" \/>\n<meta name=\"twitter:card\" content=\"summary_large_image\" \/>\n<meta name=\"twitter:creator\" content=\"@ElCardinal_Mx\" \/>\n<meta name=\"twitter:site\" content=\"@ElCardinal_Mx\" \/>\n<meta name=\"twitter:label1\" content=\"Escrito por\" \/>\n\t<meta name=\"twitter:data1\" content=\"Antonio Alcaraz\" \/>\n\t<meta name=\"twitter:label2\" content=\"Tiempo de lectura\" \/>\n\t<meta name=\"twitter:data2\" content=\"2 minutos\" \/>\n<script type=\"application\/ld+json\" class=\"yoast-schema-graph\">{\"@context\":\"https:\/\/schema.org\",\"@graph\":[{\"@type\":\"Article\",\"@id\":\"https:\/\/elcardinal.com\/?p=5151#article\",\"isPartOf\":{\"@id\":\"https:\/\/elcardinal.com\/?p=5151\"},\"author\":{\"name\":\"Antonio Alcaraz\",\"@id\":\"https:\/\/elcardinal.com\/#\/schema\/person\/3c352ec0a33987fe275c0e8a2ea69f8b\"},\"headline\":\"Propone protocolos antiacoso con Reforma a Ley de Educaci\u00f3n\",\"datePublished\":\"2025-09-30T22:50:43+00:00\",\"mainEntityOfPage\":{\"@id\":\"https:\/\/elcardinal.com\/?p=5151\"},\"wordCount\":314,\"commentCount\":0,\"publisher\":{\"@id\":\"https:\/\/elcardinal.com\/#organization\"},\"image\":{\"@id\":\"https:\/\/elcardinal.com\/?p=5151#primaryimage\"},\"thumbnailUrl\":\"https:\/\/elcardinal.com\/wp-content\/uploads\/2025\/09\/Sesion-30.09.2025-ordimaria-118.jpg\",\"articleSection\":[\"Hidalgo\",\"Minuto a Minuto\",\"Pol\u00edtica\"],\"inLanguage\":\"es\",\"potentialAction\":[{\"@type\":\"CommentAction\",\"name\":\"Comment\",\"target\":[\"https:\/\/elcardinal.com\/?p=5151#respond\"]}]},{\"@type\":\"WebPage\",\"@id\":\"https:\/\/elcardinal.com\/?p=5151\",\"url\":\"https:\/\/elcardinal.com\/?p=5151\",\"name\":\"Propone protocolos antiacoso con Reforma a Ley de Educaci\u00f3n - El Cardinal\",\"isPartOf\":{\"@id\":\"https:\/\/elcardinal.com\/#website\"},\"primaryImageOfPage\":{\"@id\":\"https:\/\/elcardinal.com\/?p=5151#primaryimage\"},\"image\":{\"@id\":\"https:\/\/elcardinal.com\/?p=5151#primaryimage\"},\"thumbnailUrl\":\"https:\/\/elcardinal.com\/wp-content\/uploads\/2025\/09\/Sesion-30.09.2025-ordimaria-118.jpg\",\"datePublished\":\"2025-09-30T22:50:43+00:00\",\"breadcrumb\":{\"@id\":\"https:\/\/elcardinal.com\/?p=5151#breadcrumb\"},\"inLanguage\":\"es\",\"potentialAction\":[{\"@type\":\"ReadAction\",\"target\":[\"https:\/\/elcardinal.com\/?p=5151\"]}]},{\"@type\":\"ImageObject\",\"inLanguage\":\"es\",\"@id\":\"https:\/\/elcardinal.com\/?p=5151#primaryimage\",\"url\":\"https:\/\/elcardinal.com\/wp-content\/uploads\/2025\/09\/Sesion-30.09.2025-ordimaria-118.jpg\",\"contentUrl\":\"https:\/\/elcardinal.com\/wp-content\/uploads\/2025\/09\/Sesion-30.09.2025-ordimaria-118.jpg\",\"width\":2400,\"height\":1602,\"caption\":\"CONGRESO_HIDALGO\"},{\"@type\":\"BreadcrumbList\",\"@id\":\"https:\/\/elcardinal.com\/?p=5151#breadcrumb\",\"itemListElement\":[{\"@type\":\"ListItem\",\"position\":1,\"name\":\"Inicio\",\"item\":\"https:\/\/elcardinal.com\/\"},{\"@type\":\"ListItem\",\"position\":2,\"name\":\"Propone protocolos antiacoso con Reforma a Ley de Educaci\u00f3n\"}]},{\"@type\":\"WebSite\",\"@id\":\"https:\/\/elcardinal.com\/#website\",\"url\":\"https:\/\/elcardinal.com\/\",\"name\":\"El Cardinal\",\"description\":\"Periodismo honesto, con valor, sentido humano, a veces sarc\u00e1stico y divertido.\",\"publisher\":{\"@id\":\"https:\/\/elcardinal.com\/#organization\"},\"alternateName\":\"El Cardinal Noticias\",\"potentialAction\":[{\"@type\":\"SearchAction\",\"target\":{\"@type\":\"EntryPoint\",\"urlTemplate\":\"https:\/\/elcardinal.com\/?s={search_term_string}\"},\"query-input\":{\"@type\":\"PropertyValueSpecification\",\"valueRequired\":true,\"valueName\":\"search_term_string\"}}],\"inLanguage\":\"es\"},{\"@type\":\"Organization\",\"@id\":\"https:\/\/elcardinal.com\/#organization\",\"name\":\"El Cardinal\",\"url\":\"https:\/\/elcardinal.com\/\",\"logo\":{\"@type\":\"ImageObject\",\"inLanguage\":\"es\",\"@id\":\"https:\/\/elcardinal.com\/#\/schema\/logo\/image\/\",\"url\":\"https:\/\/elcardinal.com\/wp-content\/uploads\/2025\/04\/LOGO-EL-CARDINAL-Periodismo-con-valor.png\",\"contentUrl\":\"https:\/\/elcardinal.com\/wp-content\/uploads\/2025\/04\/LOGO-EL-CARDINAL-Periodismo-con-valor.png\",\"width\":755,\"height\":636,\"caption\":\"El Cardinal\"},\"image\":{\"@id\":\"https:\/\/elcardinal.com\/#\/schema\/logo\/image\/\"},\"sameAs\":[\"https:\/\/www.facebook.com\/profile.php?id=100063093107011\",\"https:\/\/x.com\/ElCardinal_Mx\"]},{\"@type\":\"Person\",\"@id\":\"https:\/\/elcardinal.com\/#\/schema\/person\/3c352ec0a33987fe275c0e8a2ea69f8b\",\"name\":\"Antonio Alcaraz\",\"image\":{\"@type\":\"ImageObject\",\"inLanguage\":\"es\",\"@id\":\"https:\/\/elcardinal.com\/#\/schema\/person\/image\/\",\"url\":\"https:\/\/elcardinal.com\/wp-content\/uploads\/2025\/05\/cropped-TONO-96x96.jpg\",\"contentUrl\":\"https:\/\/elcardinal.com\/wp-content\/uploads\/2025\/05\/cropped-TONO-96x96.jpg\",\"caption\":\"Antonio Alcaraz\"},\"url\":\"https:\/\/elcardinal.com\/?author=2\"}]}<\/script>\n<!-- \/ Yoast SEO plugin. -->","yoast_head_json":{"title":"Propone protocolos antiacoso con Reforma a Ley de Educaci\u00f3n - El Cardinal","robots":{"index":"index","follow":"follow","max-snippet":"max-snippet:-1","max-image-preview":"max-image-preview:large","max-video-preview":"max-video-preview:-1"},"canonical":"https:\/\/elcardinal.com\/?p=5151","og_locale":"es_MX","og_type":"article","og_title":"Propone protocolos antiacoso con Reforma a Ley de Educaci\u00f3n - El Cardinal","og_description":"Redacci\u00f3n La diputada Claudia Luna, del Partido Acci\u00f3n Nacional (PAN), present\u00f3 en el Congreso del Estado de Hidalgo una iniciativa para reformar los art\u00edculos 90 y 91 de la Ley de Educaci\u00f3n del Estado de Hidalgo, con el objetivo de fortalecer la prevenci\u00f3n y atenci\u00f3n de la violencia escolar. Esta propuesta busca armonizar el marco","og_url":"https:\/\/elcardinal.com\/?p=5151","og_site_name":"El Cardinal","article_publisher":"https:\/\/www.facebook.com\/profile.php?id=100063093107011","article_published_time":"2025-09-30T22:50:43+00:00","og_image":[{"width":2400,"height":1602,"url":"https:\/\/elcardinal.com\/wp-content\/uploads\/2025\/09\/Sesion-30.09.2025-ordimaria-118.jpg","type":"image\/jpeg"}],"author":"Antonio Alcaraz","twitter_card":"summary_large_image","twitter_creator":"@ElCardinal_Mx","twitter_site":"@ElCardinal_Mx","twitter_misc":{"Escrito por":"Antonio Alcaraz","Tiempo de lectura":"2 minutos"},"schema":{"@context":"https:\/\/schema.org","@graph":[{"@type":"Article","@id":"https:\/\/elcardinal.com\/?p=5151#article","isPartOf":{"@id":"https:\/\/elcardinal.com\/?p=5151"},"author":{"name":"Antonio Alcaraz","@id":"https:\/\/elcardinal.com\/#\/schema\/person\/3c352ec0a33987fe275c0e8a2ea69f8b"},"headline":"Propone protocolos antiacoso con Reforma a Ley de Educaci\u00f3n","datePublished":"2025-09-30T22:50:43+00:00","mainEntityOfPage":{"@id":"https:\/\/elcardinal.com\/?p=5151"},"wordCount":314,"commentCount":0,"publisher":{"@id":"https:\/\/elcardinal.com\/#organization"},"image":{"@id":"https:\/\/elcardinal.com\/?p=5151#primaryimage"},"thumbnailUrl":"https:\/\/elcardinal.com\/wp-content\/uploads\/2025\/09\/Sesion-30.09.2025-ordimaria-118.jpg","articleSection":["Hidalgo","Minuto a Minuto","Pol\u00edtica"],"inLanguage":"es","potentialAction":[{"@type":"CommentAction","name":"Comment","target":["https:\/\/elcardinal.com\/?p=5151#respond"]}]},{"@type":"WebPage","@id":"https:\/\/elcardinal.com\/?p=5151","url":"https:\/\/elcardinal.com\/?p=5151","name":"Propone protocolos antiacoso con Reforma a Ley de Educaci\u00f3n - El Cardinal","isPartOf":{"@id":"https:\/\/elcardinal.com\/#website"},"primaryImageOfPage":{"@id":"https:\/\/elcardinal.com\/?p=5151#primaryimage"},"image":{"@id":"https:\/\/elcardinal.com\/?p=5151#primaryimage"},"thumbnailUrl":"https:\/\/elcardinal.com\/wp-content\/uploads\/2025\/09\/Sesion-30.09.2025-ordimaria-118.jpg","datePublished":"2025-09-30T22:50:43+00:00","breadcrumb":{"@id":"https:\/\/elcardinal.com\/?p=5151#breadcrumb"},"inLanguage":"es","potentialAction":[{"@type":"ReadAction","target":["https:\/\/elcardinal.com\/?p=5151"]}]},{"@type":"ImageObject","inLanguage":"es","@id":"https:\/\/elcardinal.com\/?p=5151#primaryimage","url":"https:\/\/elcardinal.com\/wp-content\/uploads\/2025\/09\/Sesion-30.09.2025-ordimaria-118.jpg","contentUrl":"https:\/\/elcardinal.com\/wp-content\/uploads\/2025\/09\/Sesion-30.09.2025-ordimaria-118.jpg","width":2400,"height":1602,"caption":"CONGRESO_HIDALGO"},{"@type":"BreadcrumbList","@id":"https:\/\/elcardinal.com\/?p=5151#breadcrumb","itemListElement":[{"@type":"ListItem","position":1,"name":"Inicio","item":"https:\/\/elcardinal.com\/"},{"@type":"ListItem","position":2,"name":"Propone protocolos antiacoso con Reforma a Ley de Educaci\u00f3n"}]},{"@type":"WebSite","@id":"https:\/\/elcardinal.com\/#website","url":"https:\/\/elcardinal.com\/","name":"El Cardinal","description":"Periodismo honesto, con valor, sentido humano, a veces sarc\u00e1stico y divertido.","publisher":{"@id":"https:\/\/elcardinal.com\/#organization"},"alternateName":"El Cardinal Noticias","potentialAction":[{"@type":"SearchAction","target":{"@type":"EntryPoint","urlTemplate":"https:\/\/elcardinal.com\/?s={search_term_string}"},"query-input":{"@type":"PropertyValueSpecification","valueRequired":true,"valueName":"search_term_string"}}],"inLanguage":"es"},{"@type":"Organization","@id":"https:\/\/elcardinal.com\/#organization","name":"El Cardinal","url":"https:\/\/elcardinal.com\/","logo":{"@type":"ImageObject","inLanguage":"es","@id":"https:\/\/elcardinal.com\/#\/schema\/logo\/image\/","url":"https:\/\/elcardinal.com\/wp-content\/uploads\/2025\/04\/LOGO-EL-CARDINAL-Periodismo-con-valor.png","contentUrl":"https:\/\/elcardinal.com\/wp-content\/uploads\/2025\/04\/LOGO-EL-CARDINAL-Periodismo-con-valor.png","width":755,"height":636,"caption":"El Cardinal"},"image":{"@id":"https:\/\/elcardinal.com\/#\/schema\/logo\/image\/"},"sameAs":["https:\/\/www.facebook.com\/profile.php?id=100063093107011","https:\/\/x.com\/ElCardinal_Mx"]},{"@type":"Person","@id":"https:\/\/elcardinal.com\/#\/schema\/person\/3c352ec0a33987fe275c0e8a2ea69f8b","name":"Antonio Alcaraz","image":{"@type":"ImageObject","inLanguage":"es","@id":"https:\/\/elcardinal.com\/#\/schema\/person\/image\/","url":"https:\/\/elcardinal.com\/wp-content\/uploads\/2025\/05\/cropped-TONO-96x96.jpg","contentUrl":"https:\/\/elcardinal.com\/wp-content\/uploads\/2025\/05\/cropped-TONO-96x96.jpg","caption":"Antonio Alcaraz"},"url":"https:\/\/elcardinal.com\/?author=2"}]}},"_links":{"self":[{"href":"https:\/\/elcardinal.com\/index.php?rest_route=\/wp\/v2\/posts\/5151","targetHints":{"allow":["GET"]}}],"collection":[{"href":"https:\/\/elcardinal.com\/index.php?rest_route=\/wp\/v2\/posts"}],"about":[{"href":"https:\/\/elcardinal.com\/index.php?rest_route=\/wp\/v2\/types\/post"}],"author":[{"embeddable":true,"href":"https:\/\/elcardinal.com\/index.php?rest_route=\/wp\/v2\/users\/2"}],"replies":[{"embeddable":true,"href":"https:\/\/elcardinal.com\/index.php?rest_route=%2Fwp%2Fv2%2Fcomments&post=5151"}],"version-history":[{"count":1,"href":"https:\/\/elcardinal.com\/index.php?rest_route=\/wp\/v2\/posts\/5151\/revisions"}],"predecessor-version":[{"id":5153,"href":"https:\/\/elcardinal.com\/index.php?rest_route=\/wp\/v2\/posts\/5151\/revisions\/5153"}],"wp:featuredmedia":[{"embeddable":true,"href":"https:\/\/elcardinal.com\/index.php?rest_route=\/wp\/v2\/media\/5152"}],"wp:attachment":[{"href":"https:\/\/elcardinal.com\/index.php?rest_route=%2Fwp%2Fv2%2Fmedia&parent=5151"}],"wp:term":[{"taxonomy":"category","embeddable":true,"href":"https:\/\/elcardinal.com\/index.php?rest_route=%2Fwp%2Fv2%2Fcategories&post=5151"},{"taxonomy":"post_tag","embeddable":true,"href":"https:\/\/elcardinal.com\/index.php?rest_route=%2Fwp%2Fv2%2Ftags&post=5151"}],"curies":[{"name":"wp","href":"https:\/\/api.w.org\/{rel}","templated":true}]}}