{"id":5154,"date":"2025-09-30T19:20:12","date_gmt":"2025-10-01T01:20:12","guid":{"rendered":"https:\/\/elcardinal.com\/?p=5154"},"modified":"2025-09-30T19:20:12","modified_gmt":"2025-10-01T01:20:12","slug":"gobierno-de-hidalgo-impulsa-el-talento-academico-y-cientifico-con-becas-y-el-fondo-hidalgo-2025","status":"publish","type":"post","link":"https:\/\/elcardinal.com\/?p=5154","title":{"rendered":"Gobierno de Hidalgo impulsa el talento acad\u00e9mico y cient\u00edfico con becas y el Fondo Hidalgo 2025\u00a0"},"content":{"rendered":"<p data-start=\"0\" data-end=\"106\">Redacci\u00f3n<\/p>\n<p data-start=\"108\" data-end=\"461\">Con el objetivo de fortalecer la educaci\u00f3n, la ciencia, la tecnolog\u00eda y la innovaci\u00f3n como ejes de desarrollo en la entidad, el gobernador Julio Menchaca Salazar entreg\u00f3 las <strong data-start=\"298\" data-end=\"320\">Becas Citnova 2025<\/strong> y el <strong data-start=\"326\" data-end=\"343\">Fondo Hidalgo<\/strong>, marcando un hecho hist\u00f3rico al otorgar por primera vez apoyos econ\u00f3micos directos a cient\u00edficas y cient\u00edficos.<\/p>\n<p data-start=\"463\" data-end=\"685\">Estos recursos permitir\u00e1n que estudiantes realicen especialidades, maestr\u00edas, doctorados y posdoctorados en M\u00e9xico y el extranjero, adem\u00e1s de impulsar investigaciones que generen soluciones a problem\u00e1ticas sociales.<\/p>\n<p data-start=\"687\" data-end=\"871\">En la ceremonia, Menchaca destac\u00f3: <em data-start=\"722\" data-end=\"863\">\u201cLos problemas de anta\u00f1o requieren ideas nuevas, y en esta administraci\u00f3n tenemos claro que el futuro se construye con ciencia y educaci\u00f3n\u201d<\/em>.<\/p>\n<p data-start=\"873\" data-end=\"1315\">Uno de los proyectos beneficiados fue el de la doctora <strong data-start=\"928\" data-end=\"959\">Rosa \u00c1ngeles V\u00e1zquez Garc\u00eda<\/strong>, investigadora del \u00c1rea Acad\u00e9mica de Ciencias de la Tierra y Materiales de la UAEH, quien desarrolla la investigaci\u00f3n <strong data-start=\"1078\" data-end=\"1177\">\u201cObtenci\u00f3n de biopl\u00e1sticos degradables a partir de la ra\u00edz de lirio acu\u00e1tico de la presa Endh\u00f3\u201d<\/strong>.\u00a0 Su propuesta busca transformar esta planta en pol\u00edmeros biodegradables y contribuir al estudio del agua, suelo y metales pesados.<\/p>\n<p data-start=\"1317\" data-end=\"1571\">La investigadora celebr\u00f3 el apoyo: <em data-start=\"1352\" data-end=\"1563\">\u201cMe parece excelente porque salieron aprobados varios proyectos de inter\u00e9s social; no se requiere ser investigador de una instituci\u00f3n para ahora tener acceso a este tipo de respaldo que va a mejorar a Hidalgo\u201d<\/em>.<\/p>\n<p data-start=\"1573\" data-end=\"1784\" data-is-last-node=\"\" data-is-only-node=\"\">Con estas acciones, el Gobierno de Hidalgo reafirma su compromiso de impulsar el talento acad\u00e9mico y cient\u00edfico, consolidando a la entidad como referente en innovaci\u00f3n y desarrollo sostenible.<\/p>\n","protected":false},"excerpt":{"rendered":"<p>Redacci\u00f3n Con el objetivo de fortalecer la educaci\u00f3n, la ciencia, la tecnolog\u00eda y la innovaci\u00f3n como ejes de desarrollo en la entidad, el gobernador Julio Menchaca Salazar entreg\u00f3 las Becas Citnova 2025 y el Fondo Hidalgo, marcando un hecho hist\u00f3rico al otorgar por primera vez apoyos econ\u00f3micos directos a cient\u00edficas y cient\u00edficos. Estos recursos permitir\u00e1n<\/p>\n","protected":false},"author":2,"featured_media":5155,"comment_status":"open","ping_status":"open","sticky":false,"template":"","format":"standard","meta":{"footnotes":""},"categories":[31,44],"tags":[],"class_list":{"0":"post-5154","1":"post","2":"type-post","3":"status-publish","4":"format-standard","5":"has-post-thumbnail","7":"category-hidalgo","8":"category-minuto-a-minuto"},"yoast_head":"<!-- This site is optimized with the Yoast SEO plugin v26.1.1 - https:\/\/yoast.com\/wordpress\/plugins\/seo\/ -->\n<title>Gobierno de Hidalgo impulsa el talento acad\u00e9mico y cient\u00edfico con becas y el Fondo Hidalgo 2025\u00a0 - El Cardinal<\/title>\n<meta name=\"robots\" content=\"index, follow, max-snippet:-1, max-image-preview:large, max-video-preview:-1\" \/>\n<link rel=\"canonical\" href=\"https:\/\/elcardinal.com\/?p=5154\" \/>\n<meta property=\"og:locale\" content=\"es_MX\" \/>\n<meta property=\"og:type\" content=\"article\" \/>\n<meta property=\"og:title\" content=\"Gobierno de Hidalgo impulsa el talento acad\u00e9mico y cient\u00edfico con becas y el Fondo Hidalgo 2025\u00a0 - El Cardinal\" \/>\n<meta property=\"og:description\" content=\"Redacci\u00f3n Con el objetivo de fortalecer la educaci\u00f3n, la ciencia, la tecnolog\u00eda y la innovaci\u00f3n como ejes de desarrollo en la entidad, el gobernador Julio Menchaca Salazar entreg\u00f3 las Becas Citnova 2025 y el Fondo Hidalgo, marcando un hecho hist\u00f3rico al otorgar por primera vez apoyos econ\u00f3micos directos a cient\u00edficas y cient\u00edficos. Estos recursos permitir\u00e1n\" \/>\n<meta property=\"og:url\" content=\"https:\/\/elcardinal.com\/?p=5154\" \/>\n<meta property=\"og:site_name\" content=\"El Cardinal\" \/>\n<meta property=\"article:publisher\" content=\"https:\/\/www.facebook.com\/profile.php?id=100063093107011\" \/>\n<meta property=\"article:published_time\" content=\"2025-10-01T01:20:12+00:00\" \/>\n<meta property=\"og:image\" content=\"https:\/\/elcardinal.com\/wp-content\/uploads\/2025\/09\/ROSA-ANGELES-VAZQUEZ-GARCIA-scaled.jpg\" \/>\n\t<meta property=\"og:image:width\" content=\"2560\" \/>\n\t<meta property=\"og:image:height\" content=\"1707\" \/>\n\t<meta property=\"og:image:type\" content=\"image\/jpeg\" \/>\n<meta name=\"author\" content=\"Antonio Alcaraz\" \/>\n<meta name=\"twitter:card\" content=\"summary_large_image\" \/>\n<meta name=\"twitter:creator\" content=\"@ElCardinal_Mx\" \/>\n<meta name=\"twitter:site\" content=\"@ElCardinal_Mx\" \/>\n<meta name=\"twitter:label1\" content=\"Escrito por\" \/>\n\t<meta name=\"twitter:data1\" content=\"Antonio Alcaraz\" \/>\n\t<meta name=\"twitter:label2\" content=\"Tiempo de lectura\" \/>\n\t<meta name=\"twitter:data2\" content=\"2 minutos\" \/>\n<script type=\"application\/ld+json\" class=\"yoast-schema-graph\">{\"@context\":\"https:\/\/schema.org\",\"@graph\":[{\"@type\":\"Article\",\"@id\":\"https:\/\/elcardinal.com\/?p=5154#article\",\"isPartOf\":{\"@id\":\"https:\/\/elcardinal.com\/?p=5154\"},\"author\":{\"name\":\"Antonio Alcaraz\",\"@id\":\"https:\/\/elcardinal.com\/#\/schema\/person\/3c352ec0a33987fe275c0e8a2ea69f8b\"},\"headline\":\"Gobierno de Hidalgo impulsa el talento acad\u00e9mico y cient\u00edfico con becas y el Fondo Hidalgo 2025\u00a0\",\"datePublished\":\"2025-10-01T01:20:12+00:00\",\"mainEntityOfPage\":{\"@id\":\"https:\/\/elcardinal.com\/?p=5154\"},\"wordCount\":285,\"commentCount\":0,\"publisher\":{\"@id\":\"https:\/\/elcardinal.com\/#organization\"},\"image\":{\"@id\":\"https:\/\/elcardinal.com\/?p=5154#primaryimage\"},\"thumbnailUrl\":\"https:\/\/elcardinal.com\/wp-content\/uploads\/2025\/09\/ROSA-ANGELES-VAZQUEZ-GARCIA-scaled.jpg\",\"articleSection\":[\"Hidalgo\",\"Minuto a Minuto\"],\"inLanguage\":\"es\",\"potentialAction\":[{\"@type\":\"CommentAction\",\"name\":\"Comment\",\"target\":[\"https:\/\/elcardinal.com\/?p=5154#respond\"]}]},{\"@type\":\"WebPage\",\"@id\":\"https:\/\/elcardinal.com\/?p=5154\",\"url\":\"https:\/\/elcardinal.com\/?p=5154\",\"name\":\"Gobierno de Hidalgo impulsa el talento acad\u00e9mico y cient\u00edfico con becas y el Fondo Hidalgo 2025\u00a0 - El Cardinal\",\"isPartOf\":{\"@id\":\"https:\/\/elcardinal.com\/#website\"},\"primaryImageOfPage\":{\"@id\":\"https:\/\/elcardinal.com\/?p=5154#primaryimage\"},\"image\":{\"@id\":\"https:\/\/elcardinal.com\/?p=5154#primaryimage\"},\"thumbnailUrl\":\"https:\/\/elcardinal.com\/wp-content\/uploads\/2025\/09\/ROSA-ANGELES-VAZQUEZ-GARCIA-scaled.jpg\",\"datePublished\":\"2025-10-01T01:20:12+00:00\",\"breadcrumb\":{\"@id\":\"https:\/\/elcardinal.com\/?p=5154#breadcrumb\"},\"inLanguage\":\"es\",\"potentialAction\":[{\"@type\":\"ReadAction\",\"target\":[\"https:\/\/elcardinal.com\/?p=5154\"]}]},{\"@type\":\"ImageObject\",\"inLanguage\":\"es\",\"@id\":\"https:\/\/elcardinal.com\/?p=5154#primaryimage\",\"url\":\"https:\/\/elcardinal.com\/wp-content\/uploads\/2025\/09\/ROSA-ANGELES-VAZQUEZ-GARCIA-scaled.jpg\",\"contentUrl\":\"https:\/\/elcardinal.com\/wp-content\/uploads\/2025\/09\/ROSA-ANGELES-VAZQUEZ-GARCIA-scaled.jpg\",\"width\":2560,\"height\":1707},{\"@type\":\"BreadcrumbList\",\"@id\":\"https:\/\/elcardinal.com\/?p=5154#breadcrumb\",\"itemListElement\":[{\"@type\":\"ListItem\",\"position\":1,\"name\":\"Inicio\",\"item\":\"https:\/\/elcardinal.com\/\"},{\"@type\":\"ListItem\",\"position\":2,\"name\":\"Gobierno de Hidalgo impulsa el talento acad\u00e9mico y cient\u00edfico con becas y el Fondo Hidalgo 2025\u00a0\"}]},{\"@type\":\"WebSite\",\"@id\":\"https:\/\/elcardinal.com\/#website\",\"url\":\"https:\/\/elcardinal.com\/\",\"name\":\"El Cardinal\",\"description\":\"Periodismo honesto, con valor, sentido humano, a veces sarc\u00e1stico y divertido.\",\"publisher\":{\"@id\":\"https:\/\/elcardinal.com\/#organization\"},\"alternateName\":\"El Cardinal Noticias\",\"potentialAction\":[{\"@type\":\"SearchAction\",\"target\":{\"@type\":\"EntryPoint\",\"urlTemplate\":\"https:\/\/elcardinal.com\/?s={search_term_string}\"},\"query-input\":{\"@type\":\"PropertyValueSpecification\",\"valueRequired\":true,\"valueName\":\"search_term_string\"}}],\"inLanguage\":\"es\"},{\"@type\":\"Organization\",\"@id\":\"https:\/\/elcardinal.com\/#organization\",\"name\":\"El Cardinal\",\"url\":\"https:\/\/elcardinal.com\/\",\"logo\":{\"@type\":\"ImageObject\",\"inLanguage\":\"es\",\"@id\":\"https:\/\/elcardinal.com\/#\/schema\/logo\/image\/\",\"url\":\"https:\/\/elcardinal.com\/wp-content\/uploads\/2025\/04\/LOGO-EL-CARDINAL-Periodismo-con-valor.png\",\"contentUrl\":\"https:\/\/elcardinal.com\/wp-content\/uploads\/2025\/04\/LOGO-EL-CARDINAL-Periodismo-con-valor.png\",\"width\":755,\"height\":636,\"caption\":\"El Cardinal\"},\"image\":{\"@id\":\"https:\/\/elcardinal.com\/#\/schema\/logo\/image\/\"},\"sameAs\":[\"https:\/\/www.facebook.com\/profile.php?id=100063093107011\",\"https:\/\/x.com\/ElCardinal_Mx\"]},{\"@type\":\"Person\",\"@id\":\"https:\/\/elcardinal.com\/#\/schema\/person\/3c352ec0a33987fe275c0e8a2ea69f8b\",\"name\":\"Antonio Alcaraz\",\"image\":{\"@type\":\"ImageObject\",\"inLanguage\":\"es\",\"@id\":\"https:\/\/elcardinal.com\/#\/schema\/person\/image\/\",\"url\":\"https:\/\/elcardinal.com\/wp-content\/uploads\/2025\/05\/cropped-TONO-96x96.jpg\",\"contentUrl\":\"https:\/\/elcardinal.com\/wp-content\/uploads\/2025\/05\/cropped-TONO-96x96.jpg\",\"caption\":\"Antonio Alcaraz\"},\"url\":\"https:\/\/elcardinal.com\/?author=2\"}]}<\/script>\n<!-- \/ Yoast SEO plugin. -->","yoast_head_json":{"title":"Gobierno de Hidalgo impulsa el talento acad\u00e9mico y cient\u00edfico con becas y el Fondo Hidalgo 2025\u00a0 - El Cardinal","robots":{"index":"index","follow":"follow","max-snippet":"max-snippet:-1","max-image-preview":"max-image-preview:large","max-video-preview":"max-video-preview:-1"},"canonical":"https:\/\/elcardinal.com\/?p=5154","og_locale":"es_MX","og_type":"article","og_title":"Gobierno de Hidalgo impulsa el talento acad\u00e9mico y cient\u00edfico con becas y el Fondo Hidalgo 2025\u00a0 - El Cardinal","og_description":"Redacci\u00f3n Con el objetivo de fortalecer la educaci\u00f3n, la ciencia, la tecnolog\u00eda y la innovaci\u00f3n como ejes de desarrollo en la entidad, el gobernador Julio Menchaca Salazar entreg\u00f3 las Becas Citnova 2025 y el Fondo Hidalgo, marcando un hecho hist\u00f3rico al otorgar por primera vez apoyos econ\u00f3micos directos a cient\u00edficas y cient\u00edficos. Estos recursos permitir\u00e1n","og_url":"https:\/\/elcardinal.com\/?p=5154","og_site_name":"El Cardinal","article_publisher":"https:\/\/www.facebook.com\/profile.php?id=100063093107011","article_published_time":"2025-10-01T01:20:12+00:00","og_image":[{"width":2560,"height":1707,"url":"https:\/\/elcardinal.com\/wp-content\/uploads\/2025\/09\/ROSA-ANGELES-VAZQUEZ-GARCIA-scaled.jpg","type":"image\/jpeg"}],"author":"Antonio Alcaraz","twitter_card":"summary_large_image","twitter_creator":"@ElCardinal_Mx","twitter_site":"@ElCardinal_Mx","twitter_misc":{"Escrito por":"Antonio Alcaraz","Tiempo de lectura":"2 minutos"},"schema":{"@context":"https:\/\/schema.org","@graph":[{"@type":"Article","@id":"https:\/\/elcardinal.com\/?p=5154#article","isPartOf":{"@id":"https:\/\/elcardinal.com\/?p=5154"},"author":{"name":"Antonio Alcaraz","@id":"https:\/\/elcardinal.com\/#\/schema\/person\/3c352ec0a33987fe275c0e8a2ea69f8b"},"headline":"Gobierno de Hidalgo impulsa el talento acad\u00e9mico y cient\u00edfico con becas y el Fondo Hidalgo 2025\u00a0","datePublished":"2025-10-01T01:20:12+00:00","mainEntityOfPage":{"@id":"https:\/\/elcardinal.com\/?p=5154"},"wordCount":285,"commentCount":0,"publisher":{"@id":"https:\/\/elcardinal.com\/#organization"},"image":{"@id":"https:\/\/elcardinal.com\/?p=5154#primaryimage"},"thumbnailUrl":"https:\/\/elcardinal.com\/wp-content\/uploads\/2025\/09\/ROSA-ANGELES-VAZQUEZ-GARCIA-scaled.jpg","articleSection":["Hidalgo","Minuto a Minuto"],"inLanguage":"es","potentialAction":[{"@type":"CommentAction","name":"Comment","target":["https:\/\/elcardinal.com\/?p=5154#respond"]}]},{"@type":"WebPage","@id":"https:\/\/elcardinal.com\/?p=5154","url":"https:\/\/elcardinal.com\/?p=5154","name":"Gobierno de Hidalgo impulsa el talento acad\u00e9mico y cient\u00edfico con becas y el Fondo Hidalgo 2025\u00a0 - El Cardinal","isPartOf":{"@id":"https:\/\/elcardinal.com\/#website"},"primaryImageOfPage":{"@id":"https:\/\/elcardinal.com\/?p=5154#primaryimage"},"image":{"@id":"https:\/\/elcardinal.com\/?p=5154#primaryimage"},"thumbnailUrl":"https:\/\/elcardinal.com\/wp-content\/uploads\/2025\/09\/ROSA-ANGELES-VAZQUEZ-GARCIA-scaled.jpg","datePublished":"2025-10-01T01:20:12+00:00","breadcrumb":{"@id":"https:\/\/elcardinal.com\/?p=5154#breadcrumb"},"inLanguage":"es","potentialAction":[{"@type":"ReadAction","target":["https:\/\/elcardinal.com\/?p=5154"]}]},{"@type":"ImageObject","inLanguage":"es","@id":"https:\/\/elcardinal.com\/?p=5154#primaryimage","url":"https:\/\/elcardinal.com\/wp-content\/uploads\/2025\/09\/ROSA-ANGELES-VAZQUEZ-GARCIA-scaled.jpg","contentUrl":"https:\/\/elcardinal.com\/wp-content\/uploads\/2025\/09\/ROSA-ANGELES-VAZQUEZ-GARCIA-scaled.jpg","width":2560,"height":1707},{"@type":"BreadcrumbList","@id":"https:\/\/elcardinal.com\/?p=5154#breadcrumb","itemListElement":[{"@type":"ListItem","position":1,"name":"Inicio","item":"https:\/\/elcardinal.com\/"},{"@type":"ListItem","position":2,"name":"Gobierno de Hidalgo impulsa el talento acad\u00e9mico y cient\u00edfico con becas y el Fondo Hidalgo 2025\u00a0"}]},{"@type":"WebSite","@id":"https:\/\/elcardinal.com\/#website","url":"https:\/\/elcardinal.com\/","name":"El Cardinal","description":"Periodismo honesto, con valor, sentido humano, a veces sarc\u00e1stico y divertido.","publisher":{"@id":"https:\/\/elcardinal.com\/#organization"},"alternateName":"El Cardinal Noticias","potentialAction":[{"@type":"SearchAction","target":{"@type":"EntryPoint","urlTemplate":"https:\/\/elcardinal.com\/?s={search_term_string}"},"query-input":{"@type":"PropertyValueSpecification","valueRequired":true,"valueName":"search_term_string"}}],"inLanguage":"es"},{"@type":"Organization","@id":"https:\/\/elcardinal.com\/#organization","name":"El Cardinal","url":"https:\/\/elcardinal.com\/","logo":{"@type":"ImageObject","inLanguage":"es","@id":"https:\/\/elcardinal.com\/#\/schema\/logo\/image\/","url":"https:\/\/elcardinal.com\/wp-content\/uploads\/2025\/04\/LOGO-EL-CARDINAL-Periodismo-con-valor.png","contentUrl":"https:\/\/elcardinal.com\/wp-content\/uploads\/2025\/04\/LOGO-EL-CARDINAL-Periodismo-con-valor.png","width":755,"height":636,"caption":"El Cardinal"},"image":{"@id":"https:\/\/elcardinal.com\/#\/schema\/logo\/image\/"},"sameAs":["https:\/\/www.facebook.com\/profile.php?id=100063093107011","https:\/\/x.com\/ElCardinal_Mx"]},{"@type":"Person","@id":"https:\/\/elcardinal.com\/#\/schema\/person\/3c352ec0a33987fe275c0e8a2ea69f8b","name":"Antonio Alcaraz","image":{"@type":"ImageObject","inLanguage":"es","@id":"https:\/\/elcardinal.com\/#\/schema\/person\/image\/","url":"https:\/\/elcardinal.com\/wp-content\/uploads\/2025\/05\/cropped-TONO-96x96.jpg","contentUrl":"https:\/\/elcardinal.com\/wp-content\/uploads\/2025\/05\/cropped-TONO-96x96.jpg","caption":"Antonio Alcaraz"},"url":"https:\/\/elcardinal.com\/?author=2"}]}},"_links":{"self":[{"href":"https:\/\/elcardinal.com\/index.php?rest_route=\/wp\/v2\/posts\/5154","targetHints":{"allow":["GET"]}}],"collection":[{"href":"https:\/\/elcardinal.com\/index.php?rest_route=\/wp\/v2\/posts"}],"about":[{"href":"https:\/\/elcardinal.com\/index.php?rest_route=\/wp\/v2\/types\/post"}],"author":[{"embeddable":true,"href":"https:\/\/elcardinal.com\/index.php?rest_route=\/wp\/v2\/users\/2"}],"replies":[{"embeddable":true,"href":"https:\/\/elcardinal.com\/index.php?rest_route=%2Fwp%2Fv2%2Fcomments&post=5154"}],"version-history":[{"count":1,"href":"https:\/\/elcardinal.com\/index.php?rest_route=\/wp\/v2\/posts\/5154\/revisions"}],"predecessor-version":[{"id":5156,"href":"https:\/\/elcardinal.com\/index.php?rest_route=\/wp\/v2\/posts\/5154\/revisions\/5156"}],"wp:featuredmedia":[{"embeddable":true,"href":"https:\/\/elcardinal.com\/index.php?rest_route=\/wp\/v2\/media\/5155"}],"wp:attachment":[{"href":"https:\/\/elcardinal.com\/index.php?rest_route=%2Fwp%2Fv2%2Fmedia&parent=5154"}],"wp:term":[{"taxonomy":"category","embeddable":true,"href":"https:\/\/elcardinal.com\/index.php?rest_route=%2Fwp%2Fv2%2Fcategories&post=5154"},{"taxonomy":"post_tag","embeddable":true,"href":"https:\/\/elcardinal.com\/index.php?rest_route=%2Fwp%2Fv2%2Ftags&post=5154"}],"curies":[{"name":"wp","href":"https:\/\/api.w.org\/{rel}","templated":true}]}}