{"id":5157,"date":"2025-09-30T19:23:26","date_gmt":"2025-10-01T01:23:26","guid":{"rendered":"https:\/\/elcardinal.com\/?p=5157"},"modified":"2025-09-30T19:23:26","modified_gmt":"2025-10-01T01:23:26","slug":"arrancan-obras-del-plan-nacional-hidrico-en-hidalgo","status":"publish","type":"post","link":"https:\/\/elcardinal.com\/?p=5157","title":{"rendered":"Arrancan obras del Plan Nacional H\u00eddrico en Hidalgo"},"content":{"rendered":"<p>&nbsp;<\/p>\n<ul>\n<li style=\"font-weight: 400;\" aria-level=\"4\"><i><span style=\"font-weight: 400;\">El 1 de octubre inician los trabajos en los <\/span><\/i><i><span style=\"font-weight: 400;\">Distritos de Riego 003 Tula, el 100 Alfajayucan y el 112 Ajacuba<\/span><\/i><\/li>\n<\/ul>\n<p>&nbsp;<\/p>\n<p><span style=\"font-weight: 400;\">Para un mejor aprovechamiento del agua, la presidenta de la Rep\u00fablica, Claudia Sheinbaum Pardo, a trav\u00e9s de la Comisi\u00f3n Nacional del Agua (Conagua), y el gobierno estatal que encabeza Julio Menchaca Salazar, se anunci\u00f3 el arranque de obras de tecnificaci\u00f3n de los Distritos de Riego 003 Tula, 100 Alfajayucan y 112 Ajacuba.<\/span><\/p>\n<p><span style=\"font-weight: 400;\">Para lo anterior se invertir\u00e1n 750.8 millones de pesos, en beneficio de 30 mil hect\u00e1reas y a m\u00e1s de 68 mil productores de los municipios de Atitalaquia, Tezontepec de Aldama, Tlaxcoapan, Tlahuelilpan, Ixmiquilpan, Francisco I. Madero, Tetepango, Tula de Allende y Mixquiahuala de Ju\u00e1rez.<\/span><\/p>\n<p><span style=\"font-weight: 400;\">As\u00ed se dio a conocer en una reuni\u00f3n de coordinaci\u00f3n interinstitucional para dar inicio a las obras del Programa Nacional de Tecnificaci\u00f3n de Distritos de Riego, presidida por el secretario de Gobierno, Guillermo Olivares Reyna.<\/span><\/p>\n<p><span style=\"font-weight: 400;\">El encuentro tuvo como prop\u00f3sito garantizar una planeaci\u00f3n estrat\u00e9gica, una implementaci\u00f3n eficiente y una articulaci\u00f3n efectiva de acciones orientadas a fortalecer el aprovechamiento sustentable de los recursos h\u00eddricos.<\/span><\/p>\n<p><span style=\"font-weight: 400;\">\u201cEs un proyecto muy ambicioso, que encabeza la presidenta de la Rep\u00fablica, y que ha tenido a bien destinar una buena cantidad de recursos al desarrollo de proyectos estrat\u00e9gicos en la entidad, que, sin duda alguna, generar\u00e1n empleos de calidad\u201d, destac\u00f3 Olivares Reyna.<\/span><\/p>\n<p><span style=\"font-weight: 400;\">Por otra parte, el director de la Conagua en Hidalgo, F\u00e9lix Adri\u00e1n Brambila Mendoza, inform\u00f3 que la tecnificaci\u00f3n de los distritos de riego es una oportunidad para la reactivaci\u00f3n econ\u00f3mica y para llevar bienestar social a las comunidades.<\/span><\/p>\n<p><span style=\"font-weight: 400;\">Asimismo, N\u00e9stor El\u00edas Vera Hern\u00e1ndez, residente general de Rehabilitaci\u00f3n y Conservaci\u00f3n de los Distritos de Riego de Conagua, enfatiz\u00f3 que los trabajos se realizan los siete d\u00edas de la semana, lo que permitir\u00e1 finalizar el pr\u00f3ximo 31 de marzo.<\/span><\/p>\n<p><span style=\"font-weight: 400;\">Para finalizar, Olivares Reyna mencion\u00f3: \u201cHoy, como nunca, tenemos una muy estrecha colaboraci\u00f3n entre el Gobierno del Estado de Hidalgo y el Gobierno de M\u00e9xico; una colaboraci\u00f3n como nunca antes hab\u00eda existido\u201d.<\/span><\/p>\n","protected":false},"excerpt":{"rendered":"<p>&nbsp; El 1 de octubre inician los trabajos en los Distritos de Riego 003 Tula, el 100 Alfajayucan y el 112 Ajacuba &nbsp; Para un mejor aprovechamiento del agua, la presidenta de la Rep\u00fablica, Claudia Sheinbaum Pardo, a trav\u00e9s de la Comisi\u00f3n Nacional del Agua (Conagua), y el gobierno estatal que encabeza Julio Menchaca Salazar,<\/p>\n","protected":false},"author":2,"featured_media":5158,"comment_status":"open","ping_status":"open","sticky":false,"template":"","format":"standard","meta":{"footnotes":""},"categories":[31,44],"tags":[],"class_list":{"0":"post-5157","1":"post","2":"type-post","3":"status-publish","4":"format-standard","5":"has-post-thumbnail","7":"category-hidalgo","8":"category-minuto-a-minuto"},"yoast_head":"<!-- This site is optimized with the Yoast SEO plugin v26.1.1 - https:\/\/yoast.com\/wordpress\/plugins\/seo\/ -->\n<title>Arrancan obras del Plan Nacional H\u00eddrico en Hidalgo - El Cardinal<\/title>\n<meta name=\"robots\" content=\"index, follow, max-snippet:-1, max-image-preview:large, max-video-preview:-1\" \/>\n<link rel=\"canonical\" href=\"https:\/\/elcardinal.com\/?p=5157\" \/>\n<meta property=\"og:locale\" content=\"es_MX\" \/>\n<meta property=\"og:type\" content=\"article\" \/>\n<meta property=\"og:title\" content=\"Arrancan obras del Plan Nacional H\u00eddrico en Hidalgo - El Cardinal\" \/>\n<meta property=\"og:description\" content=\"&nbsp; El 1 de octubre inician los trabajos en los Distritos de Riego 003 Tula, el 100 Alfajayucan y el 112 Ajacuba &nbsp; Para un mejor aprovechamiento del agua, la presidenta de la Rep\u00fablica, Claudia Sheinbaum Pardo, a trav\u00e9s de la Comisi\u00f3n Nacional del Agua (Conagua), y el gobierno estatal que encabeza Julio Menchaca Salazar,\" \/>\n<meta property=\"og:url\" content=\"https:\/\/elcardinal.com\/?p=5157\" \/>\n<meta property=\"og:site_name\" content=\"El Cardinal\" \/>\n<meta property=\"article:publisher\" content=\"https:\/\/www.facebook.com\/profile.php?id=100063093107011\" \/>\n<meta property=\"article:published_time\" content=\"2025-10-01T01:23:26+00:00\" \/>\n<meta property=\"og:image\" content=\"https:\/\/elcardinal.com\/wp-content\/uploads\/2025\/09\/IMG_1943-scaled.jpg\" \/>\n\t<meta property=\"og:image:width\" content=\"2560\" \/>\n\t<meta property=\"og:image:height\" content=\"2105\" \/>\n\t<meta property=\"og:image:type\" content=\"image\/jpeg\" \/>\n<meta name=\"author\" content=\"Antonio Alcaraz\" \/>\n<meta name=\"twitter:card\" content=\"summary_large_image\" \/>\n<meta name=\"twitter:creator\" content=\"@ElCardinal_Mx\" \/>\n<meta name=\"twitter:site\" content=\"@ElCardinal_Mx\" \/>\n<meta name=\"twitter:label1\" content=\"Escrito por\" \/>\n\t<meta name=\"twitter:data1\" content=\"Antonio Alcaraz\" \/>\n\t<meta name=\"twitter:label2\" content=\"Tiempo de lectura\" \/>\n\t<meta name=\"twitter:data2\" content=\"2 minutos\" \/>\n<script type=\"application\/ld+json\" class=\"yoast-schema-graph\">{\"@context\":\"https:\/\/schema.org\",\"@graph\":[{\"@type\":\"Article\",\"@id\":\"https:\/\/elcardinal.com\/?p=5157#article\",\"isPartOf\":{\"@id\":\"https:\/\/elcardinal.com\/?p=5157\"},\"author\":{\"name\":\"Antonio Alcaraz\",\"@id\":\"https:\/\/elcardinal.com\/#\/schema\/person\/3c352ec0a33987fe275c0e8a2ea69f8b\"},\"headline\":\"Arrancan obras del Plan Nacional H\u00eddrico en Hidalgo\",\"datePublished\":\"2025-10-01T01:23:26+00:00\",\"mainEntityOfPage\":{\"@id\":\"https:\/\/elcardinal.com\/?p=5157\"},\"wordCount\":368,\"commentCount\":0,\"publisher\":{\"@id\":\"https:\/\/elcardinal.com\/#organization\"},\"image\":{\"@id\":\"https:\/\/elcardinal.com\/?p=5157#primaryimage\"},\"thumbnailUrl\":\"https:\/\/elcardinal.com\/wp-content\/uploads\/2025\/09\/IMG_1943-scaled.jpg\",\"articleSection\":[\"Hidalgo\",\"Minuto a Minuto\"],\"inLanguage\":\"es\",\"potentialAction\":[{\"@type\":\"CommentAction\",\"name\":\"Comment\",\"target\":[\"https:\/\/elcardinal.com\/?p=5157#respond\"]}]},{\"@type\":\"WebPage\",\"@id\":\"https:\/\/elcardinal.com\/?p=5157\",\"url\":\"https:\/\/elcardinal.com\/?p=5157\",\"name\":\"Arrancan obras del Plan Nacional H\u00eddrico en Hidalgo - El Cardinal\",\"isPartOf\":{\"@id\":\"https:\/\/elcardinal.com\/#website\"},\"primaryImageOfPage\":{\"@id\":\"https:\/\/elcardinal.com\/?p=5157#primaryimage\"},\"image\":{\"@id\":\"https:\/\/elcardinal.com\/?p=5157#primaryimage\"},\"thumbnailUrl\":\"https:\/\/elcardinal.com\/wp-content\/uploads\/2025\/09\/IMG_1943-scaled.jpg\",\"datePublished\":\"2025-10-01T01:23:26+00:00\",\"breadcrumb\":{\"@id\":\"https:\/\/elcardinal.com\/?p=5157#breadcrumb\"},\"inLanguage\":\"es\",\"potentialAction\":[{\"@type\":\"ReadAction\",\"target\":[\"https:\/\/elcardinal.com\/?p=5157\"]}]},{\"@type\":\"ImageObject\",\"inLanguage\":\"es\",\"@id\":\"https:\/\/elcardinal.com\/?p=5157#primaryimage\",\"url\":\"https:\/\/elcardinal.com\/wp-content\/uploads\/2025\/09\/IMG_1943-scaled.jpg\",\"contentUrl\":\"https:\/\/elcardinal.com\/wp-content\/uploads\/2025\/09\/IMG_1943-scaled.jpg\",\"width\":2560,\"height\":2105},{\"@type\":\"BreadcrumbList\",\"@id\":\"https:\/\/elcardinal.com\/?p=5157#breadcrumb\",\"itemListElement\":[{\"@type\":\"ListItem\",\"position\":1,\"name\":\"Inicio\",\"item\":\"https:\/\/elcardinal.com\/\"},{\"@type\":\"ListItem\",\"position\":2,\"name\":\"Arrancan obras del Plan Nacional H\u00eddrico en Hidalgo\"}]},{\"@type\":\"WebSite\",\"@id\":\"https:\/\/elcardinal.com\/#website\",\"url\":\"https:\/\/elcardinal.com\/\",\"name\":\"El Cardinal\",\"description\":\"Periodismo honesto, con valor, sentido humano, a veces sarc\u00e1stico y divertido.\",\"publisher\":{\"@id\":\"https:\/\/elcardinal.com\/#organization\"},\"alternateName\":\"El Cardinal Noticias\",\"potentialAction\":[{\"@type\":\"SearchAction\",\"target\":{\"@type\":\"EntryPoint\",\"urlTemplate\":\"https:\/\/elcardinal.com\/?s={search_term_string}\"},\"query-input\":{\"@type\":\"PropertyValueSpecification\",\"valueRequired\":true,\"valueName\":\"search_term_string\"}}],\"inLanguage\":\"es\"},{\"@type\":\"Organization\",\"@id\":\"https:\/\/elcardinal.com\/#organization\",\"name\":\"El Cardinal\",\"url\":\"https:\/\/elcardinal.com\/\",\"logo\":{\"@type\":\"ImageObject\",\"inLanguage\":\"es\",\"@id\":\"https:\/\/elcardinal.com\/#\/schema\/logo\/image\/\",\"url\":\"https:\/\/elcardinal.com\/wp-content\/uploads\/2025\/04\/LOGO-EL-CARDINAL-Periodismo-con-valor.png\",\"contentUrl\":\"https:\/\/elcardinal.com\/wp-content\/uploads\/2025\/04\/LOGO-EL-CARDINAL-Periodismo-con-valor.png\",\"width\":755,\"height\":636,\"caption\":\"El Cardinal\"},\"image\":{\"@id\":\"https:\/\/elcardinal.com\/#\/schema\/logo\/image\/\"},\"sameAs\":[\"https:\/\/www.facebook.com\/profile.php?id=100063093107011\",\"https:\/\/x.com\/ElCardinal_Mx\"]},{\"@type\":\"Person\",\"@id\":\"https:\/\/elcardinal.com\/#\/schema\/person\/3c352ec0a33987fe275c0e8a2ea69f8b\",\"name\":\"Antonio Alcaraz\",\"image\":{\"@type\":\"ImageObject\",\"inLanguage\":\"es\",\"@id\":\"https:\/\/elcardinal.com\/#\/schema\/person\/image\/\",\"url\":\"https:\/\/elcardinal.com\/wp-content\/uploads\/2025\/05\/cropped-TONO-96x96.jpg\",\"contentUrl\":\"https:\/\/elcardinal.com\/wp-content\/uploads\/2025\/05\/cropped-TONO-96x96.jpg\",\"caption\":\"Antonio Alcaraz\"},\"url\":\"https:\/\/elcardinal.com\/?author=2\"}]}<\/script>\n<!-- \/ Yoast SEO plugin. -->","yoast_head_json":{"title":"Arrancan obras del Plan Nacional H\u00eddrico en Hidalgo - El Cardinal","robots":{"index":"index","follow":"follow","max-snippet":"max-snippet:-1","max-image-preview":"max-image-preview:large","max-video-preview":"max-video-preview:-1"},"canonical":"https:\/\/elcardinal.com\/?p=5157","og_locale":"es_MX","og_type":"article","og_title":"Arrancan obras del Plan Nacional H\u00eddrico en Hidalgo - El Cardinal","og_description":"&nbsp; El 1 de octubre inician los trabajos en los Distritos de Riego 003 Tula, el 100 Alfajayucan y el 112 Ajacuba &nbsp; Para un mejor aprovechamiento del agua, la presidenta de la Rep\u00fablica, Claudia Sheinbaum Pardo, a trav\u00e9s de la Comisi\u00f3n Nacional del Agua (Conagua), y el gobierno estatal que encabeza Julio Menchaca Salazar,","og_url":"https:\/\/elcardinal.com\/?p=5157","og_site_name":"El Cardinal","article_publisher":"https:\/\/www.facebook.com\/profile.php?id=100063093107011","article_published_time":"2025-10-01T01:23:26+00:00","og_image":[{"width":2560,"height":2105,"url":"https:\/\/elcardinal.com\/wp-content\/uploads\/2025\/09\/IMG_1943-scaled.jpg","type":"image\/jpeg"}],"author":"Antonio Alcaraz","twitter_card":"summary_large_image","twitter_creator":"@ElCardinal_Mx","twitter_site":"@ElCardinal_Mx","twitter_misc":{"Escrito por":"Antonio Alcaraz","Tiempo de lectura":"2 minutos"},"schema":{"@context":"https:\/\/schema.org","@graph":[{"@type":"Article","@id":"https:\/\/elcardinal.com\/?p=5157#article","isPartOf":{"@id":"https:\/\/elcardinal.com\/?p=5157"},"author":{"name":"Antonio Alcaraz","@id":"https:\/\/elcardinal.com\/#\/schema\/person\/3c352ec0a33987fe275c0e8a2ea69f8b"},"headline":"Arrancan obras del Plan Nacional H\u00eddrico en Hidalgo","datePublished":"2025-10-01T01:23:26+00:00","mainEntityOfPage":{"@id":"https:\/\/elcardinal.com\/?p=5157"},"wordCount":368,"commentCount":0,"publisher":{"@id":"https:\/\/elcardinal.com\/#organization"},"image":{"@id":"https:\/\/elcardinal.com\/?p=5157#primaryimage"},"thumbnailUrl":"https:\/\/elcardinal.com\/wp-content\/uploads\/2025\/09\/IMG_1943-scaled.jpg","articleSection":["Hidalgo","Minuto a Minuto"],"inLanguage":"es","potentialAction":[{"@type":"CommentAction","name":"Comment","target":["https:\/\/elcardinal.com\/?p=5157#respond"]}]},{"@type":"WebPage","@id":"https:\/\/elcardinal.com\/?p=5157","url":"https:\/\/elcardinal.com\/?p=5157","name":"Arrancan obras del Plan Nacional H\u00eddrico en Hidalgo - El Cardinal","isPartOf":{"@id":"https:\/\/elcardinal.com\/#website"},"primaryImageOfPage":{"@id":"https:\/\/elcardinal.com\/?p=5157#primaryimage"},"image":{"@id":"https:\/\/elcardinal.com\/?p=5157#primaryimage"},"thumbnailUrl":"https:\/\/elcardinal.com\/wp-content\/uploads\/2025\/09\/IMG_1943-scaled.jpg","datePublished":"2025-10-01T01:23:26+00:00","breadcrumb":{"@id":"https:\/\/elcardinal.com\/?p=5157#breadcrumb"},"inLanguage":"es","potentialAction":[{"@type":"ReadAction","target":["https:\/\/elcardinal.com\/?p=5157"]}]},{"@type":"ImageObject","inLanguage":"es","@id":"https:\/\/elcardinal.com\/?p=5157#primaryimage","url":"https:\/\/elcardinal.com\/wp-content\/uploads\/2025\/09\/IMG_1943-scaled.jpg","contentUrl":"https:\/\/elcardinal.com\/wp-content\/uploads\/2025\/09\/IMG_1943-scaled.jpg","width":2560,"height":2105},{"@type":"BreadcrumbList","@id":"https:\/\/elcardinal.com\/?p=5157#breadcrumb","itemListElement":[{"@type":"ListItem","position":1,"name":"Inicio","item":"https:\/\/elcardinal.com\/"},{"@type":"ListItem","position":2,"name":"Arrancan obras del Plan Nacional H\u00eddrico en Hidalgo"}]},{"@type":"WebSite","@id":"https:\/\/elcardinal.com\/#website","url":"https:\/\/elcardinal.com\/","name":"El Cardinal","description":"Periodismo honesto, con valor, sentido humano, a veces sarc\u00e1stico y divertido.","publisher":{"@id":"https:\/\/elcardinal.com\/#organization"},"alternateName":"El Cardinal Noticias","potentialAction":[{"@type":"SearchAction","target":{"@type":"EntryPoint","urlTemplate":"https:\/\/elcardinal.com\/?s={search_term_string}"},"query-input":{"@type":"PropertyValueSpecification","valueRequired":true,"valueName":"search_term_string"}}],"inLanguage":"es"},{"@type":"Organization","@id":"https:\/\/elcardinal.com\/#organization","name":"El Cardinal","url":"https:\/\/elcardinal.com\/","logo":{"@type":"ImageObject","inLanguage":"es","@id":"https:\/\/elcardinal.com\/#\/schema\/logo\/image\/","url":"https:\/\/elcardinal.com\/wp-content\/uploads\/2025\/04\/LOGO-EL-CARDINAL-Periodismo-con-valor.png","contentUrl":"https:\/\/elcardinal.com\/wp-content\/uploads\/2025\/04\/LOGO-EL-CARDINAL-Periodismo-con-valor.png","width":755,"height":636,"caption":"El Cardinal"},"image":{"@id":"https:\/\/elcardinal.com\/#\/schema\/logo\/image\/"},"sameAs":["https:\/\/www.facebook.com\/profile.php?id=100063093107011","https:\/\/x.com\/ElCardinal_Mx"]},{"@type":"Person","@id":"https:\/\/elcardinal.com\/#\/schema\/person\/3c352ec0a33987fe275c0e8a2ea69f8b","name":"Antonio Alcaraz","image":{"@type":"ImageObject","inLanguage":"es","@id":"https:\/\/elcardinal.com\/#\/schema\/person\/image\/","url":"https:\/\/elcardinal.com\/wp-content\/uploads\/2025\/05\/cropped-TONO-96x96.jpg","contentUrl":"https:\/\/elcardinal.com\/wp-content\/uploads\/2025\/05\/cropped-TONO-96x96.jpg","caption":"Antonio Alcaraz"},"url":"https:\/\/elcardinal.com\/?author=2"}]}},"_links":{"self":[{"href":"https:\/\/elcardinal.com\/index.php?rest_route=\/wp\/v2\/posts\/5157","targetHints":{"allow":["GET"]}}],"collection":[{"href":"https:\/\/elcardinal.com\/index.php?rest_route=\/wp\/v2\/posts"}],"about":[{"href":"https:\/\/elcardinal.com\/index.php?rest_route=\/wp\/v2\/types\/post"}],"author":[{"embeddable":true,"href":"https:\/\/elcardinal.com\/index.php?rest_route=\/wp\/v2\/users\/2"}],"replies":[{"embeddable":true,"href":"https:\/\/elcardinal.com\/index.php?rest_route=%2Fwp%2Fv2%2Fcomments&post=5157"}],"version-history":[{"count":1,"href":"https:\/\/elcardinal.com\/index.php?rest_route=\/wp\/v2\/posts\/5157\/revisions"}],"predecessor-version":[{"id":5159,"href":"https:\/\/elcardinal.com\/index.php?rest_route=\/wp\/v2\/posts\/5157\/revisions\/5159"}],"wp:featuredmedia":[{"embeddable":true,"href":"https:\/\/elcardinal.com\/index.php?rest_route=\/wp\/v2\/media\/5158"}],"wp:attachment":[{"href":"https:\/\/elcardinal.com\/index.php?rest_route=%2Fwp%2Fv2%2Fmedia&parent=5157"}],"wp:term":[{"taxonomy":"category","embeddable":true,"href":"https:\/\/elcardinal.com\/index.php?rest_route=%2Fwp%2Fv2%2Fcategories&post=5157"},{"taxonomy":"post_tag","embeddable":true,"href":"https:\/\/elcardinal.com\/index.php?rest_route=%2Fwp%2Fv2%2Ftags&post=5157"}],"curies":[{"name":"wp","href":"https:\/\/api.w.org\/{rel}","templated":true}]}}