{"id":5160,"date":"2025-10-01T19:52:15","date_gmt":"2025-10-02T01:52:15","guid":{"rendered":"https:\/\/elcardinal.com\/?p=5160"},"modified":"2025-10-01T19:52:15","modified_gmt":"2025-10-02T01:52:15","slug":"diputados-apoyan-la-innovacion-para-que-el-trabajo-sea-mas-competitivo","status":"publish","type":"post","link":"https:\/\/elcardinal.com\/?p=5160","title":{"rendered":"Diputados apoyan la innovaci\u00f3n para que el trabajo sea m\u00e1s competitivo"},"content":{"rendered":"<p>Redacci\u00f3n<\/p>\n<p><span style=\"font-weight: 400;\">En sesi\u00f3n ordinaria, diputadas y diputados integrantes de la <\/span><b>LXVI Legislatura<\/b><span style=\"font-weight: 400;\"> avalaron con 21 votos a favor, cero en contra y cero abstenciones, el dictamen que aprueba con modificaciones la iniciativa que reforma la Ley de Fomento y Desarrollo Econ\u00f3mico para el Estado de Hidalgo, emitido por la primera Comisi\u00f3n Permanente de Legislaci\u00f3n y Puntos Constitucionales.<\/span><\/p>\n<p><span style=\"font-weight: 400;\">El legislador <\/span><b>Miguel \u00c1ngel Moreno Zamora<\/b><span style=\"font-weight: 400;\"> (Morena), uno de las y los promoventes del dictamen, record\u00f3 que el prop\u00f3sito es fortalecer los v\u00ednculos estrat\u00e9gicos entre el sector productivo, \u00e1mbito acad\u00e9mico, centros de investigaci\u00f3n y las industrias creativas y culturales para impulsar un ecosistema de innovaci\u00f3n que incremente la competitividad, fomente la transferencia de conocimiento y potencie la generaci\u00f3n de valor agregado en los procesos productivos del estado.<\/span><\/p>\n<p><b>Otros dict\u00e1menes<\/b><\/p>\n<p><b>Ampliaci\u00f3n de principios rectores<\/b><\/p>\n<p><span style=\"font-weight: 400;\">Tambi\u00e9n avalaron con 21 votos a favor, cero en contra y cero abstenciones, el dictamen que aprueba con modificaciones la iniciativa que reforma la Ley de Acceso de las Mujeres a una Vida Libre de Violencia para el Estado de Hidalgo, promovido por diputadas y diputados, emitido por la primera Comisi\u00f3n Permanente de Legislaci\u00f3n y Puntos Constitucionales<\/span><\/p>\n<p><span style=\"font-weight: 400;\">La diputada <\/span><b>Johana Montcerrat Hern\u00e1ndez P\u00e9rez<\/b><span style=\"font-weight: 400;\"> (PRI) indic\u00f3 que se busca establecer principios rectores que garanticen el acceso al derecho a una vida libre de violencia en un ambiente adecuado que permita el desarrollo y bienestar de las mujeres y que deber\u00e1n ser observados en la elaboraci\u00f3n y ejecuci\u00f3n de las pol\u00edticas, programas o acciones, las cuales adem\u00e1s se deber\u00e1n realizar bajo un an\u00e1lisis de interseccionalidad que permita exponer los diferentes tipos de discriminaci\u00f3n y desventajas que se dan como consecuencia de la combinaci\u00f3n de identidades.<\/span><\/p>\n<p><b>Promoci\u00f3n de la corresponsabilidad familiar<\/b><\/p>\n<p><span style=\"font-weight: 400;\">Adem\u00e1s, avalaron con 20 votos a favor, cero en contra y cero abstenciones, el dictamen que aprueba con modificaciones la iniciativa que reforma la Ley para la Igualdad entre Mujeres y Hombres del Estado de Hidalgo, emitido por la primera Comisi\u00f3n Permanente de Legislaci\u00f3n y Puntos Constitucionales.<\/span><\/p>\n<p><span style=\"font-weight: 400;\">El legislador <\/span><b>Leonel Perusqu\u00eda Muedano<\/b><span style=\"font-weight: 400;\"> (PRD), uno de los promoventes del dictamen, precis\u00f3 que el fin es promover la corresponsabilidad familiar en Hidalgo, lo que permitir\u00e1 avanzar hacia la eliminaci\u00f3n de estereotipos de g\u00e9nero, equilibrar la distribuci\u00f3n de las cargas dentro del hogar y favorecer relaciones m\u00e1s justas e igualitarias que impacten positivamente en la calidad de vida de todas y todos.<\/span><\/p>\n<p><b>Acuerdo econ\u00f3mico<\/b><\/p>\n<p><b>Vigilancia a la implementaci\u00f3n de la Ley Silla<\/b><\/p>\n<p><span style=\"font-weight: 400;\">Por otro lado, aprobaron con 23 votos a favor, cero en contra y cero abstenciones, el acuerdo econ\u00f3mico que exhorta a la Secretar\u00eda de Trabajo y Previsi\u00f3n Social de Hidalgo a verificar el cumplimiento de la reforma a la Ley del Trabajo en la denominada Ley Silla, emitido por la primera Comisi\u00f3n Permanente del Trabajo.<\/span><\/p>\n<p><span style=\"font-weight: 400;\">El legislador <\/span><b>Jorge Arg\u00fcelles Salazar<\/b><span style=\"font-weight: 400;\"> (Nueva Alianza) mencion\u00f3 que se solicita a la dependencia implementar acciones de inspecci\u00f3n y vigilancia, garantizando que los centros de trabajo provean el n\u00famero suficiente de asientos o sillas con respaldo a disposici\u00f3n de todas las personas trabajadoras para la ejecuci\u00f3n de sus funciones o para el descanso peri\u00f3dico durante la jornada laboral, cuando la naturaleza de sus funciones lo permita.<\/span><\/p>\n<p><span style=\"font-weight: 400;\">El diputado <\/span><b>Carlos Alejandro Alc\u00e1ntara Carbajal<\/b><span style=\"font-weight: 400;\"> (MC), promovente del acuerdo junto a su compa\u00f1era de bancada, la diputada <\/span><b>Karla Perales Arrieta<\/b><span style=\"font-weight: 400;\">, asever\u00f3 que este exhorto no busca sancionar, sino prevenir abusos y proteger la salud ocupacional de quienes sostienen la econom\u00eda del estado con su esfuerzo.<\/span><\/p>\n<p><b>Iniciativas<\/b><\/p>\n<p><b>Fortalecimiento al Consejo T\u00e9cnico Artesanal<\/b><\/p>\n<p><span style=\"font-weight: 400;\">Las y los diputados <\/span><b>Jorge Arg\u00fcelles Salazar<\/b><span style=\"font-weight: 400;\">, <\/span><b>Jos\u00e9 Mar\u00eda Alejandro P\u00e9rez Ram\u00edrez<\/b><span style=\"font-weight: 400;\"> (Nueva Alianza), <\/span><b>Alma Rosa El\u00edas Paso<\/b><span style=\"font-weight: 400;\">, <\/span><b>Paloma Barrag\u00e1n Santos<\/b><span style=\"font-weight: 400;\">, <\/span><b>Lizbeth Ira\u00eds Ordaz Islas<\/b><span style=\"font-weight: 400;\">, <\/span><b>Hilda Miranda Miranda<\/b><span style=\"font-weight: 400;\">, <\/span><b>Juan Pablo Escalante Urb\u00e1n<\/b><span style=\"font-weight: 400;\">, <\/span><b>Arturo G\u00f3mez Canales<\/b><span style=\"font-weight: 400;\">, <\/span><b>Andr\u00e9s Vel\u00e1zquez V\u00e1zquez<\/b><span style=\"font-weight: 400;\"> y <\/span><b>Miguel \u00c1ngel Moreno Zamora<\/b><span style=\"font-weight: 400;\"> (Morena), presentaron la iniciativa que reforma la Ley de Salvaguardia y Fomento Artesanal para el Estado de Hidalgo, con el fin de fortalecer al Consejo T\u00e9cnico Artesanal mediante la integraci\u00f3n de una persona representante del Poder Legislativo, as\u00ed como mediante la incorporaci\u00f3n de nuevas atribuciones, particularmente la de analizar, emitir opiniones t\u00e9cnicas y formular propuestas sobre pol\u00edticas, programas y acciones para el fomento y desarrollo del sector.<\/span><\/p>\n<p><b>Creaci\u00f3n de la presea Leonardo Mart\u00edn Candelaria Gonz\u00e1lez<\/b><\/p>\n<p><span style=\"font-weight: 400;\">Las legisladoras <\/span><b>Diana Rangel Z\u00fa\u00f1iga<\/b><span style=\"font-weight: 400;\">, <\/span><b>Tania Er\u00e9ndira Meza Escorza<\/b><span style=\"font-weight: 400;\">, <\/span><b>Cynthia Citlali Delgado Mendoza<\/b><span style=\"font-weight: 400;\">, <\/span><b>Paloma Barrag\u00e1n Santos<\/b><span style=\"font-weight: 400;\"> (Morena) y el legislador <\/span><b>Carlos Alejandro Alc\u00e1ntara Carbajal<\/b><span style=\"font-weight: 400;\"> (MC) propusieron la iniciativa por la que se crea la entrega de la presea Leonardo Mart\u00edn Candelaria Gonz\u00e1lez, como un reconocimiento oficial otorgado por el Congreso del Estado a personas, colectivos o instituciones que, mediante su trayectoria y aportaciones en el \u00e1mbito de la m\u00fasica, artes visuales, literatura, teatro, danza, cine, investigaci\u00f3n cultural, gesti\u00f3n, promoci\u00f3n o difusi\u00f3n del patrimonio tangible e intangible, as\u00ed como en cualquier otra manifestaci\u00f3n cultural que contribuya al engrandecimiento de la entidad.<\/span><\/p>\n<p><b>Informe de labores de la Junta de Gobierno<\/b><\/p>\n<p><span style=\"font-weight: 400;\">La diputada <\/span><b>Claudia Lilia Luna Islas<\/b><span style=\"font-weight: 400;\"> (PAN) y los diputados <\/span><b>Marco Antonio Mendoza Bustamante<\/b><span style=\"font-weight: 400;\"> (PRI), <\/span><b>Carlos Alejandro Alc\u00e1ntara Carbajal<\/b><span style=\"font-weight: 400;\"> (MC), <\/span><b>Leonel Perusqu\u00eda Muedano<\/b><span style=\"font-weight: 400;\"> (PRD) y <\/span><b>Jos\u00e9 Luis Rodr\u00edguez Higareda<\/b><span style=\"font-weight: 400;\"> (Morena), detallaron la iniciativa que modifica la Ley Org\u00e1nica del Poder Legislativo del Estado de Hidalgo, con la finalidad de reforzar el marco normativo que regula al Congreso, estableciendo de manera precisa la obligaci\u00f3n de la Junta de Gobierno de rendir un informe anual de labores ante el Pleno, en sesi\u00f3n p\u00fablica, durante septiembre de cada a\u00f1o legislativo y, en el \u00faltimo a\u00f1o de ejercicio constitucional, en agosto.<\/span><\/p>\n<p><b>Fiscalizaci\u00f3n de ingresos y egresos de partidos pol\u00edticos<\/b><\/p>\n<p><span style=\"font-weight: 400;\">Las y los legisladores <\/span><b>Jos\u00e9 Luis Rodr\u00edguez Higareda<\/b><span style=\"font-weight: 400;\">, <\/span><b>Tania Er\u00e9ndira Meza Escorza<\/b><span style=\"font-weight: 400;\">, <\/span><b>Juli\u00e1n Nochebuena Hern\u00e1ndez<\/b><span style=\"font-weight: 400;\">, <\/span><b>Yarabi Gonz\u00e1lez Mart\u00ednez<\/b><span style=\"font-weight: 400;\">, <\/span><b>Aldo Meza Hern\u00e1ndez<\/b><span style=\"font-weight: 400;\"> (Morena), <\/span><b>M\u00f3nica Leanett Reyes Mart\u00ednez<\/b><span style=\"font-weight: 400;\">, <\/span><b>Juana Olivia Alarc\u00f3n Rivera <\/b><span style=\"font-weight: 400;\">(Nueva Alianza), <\/span><b>Claudia Lilia Luna Islas<\/b><span style=\"font-weight: 400;\"> (PAN) y <\/span><b>Johana Montcerrat Hern\u00e1ndez P\u00e9rez<\/b><span style=\"font-weight: 400;\"> (PRI) presentaron la iniciativa que reforma el decreto 214 y la Constituci\u00f3n Pol\u00edtica del Estado de Hidalgo, con el prop\u00f3sito de reconocer la facultad del Instituto Nacional Electoral de llevar a cabo la fiscalizaci\u00f3n de los ingresos y egresos de los partidos pol\u00edticos y candidatos que participen en procesos electorales federales y locales.<\/span><\/p>\n<p><b>Facultades de presidentes municipales<\/b><\/p>\n<p><span style=\"font-weight: 400;\">Las y los diputados <\/span><b>Avelino Tovar Iglesias<\/b><span style=\"font-weight: 400;\">, <\/span><b>Mar\u00eda Guadalupe Cruz Monta\u00f1o<\/b><span style=\"font-weight: 400;\"> (PVEM), <\/span><b>Francisco Javier T\u00e9llez S\u00e1nchez<\/b><span style=\"font-weight: 400;\"> (PT), <\/span><b>Carlos Alejandro Alc\u00e1ntara Carbajal<\/b><span style=\"font-weight: 400;\"> (MC) y <\/span><b>Marco Antonio Mendoza Bustamante<\/b><span style=\"font-weight: 400;\"> (PRI) propusieron la iniciativa que reforma la Constituci\u00f3n Pol\u00edtica del Estado de Hidalgo, con el objetivo de precisar algunas de las facultades que constitucionalmente le corresponden a las presidentas y presidentes municipales, as\u00ed como incorporar el lenguaje inclusivo en la denominaci\u00f3n de este cargo de elecci\u00f3n popular.<\/span><\/p>\n<p><b>Espacios educativos seguros y libres de violencia<\/b><\/p>\n<p><span style=\"font-weight: 400;\">La legisladora <\/span><b>Paloma Barrag\u00e1n Santos<\/b><span style=\"font-weight: 400;\"> (Morena) detall\u00f3 la iniciativa que modifica la Ley para la Prevenci\u00f3n, Atenci\u00f3n y Erradicaci\u00f3n de Violencia Escolar en el Estado de Hidalgo, con la finalidad de fortalecer el contenido del programa en materia de prevenci\u00f3n, atenci\u00f3n y erradicaci\u00f3n del acoso y la violencia escolar, incorporando protocolos espec\u00edficos para enfrentar el ciberacoso y la violencia digital, as\u00ed como estrategias diferenciadas para garantizar la inclusi\u00f3n y atenci\u00f3n de grupos en situaci\u00f3n de vulnerabilidad.<\/span><\/p>\n<p><b>Protecci\u00f3n a personas adultas mayores<\/b><\/p>\n<p><span style=\"font-weight: 400;\">La diputada <\/span><b>Mar\u00eda Guadalupe Cruz Monta\u00f1o<\/b><span style=\"font-weight: 400;\"> y el diputado <\/span><b>Avelino Tovar Iglesias<\/b><span style=\"font-weight: 400;\"> (PVEM) presentaron la iniciativa que reforma el C\u00f3digo de Procedimientos Familiares para el Estado de Hidalgo, con el objetivo de proteger a las personas adultas mayores y su familia, al dotar a los juzgadores de mayores atribuciones para intervenir de manera oficiosa en los planteamientos jur\u00eddicos de las partes, cuando por errores en la representaci\u00f3n o por ignorancia, no hagan valer debidamente sus derechos, en aras de un aut\u00e9ntico sentido de justicia de acuerdo con los intereses en conflicto.<\/span><\/p>\n<p><b>Asuntos generales<\/b><\/p>\n<p><b>Elaboraci\u00f3n de reglamentos internos de comunidades ind\u00edgenas<\/b><\/p>\n<p><span style=\"font-weight: 400;\">La legisladora <\/span><b>Cynthia Citlali Delgado Mendoza<\/b><span style=\"font-weight: 400;\"> (Morena) propuso el acuerdo econ\u00f3mico que exhorta a los 45 ayuntamientos de los municipios con poblaci\u00f3n ind\u00edgena reconocida a coadyuvar y facilitar t\u00e9cnicamente la elaboraci\u00f3n de los reglamentos internos de las comunidades ind\u00edgenas y, previa autorizaci\u00f3n en asamblea general, proceder al registro correspondiente, fomentando con ello su autonom\u00eda y libre determinaci\u00f3n.<\/span><\/p>\n<p><b>Pol\u00edticas p\u00fablicas orientadas al fomento del emprendimiento<\/b><\/p>\n<p><span style=\"font-weight: 400;\">Las y los legisladores <\/span><b>Lizbeth Ira\u00eds Ordaz Islas<\/b><span style=\"font-weight: 400;\">, <\/span><b>Hilda Miranda Miranda<\/b><span style=\"font-weight: 400;\">, <\/span><b>Alma Rosa El\u00edas Paso<\/b><span style=\"font-weight: 400;\">, <\/span><b>Paloma Barrag\u00e1n Santos<\/b><span style=\"font-weight: 400;\">, <\/span><b>Arturo G\u00f3mez Canales<\/b><span style=\"font-weight: 400;\">, <\/span><b>Andr\u00e9s Vel\u00e1zquez V\u00e1zquez<\/b><span style=\"font-weight: 400;\">, <\/span><b>Juan Pablo Escalante Urb\u00e1n<\/b><span style=\"font-weight: 400;\">, <\/span><b>Miguel \u00c1ngel Moreno Zamora<\/b><span style=\"font-weight: 400;\"> (Morena), <\/span><b>Jorge Arg\u00fcelles Salazar<\/b><span style=\"font-weight: 400;\"> y <\/span><b>Jos\u00e9 Mar\u00eda Alejandro P\u00e9rez Ram\u00edrez<\/b><span style=\"font-weight: 400;\"> (Nueva Alianza) propusieron el acuerdo econ\u00f3mico que exhorta a los 84 ayuntamientos a reforzar las pol\u00edticas p\u00fablicas orientadas al fomento del emprendimiento, la innovaci\u00f3n y la colaboraci\u00f3n intermunicipal.<\/span><\/p>\n","protected":false},"excerpt":{"rendered":"<p>Redacci\u00f3n En sesi\u00f3n ordinaria, diputadas y diputados integrantes de la LXVI Legislatura avalaron con 21 votos a favor, cero en contra y cero abstenciones, el dictamen que aprueba con modificaciones la iniciativa que reforma la Ley de Fomento y Desarrollo Econ\u00f3mico para el Estado de Hidalgo, emitido por la primera Comisi\u00f3n Permanente de Legislaci\u00f3n y<\/p>\n","protected":false},"author":2,"featured_media":5161,"comment_status":"open","ping_status":"open","sticky":false,"template":"","format":"standard","meta":{"footnotes":""},"categories":[31,44,39],"tags":[],"class_list":{"0":"post-5160","1":"post","2":"type-post","3":"status-publish","4":"format-standard","5":"has-post-thumbnail","7":"category-hidalgo","8":"category-minuto-a-minuto","9":"category-politica"},"yoast_head":"<!-- This site is optimized with the Yoast SEO plugin v26.1.1 - https:\/\/yoast.com\/wordpress\/plugins\/seo\/ -->\n<title>Diputados apoyan la innovaci\u00f3n para que el trabajo sea m\u00e1s competitivo - El Cardinal<\/title>\n<meta name=\"robots\" content=\"index, follow, max-snippet:-1, max-image-preview:large, max-video-preview:-1\" \/>\n<link rel=\"canonical\" href=\"https:\/\/elcardinal.com\/?p=5160\" \/>\n<meta property=\"og:locale\" content=\"es_MX\" \/>\n<meta property=\"og:type\" content=\"article\" \/>\n<meta property=\"og:title\" content=\"Diputados apoyan la innovaci\u00f3n para que el trabajo sea m\u00e1s competitivo - El Cardinal\" \/>\n<meta property=\"og:description\" content=\"Redacci\u00f3n En sesi\u00f3n ordinaria, diputadas y diputados integrantes de la LXVI Legislatura avalaron con 21 votos a favor, cero en contra y cero abstenciones, el dictamen que aprueba con modificaciones la iniciativa que reforma la Ley de Fomento y Desarrollo Econ\u00f3mico para el Estado de Hidalgo, emitido por la primera Comisi\u00f3n Permanente de Legislaci\u00f3n y\" \/>\n<meta property=\"og:url\" content=\"https:\/\/elcardinal.com\/?p=5160\" \/>\n<meta property=\"og:site_name\" content=\"El Cardinal\" \/>\n<meta property=\"article:publisher\" content=\"https:\/\/www.facebook.com\/profile.php?id=100063093107011\" \/>\n<meta property=\"article:published_time\" content=\"2025-10-02T01:52:15+00:00\" \/>\n<meta property=\"og:image\" content=\"https:\/\/elcardinal.com\/wp-content\/uploads\/2025\/10\/Sesion-01.10.2025-18.jpg\" \/>\n\t<meta property=\"og:image:width\" content=\"2400\" \/>\n\t<meta property=\"og:image:height\" content=\"1600\" \/>\n\t<meta property=\"og:image:type\" content=\"image\/jpeg\" \/>\n<meta name=\"author\" content=\"Antonio Alcaraz\" \/>\n<meta name=\"twitter:card\" content=\"summary_large_image\" \/>\n<meta name=\"twitter:creator\" content=\"@ElCardinal_Mx\" \/>\n<meta name=\"twitter:site\" content=\"@ElCardinal_Mx\" \/>\n<meta name=\"twitter:label1\" content=\"Escrito por\" \/>\n\t<meta name=\"twitter:data1\" content=\"Antonio Alcaraz\" \/>\n\t<meta name=\"twitter:label2\" content=\"Tiempo de lectura\" \/>\n\t<meta name=\"twitter:data2\" content=\"7 minutos\" \/>\n<script type=\"application\/ld+json\" class=\"yoast-schema-graph\">{\"@context\":\"https:\/\/schema.org\",\"@graph\":[{\"@type\":\"Article\",\"@id\":\"https:\/\/elcardinal.com\/?p=5160#article\",\"isPartOf\":{\"@id\":\"https:\/\/elcardinal.com\/?p=5160\"},\"author\":{\"name\":\"Antonio Alcaraz\",\"@id\":\"https:\/\/elcardinal.com\/#\/schema\/person\/3c352ec0a33987fe275c0e8a2ea69f8b\"},\"headline\":\"Diputados apoyan la innovaci\u00f3n para que el trabajo sea m\u00e1s competitivo\",\"datePublished\":\"2025-10-02T01:52:15+00:00\",\"mainEntityOfPage\":{\"@id\":\"https:\/\/elcardinal.com\/?p=5160\"},\"wordCount\":1572,\"commentCount\":0,\"publisher\":{\"@id\":\"https:\/\/elcardinal.com\/#organization\"},\"image\":{\"@id\":\"https:\/\/elcardinal.com\/?p=5160#primaryimage\"},\"thumbnailUrl\":\"https:\/\/elcardinal.com\/wp-content\/uploads\/2025\/10\/Sesion-01.10.2025-18.jpg\",\"articleSection\":[\"Hidalgo\",\"Minuto a Minuto\",\"Pol\u00edtica\"],\"inLanguage\":\"es\",\"potentialAction\":[{\"@type\":\"CommentAction\",\"name\":\"Comment\",\"target\":[\"https:\/\/elcardinal.com\/?p=5160#respond\"]}]},{\"@type\":\"WebPage\",\"@id\":\"https:\/\/elcardinal.com\/?p=5160\",\"url\":\"https:\/\/elcardinal.com\/?p=5160\",\"name\":\"Diputados apoyan la innovaci\u00f3n para que el trabajo sea m\u00e1s competitivo - El Cardinal\",\"isPartOf\":{\"@id\":\"https:\/\/elcardinal.com\/#website\"},\"primaryImageOfPage\":{\"@id\":\"https:\/\/elcardinal.com\/?p=5160#primaryimage\"},\"image\":{\"@id\":\"https:\/\/elcardinal.com\/?p=5160#primaryimage\"},\"thumbnailUrl\":\"https:\/\/elcardinal.com\/wp-content\/uploads\/2025\/10\/Sesion-01.10.2025-18.jpg\",\"datePublished\":\"2025-10-02T01:52:15+00:00\",\"breadcrumb\":{\"@id\":\"https:\/\/elcardinal.com\/?p=5160#breadcrumb\"},\"inLanguage\":\"es\",\"potentialAction\":[{\"@type\":\"ReadAction\",\"target\":[\"https:\/\/elcardinal.com\/?p=5160\"]}]},{\"@type\":\"ImageObject\",\"inLanguage\":\"es\",\"@id\":\"https:\/\/elcardinal.com\/?p=5160#primaryimage\",\"url\":\"https:\/\/elcardinal.com\/wp-content\/uploads\/2025\/10\/Sesion-01.10.2025-18.jpg\",\"contentUrl\":\"https:\/\/elcardinal.com\/wp-content\/uploads\/2025\/10\/Sesion-01.10.2025-18.jpg\",\"width\":2400,\"height\":1600,\"caption\":\"CONGRESO_HIDALGO\"},{\"@type\":\"BreadcrumbList\",\"@id\":\"https:\/\/elcardinal.com\/?p=5160#breadcrumb\",\"itemListElement\":[{\"@type\":\"ListItem\",\"position\":1,\"name\":\"Inicio\",\"item\":\"https:\/\/elcardinal.com\/\"},{\"@type\":\"ListItem\",\"position\":2,\"name\":\"Diputados apoyan la innovaci\u00f3n para que el trabajo sea m\u00e1s competitivo\"}]},{\"@type\":\"WebSite\",\"@id\":\"https:\/\/elcardinal.com\/#website\",\"url\":\"https:\/\/elcardinal.com\/\",\"name\":\"El Cardinal\",\"description\":\"Periodismo honesto, con valor, sentido humano, a veces sarc\u00e1stico y divertido.\",\"publisher\":{\"@id\":\"https:\/\/elcardinal.com\/#organization\"},\"alternateName\":\"El Cardinal Noticias\",\"potentialAction\":[{\"@type\":\"SearchAction\",\"target\":{\"@type\":\"EntryPoint\",\"urlTemplate\":\"https:\/\/elcardinal.com\/?s={search_term_string}\"},\"query-input\":{\"@type\":\"PropertyValueSpecification\",\"valueRequired\":true,\"valueName\":\"search_term_string\"}}],\"inLanguage\":\"es\"},{\"@type\":\"Organization\",\"@id\":\"https:\/\/elcardinal.com\/#organization\",\"name\":\"El Cardinal\",\"url\":\"https:\/\/elcardinal.com\/\",\"logo\":{\"@type\":\"ImageObject\",\"inLanguage\":\"es\",\"@id\":\"https:\/\/elcardinal.com\/#\/schema\/logo\/image\/\",\"url\":\"https:\/\/elcardinal.com\/wp-content\/uploads\/2025\/04\/LOGO-EL-CARDINAL-Periodismo-con-valor.png\",\"contentUrl\":\"https:\/\/elcardinal.com\/wp-content\/uploads\/2025\/04\/LOGO-EL-CARDINAL-Periodismo-con-valor.png\",\"width\":755,\"height\":636,\"caption\":\"El Cardinal\"},\"image\":{\"@id\":\"https:\/\/elcardinal.com\/#\/schema\/logo\/image\/\"},\"sameAs\":[\"https:\/\/www.facebook.com\/profile.php?id=100063093107011\",\"https:\/\/x.com\/ElCardinal_Mx\"]},{\"@type\":\"Person\",\"@id\":\"https:\/\/elcardinal.com\/#\/schema\/person\/3c352ec0a33987fe275c0e8a2ea69f8b\",\"name\":\"Antonio Alcaraz\",\"image\":{\"@type\":\"ImageObject\",\"inLanguage\":\"es\",\"@id\":\"https:\/\/elcardinal.com\/#\/schema\/person\/image\/\",\"url\":\"https:\/\/elcardinal.com\/wp-content\/uploads\/2025\/05\/cropped-TONO-96x96.jpg\",\"contentUrl\":\"https:\/\/elcardinal.com\/wp-content\/uploads\/2025\/05\/cropped-TONO-96x96.jpg\",\"caption\":\"Antonio Alcaraz\"},\"url\":\"https:\/\/elcardinal.com\/?author=2\"}]}<\/script>\n<!-- \/ Yoast SEO plugin. -->","yoast_head_json":{"title":"Diputados apoyan la innovaci\u00f3n para que el trabajo sea m\u00e1s competitivo - El Cardinal","robots":{"index":"index","follow":"follow","max-snippet":"max-snippet:-1","max-image-preview":"max-image-preview:large","max-video-preview":"max-video-preview:-1"},"canonical":"https:\/\/elcardinal.com\/?p=5160","og_locale":"es_MX","og_type":"article","og_title":"Diputados apoyan la innovaci\u00f3n para que el trabajo sea m\u00e1s competitivo - El Cardinal","og_description":"Redacci\u00f3n En sesi\u00f3n ordinaria, diputadas y diputados integrantes de la LXVI Legislatura avalaron con 21 votos a favor, cero en contra y cero abstenciones, el dictamen que aprueba con modificaciones la iniciativa que reforma la Ley de Fomento y Desarrollo Econ\u00f3mico para el Estado de Hidalgo, emitido por la primera Comisi\u00f3n Permanente de Legislaci\u00f3n y","og_url":"https:\/\/elcardinal.com\/?p=5160","og_site_name":"El Cardinal","article_publisher":"https:\/\/www.facebook.com\/profile.php?id=100063093107011","article_published_time":"2025-10-02T01:52:15+00:00","og_image":[{"width":2400,"height":1600,"url":"https:\/\/elcardinal.com\/wp-content\/uploads\/2025\/10\/Sesion-01.10.2025-18.jpg","type":"image\/jpeg"}],"author":"Antonio Alcaraz","twitter_card":"summary_large_image","twitter_creator":"@ElCardinal_Mx","twitter_site":"@ElCardinal_Mx","twitter_misc":{"Escrito por":"Antonio Alcaraz","Tiempo de lectura":"7 minutos"},"schema":{"@context":"https:\/\/schema.org","@graph":[{"@type":"Article","@id":"https:\/\/elcardinal.com\/?p=5160#article","isPartOf":{"@id":"https:\/\/elcardinal.com\/?p=5160"},"author":{"name":"Antonio Alcaraz","@id":"https:\/\/elcardinal.com\/#\/schema\/person\/3c352ec0a33987fe275c0e8a2ea69f8b"},"headline":"Diputados apoyan la innovaci\u00f3n para que el trabajo sea m\u00e1s competitivo","datePublished":"2025-10-02T01:52:15+00:00","mainEntityOfPage":{"@id":"https:\/\/elcardinal.com\/?p=5160"},"wordCount":1572,"commentCount":0,"publisher":{"@id":"https:\/\/elcardinal.com\/#organization"},"image":{"@id":"https:\/\/elcardinal.com\/?p=5160#primaryimage"},"thumbnailUrl":"https:\/\/elcardinal.com\/wp-content\/uploads\/2025\/10\/Sesion-01.10.2025-18.jpg","articleSection":["Hidalgo","Minuto a Minuto","Pol\u00edtica"],"inLanguage":"es","potentialAction":[{"@type":"CommentAction","name":"Comment","target":["https:\/\/elcardinal.com\/?p=5160#respond"]}]},{"@type":"WebPage","@id":"https:\/\/elcardinal.com\/?p=5160","url":"https:\/\/elcardinal.com\/?p=5160","name":"Diputados apoyan la innovaci\u00f3n para que el trabajo sea m\u00e1s competitivo - El Cardinal","isPartOf":{"@id":"https:\/\/elcardinal.com\/#website"},"primaryImageOfPage":{"@id":"https:\/\/elcardinal.com\/?p=5160#primaryimage"},"image":{"@id":"https:\/\/elcardinal.com\/?p=5160#primaryimage"},"thumbnailUrl":"https:\/\/elcardinal.com\/wp-content\/uploads\/2025\/10\/Sesion-01.10.2025-18.jpg","datePublished":"2025-10-02T01:52:15+00:00","breadcrumb":{"@id":"https:\/\/elcardinal.com\/?p=5160#breadcrumb"},"inLanguage":"es","potentialAction":[{"@type":"ReadAction","target":["https:\/\/elcardinal.com\/?p=5160"]}]},{"@type":"ImageObject","inLanguage":"es","@id":"https:\/\/elcardinal.com\/?p=5160#primaryimage","url":"https:\/\/elcardinal.com\/wp-content\/uploads\/2025\/10\/Sesion-01.10.2025-18.jpg","contentUrl":"https:\/\/elcardinal.com\/wp-content\/uploads\/2025\/10\/Sesion-01.10.2025-18.jpg","width":2400,"height":1600,"caption":"CONGRESO_HIDALGO"},{"@type":"BreadcrumbList","@id":"https:\/\/elcardinal.com\/?p=5160#breadcrumb","itemListElement":[{"@type":"ListItem","position":1,"name":"Inicio","item":"https:\/\/elcardinal.com\/"},{"@type":"ListItem","position":2,"name":"Diputados apoyan la innovaci\u00f3n para que el trabajo sea m\u00e1s competitivo"}]},{"@type":"WebSite","@id":"https:\/\/elcardinal.com\/#website","url":"https:\/\/elcardinal.com\/","name":"El Cardinal","description":"Periodismo honesto, con valor, sentido humano, a veces sarc\u00e1stico y divertido.","publisher":{"@id":"https:\/\/elcardinal.com\/#organization"},"alternateName":"El Cardinal Noticias","potentialAction":[{"@type":"SearchAction","target":{"@type":"EntryPoint","urlTemplate":"https:\/\/elcardinal.com\/?s={search_term_string}"},"query-input":{"@type":"PropertyValueSpecification","valueRequired":true,"valueName":"search_term_string"}}],"inLanguage":"es"},{"@type":"Organization","@id":"https:\/\/elcardinal.com\/#organization","name":"El Cardinal","url":"https:\/\/elcardinal.com\/","logo":{"@type":"ImageObject","inLanguage":"es","@id":"https:\/\/elcardinal.com\/#\/schema\/logo\/image\/","url":"https:\/\/elcardinal.com\/wp-content\/uploads\/2025\/04\/LOGO-EL-CARDINAL-Periodismo-con-valor.png","contentUrl":"https:\/\/elcardinal.com\/wp-content\/uploads\/2025\/04\/LOGO-EL-CARDINAL-Periodismo-con-valor.png","width":755,"height":636,"caption":"El Cardinal"},"image":{"@id":"https:\/\/elcardinal.com\/#\/schema\/logo\/image\/"},"sameAs":["https:\/\/www.facebook.com\/profile.php?id=100063093107011","https:\/\/x.com\/ElCardinal_Mx"]},{"@type":"Person","@id":"https:\/\/elcardinal.com\/#\/schema\/person\/3c352ec0a33987fe275c0e8a2ea69f8b","name":"Antonio Alcaraz","image":{"@type":"ImageObject","inLanguage":"es","@id":"https:\/\/elcardinal.com\/#\/schema\/person\/image\/","url":"https:\/\/elcardinal.com\/wp-content\/uploads\/2025\/05\/cropped-TONO-96x96.jpg","contentUrl":"https:\/\/elcardinal.com\/wp-content\/uploads\/2025\/05\/cropped-TONO-96x96.jpg","caption":"Antonio Alcaraz"},"url":"https:\/\/elcardinal.com\/?author=2"}]}},"_links":{"self":[{"href":"https:\/\/elcardinal.com\/index.php?rest_route=\/wp\/v2\/posts\/5160","targetHints":{"allow":["GET"]}}],"collection":[{"href":"https:\/\/elcardinal.com\/index.php?rest_route=\/wp\/v2\/posts"}],"about":[{"href":"https:\/\/elcardinal.com\/index.php?rest_route=\/wp\/v2\/types\/post"}],"author":[{"embeddable":true,"href":"https:\/\/elcardinal.com\/index.php?rest_route=\/wp\/v2\/users\/2"}],"replies":[{"embeddable":true,"href":"https:\/\/elcardinal.com\/index.php?rest_route=%2Fwp%2Fv2%2Fcomments&post=5160"}],"version-history":[{"count":1,"href":"https:\/\/elcardinal.com\/index.php?rest_route=\/wp\/v2\/posts\/5160\/revisions"}],"predecessor-version":[{"id":5162,"href":"https:\/\/elcardinal.com\/index.php?rest_route=\/wp\/v2\/posts\/5160\/revisions\/5162"}],"wp:featuredmedia":[{"embeddable":true,"href":"https:\/\/elcardinal.com\/index.php?rest_route=\/wp\/v2\/media\/5161"}],"wp:attachment":[{"href":"https:\/\/elcardinal.com\/index.php?rest_route=%2Fwp%2Fv2%2Fmedia&parent=5160"}],"wp:term":[{"taxonomy":"category","embeddable":true,"href":"https:\/\/elcardinal.com\/index.php?rest_route=%2Fwp%2Fv2%2Fcategories&post=5160"},{"taxonomy":"post_tag","embeddable":true,"href":"https:\/\/elcardinal.com\/index.php?rest_route=%2Fwp%2Fv2%2Ftags&post=5160"}],"curies":[{"name":"wp","href":"https:\/\/api.w.org\/{rel}","templated":true}]}}