{"id":5165,"date":"2025-10-04T11:44:12","date_gmt":"2025-10-04T17:44:12","guid":{"rendered":"https:\/\/elcardinal.com\/?p=5165"},"modified":"2025-10-04T11:44:12","modified_gmt":"2025-10-04T17:44:12","slug":"una-cicatriz-poemas-que-conmemoran-el-2-de-octubre-de-1968","status":"publish","type":"post","link":"https:\/\/elcardinal.com\/?p=5165","title":{"rendered":"Una cicatriz: Poemas que conmemoran el 2 de octubre de 1968"},"content":{"rendered":"<p>Por: <strong>Tania Mart\u00ednez Su\u00e1rez<\/strong><\/p>\n<p>Hay sucesos que por m\u00e1s que pasen las d\u00e9cadas permanecen latentes en la memoria colectiva, an\u00e9cdotas que devienen en el tiempo, las conmemoraciones simb\u00f3licas de las que hacen apolog\u00eda los noticiarios repitiendo la misma nota en todos sus espacios televisivos y hasta el af\u00e1n de \u201cfestejar\u201d de los funcionarios de todos los niveles, que no conciben un evento sin que tengan que pronunciar un discurso. As\u00ed en pleno 2025 esa cicatriz llamada 2 de octubre de 1968 asoma en cada injusticia que se comete en el pa\u00eds, no alcanzan las palabras para nombrarla, pero la poes\u00eda s\u00ed puede en su universo ampl\u00edsimo\u00a0 hablar de Tlatelolco.<\/p>\n<p><img fetchpriority=\"high\" decoding=\"async\" class=\"size-medium wp-image-5166 alignleft\" src=\"https:\/\/elcardinal.com\/wp-content\/uploads\/2025\/10\/WhatsApp-Image-2025-10-04-at-2.00.34-AM-1-225x300.jpeg\" alt=\"\" width=\"225\" height=\"300\" srcset=\"https:\/\/elcardinal.com\/wp-content\/uploads\/2025\/10\/WhatsApp-Image-2025-10-04-at-2.00.34-AM-1-225x300.jpeg 225w, https:\/\/elcardinal.com\/wp-content\/uploads\/2025\/10\/WhatsApp-Image-2025-10-04-at-2.00.34-AM-1-768x1024.jpeg 768w, https:\/\/elcardinal.com\/wp-content\/uploads\/2025\/10\/WhatsApp-Image-2025-10-04-at-2.00.34-AM-1-150x200.jpeg 150w, https:\/\/elcardinal.com\/wp-content\/uploads\/2025\/10\/WhatsApp-Image-2025-10-04-at-2.00.34-AM-1-450x600.jpeg 450w, https:\/\/elcardinal.com\/wp-content\/uploads\/2025\/10\/WhatsApp-Image-2025-10-04-at-2.00.34-AM-1.jpeg 960w\" sizes=\"(max-width: 225px) 100vw, 225px\" \/>Recomiendo leer \u201cLa noche de Tlatelolco\u201d escrito por Elena Poniatowska, es quiz\u00e1 el libro mexicano m\u00e1s reeditado de los tiempos recientes, en \u00e9l la autora reuni\u00f3 numerosos testimonios cruciales de los tr\u00e1gicos d\u00edas de octubre de 1968. La intensidad de la cr\u00f3nica, el dolor del testimonio y la fuerza avasalladora de la denuncia le confieren a este libro su condici\u00f3n ejemplar. Ha sido, en efecto, un modelo tanto por su concepci\u00f3n y su factura como por su resonancia: es historia viva, memoria rebelde, arma contra el silencio. <em>La noche de Tlatelolco<\/em> es el libro emblem\u00e1tico de M\u00e9xico en las \u00faltimas d\u00e9cadas.<\/p>\n<p>La \u00fanica certeza que este hecho nos da, es que no puede volver a pasar, no podemos permitirlo.<\/p>\n<p>Comparto aqu\u00ed algunos poemas de grandes autoras y autores mexicanos:<\/p>\n<blockquote class=\"modern-quote full\"><p><strong style=\"font-size: 14px; color: #333333;\">Memorial de Tlatelolco<\/strong><\/p><\/blockquote>\n<p>(Fragmento)<br \/>\n<strong>Rosario Castellanos<\/strong><\/p>\n<p>La oscuridad engendra la violencia<br \/>\ny la violencia pide oscuridad<br \/>\npara cuajar el crimen.<\/p>\n<p>Por eso el dos de octubre aguard\u00f3 hasta la noche<br \/>\nPara que nadie viera la mano que empu\u00f1aba<br \/>\nEl arma, sino s\u00f3lo su efecto de rel\u00e1mpago.<\/p>\n<p>\u00bfY a esa luz, breve y l\u00edvida, qui\u00e9n? \u00bfQui\u00e9n es el que mata?<br \/>\n\u00bfQui\u00e9nes son los que agonizan, los que mueren?<br \/>\n\u00bfLos que huyen sin zapatos?<br \/>\n\u00bfLos que van a caer al pozo de una c\u00e1rcel?<br \/>\n\u00bfLos que se pudren en el hospital?<br \/>\n\u00bfLos que se quedan mudos, para siempre, de espanto?<\/p>\n<blockquote class=\"modern-quote full\"><p><strong style=\"font-size: 14px; color: #333333;\">Tlatelolco, 68<\/strong><\/p><\/blockquote>\n<p>(Fragmento)<br \/>\n<strong>Jaime Sabines<\/strong><\/p>\n<p>Habr\u00eda que lavar no s\u00f3lo el piso: la memoria.<\/p>\n<p>Habr\u00eda que quitarles los ojos a los que vimos,<br \/>\nasesinar tambi\u00e9n a los deudos,<br \/>\nque nadie llore, que no haya m\u00e1s testigos.<br \/>\nPero la sangre echa ra\u00edces<br \/>\ny crece como un \u00e1rbol en el tiempo.<br \/>\nLa sangre en el cemento, en las paredes,<br \/>\nen una enredadera: nos salpica,<br \/>\nnos moja de verg\u00fcenza, de verg\u00fcenza, de verg\u00fcenza.<\/p>\n<p>Las bocas de los muertos nos escupen<br \/>\nuna perpetua sangre quieta.<\/p>\n<blockquote class=\"modern-quote full\"><p><strong style=\"font-size: 14px; color: #333333;\">Las voces de Tlatelolco<\/strong><\/p><\/blockquote>\n<p><strong>(<em>2 de octubre de 1978: diez a\u00f1os despu\u00e9s<\/em>)<br \/>\n<\/strong>(Fragmento)<br \/>\n<strong>Jos\u00e9 Emilio Pacheco<\/strong><\/p>\n<p>\u2014\u00bfPor qu\u00e9 no me contestas?<br \/>\n\u00bfEst\u00e1s muerto?<\/p>\n<p>\u2014Voy a morir, voy a morir.<br \/>\nMe duele.<\/p>\n<p>Me est\u00e1 saliendo mucha sangre.<br \/>\nAqu\u00e9l tambi\u00e9n se est\u00e1 desangrando.<\/p>\n<p>\u2014\u00bfQui\u00e9n, qui\u00e9n orden\u00f3 todo esto?<\/p>\n<p>\u2014Aqu\u00ed, aqu\u00ed Batall\u00f3n Olimpia.<\/p>\n<p>\u2014Hay muchos muertos.<\/p>\n<p>Hay muchos muertos.<\/p>\n<p>\u2014Asesinos, cobardes, asesinos.<\/p>\n<p>&nbsp;<\/p>\n<p>\u2014Son cuerpos, se\u00f1or, son cuerpos.<\/p>\n<blockquote class=\"modern-quote full\"><p><strong style=\"font-size: 14px; color: #333333;\">M\u00e9xico: Olimpiada de 1968<\/strong><\/p><\/blockquote>\n<p><strong>Octavio Paz<\/strong><\/p>\n<p>A Dore y Adja Yunkers<\/p>\n<p><em>Delhi, a 3 de octubre de 1968<\/em><\/p>\n<p>La limpidez<\/p>\n<p>(quiz\u00e1 valga la pena<\/p>\n<p>escribirlo sobre la limpieza<\/p>\n<p>de esta hoja)<\/p>\n<p>no es l\u00edmpida:<\/p>\n<p>es una rabia<\/p>\n<p>(amarilla y negra<\/p>\n<p>acumulaci\u00f3n de bilis en espa\u00f1ol)<\/p>\n<p>extendida sobre la p\u00e1gina.<\/p>\n<p>\u00bfPor qu\u00e9?<\/p>\n<p><em>La verg\u00fcenza es ira<\/em><\/p>\n<p><em>vuelta contra uno mismo:<\/em><\/p>\n<p><em>si<\/em><\/p>\n<p><em>una naci\u00f3n entera se averg\u00fcenza<\/em><\/p>\n<p><em>es le\u00f3n que se agazapa<\/em><\/p>\n<p><em>para saltar<\/em>.<\/p>\n<p>(Los empleados<\/p>\n<p>municipales lavan la sangre<\/p>\n<p>en la Plaza de los Sacrificios.)<\/p>\n<p>Mira ahora,<\/p>\n<p>manchada<\/p>\n<p>antes de haber dicho algo<\/p>\n<p>que valga la pena,<\/p>\n<p>la limpidez.<\/p>\n<p>&nbsp;<\/p>\n","protected":false},"excerpt":{"rendered":"<p>Por: Tania Mart\u00ednez Su\u00e1rez Hay sucesos que por m\u00e1s que pasen las d\u00e9cadas permanecen latentes en la memoria colectiva, an\u00e9cdotas que devienen en el tiempo, las conmemoraciones simb\u00f3licas de las que hacen apolog\u00eda los noticiarios repitiendo la misma nota en todos sus espacios televisivos y hasta el af\u00e1n de \u201cfestejar\u201d de los funcionarios de todos<\/p>\n","protected":false},"author":2,"featured_media":4234,"comment_status":"open","ping_status":"open","sticky":false,"template":"","format":"standard","meta":{"footnotes":""},"categories":[44,35],"tags":[54,55],"class_list":{"0":"post-5165","1":"post","2":"type-post","3":"status-publish","4":"format-standard","5":"has-post-thumbnail","7":"category-minuto-a-minuto","8":"category-opinion","9":"tag-proscrita","10":"tag-tania-martinez-suarez"},"yoast_head":"<!-- This site is optimized with the Yoast SEO plugin v26.1.1 - https:\/\/yoast.com\/wordpress\/plugins\/seo\/ -->\n<title>Una cicatriz: Poemas que conmemoran el 2 de octubre de 1968 - El Cardinal<\/title>\n<meta name=\"robots\" content=\"index, follow, max-snippet:-1, max-image-preview:large, max-video-preview:-1\" \/>\n<link rel=\"canonical\" href=\"https:\/\/elcardinal.com\/?p=5165\" \/>\n<meta property=\"og:locale\" content=\"es_MX\" \/>\n<meta property=\"og:type\" content=\"article\" \/>\n<meta property=\"og:title\" content=\"Una cicatriz: Poemas que conmemoran el 2 de octubre de 1968 - El Cardinal\" \/>\n<meta property=\"og:description\" content=\"Por: Tania Mart\u00ednez Su\u00e1rez Hay sucesos que por m\u00e1s que pasen las d\u00e9cadas permanecen latentes en la memoria colectiva, an\u00e9cdotas que devienen en el tiempo, las conmemoraciones simb\u00f3licas de las que hacen apolog\u00eda los noticiarios repitiendo la misma nota en todos sus espacios televisivos y hasta el af\u00e1n de \u201cfestejar\u201d de los funcionarios de todos\" \/>\n<meta property=\"og:url\" content=\"https:\/\/elcardinal.com\/?p=5165\" \/>\n<meta property=\"og:site_name\" content=\"El Cardinal\" \/>\n<meta property=\"article:publisher\" content=\"https:\/\/www.facebook.com\/profile.php?id=100063093107011\" \/>\n<meta property=\"article:published_time\" content=\"2025-10-04T17:44:12+00:00\" \/>\n<meta property=\"og:image\" content=\"https:\/\/elcardinal.com\/wp-content\/uploads\/2025\/04\/Semillas-Esterales.png\" \/>\n\t<meta property=\"og:image:width\" content=\"940\" \/>\n\t<meta property=\"og:image:height\" content=\"788\" \/>\n\t<meta property=\"og:image:type\" content=\"image\/png\" \/>\n<meta name=\"author\" content=\"Antonio Alcaraz\" \/>\n<meta name=\"twitter:card\" content=\"summary_large_image\" \/>\n<meta name=\"twitter:creator\" content=\"@ElCardinal_Mx\" \/>\n<meta name=\"twitter:site\" content=\"@ElCardinal_Mx\" \/>\n<meta name=\"twitter:label1\" content=\"Escrito por\" \/>\n\t<meta name=\"twitter:data1\" content=\"Antonio Alcaraz\" \/>\n\t<meta name=\"twitter:label2\" content=\"Tiempo de lectura\" \/>\n\t<meta name=\"twitter:data2\" content=\"3 minutos\" \/>\n<script type=\"application\/ld+json\" class=\"yoast-schema-graph\">{\"@context\":\"https:\/\/schema.org\",\"@graph\":[{\"@type\":\"Article\",\"@id\":\"https:\/\/elcardinal.com\/?p=5165#article\",\"isPartOf\":{\"@id\":\"https:\/\/elcardinal.com\/?p=5165\"},\"author\":{\"name\":\"Antonio Alcaraz\",\"@id\":\"https:\/\/elcardinal.com\/#\/schema\/person\/3c352ec0a33987fe275c0e8a2ea69f8b\"},\"headline\":\"Una cicatriz: Poemas que conmemoran el 2 de octubre de 1968\",\"datePublished\":\"2025-10-04T17:44:12+00:00\",\"mainEntityOfPage\":{\"@id\":\"https:\/\/elcardinal.com\/?p=5165\"},\"wordCount\":635,\"commentCount\":0,\"publisher\":{\"@id\":\"https:\/\/elcardinal.com\/#organization\"},\"image\":{\"@id\":\"https:\/\/elcardinal.com\/?p=5165#primaryimage\"},\"thumbnailUrl\":\"https:\/\/elcardinal.com\/wp-content\/uploads\/2025\/04\/Semillas-Esterales.png\",\"keywords\":[\"Proscrita\",\"Tania Mart\u00ednez Su\u00e1rez\"],\"articleSection\":[\"Minuto a Minuto\",\"Opini\u00f3n\"],\"inLanguage\":\"es\",\"potentialAction\":[{\"@type\":\"CommentAction\",\"name\":\"Comment\",\"target\":[\"https:\/\/elcardinal.com\/?p=5165#respond\"]}]},{\"@type\":\"WebPage\",\"@id\":\"https:\/\/elcardinal.com\/?p=5165\",\"url\":\"https:\/\/elcardinal.com\/?p=5165\",\"name\":\"Una cicatriz: Poemas que conmemoran el 2 de octubre de 1968 - El Cardinal\",\"isPartOf\":{\"@id\":\"https:\/\/elcardinal.com\/#website\"},\"primaryImageOfPage\":{\"@id\":\"https:\/\/elcardinal.com\/?p=5165#primaryimage\"},\"image\":{\"@id\":\"https:\/\/elcardinal.com\/?p=5165#primaryimage\"},\"thumbnailUrl\":\"https:\/\/elcardinal.com\/wp-content\/uploads\/2025\/04\/Semillas-Esterales.png\",\"datePublished\":\"2025-10-04T17:44:12+00:00\",\"breadcrumb\":{\"@id\":\"https:\/\/elcardinal.com\/?p=5165#breadcrumb\"},\"inLanguage\":\"es\",\"potentialAction\":[{\"@type\":\"ReadAction\",\"target\":[\"https:\/\/elcardinal.com\/?p=5165\"]}]},{\"@type\":\"ImageObject\",\"inLanguage\":\"es\",\"@id\":\"https:\/\/elcardinal.com\/?p=5165#primaryimage\",\"url\":\"https:\/\/elcardinal.com\/wp-content\/uploads\/2025\/04\/Semillas-Esterales.png\",\"contentUrl\":\"https:\/\/elcardinal.com\/wp-content\/uploads\/2025\/04\/Semillas-Esterales.png\",\"width\":940,\"height\":788},{\"@type\":\"BreadcrumbList\",\"@id\":\"https:\/\/elcardinal.com\/?p=5165#breadcrumb\",\"itemListElement\":[{\"@type\":\"ListItem\",\"position\":1,\"name\":\"Inicio\",\"item\":\"https:\/\/elcardinal.com\/\"},{\"@type\":\"ListItem\",\"position\":2,\"name\":\"Una cicatriz: Poemas que conmemoran el 2 de octubre de 1968\"}]},{\"@type\":\"WebSite\",\"@id\":\"https:\/\/elcardinal.com\/#website\",\"url\":\"https:\/\/elcardinal.com\/\",\"name\":\"El Cardinal\",\"description\":\"Periodismo honesto, con valor, sentido humano, a veces sarc\u00e1stico y divertido.\",\"publisher\":{\"@id\":\"https:\/\/elcardinal.com\/#organization\"},\"alternateName\":\"El Cardinal Noticias\",\"potentialAction\":[{\"@type\":\"SearchAction\",\"target\":{\"@type\":\"EntryPoint\",\"urlTemplate\":\"https:\/\/elcardinal.com\/?s={search_term_string}\"},\"query-input\":{\"@type\":\"PropertyValueSpecification\",\"valueRequired\":true,\"valueName\":\"search_term_string\"}}],\"inLanguage\":\"es\"},{\"@type\":\"Organization\",\"@id\":\"https:\/\/elcardinal.com\/#organization\",\"name\":\"El Cardinal\",\"url\":\"https:\/\/elcardinal.com\/\",\"logo\":{\"@type\":\"ImageObject\",\"inLanguage\":\"es\",\"@id\":\"https:\/\/elcardinal.com\/#\/schema\/logo\/image\/\",\"url\":\"https:\/\/elcardinal.com\/wp-content\/uploads\/2025\/04\/LOGO-EL-CARDINAL-Periodismo-con-valor.png\",\"contentUrl\":\"https:\/\/elcardinal.com\/wp-content\/uploads\/2025\/04\/LOGO-EL-CARDINAL-Periodismo-con-valor.png\",\"width\":755,\"height\":636,\"caption\":\"El Cardinal\"},\"image\":{\"@id\":\"https:\/\/elcardinal.com\/#\/schema\/logo\/image\/\"},\"sameAs\":[\"https:\/\/www.facebook.com\/profile.php?id=100063093107011\",\"https:\/\/x.com\/ElCardinal_Mx\"]},{\"@type\":\"Person\",\"@id\":\"https:\/\/elcardinal.com\/#\/schema\/person\/3c352ec0a33987fe275c0e8a2ea69f8b\",\"name\":\"Antonio Alcaraz\",\"image\":{\"@type\":\"ImageObject\",\"inLanguage\":\"es\",\"@id\":\"https:\/\/elcardinal.com\/#\/schema\/person\/image\/\",\"url\":\"https:\/\/elcardinal.com\/wp-content\/uploads\/2025\/05\/cropped-TONO-96x96.jpg\",\"contentUrl\":\"https:\/\/elcardinal.com\/wp-content\/uploads\/2025\/05\/cropped-TONO-96x96.jpg\",\"caption\":\"Antonio Alcaraz\"},\"url\":\"https:\/\/elcardinal.com\/?author=2\"}]}<\/script>\n<!-- \/ Yoast SEO plugin. -->","yoast_head_json":{"title":"Una cicatriz: Poemas que conmemoran el 2 de octubre de 1968 - El Cardinal","robots":{"index":"index","follow":"follow","max-snippet":"max-snippet:-1","max-image-preview":"max-image-preview:large","max-video-preview":"max-video-preview:-1"},"canonical":"https:\/\/elcardinal.com\/?p=5165","og_locale":"es_MX","og_type":"article","og_title":"Una cicatriz: Poemas que conmemoran el 2 de octubre de 1968 - El Cardinal","og_description":"Por: Tania Mart\u00ednez Su\u00e1rez Hay sucesos que por m\u00e1s que pasen las d\u00e9cadas permanecen latentes en la memoria colectiva, an\u00e9cdotas que devienen en el tiempo, las conmemoraciones simb\u00f3licas de las que hacen apolog\u00eda los noticiarios repitiendo la misma nota en todos sus espacios televisivos y hasta el af\u00e1n de \u201cfestejar\u201d de los funcionarios de todos","og_url":"https:\/\/elcardinal.com\/?p=5165","og_site_name":"El Cardinal","article_publisher":"https:\/\/www.facebook.com\/profile.php?id=100063093107011","article_published_time":"2025-10-04T17:44:12+00:00","og_image":[{"width":940,"height":788,"url":"https:\/\/elcardinal.com\/wp-content\/uploads\/2025\/04\/Semillas-Esterales.png","type":"image\/png"}],"author":"Antonio Alcaraz","twitter_card":"summary_large_image","twitter_creator":"@ElCardinal_Mx","twitter_site":"@ElCardinal_Mx","twitter_misc":{"Escrito por":"Antonio Alcaraz","Tiempo de lectura":"3 minutos"},"schema":{"@context":"https:\/\/schema.org","@graph":[{"@type":"Article","@id":"https:\/\/elcardinal.com\/?p=5165#article","isPartOf":{"@id":"https:\/\/elcardinal.com\/?p=5165"},"author":{"name":"Antonio Alcaraz","@id":"https:\/\/elcardinal.com\/#\/schema\/person\/3c352ec0a33987fe275c0e8a2ea69f8b"},"headline":"Una cicatriz: Poemas que conmemoran el 2 de octubre de 1968","datePublished":"2025-10-04T17:44:12+00:00","mainEntityOfPage":{"@id":"https:\/\/elcardinal.com\/?p=5165"},"wordCount":635,"commentCount":0,"publisher":{"@id":"https:\/\/elcardinal.com\/#organization"},"image":{"@id":"https:\/\/elcardinal.com\/?p=5165#primaryimage"},"thumbnailUrl":"https:\/\/elcardinal.com\/wp-content\/uploads\/2025\/04\/Semillas-Esterales.png","keywords":["Proscrita","Tania Mart\u00ednez Su\u00e1rez"],"articleSection":["Minuto a Minuto","Opini\u00f3n"],"inLanguage":"es","potentialAction":[{"@type":"CommentAction","name":"Comment","target":["https:\/\/elcardinal.com\/?p=5165#respond"]}]},{"@type":"WebPage","@id":"https:\/\/elcardinal.com\/?p=5165","url":"https:\/\/elcardinal.com\/?p=5165","name":"Una cicatriz: Poemas que conmemoran el 2 de octubre de 1968 - El Cardinal","isPartOf":{"@id":"https:\/\/elcardinal.com\/#website"},"primaryImageOfPage":{"@id":"https:\/\/elcardinal.com\/?p=5165#primaryimage"},"image":{"@id":"https:\/\/elcardinal.com\/?p=5165#primaryimage"},"thumbnailUrl":"https:\/\/elcardinal.com\/wp-content\/uploads\/2025\/04\/Semillas-Esterales.png","datePublished":"2025-10-04T17:44:12+00:00","breadcrumb":{"@id":"https:\/\/elcardinal.com\/?p=5165#breadcrumb"},"inLanguage":"es","potentialAction":[{"@type":"ReadAction","target":["https:\/\/elcardinal.com\/?p=5165"]}]},{"@type":"ImageObject","inLanguage":"es","@id":"https:\/\/elcardinal.com\/?p=5165#primaryimage","url":"https:\/\/elcardinal.com\/wp-content\/uploads\/2025\/04\/Semillas-Esterales.png","contentUrl":"https:\/\/elcardinal.com\/wp-content\/uploads\/2025\/04\/Semillas-Esterales.png","width":940,"height":788},{"@type":"BreadcrumbList","@id":"https:\/\/elcardinal.com\/?p=5165#breadcrumb","itemListElement":[{"@type":"ListItem","position":1,"name":"Inicio","item":"https:\/\/elcardinal.com\/"},{"@type":"ListItem","position":2,"name":"Una cicatriz: Poemas que conmemoran el 2 de octubre de 1968"}]},{"@type":"WebSite","@id":"https:\/\/elcardinal.com\/#website","url":"https:\/\/elcardinal.com\/","name":"El Cardinal","description":"Periodismo honesto, con valor, sentido humano, a veces sarc\u00e1stico y divertido.","publisher":{"@id":"https:\/\/elcardinal.com\/#organization"},"alternateName":"El Cardinal Noticias","potentialAction":[{"@type":"SearchAction","target":{"@type":"EntryPoint","urlTemplate":"https:\/\/elcardinal.com\/?s={search_term_string}"},"query-input":{"@type":"PropertyValueSpecification","valueRequired":true,"valueName":"search_term_string"}}],"inLanguage":"es"},{"@type":"Organization","@id":"https:\/\/elcardinal.com\/#organization","name":"El Cardinal","url":"https:\/\/elcardinal.com\/","logo":{"@type":"ImageObject","inLanguage":"es","@id":"https:\/\/elcardinal.com\/#\/schema\/logo\/image\/","url":"https:\/\/elcardinal.com\/wp-content\/uploads\/2025\/04\/LOGO-EL-CARDINAL-Periodismo-con-valor.png","contentUrl":"https:\/\/elcardinal.com\/wp-content\/uploads\/2025\/04\/LOGO-EL-CARDINAL-Periodismo-con-valor.png","width":755,"height":636,"caption":"El Cardinal"},"image":{"@id":"https:\/\/elcardinal.com\/#\/schema\/logo\/image\/"},"sameAs":["https:\/\/www.facebook.com\/profile.php?id=100063093107011","https:\/\/x.com\/ElCardinal_Mx"]},{"@type":"Person","@id":"https:\/\/elcardinal.com\/#\/schema\/person\/3c352ec0a33987fe275c0e8a2ea69f8b","name":"Antonio Alcaraz","image":{"@type":"ImageObject","inLanguage":"es","@id":"https:\/\/elcardinal.com\/#\/schema\/person\/image\/","url":"https:\/\/elcardinal.com\/wp-content\/uploads\/2025\/05\/cropped-TONO-96x96.jpg","contentUrl":"https:\/\/elcardinal.com\/wp-content\/uploads\/2025\/05\/cropped-TONO-96x96.jpg","caption":"Antonio Alcaraz"},"url":"https:\/\/elcardinal.com\/?author=2"}]}},"_links":{"self":[{"href":"https:\/\/elcardinal.com\/index.php?rest_route=\/wp\/v2\/posts\/5165","targetHints":{"allow":["GET"]}}],"collection":[{"href":"https:\/\/elcardinal.com\/index.php?rest_route=\/wp\/v2\/posts"}],"about":[{"href":"https:\/\/elcardinal.com\/index.php?rest_route=\/wp\/v2\/types\/post"}],"author":[{"embeddable":true,"href":"https:\/\/elcardinal.com\/index.php?rest_route=\/wp\/v2\/users\/2"}],"replies":[{"embeddable":true,"href":"https:\/\/elcardinal.com\/index.php?rest_route=%2Fwp%2Fv2%2Fcomments&post=5165"}],"version-history":[{"count":1,"href":"https:\/\/elcardinal.com\/index.php?rest_route=\/wp\/v2\/posts\/5165\/revisions"}],"predecessor-version":[{"id":5167,"href":"https:\/\/elcardinal.com\/index.php?rest_route=\/wp\/v2\/posts\/5165\/revisions\/5167"}],"wp:featuredmedia":[{"embeddable":true,"href":"https:\/\/elcardinal.com\/index.php?rest_route=\/wp\/v2\/media\/4234"}],"wp:attachment":[{"href":"https:\/\/elcardinal.com\/index.php?rest_route=%2Fwp%2Fv2%2Fmedia&parent=5165"}],"wp:term":[{"taxonomy":"category","embeddable":true,"href":"https:\/\/elcardinal.com\/index.php?rest_route=%2Fwp%2Fv2%2Fcategories&post=5165"},{"taxonomy":"post_tag","embeddable":true,"href":"https:\/\/elcardinal.com\/index.php?rest_route=%2Fwp%2Fv2%2Ftags&post=5165"}],"curies":[{"name":"wp","href":"https:\/\/api.w.org\/{rel}","templated":true}]}}