{"id":5168,"date":"2025-10-08T14:43:05","date_gmt":"2025-10-08T20:43:05","guid":{"rendered":"https:\/\/elcardinal.com\/?p=5168"},"modified":"2025-10-08T14:43:05","modified_gmt":"2025-10-08T20:43:05","slug":"la-paz-no-sucede-se-construye-maria-luisa-perez-perusquia","status":"publish","type":"post","link":"https:\/\/elcardinal.com\/?p=5168","title":{"rendered":"La paz no sucede, se construye: Mar\u00eda Luisa P\u00e9rez Perusqu\u00eda"},"content":{"rendered":"<p>Redacci\u00f3n<\/p>\n<p>La asociaci\u00f3n civil Tlali Nantli Madre Tierra, que encabezan <strong>Mar\u00eda Luisa P\u00e9rez Perusqu\u00eda<\/strong> y <strong>Marian Tapia P\u00e9rez<\/strong>, realiz\u00f3 la presentaci\u00f3n de la obra de teatro \u201cLas aventuras de Lina y Chipotes, construyamos paz\u201d, puesta en escena producida por la compa\u00f1\u00eda de teatro <strong><em>\u201cTlali Nantli\u201d<\/em><\/strong>.<\/p>\n<p>Marian Tapia agradeci\u00f3 a las y los aliados en la construcci\u00f3n de paz, quienes hacen posible la presentaci\u00f3n de la puesta en escena, <em>\u201cnosotras al ser una asociaci\u00f3n civil sin fines de lucro, necesitamos de la sociedad civil organizada y tambi\u00e9n de entes privados, empresas y organizaciones privadas\u201d<\/em>.<\/p>\n<p>\u201cTienen conciencia de que necesitamos ayuda para llevar este mensaje de construcci\u00f3n de paz y no violencia a ni\u00f1as y ni\u00f1os\u201d, apunt\u00f3.<\/p>\n<blockquote><p>\u201cEl fin \u00faltimo de Tlali Nantli es promover los derechos de todas y todos y tratar de prevenir las violencias, sobre todo a quienes est\u00e1n m\u00e1s vulnerables: ni\u00f1as, ni\u00f1os, adolescentes, personas de la tercera edad, con discapacidad, de la comunidad LGBTTTI +, entes momento nos concentraremos en ni\u00f1as, ni\u00f1os y adolescentes, vamos a llevar ese mensaje de paz, pero no podemos hacerlo solas\u201d.<\/p><\/blockquote>\n<p>Esta obra, se\u00f1al\u00f3 Mar\u00eda Luisa P\u00e9rez Perusqu\u00eda, <em>\u201ces una herramienta que busca, a trav\u00e9s del arte teatral, llevar un mensaje de amistad, empat\u00eda, honestidad y perd\u00f3n\u201d, a la ni\u00f1ez<\/em>.<\/p>\n<p>Record\u00f3 que con la compra de boletos para esta puesta en escena, podr\u00e1n llevar la obra a m\u00e1s espacios educativos en el territorio estatal.<\/p>\n<blockquote><p>\u201cBuscamos la posibilidad de abonar para llevar a las comunidades educativas esta tem\u00e1tica tan importante,\u00a0 la obra de teatro es un pretexto para abordar did\u00e1cticamente el problema de la violencia escolar\u201d, explic\u00f3.<\/p><\/blockquote>\n<p>\u201cLa paz no sucede, la paz se construye, ninguna forma de violencia puede ser tolerada, ninguna forma de violencia debe ser permitida, as\u00ed que ente todas y todos construyamos paz\u201d, expres\u00f3 P\u00e9rez Perusqu\u00eda.<\/p>\n<p>La obra de teatro, en la que participaron en su creaci\u00f3n la dramaturga Aileen Elizalde, Olga Osorio y el director Juan Pablo D\u00edaz, se realizar\u00e1 17 de octubre en el Sal\u00f3n de eventos Kaff\u00e9, de Pachuca.<\/p>\n<p>Finalmente, Mar\u00eda Luisa P\u00e9rez Perusqu\u00eda record\u00f3 que la obra tendr\u00e1 un costo de recuperaci\u00f3n de 15 pesos, los boletos los pueden adquirir a trav\u00e9s de las redes sociales de la asociaci\u00f3n.<\/p>\n","protected":false},"excerpt":{"rendered":"<p>Redacci\u00f3n La asociaci\u00f3n civil Tlali Nantli Madre Tierra, que encabezan Mar\u00eda Luisa P\u00e9rez Perusqu\u00eda y Marian Tapia P\u00e9rez, realiz\u00f3 la presentaci\u00f3n de la obra de teatro \u201cLas aventuras de Lina y Chipotes, construyamos paz\u201d, puesta en escena producida por la compa\u00f1\u00eda de teatro \u201cTlali Nantli\u201d. Marian Tapia agradeci\u00f3 a las y los aliados en la<\/p>\n","protected":false},"author":2,"featured_media":5169,"comment_status":"open","ping_status":"open","sticky":false,"template":"","format":"standard","meta":{"footnotes":""},"categories":[31,44],"tags":[311],"class_list":{"0":"post-5168","1":"post","2":"type-post","3":"status-publish","4":"format-standard","5":"has-post-thumbnail","7":"category-hidalgo","8":"category-minuto-a-minuto","9":"tag-tlali-nantli"},"yoast_head":"<!-- This site is optimized with the Yoast SEO plugin v26.1.1 - https:\/\/yoast.com\/wordpress\/plugins\/seo\/ -->\n<title>La paz no sucede, se construye: Mar\u00eda Luisa P\u00e9rez Perusqu\u00eda - El Cardinal<\/title>\n<meta name=\"robots\" content=\"index, follow, max-snippet:-1, max-image-preview:large, max-video-preview:-1\" \/>\n<link rel=\"canonical\" href=\"https:\/\/elcardinal.com\/?p=5168\" \/>\n<meta property=\"og:locale\" content=\"es_MX\" \/>\n<meta property=\"og:type\" content=\"article\" \/>\n<meta property=\"og:title\" content=\"La paz no sucede, se construye: Mar\u00eda Luisa P\u00e9rez Perusqu\u00eda - El Cardinal\" \/>\n<meta property=\"og:description\" content=\"Redacci\u00f3n La asociaci\u00f3n civil Tlali Nantli Madre Tierra, que encabezan Mar\u00eda Luisa P\u00e9rez Perusqu\u00eda y Marian Tapia P\u00e9rez, realiz\u00f3 la presentaci\u00f3n de la obra de teatro \u201cLas aventuras de Lina y Chipotes, construyamos paz\u201d, puesta en escena producida por la compa\u00f1\u00eda de teatro \u201cTlali Nantli\u201d. Marian Tapia agradeci\u00f3 a las y los aliados en la\" \/>\n<meta property=\"og:url\" content=\"https:\/\/elcardinal.com\/?p=5168\" \/>\n<meta property=\"og:site_name\" content=\"El Cardinal\" \/>\n<meta property=\"article:publisher\" content=\"https:\/\/www.facebook.com\/profile.php?id=100063093107011\" \/>\n<meta property=\"article:published_time\" content=\"2025-10-08T20:43:05+00:00\" \/>\n<meta property=\"og:image\" content=\"https:\/\/elcardinal.com\/wp-content\/uploads\/2025\/10\/6b41c99c-146e-4691-8cea-2afbc8ea1eac-scaled.jpg\" \/>\n\t<meta property=\"og:image:width\" content=\"2560\" \/>\n\t<meta property=\"og:image:height\" content=\"1440\" \/>\n\t<meta property=\"og:image:type\" content=\"image\/jpeg\" \/>\n<meta name=\"author\" content=\"Antonio Alcaraz\" \/>\n<meta name=\"twitter:card\" content=\"summary_large_image\" \/>\n<meta name=\"twitter:creator\" content=\"@ElCardinal_Mx\" \/>\n<meta name=\"twitter:site\" content=\"@ElCardinal_Mx\" \/>\n<meta name=\"twitter:label1\" content=\"Escrito por\" \/>\n\t<meta name=\"twitter:data1\" content=\"Antonio Alcaraz\" \/>\n\t<meta name=\"twitter:label2\" content=\"Tiempo de lectura\" \/>\n\t<meta name=\"twitter:data2\" content=\"2 minutos\" \/>\n<script type=\"application\/ld+json\" class=\"yoast-schema-graph\">{\"@context\":\"https:\/\/schema.org\",\"@graph\":[{\"@type\":\"Article\",\"@id\":\"https:\/\/elcardinal.com\/?p=5168#article\",\"isPartOf\":{\"@id\":\"https:\/\/elcardinal.com\/?p=5168\"},\"author\":{\"name\":\"Antonio Alcaraz\",\"@id\":\"https:\/\/elcardinal.com\/#\/schema\/person\/3c352ec0a33987fe275c0e8a2ea69f8b\"},\"headline\":\"La paz no sucede, se construye: Mar\u00eda Luisa P\u00e9rez Perusqu\u00eda\",\"datePublished\":\"2025-10-08T20:43:05+00:00\",\"mainEntityOfPage\":{\"@id\":\"https:\/\/elcardinal.com\/?p=5168\"},\"wordCount\":417,\"commentCount\":0,\"publisher\":{\"@id\":\"https:\/\/elcardinal.com\/#organization\"},\"image\":{\"@id\":\"https:\/\/elcardinal.com\/?p=5168#primaryimage\"},\"thumbnailUrl\":\"https:\/\/elcardinal.com\/wp-content\/uploads\/2025\/10\/6b41c99c-146e-4691-8cea-2afbc8ea1eac-scaled.jpg\",\"keywords\":[\"Tlali Nantli\"],\"articleSection\":[\"Hidalgo\",\"Minuto a Minuto\"],\"inLanguage\":\"es\",\"potentialAction\":[{\"@type\":\"CommentAction\",\"name\":\"Comment\",\"target\":[\"https:\/\/elcardinal.com\/?p=5168#respond\"]}]},{\"@type\":\"WebPage\",\"@id\":\"https:\/\/elcardinal.com\/?p=5168\",\"url\":\"https:\/\/elcardinal.com\/?p=5168\",\"name\":\"La paz no sucede, se construye: Mar\u00eda Luisa P\u00e9rez Perusqu\u00eda - El Cardinal\",\"isPartOf\":{\"@id\":\"https:\/\/elcardinal.com\/#website\"},\"primaryImageOfPage\":{\"@id\":\"https:\/\/elcardinal.com\/?p=5168#primaryimage\"},\"image\":{\"@id\":\"https:\/\/elcardinal.com\/?p=5168#primaryimage\"},\"thumbnailUrl\":\"https:\/\/elcardinal.com\/wp-content\/uploads\/2025\/10\/6b41c99c-146e-4691-8cea-2afbc8ea1eac-scaled.jpg\",\"datePublished\":\"2025-10-08T20:43:05+00:00\",\"breadcrumb\":{\"@id\":\"https:\/\/elcardinal.com\/?p=5168#breadcrumb\"},\"inLanguage\":\"es\",\"potentialAction\":[{\"@type\":\"ReadAction\",\"target\":[\"https:\/\/elcardinal.com\/?p=5168\"]}]},{\"@type\":\"ImageObject\",\"inLanguage\":\"es\",\"@id\":\"https:\/\/elcardinal.com\/?p=5168#primaryimage\",\"url\":\"https:\/\/elcardinal.com\/wp-content\/uploads\/2025\/10\/6b41c99c-146e-4691-8cea-2afbc8ea1eac-scaled.jpg\",\"contentUrl\":\"https:\/\/elcardinal.com\/wp-content\/uploads\/2025\/10\/6b41c99c-146e-4691-8cea-2afbc8ea1eac-scaled.jpg\",\"width\":2560,\"height\":1440},{\"@type\":\"BreadcrumbList\",\"@id\":\"https:\/\/elcardinal.com\/?p=5168#breadcrumb\",\"itemListElement\":[{\"@type\":\"ListItem\",\"position\":1,\"name\":\"Inicio\",\"item\":\"https:\/\/elcardinal.com\/\"},{\"@type\":\"ListItem\",\"position\":2,\"name\":\"La paz no sucede, se construye: Mar\u00eda Luisa P\u00e9rez Perusqu\u00eda\"}]},{\"@type\":\"WebSite\",\"@id\":\"https:\/\/elcardinal.com\/#website\",\"url\":\"https:\/\/elcardinal.com\/\",\"name\":\"El Cardinal\",\"description\":\"Periodismo honesto, con valor, sentido humano, a veces sarc\u00e1stico y divertido.\",\"publisher\":{\"@id\":\"https:\/\/elcardinal.com\/#organization\"},\"alternateName\":\"El Cardinal Noticias\",\"potentialAction\":[{\"@type\":\"SearchAction\",\"target\":{\"@type\":\"EntryPoint\",\"urlTemplate\":\"https:\/\/elcardinal.com\/?s={search_term_string}\"},\"query-input\":{\"@type\":\"PropertyValueSpecification\",\"valueRequired\":true,\"valueName\":\"search_term_string\"}}],\"inLanguage\":\"es\"},{\"@type\":\"Organization\",\"@id\":\"https:\/\/elcardinal.com\/#organization\",\"name\":\"El Cardinal\",\"url\":\"https:\/\/elcardinal.com\/\",\"logo\":{\"@type\":\"ImageObject\",\"inLanguage\":\"es\",\"@id\":\"https:\/\/elcardinal.com\/#\/schema\/logo\/image\/\",\"url\":\"https:\/\/elcardinal.com\/wp-content\/uploads\/2025\/04\/LOGO-EL-CARDINAL-Periodismo-con-valor.png\",\"contentUrl\":\"https:\/\/elcardinal.com\/wp-content\/uploads\/2025\/04\/LOGO-EL-CARDINAL-Periodismo-con-valor.png\",\"width\":755,\"height\":636,\"caption\":\"El Cardinal\"},\"image\":{\"@id\":\"https:\/\/elcardinal.com\/#\/schema\/logo\/image\/\"},\"sameAs\":[\"https:\/\/www.facebook.com\/profile.php?id=100063093107011\",\"https:\/\/x.com\/ElCardinal_Mx\"]},{\"@type\":\"Person\",\"@id\":\"https:\/\/elcardinal.com\/#\/schema\/person\/3c352ec0a33987fe275c0e8a2ea69f8b\",\"name\":\"Antonio Alcaraz\",\"image\":{\"@type\":\"ImageObject\",\"inLanguage\":\"es\",\"@id\":\"https:\/\/elcardinal.com\/#\/schema\/person\/image\/\",\"url\":\"https:\/\/elcardinal.com\/wp-content\/uploads\/2025\/05\/cropped-TONO-96x96.jpg\",\"contentUrl\":\"https:\/\/elcardinal.com\/wp-content\/uploads\/2025\/05\/cropped-TONO-96x96.jpg\",\"caption\":\"Antonio Alcaraz\"},\"url\":\"https:\/\/elcardinal.com\/?author=2\"}]}<\/script>\n<!-- \/ Yoast SEO plugin. -->","yoast_head_json":{"title":"La paz no sucede, se construye: Mar\u00eda Luisa P\u00e9rez Perusqu\u00eda - El Cardinal","robots":{"index":"index","follow":"follow","max-snippet":"max-snippet:-1","max-image-preview":"max-image-preview:large","max-video-preview":"max-video-preview:-1"},"canonical":"https:\/\/elcardinal.com\/?p=5168","og_locale":"es_MX","og_type":"article","og_title":"La paz no sucede, se construye: Mar\u00eda Luisa P\u00e9rez Perusqu\u00eda - El Cardinal","og_description":"Redacci\u00f3n La asociaci\u00f3n civil Tlali Nantli Madre Tierra, que encabezan Mar\u00eda Luisa P\u00e9rez Perusqu\u00eda y Marian Tapia P\u00e9rez, realiz\u00f3 la presentaci\u00f3n de la obra de teatro \u201cLas aventuras de Lina y Chipotes, construyamos paz\u201d, puesta en escena producida por la compa\u00f1\u00eda de teatro \u201cTlali Nantli\u201d. Marian Tapia agradeci\u00f3 a las y los aliados en la","og_url":"https:\/\/elcardinal.com\/?p=5168","og_site_name":"El Cardinal","article_publisher":"https:\/\/www.facebook.com\/profile.php?id=100063093107011","article_published_time":"2025-10-08T20:43:05+00:00","og_image":[{"width":2560,"height":1440,"url":"https:\/\/elcardinal.com\/wp-content\/uploads\/2025\/10\/6b41c99c-146e-4691-8cea-2afbc8ea1eac-scaled.jpg","type":"image\/jpeg"}],"author":"Antonio Alcaraz","twitter_card":"summary_large_image","twitter_creator":"@ElCardinal_Mx","twitter_site":"@ElCardinal_Mx","twitter_misc":{"Escrito por":"Antonio Alcaraz","Tiempo de lectura":"2 minutos"},"schema":{"@context":"https:\/\/schema.org","@graph":[{"@type":"Article","@id":"https:\/\/elcardinal.com\/?p=5168#article","isPartOf":{"@id":"https:\/\/elcardinal.com\/?p=5168"},"author":{"name":"Antonio Alcaraz","@id":"https:\/\/elcardinal.com\/#\/schema\/person\/3c352ec0a33987fe275c0e8a2ea69f8b"},"headline":"La paz no sucede, se construye: Mar\u00eda Luisa P\u00e9rez Perusqu\u00eda","datePublished":"2025-10-08T20:43:05+00:00","mainEntityOfPage":{"@id":"https:\/\/elcardinal.com\/?p=5168"},"wordCount":417,"commentCount":0,"publisher":{"@id":"https:\/\/elcardinal.com\/#organization"},"image":{"@id":"https:\/\/elcardinal.com\/?p=5168#primaryimage"},"thumbnailUrl":"https:\/\/elcardinal.com\/wp-content\/uploads\/2025\/10\/6b41c99c-146e-4691-8cea-2afbc8ea1eac-scaled.jpg","keywords":["Tlali Nantli"],"articleSection":["Hidalgo","Minuto a Minuto"],"inLanguage":"es","potentialAction":[{"@type":"CommentAction","name":"Comment","target":["https:\/\/elcardinal.com\/?p=5168#respond"]}]},{"@type":"WebPage","@id":"https:\/\/elcardinal.com\/?p=5168","url":"https:\/\/elcardinal.com\/?p=5168","name":"La paz no sucede, se construye: Mar\u00eda Luisa P\u00e9rez Perusqu\u00eda - El Cardinal","isPartOf":{"@id":"https:\/\/elcardinal.com\/#website"},"primaryImageOfPage":{"@id":"https:\/\/elcardinal.com\/?p=5168#primaryimage"},"image":{"@id":"https:\/\/elcardinal.com\/?p=5168#primaryimage"},"thumbnailUrl":"https:\/\/elcardinal.com\/wp-content\/uploads\/2025\/10\/6b41c99c-146e-4691-8cea-2afbc8ea1eac-scaled.jpg","datePublished":"2025-10-08T20:43:05+00:00","breadcrumb":{"@id":"https:\/\/elcardinal.com\/?p=5168#breadcrumb"},"inLanguage":"es","potentialAction":[{"@type":"ReadAction","target":["https:\/\/elcardinal.com\/?p=5168"]}]},{"@type":"ImageObject","inLanguage":"es","@id":"https:\/\/elcardinal.com\/?p=5168#primaryimage","url":"https:\/\/elcardinal.com\/wp-content\/uploads\/2025\/10\/6b41c99c-146e-4691-8cea-2afbc8ea1eac-scaled.jpg","contentUrl":"https:\/\/elcardinal.com\/wp-content\/uploads\/2025\/10\/6b41c99c-146e-4691-8cea-2afbc8ea1eac-scaled.jpg","width":2560,"height":1440},{"@type":"BreadcrumbList","@id":"https:\/\/elcardinal.com\/?p=5168#breadcrumb","itemListElement":[{"@type":"ListItem","position":1,"name":"Inicio","item":"https:\/\/elcardinal.com\/"},{"@type":"ListItem","position":2,"name":"La paz no sucede, se construye: Mar\u00eda Luisa P\u00e9rez Perusqu\u00eda"}]},{"@type":"WebSite","@id":"https:\/\/elcardinal.com\/#website","url":"https:\/\/elcardinal.com\/","name":"El Cardinal","description":"Periodismo honesto, con valor, sentido humano, a veces sarc\u00e1stico y divertido.","publisher":{"@id":"https:\/\/elcardinal.com\/#organization"},"alternateName":"El Cardinal Noticias","potentialAction":[{"@type":"SearchAction","target":{"@type":"EntryPoint","urlTemplate":"https:\/\/elcardinal.com\/?s={search_term_string}"},"query-input":{"@type":"PropertyValueSpecification","valueRequired":true,"valueName":"search_term_string"}}],"inLanguage":"es"},{"@type":"Organization","@id":"https:\/\/elcardinal.com\/#organization","name":"El Cardinal","url":"https:\/\/elcardinal.com\/","logo":{"@type":"ImageObject","inLanguage":"es","@id":"https:\/\/elcardinal.com\/#\/schema\/logo\/image\/","url":"https:\/\/elcardinal.com\/wp-content\/uploads\/2025\/04\/LOGO-EL-CARDINAL-Periodismo-con-valor.png","contentUrl":"https:\/\/elcardinal.com\/wp-content\/uploads\/2025\/04\/LOGO-EL-CARDINAL-Periodismo-con-valor.png","width":755,"height":636,"caption":"El Cardinal"},"image":{"@id":"https:\/\/elcardinal.com\/#\/schema\/logo\/image\/"},"sameAs":["https:\/\/www.facebook.com\/profile.php?id=100063093107011","https:\/\/x.com\/ElCardinal_Mx"]},{"@type":"Person","@id":"https:\/\/elcardinal.com\/#\/schema\/person\/3c352ec0a33987fe275c0e8a2ea69f8b","name":"Antonio Alcaraz","image":{"@type":"ImageObject","inLanguage":"es","@id":"https:\/\/elcardinal.com\/#\/schema\/person\/image\/","url":"https:\/\/elcardinal.com\/wp-content\/uploads\/2025\/05\/cropped-TONO-96x96.jpg","contentUrl":"https:\/\/elcardinal.com\/wp-content\/uploads\/2025\/05\/cropped-TONO-96x96.jpg","caption":"Antonio Alcaraz"},"url":"https:\/\/elcardinal.com\/?author=2"}]}},"_links":{"self":[{"href":"https:\/\/elcardinal.com\/index.php?rest_route=\/wp\/v2\/posts\/5168","targetHints":{"allow":["GET"]}}],"collection":[{"href":"https:\/\/elcardinal.com\/index.php?rest_route=\/wp\/v2\/posts"}],"about":[{"href":"https:\/\/elcardinal.com\/index.php?rest_route=\/wp\/v2\/types\/post"}],"author":[{"embeddable":true,"href":"https:\/\/elcardinal.com\/index.php?rest_route=\/wp\/v2\/users\/2"}],"replies":[{"embeddable":true,"href":"https:\/\/elcardinal.com\/index.php?rest_route=%2Fwp%2Fv2%2Fcomments&post=5168"}],"version-history":[{"count":1,"href":"https:\/\/elcardinal.com\/index.php?rest_route=\/wp\/v2\/posts\/5168\/revisions"}],"predecessor-version":[{"id":5176,"href":"https:\/\/elcardinal.com\/index.php?rest_route=\/wp\/v2\/posts\/5168\/revisions\/5176"}],"wp:featuredmedia":[{"embeddable":true,"href":"https:\/\/elcardinal.com\/index.php?rest_route=\/wp\/v2\/media\/5169"}],"wp:attachment":[{"href":"https:\/\/elcardinal.com\/index.php?rest_route=%2Fwp%2Fv2%2Fmedia&parent=5168"}],"wp:term":[{"taxonomy":"category","embeddable":true,"href":"https:\/\/elcardinal.com\/index.php?rest_route=%2Fwp%2Fv2%2Fcategories&post=5168"},{"taxonomy":"post_tag","embeddable":true,"href":"https:\/\/elcardinal.com\/index.php?rest_route=%2Fwp%2Fv2%2Ftags&post=5168"}],"curies":[{"name":"wp","href":"https:\/\/api.w.org\/{rel}","templated":true}]}}