{"id":5170,"date":"2025-10-08T14:32:03","date_gmt":"2025-10-08T20:32:03","guid":{"rendered":"https:\/\/elcardinal.com\/?p=5170"},"modified":"2025-10-08T14:32:03","modified_gmt":"2025-10-08T20:32:03","slug":"huejutla-se-alista-para-el-xantolo-2025-un-altar-monumental-que-honra-la-vida-y-la-muerte","status":"publish","type":"post","link":"https:\/\/elcardinal.com\/?p=5170","title":{"rendered":"Huejutla se alista para el Xantolo 2025: un altar monumental que honra la vida y la muerte"},"content":{"rendered":"<p>Por: <strong>Jos\u00e9 Antonio Alcaraz Su\u00e1rez<\/strong><\/p>\n<p>Pachuca, Hidalgo.\u2013 En conferencia de prensa realizada en el Centro Cultural del Ferrocarril, se present\u00f3 la maqueta del altar monumental que engalanar\u00e1 el coraz\u00f3n de <strong>Huejutla<\/strong> durante el <strong>Xantolo 2025<\/strong>, la fiesta m\u00e1s sagrada y representativa de la Huasteca hidalguense.<\/p>\n<p><img fetchpriority=\"high\" decoding=\"async\" class=\"size-medium wp-image-5172 alignright\" src=\"https:\/\/elcardinal.com\/wp-content\/uploads\/2025\/10\/WhatsApp-Image-2025-10-08-at-2.29.07-PM-2-300x200.jpeg\" alt=\"\" width=\"300\" height=\"200\" srcset=\"https:\/\/elcardinal.com\/wp-content\/uploads\/2025\/10\/WhatsApp-Image-2025-10-08-at-2.29.07-PM-2-300x200.jpeg 300w, https:\/\/elcardinal.com\/wp-content\/uploads\/2025\/10\/WhatsApp-Image-2025-10-08-at-2.29.07-PM-2-1024x683.jpeg 1024w, https:\/\/elcardinal.com\/wp-content\/uploads\/2025\/10\/WhatsApp-Image-2025-10-08-at-2.29.07-PM-2-768x512.jpeg 768w, https:\/\/elcardinal.com\/wp-content\/uploads\/2025\/10\/WhatsApp-Image-2025-10-08-at-2.29.07-PM-2-1536x1024.jpeg 1536w, https:\/\/elcardinal.com\/wp-content\/uploads\/2025\/10\/WhatsApp-Image-2025-10-08-at-2.29.07-PM-2-150x100.jpeg 150w, https:\/\/elcardinal.com\/wp-content\/uploads\/2025\/10\/WhatsApp-Image-2025-10-08-at-2.29.07-PM-2-450x300.jpeg 450w, https:\/\/elcardinal.com\/wp-content\/uploads\/2025\/10\/WhatsApp-Image-2025-10-08-at-2.29.07-PM-2-1200x800.jpeg 1200w, https:\/\/elcardinal.com\/wp-content\/uploads\/2025\/10\/WhatsApp-Image-2025-10-08-at-2.29.07-PM-2.jpeg 1599w\" sizes=\"(max-width: 300px) 100vw, 300px\" \/>El presidente municipal <strong>Jos\u00e9 Alfredo San Rom\u00e1n Duval<\/strong> encabez\u00f3 la presentaci\u00f3n y destac\u00f3 con orgullo:<\/p>\n<blockquote><p>\u201cQueremos que Huejutla sea el nuevo destino tur\u00edstico del Xantolo. Somos el coraz\u00f3n de la Huasteca y trabajamos para mostrar al mundo nuestra cultura, gastronom\u00eda y artesan\u00edas. Si todos los municipios huastecos nos unimos, podemos crear un gran <strong>Corredor Tur\u00edstico Huasteco<\/strong> que refleje nuestra identidad\u201d.<\/p><\/blockquote>\n<p><img decoding=\"async\" class=\"size-medium wp-image-5174 alignleft\" src=\"https:\/\/elcardinal.com\/wp-content\/uploads\/2025\/10\/WhatsApp-Image-2025-10-08-at-2.29.08-PM-300x241.jpeg\" alt=\"\" width=\"300\" height=\"241\" srcset=\"https:\/\/elcardinal.com\/wp-content\/uploads\/2025\/10\/WhatsApp-Image-2025-10-08-at-2.29.08-PM-300x241.jpeg 300w, https:\/\/elcardinal.com\/wp-content\/uploads\/2025\/10\/WhatsApp-Image-2025-10-08-at-2.29.08-PM-1024x822.jpeg 1024w, https:\/\/elcardinal.com\/wp-content\/uploads\/2025\/10\/WhatsApp-Image-2025-10-08-at-2.29.08-PM-768x616.jpeg 768w, https:\/\/elcardinal.com\/wp-content\/uploads\/2025\/10\/WhatsApp-Image-2025-10-08-at-2.29.08-PM-150x120.jpeg 150w, https:\/\/elcardinal.com\/wp-content\/uploads\/2025\/10\/WhatsApp-Image-2025-10-08-at-2.29.08-PM-450x361.jpeg 450w, https:\/\/elcardinal.com\/wp-content\/uploads\/2025\/10\/WhatsApp-Image-2025-10-08-at-2.29.08-PM-1200x963.jpeg 1200w, https:\/\/elcardinal.com\/wp-content\/uploads\/2025\/10\/WhatsApp-Image-2025-10-08-at-2.29.08-PM.jpeg 1337w\" sizes=\"(max-width: 300px) 100vw, 300px\" \/>Acompa\u00f1ado por la presidenta del Sistema DIF Huejutla, <strong>Kristel Rodr\u00edguez Flores<\/strong>, la secretaria de Cultura de Hidalgo, <strong>Neida Naranjo<\/strong>, el promotor cultural profesor <strong>Mart\u00ednez Hern\u00e1ndez<\/strong> y <strong>Rosalio Rodr\u00edguez Amador,<\/strong> integrante del \u00e1rea de Comunicaci\u00f3n Social de la presidencia, se compartieron los detalles del proyecto que rendir\u00e1 tributo al ma\u00edz y a los antepasados.<\/p>\n<p>La secretaria de Cultura subray\u00f3:<\/p>\n<blockquote><p>\u201cEl Xantolo es una manifestaci\u00f3n viva de nuestras ra\u00edces, una herencia que nos recuerda la fuerza comunitaria y el amor por quienes regresan cada a\u00f1o para saludarnos\u201d.<\/p><\/blockquote>\n<p>Rodr\u00edguez Amador explic\u00f3 que el altar monumental, que se levantar\u00e1 sobre m\u00e1s de mil 600 metros cuadrados, reunir\u00e1 figuras colosales que simbolizan los cuatro elementos de la naturaleza y la dualidad entre la vida y la muerte. En el centro, un hombre desgranando mazorcas representar\u00e1 el ciclo de la existencia, acompa\u00f1ado de una mujer huasteca con tamales y copalero, fiel guardiana de la tradici\u00f3n.<\/p>\n<p><em><strong>El Xantolo 2025 se celebrar\u00e1 del 30 de octubre al 2 de noviembre, d\u00edas en que Huejutla se vestir\u00e1 de flores, m\u00fasica, danza y fe. <img decoding=\"async\" class=\"alignnone size-medium wp-image-5173\" src=\"https:\/\/elcardinal.com\/wp-content\/uploads\/2025\/10\/WhatsApp-Image-2025-10-08-at-2.29.07-PM-3-300x200.jpeg\" alt=\"\" width=\"300\" height=\"200\" srcset=\"https:\/\/elcardinal.com\/wp-content\/uploads\/2025\/10\/WhatsApp-Image-2025-10-08-at-2.29.07-PM-3-300x200.jpeg 300w, https:\/\/elcardinal.com\/wp-content\/uploads\/2025\/10\/WhatsApp-Image-2025-10-08-at-2.29.07-PM-3-1024x683.jpeg 1024w, https:\/\/elcardinal.com\/wp-content\/uploads\/2025\/10\/WhatsApp-Image-2025-10-08-at-2.29.07-PM-3-768x512.jpeg 768w, https:\/\/elcardinal.com\/wp-content\/uploads\/2025\/10\/WhatsApp-Image-2025-10-08-at-2.29.07-PM-3-1536x1024.jpeg 1536w, https:\/\/elcardinal.com\/wp-content\/uploads\/2025\/10\/WhatsApp-Image-2025-10-08-at-2.29.07-PM-3-150x100.jpeg 150w, https:\/\/elcardinal.com\/wp-content\/uploads\/2025\/10\/WhatsApp-Image-2025-10-08-at-2.29.07-PM-3-450x300.jpeg 450w, https:\/\/elcardinal.com\/wp-content\/uploads\/2025\/10\/WhatsApp-Image-2025-10-08-at-2.29.07-PM-3-1200x800.jpeg 1200w, https:\/\/elcardinal.com\/wp-content\/uploads\/2025\/10\/WhatsApp-Image-2025-10-08-at-2.29.07-PM-3.jpeg 1599w\" sizes=\"(max-width: 300px) 100vw, 300px\" \/><\/strong><\/em><\/p>\n<p>Con esta majestuosa obra, la Huasteca reafirma su orgullo, su identidad y su amor por la vida que trasciende la muerte.<\/p>\n<p>&nbsp;<\/p>\n<p>&nbsp;<\/p>\n","protected":false},"excerpt":{"rendered":"<p>Por: Jos\u00e9 Antonio Alcaraz Su\u00e1rez Pachuca, Hidalgo.\u2013 En conferencia de prensa realizada en el Centro Cultural del Ferrocarril, se present\u00f3 la maqueta del altar monumental que engalanar\u00e1 el coraz\u00f3n de Huejutla durante el Xantolo 2025, la fiesta m\u00e1s sagrada y representativa de la Huasteca hidalguense. El presidente municipal Jos\u00e9 Alfredo San Rom\u00e1n Duval encabez\u00f3 la<\/p>\n","protected":false},"author":2,"featured_media":5171,"comment_status":"open","ping_status":"open","sticky":false,"template":"","format":"standard","meta":{"footnotes":""},"categories":[31,44],"tags":[60,310,59,309],"class_list":{"0":"post-5170","1":"post","2":"type-post","3":"status-publish","4":"format-standard","5":"has-post-thumbnail","7":"category-hidalgo","8":"category-minuto-a-minuto","9":"tag-alfredo-san-roman","10":"tag-huasteca","11":"tag-huejutla","12":"tag-xantolo2025"},"yoast_head":"<!-- This site is optimized with the Yoast SEO plugin v26.1.1 - https:\/\/yoast.com\/wordpress\/plugins\/seo\/ -->\n<title>Huejutla se alista para el Xantolo 2025: un altar monumental que honra la vida y la muerte - El Cardinal<\/title>\n<meta name=\"robots\" content=\"index, follow, max-snippet:-1, max-image-preview:large, max-video-preview:-1\" \/>\n<link rel=\"canonical\" href=\"https:\/\/elcardinal.com\/?p=5170\" \/>\n<meta property=\"og:locale\" content=\"es_MX\" \/>\n<meta property=\"og:type\" content=\"article\" \/>\n<meta property=\"og:title\" content=\"Huejutla se alista para el Xantolo 2025: un altar monumental que honra la vida y la muerte - El Cardinal\" \/>\n<meta property=\"og:description\" content=\"Por: Jos\u00e9 Antonio Alcaraz Su\u00e1rez Pachuca, Hidalgo.\u2013 En conferencia de prensa realizada en el Centro Cultural del Ferrocarril, se present\u00f3 la maqueta del altar monumental que engalanar\u00e1 el coraz\u00f3n de Huejutla durante el Xantolo 2025, la fiesta m\u00e1s sagrada y representativa de la Huasteca hidalguense. El presidente municipal Jos\u00e9 Alfredo San Rom\u00e1n Duval encabez\u00f3 la\" \/>\n<meta property=\"og:url\" content=\"https:\/\/elcardinal.com\/?p=5170\" \/>\n<meta property=\"og:site_name\" content=\"El Cardinal\" \/>\n<meta property=\"article:publisher\" content=\"https:\/\/www.facebook.com\/profile.php?id=100063093107011\" \/>\n<meta property=\"article:published_time\" content=\"2025-10-08T20:32:03+00:00\" \/>\n<meta property=\"og:image\" content=\"https:\/\/elcardinal.com\/wp-content\/uploads\/2025\/10\/WhatsApp-Image-2025-10-08-at-2.29.07-PM-1.jpeg\" \/>\n\t<meta property=\"og:image:width\" content=\"1599\" \/>\n\t<meta property=\"og:image:height\" content=\"1066\" \/>\n\t<meta property=\"og:image:type\" content=\"image\/jpeg\" \/>\n<meta name=\"author\" content=\"Antonio Alcaraz\" \/>\n<meta name=\"twitter:card\" content=\"summary_large_image\" \/>\n<meta name=\"twitter:creator\" content=\"@ElCardinal_Mx\" \/>\n<meta name=\"twitter:site\" content=\"@ElCardinal_Mx\" \/>\n<meta name=\"twitter:label1\" content=\"Escrito por\" \/>\n\t<meta name=\"twitter:data1\" content=\"Antonio Alcaraz\" \/>\n\t<meta name=\"twitter:label2\" content=\"Tiempo de lectura\" \/>\n\t<meta name=\"twitter:data2\" content=\"2 minutos\" \/>\n<script type=\"application\/ld+json\" class=\"yoast-schema-graph\">{\"@context\":\"https:\/\/schema.org\",\"@graph\":[{\"@type\":\"Article\",\"@id\":\"https:\/\/elcardinal.com\/?p=5170#article\",\"isPartOf\":{\"@id\":\"https:\/\/elcardinal.com\/?p=5170\"},\"author\":{\"name\":\"Antonio Alcaraz\",\"@id\":\"https:\/\/elcardinal.com\/#\/schema\/person\/3c352ec0a33987fe275c0e8a2ea69f8b\"},\"headline\":\"Huejutla se alista para el Xantolo 2025: un altar monumental que honra la vida y la muerte\",\"datePublished\":\"2025-10-08T20:32:03+00:00\",\"mainEntityOfPage\":{\"@id\":\"https:\/\/elcardinal.com\/?p=5170\"},\"wordCount\":339,\"commentCount\":0,\"publisher\":{\"@id\":\"https:\/\/elcardinal.com\/#organization\"},\"image\":{\"@id\":\"https:\/\/elcardinal.com\/?p=5170#primaryimage\"},\"thumbnailUrl\":\"https:\/\/elcardinal.com\/wp-content\/uploads\/2025\/10\/WhatsApp-Image-2025-10-08-at-2.29.07-PM-1.jpeg\",\"keywords\":[\"Alfredo San Rom\u00e1n\",\"Huasteca\",\"Huejutla\",\"Xantolo2025\"],\"articleSection\":[\"Hidalgo\",\"Minuto a Minuto\"],\"inLanguage\":\"es\",\"potentialAction\":[{\"@type\":\"CommentAction\",\"name\":\"Comment\",\"target\":[\"https:\/\/elcardinal.com\/?p=5170#respond\"]}]},{\"@type\":\"WebPage\",\"@id\":\"https:\/\/elcardinal.com\/?p=5170\",\"url\":\"https:\/\/elcardinal.com\/?p=5170\",\"name\":\"Huejutla se alista para el Xantolo 2025: un altar monumental que honra la vida y la muerte - El Cardinal\",\"isPartOf\":{\"@id\":\"https:\/\/elcardinal.com\/#website\"},\"primaryImageOfPage\":{\"@id\":\"https:\/\/elcardinal.com\/?p=5170#primaryimage\"},\"image\":{\"@id\":\"https:\/\/elcardinal.com\/?p=5170#primaryimage\"},\"thumbnailUrl\":\"https:\/\/elcardinal.com\/wp-content\/uploads\/2025\/10\/WhatsApp-Image-2025-10-08-at-2.29.07-PM-1.jpeg\",\"datePublished\":\"2025-10-08T20:32:03+00:00\",\"breadcrumb\":{\"@id\":\"https:\/\/elcardinal.com\/?p=5170#breadcrumb\"},\"inLanguage\":\"es\",\"potentialAction\":[{\"@type\":\"ReadAction\",\"target\":[\"https:\/\/elcardinal.com\/?p=5170\"]}]},{\"@type\":\"ImageObject\",\"inLanguage\":\"es\",\"@id\":\"https:\/\/elcardinal.com\/?p=5170#primaryimage\",\"url\":\"https:\/\/elcardinal.com\/wp-content\/uploads\/2025\/10\/WhatsApp-Image-2025-10-08-at-2.29.07-PM-1.jpeg\",\"contentUrl\":\"https:\/\/elcardinal.com\/wp-content\/uploads\/2025\/10\/WhatsApp-Image-2025-10-08-at-2.29.07-PM-1.jpeg\",\"width\":1599,\"height\":1066},{\"@type\":\"BreadcrumbList\",\"@id\":\"https:\/\/elcardinal.com\/?p=5170#breadcrumb\",\"itemListElement\":[{\"@type\":\"ListItem\",\"position\":1,\"name\":\"Inicio\",\"item\":\"https:\/\/elcardinal.com\/\"},{\"@type\":\"ListItem\",\"position\":2,\"name\":\"Huejutla se alista para el Xantolo 2025: un altar monumental que honra la vida y la muerte\"}]},{\"@type\":\"WebSite\",\"@id\":\"https:\/\/elcardinal.com\/#website\",\"url\":\"https:\/\/elcardinal.com\/\",\"name\":\"El Cardinal\",\"description\":\"Periodismo honesto, con valor, sentido humano, a veces sarc\u00e1stico y divertido.\",\"publisher\":{\"@id\":\"https:\/\/elcardinal.com\/#organization\"},\"alternateName\":\"El Cardinal Noticias\",\"potentialAction\":[{\"@type\":\"SearchAction\",\"target\":{\"@type\":\"EntryPoint\",\"urlTemplate\":\"https:\/\/elcardinal.com\/?s={search_term_string}\"},\"query-input\":{\"@type\":\"PropertyValueSpecification\",\"valueRequired\":true,\"valueName\":\"search_term_string\"}}],\"inLanguage\":\"es\"},{\"@type\":\"Organization\",\"@id\":\"https:\/\/elcardinal.com\/#organization\",\"name\":\"El Cardinal\",\"url\":\"https:\/\/elcardinal.com\/\",\"logo\":{\"@type\":\"ImageObject\",\"inLanguage\":\"es\",\"@id\":\"https:\/\/elcardinal.com\/#\/schema\/logo\/image\/\",\"url\":\"https:\/\/elcardinal.com\/wp-content\/uploads\/2025\/04\/LOGO-EL-CARDINAL-Periodismo-con-valor.png\",\"contentUrl\":\"https:\/\/elcardinal.com\/wp-content\/uploads\/2025\/04\/LOGO-EL-CARDINAL-Periodismo-con-valor.png\",\"width\":755,\"height\":636,\"caption\":\"El Cardinal\"},\"image\":{\"@id\":\"https:\/\/elcardinal.com\/#\/schema\/logo\/image\/\"},\"sameAs\":[\"https:\/\/www.facebook.com\/profile.php?id=100063093107011\",\"https:\/\/x.com\/ElCardinal_Mx\"]},{\"@type\":\"Person\",\"@id\":\"https:\/\/elcardinal.com\/#\/schema\/person\/3c352ec0a33987fe275c0e8a2ea69f8b\",\"name\":\"Antonio Alcaraz\",\"image\":{\"@type\":\"ImageObject\",\"inLanguage\":\"es\",\"@id\":\"https:\/\/elcardinal.com\/#\/schema\/person\/image\/\",\"url\":\"https:\/\/elcardinal.com\/wp-content\/uploads\/2025\/05\/cropped-TONO-96x96.jpg\",\"contentUrl\":\"https:\/\/elcardinal.com\/wp-content\/uploads\/2025\/05\/cropped-TONO-96x96.jpg\",\"caption\":\"Antonio Alcaraz\"},\"url\":\"https:\/\/elcardinal.com\/?author=2\"}]}<\/script>\n<!-- \/ Yoast SEO plugin. -->","yoast_head_json":{"title":"Huejutla se alista para el Xantolo 2025: un altar monumental que honra la vida y la muerte - El Cardinal","robots":{"index":"index","follow":"follow","max-snippet":"max-snippet:-1","max-image-preview":"max-image-preview:large","max-video-preview":"max-video-preview:-1"},"canonical":"https:\/\/elcardinal.com\/?p=5170","og_locale":"es_MX","og_type":"article","og_title":"Huejutla se alista para el Xantolo 2025: un altar monumental que honra la vida y la muerte - El Cardinal","og_description":"Por: Jos\u00e9 Antonio Alcaraz Su\u00e1rez Pachuca, Hidalgo.\u2013 En conferencia de prensa realizada en el Centro Cultural del Ferrocarril, se present\u00f3 la maqueta del altar monumental que engalanar\u00e1 el coraz\u00f3n de Huejutla durante el Xantolo 2025, la fiesta m\u00e1s sagrada y representativa de la Huasteca hidalguense. El presidente municipal Jos\u00e9 Alfredo San Rom\u00e1n Duval encabez\u00f3 la","og_url":"https:\/\/elcardinal.com\/?p=5170","og_site_name":"El Cardinal","article_publisher":"https:\/\/www.facebook.com\/profile.php?id=100063093107011","article_published_time":"2025-10-08T20:32:03+00:00","og_image":[{"width":1599,"height":1066,"url":"https:\/\/elcardinal.com\/wp-content\/uploads\/2025\/10\/WhatsApp-Image-2025-10-08-at-2.29.07-PM-1.jpeg","type":"image\/jpeg"}],"author":"Antonio Alcaraz","twitter_card":"summary_large_image","twitter_creator":"@ElCardinal_Mx","twitter_site":"@ElCardinal_Mx","twitter_misc":{"Escrito por":"Antonio Alcaraz","Tiempo de lectura":"2 minutos"},"schema":{"@context":"https:\/\/schema.org","@graph":[{"@type":"Article","@id":"https:\/\/elcardinal.com\/?p=5170#article","isPartOf":{"@id":"https:\/\/elcardinal.com\/?p=5170"},"author":{"name":"Antonio Alcaraz","@id":"https:\/\/elcardinal.com\/#\/schema\/person\/3c352ec0a33987fe275c0e8a2ea69f8b"},"headline":"Huejutla se alista para el Xantolo 2025: un altar monumental que honra la vida y la muerte","datePublished":"2025-10-08T20:32:03+00:00","mainEntityOfPage":{"@id":"https:\/\/elcardinal.com\/?p=5170"},"wordCount":339,"commentCount":0,"publisher":{"@id":"https:\/\/elcardinal.com\/#organization"},"image":{"@id":"https:\/\/elcardinal.com\/?p=5170#primaryimage"},"thumbnailUrl":"https:\/\/elcardinal.com\/wp-content\/uploads\/2025\/10\/WhatsApp-Image-2025-10-08-at-2.29.07-PM-1.jpeg","keywords":["Alfredo San Rom\u00e1n","Huasteca","Huejutla","Xantolo2025"],"articleSection":["Hidalgo","Minuto a Minuto"],"inLanguage":"es","potentialAction":[{"@type":"CommentAction","name":"Comment","target":["https:\/\/elcardinal.com\/?p=5170#respond"]}]},{"@type":"WebPage","@id":"https:\/\/elcardinal.com\/?p=5170","url":"https:\/\/elcardinal.com\/?p=5170","name":"Huejutla se alista para el Xantolo 2025: un altar monumental que honra la vida y la muerte - El Cardinal","isPartOf":{"@id":"https:\/\/elcardinal.com\/#website"},"primaryImageOfPage":{"@id":"https:\/\/elcardinal.com\/?p=5170#primaryimage"},"image":{"@id":"https:\/\/elcardinal.com\/?p=5170#primaryimage"},"thumbnailUrl":"https:\/\/elcardinal.com\/wp-content\/uploads\/2025\/10\/WhatsApp-Image-2025-10-08-at-2.29.07-PM-1.jpeg","datePublished":"2025-10-08T20:32:03+00:00","breadcrumb":{"@id":"https:\/\/elcardinal.com\/?p=5170#breadcrumb"},"inLanguage":"es","potentialAction":[{"@type":"ReadAction","target":["https:\/\/elcardinal.com\/?p=5170"]}]},{"@type":"ImageObject","inLanguage":"es","@id":"https:\/\/elcardinal.com\/?p=5170#primaryimage","url":"https:\/\/elcardinal.com\/wp-content\/uploads\/2025\/10\/WhatsApp-Image-2025-10-08-at-2.29.07-PM-1.jpeg","contentUrl":"https:\/\/elcardinal.com\/wp-content\/uploads\/2025\/10\/WhatsApp-Image-2025-10-08-at-2.29.07-PM-1.jpeg","width":1599,"height":1066},{"@type":"BreadcrumbList","@id":"https:\/\/elcardinal.com\/?p=5170#breadcrumb","itemListElement":[{"@type":"ListItem","position":1,"name":"Inicio","item":"https:\/\/elcardinal.com\/"},{"@type":"ListItem","position":2,"name":"Huejutla se alista para el Xantolo 2025: un altar monumental que honra la vida y la muerte"}]},{"@type":"WebSite","@id":"https:\/\/elcardinal.com\/#website","url":"https:\/\/elcardinal.com\/","name":"El Cardinal","description":"Periodismo honesto, con valor, sentido humano, a veces sarc\u00e1stico y divertido.","publisher":{"@id":"https:\/\/elcardinal.com\/#organization"},"alternateName":"El Cardinal Noticias","potentialAction":[{"@type":"SearchAction","target":{"@type":"EntryPoint","urlTemplate":"https:\/\/elcardinal.com\/?s={search_term_string}"},"query-input":{"@type":"PropertyValueSpecification","valueRequired":true,"valueName":"search_term_string"}}],"inLanguage":"es"},{"@type":"Organization","@id":"https:\/\/elcardinal.com\/#organization","name":"El Cardinal","url":"https:\/\/elcardinal.com\/","logo":{"@type":"ImageObject","inLanguage":"es","@id":"https:\/\/elcardinal.com\/#\/schema\/logo\/image\/","url":"https:\/\/elcardinal.com\/wp-content\/uploads\/2025\/04\/LOGO-EL-CARDINAL-Periodismo-con-valor.png","contentUrl":"https:\/\/elcardinal.com\/wp-content\/uploads\/2025\/04\/LOGO-EL-CARDINAL-Periodismo-con-valor.png","width":755,"height":636,"caption":"El Cardinal"},"image":{"@id":"https:\/\/elcardinal.com\/#\/schema\/logo\/image\/"},"sameAs":["https:\/\/www.facebook.com\/profile.php?id=100063093107011","https:\/\/x.com\/ElCardinal_Mx"]},{"@type":"Person","@id":"https:\/\/elcardinal.com\/#\/schema\/person\/3c352ec0a33987fe275c0e8a2ea69f8b","name":"Antonio Alcaraz","image":{"@type":"ImageObject","inLanguage":"es","@id":"https:\/\/elcardinal.com\/#\/schema\/person\/image\/","url":"https:\/\/elcardinal.com\/wp-content\/uploads\/2025\/05\/cropped-TONO-96x96.jpg","contentUrl":"https:\/\/elcardinal.com\/wp-content\/uploads\/2025\/05\/cropped-TONO-96x96.jpg","caption":"Antonio Alcaraz"},"url":"https:\/\/elcardinal.com\/?author=2"}]}},"_links":{"self":[{"href":"https:\/\/elcardinal.com\/index.php?rest_route=\/wp\/v2\/posts\/5170","targetHints":{"allow":["GET"]}}],"collection":[{"href":"https:\/\/elcardinal.com\/index.php?rest_route=\/wp\/v2\/posts"}],"about":[{"href":"https:\/\/elcardinal.com\/index.php?rest_route=\/wp\/v2\/types\/post"}],"author":[{"embeddable":true,"href":"https:\/\/elcardinal.com\/index.php?rest_route=\/wp\/v2\/users\/2"}],"replies":[{"embeddable":true,"href":"https:\/\/elcardinal.com\/index.php?rest_route=%2Fwp%2Fv2%2Fcomments&post=5170"}],"version-history":[{"count":1,"href":"https:\/\/elcardinal.com\/index.php?rest_route=\/wp\/v2\/posts\/5170\/revisions"}],"predecessor-version":[{"id":5175,"href":"https:\/\/elcardinal.com\/index.php?rest_route=\/wp\/v2\/posts\/5170\/revisions\/5175"}],"wp:featuredmedia":[{"embeddable":true,"href":"https:\/\/elcardinal.com\/index.php?rest_route=\/wp\/v2\/media\/5171"}],"wp:attachment":[{"href":"https:\/\/elcardinal.com\/index.php?rest_route=%2Fwp%2Fv2%2Fmedia&parent=5170"}],"wp:term":[{"taxonomy":"category","embeddable":true,"href":"https:\/\/elcardinal.com\/index.php?rest_route=%2Fwp%2Fv2%2Fcategories&post=5170"},{"taxonomy":"post_tag","embeddable":true,"href":"https:\/\/elcardinal.com\/index.php?rest_route=%2Fwp%2Fv2%2Ftags&post=5170"}],"curies":[{"name":"wp","href":"https:\/\/api.w.org\/{rel}","templated":true}]}}