{"id":5180,"date":"2025-10-08T23:17:55","date_gmt":"2025-10-09T05:17:55","guid":{"rendered":"https:\/\/elcardinal.com\/?p=5180"},"modified":"2025-10-08T23:17:55","modified_gmt":"2025-10-09T05:17:55","slug":"legisladores-autorizan-al-municipio-de-singuilucan-contratar-credito-de-mas-de-5-millones-de-pesos","status":"publish","type":"post","link":"https:\/\/elcardinal.com\/?p=5180","title":{"rendered":"Legisladores autorizan al municipio de Singuilucan contratar cr\u00e9dito de m\u00e1s de 5 millones de pesos"},"content":{"rendered":"<p>Redacci\u00f3n<\/p>\n<p><span style=\"font-weight: 400;\">En sesi\u00f3n ordinaria, diputadas y diputados integrantes de la <\/span><b>LXVI Legislatura<\/b><span style=\"font-weight: 400;\"> avalaron con 26 votos a favor, cero en contra y cero abstenciones, el dictamen que aprueba al municipio de Singuilucan la solicitud para gestionar y contratar con alguna instituci\u00f3n financiera o de cr\u00e9dito, que ofrezca las mejores condiciones de mercado, un financiamiento de largo plazo hasta por el monto de 5 millones 602 mil 797.78 pesos, con fuente de pago del Fondo de Aportaciones para la Infraestructura Social Municipal y de las demarcaciones territoriales del Distrito Federal; adem\u00e1s de instrumentar el mecanismo de pago del financiamiento que contrate, emitido por la primera Comisi\u00f3n Permanente de Hacienda y Presupuesto.<\/span><\/p>\n<p><span style=\"font-weight: 400;\">La legisladora <\/span><b>Lizbeth Irais Ordaz Islas<\/b><span style=\"font-weight: 400;\"> (Morena) indic\u00f3 que dicho recurso deber\u00e1 ser pagado en su totalidad en un plazo m\u00e1ximo que no exceda de un mes previo a la conclusi\u00f3n del periodo constitucional de la administraci\u00f3n municipal, esto es, sin exceder el 2 de agosto de 2027.<\/span><\/p>\n<p>&nbsp;<\/p>\n<p><b>Acuerdos econ\u00f3micos<\/b><\/p>\n<p><b>Prevenci\u00f3n de los asaltos violentos contra transportistas<\/b><\/p>\n<p><span style=\"font-weight: 400;\">Tambi\u00e9n aprobaron con 26 votos a favor, cero en contra y cero abstenciones, el acuerdo econ\u00f3mico en materia de prevenci\u00f3n de los asaltos violentos contra transportistas en la Ruta 57 y Arco Norte, emitido por la primera Comisi\u00f3n Permanente de Seguridad Ciudadana y Justicia.<\/span><\/p>\n<p><span style=\"font-weight: 400;\">El legislador <\/span><b>Jos\u00e9 Luis Rodr\u00edguez Higareda <\/b><span style=\"font-weight: 400;\">(Morena), promovente del acuerdo, record\u00f3 que se solicita a la Guardia Nacional a fortalecer labores de vigilancia, prevenci\u00f3n y combate a la delincuencia en las carreteras federales, valorando la viabilidad de establecer retenes oficiales identificados con claridad, personal capacitado e identificado, a fin de evitar la clonaci\u00f3n y o suplantaci\u00f3n.<\/span><\/p>\n<p>&nbsp;<\/p>\n<p><b>Vigilancia y prevenci\u00f3n del delito de robo en las instituciones educativas<\/b><\/p>\n<p><span style=\"font-weight: 400;\">Adem\u00e1s, aprobaron con 24 votos a favor, cero en contra y cero abstenciones, el acuerdo econ\u00f3mico que exhorta a las secretar\u00edas de Seguridad P\u00fablica y de Educaci\u00f3n P\u00fablica del Estado de Hidalgo a establecer medidas en materia de vigilancia y prevenci\u00f3n del delito de robo en las instituciones educativas, promovido por el diputado <\/span><b>Avelino Tovar Iglesias<\/b><span style=\"font-weight: 400;\"> (PVEM) y emitido por la primera Comisi\u00f3n Permanente de Seguridad Ciudadana y Justicia.<\/span><\/p>\n<p><span style=\"font-weight: 400;\">El legislador <\/span><b>Marco Antonio Mendoza Bustamante <\/b><span style=\"font-weight: 400;\">(PRI) detall\u00f3 que, en coordinaci\u00f3n con los municipios, dichas dependencias deber\u00e1n establecer medidas eficaces en materia de vigilancia y prevenci\u00f3n del delito de robo en escuelas.<\/span><\/p>\n<p>&nbsp;<\/p>\n<p><b>Implementaci\u00f3n de un programa de desarme civil<\/b><\/p>\n<p><span style=\"font-weight: 400;\">Asimismo, aprobaron con 24 votos a favor, cero en contra y cero abstenciones, el acuerdo econ\u00f3mico que exhorta a la Secretar\u00eda de la Defensa Nacional a implementar un programa de desarme civil en la entidad, emitido por la primera Comisi\u00f3n Permanente de Seguridad Ciudadana y Justicia.<\/span><\/p>\n<p><span style=\"font-weight: 400;\">La diputada <\/span><b>Lizbeth Ira\u00eds Ordaz Islas<\/b><span style=\"font-weight: 400;\"> (Morena), una de las y los promoventes del acuerdo, indic\u00f3 que se deber\u00e1 dar prioridad a los municipios con mayores \u00edndices directivos relacionados con armas de fuego, con base en datos del Secretariado Ejecutivo del Sistema Nacional de Seguridad P\u00fablica y otras fuentes oficiales.<\/span><\/p>\n<p><span style=\"font-weight: 400;\">La legisladora <\/span><b>Hilda Miranda Miranda<\/b><span style=\"font-weight: 400;\"> (Morena), tambi\u00e9n promovente del acuerdo, indic\u00f3 que se plantea que las personas puedan entregar sus armas de forma voluntaria, an\u00f3nima y sin consecuencias legales, fomentando as\u00ed una cultura de paz.<\/span><\/p>\n<p>&nbsp;<\/p>\n<p><b>Fortalecimiento de medidas de supervisi\u00f3n y vigilancia de motocicletas<\/b><\/p>\n<p><span style=\"font-weight: 400;\">Por otro lado, aprobaron con 24 votos a favor, cero en contra y cero abstenciones, el acuerdo econ\u00f3mico que exhorta a las secretar\u00edas de Seguridad P\u00fablica del estado, en materia de fortalecimiento de las medidas de supervisi\u00f3n y vigilancia, con el fin de evitar que conductores de motocicletas transporten menores de 12 a\u00f1os, emitido por la primera Comisi\u00f3n Permanente de Seguridad Ciudadana y Justicia.<\/span><\/p>\n<p><span style=\"font-weight: 400;\">La legisladora <\/span><b>M\u00f3nica Leanett Reyes Mart\u00ednez<\/b><span style=\"font-weight: 400;\"> (Nueva Alianza) explic\u00f3 que tambi\u00e9n se busca evitar que transporten personas cuya estatura sea menor a 1.35 cent\u00edmetros que no puedan sujetarse por sus propios medios o no alcancen el posapi\u00e9.<\/span><\/p>\n<p><span style=\"font-weight: 400;\">La diputada <\/span><b>Yarabi Gonz\u00e1lez Mart\u00ednez<\/b><span style=\"font-weight: 400;\">, promovente del acuerdo junto con los diputados <\/span><b>Andr\u00e9s Vel\u00e1zquez V\u00e1zquez<\/b><span style=\"font-weight: 400;\"> y <\/span><b>Juan Pablo Escalante Urb\u00e1n <\/b><span style=\"font-weight: 400;\">(Morena), lament\u00f3 el alto porcentaje de motociclistas involucrados en accidentes fatales a nivel nacional, \u201cmuchos de ellos sin licencia, los continuos reportes de prensa en Hidalgo sobre accidentes con menores de edad al volante son la prueba de que las leyes no se est\u00e1n aplicando de una manera efectiva\u201d.<\/span><\/p>\n<p><b>Iniciativas<\/b><\/p>\n<p><b>Incorporaci\u00f3n del principio de la sostenibilidad<\/b><\/p>\n<p><span style=\"font-weight: 400;\">El diputado <\/span><b>Jos\u00e9 Luis Rodr\u00edguez Higareda<\/b><span style=\"font-weight: 400;\"> (Morena) present\u00f3 la iniciativa que reforma la Ley de Desarrollo Agr\u00edcola Sustentable para el Estado de Hidalgo, con el fin de incorporar el principio de la sostenibilidad, acogi\u00e9ndolo dentro de los objetivos gen\u00e9ricos de la ley y los principios rectores de la planeaci\u00f3n agr\u00edcola, para definirlo en los t\u00e9rminos adoptados por la Organizaci\u00f3n de las Naciones Unidas, y con base en ello, establecer como un objetivo espec\u00edfico la promoci\u00f3n de la coordinaci\u00f3n entre los tres \u00f3rdenes de gobierno, los agricultores y los sectores de la sociedad organizada.<\/span><\/p>\n<p>&nbsp;<\/p>\n<p><b>Redes sociales y servicio de mensajer\u00eda instant\u00e1nea<\/b><\/p>\n<p><span style=\"font-weight: 400;\">El legislador <\/span><b>Marco Antonio Mendoza Bustamante<\/b><span style=\"font-weight: 400;\"> (PRI) propuso la iniciativa que reforma la Ley de los Derechos de Ni\u00f1as, Ni\u00f1os y Adolescentes para el Estado de Hidalgo, con la finalidad de establecer lo que debe entenderse por red social y servicio de mensajer\u00eda instant\u00e1nea, con lo cual se evitar\u00e1n interpretaciones err\u00f3neas y subjetivas, garantizando as\u00ed los derechos de las personas, las juventudes e infancias.<\/span><\/p>\n<p>&nbsp;<\/p>\n<p><b>Regulaci\u00f3n de procedimientos m\u00e9dicos y quir\u00fargicos<\/b><\/p>\n<p><span style=\"font-weight: 400;\">La legisladora <\/span><b>Karla Perales Arrieta<\/b><span style=\"font-weight: 400;\"> (MC) present\u00f3 la iniciativa que reforma la Ley de Salud para el Estado de Hidalgo, con el prop\u00f3sito de proteger la salud, integridad f\u00edsica y psicol\u00f3gica de las personas, especialmente de ni\u00f1as, ni\u00f1os y adolescentes, mediante la regulaci\u00f3n de los procedimientos m\u00e9dicos y quir\u00fargicos con fines est\u00e9ticos, garantizando que \u00e9stas intervenciones se realicen bajo condiciones seguras, priorizando el bienestar y desarrollo integral de las personas menores de 18 a\u00f1os de edad.<\/span><\/p>\n<p>&nbsp;<\/p>\n<p><b>Lectura con perspectiva de g\u00e9nero<\/b><\/p>\n<p><span style=\"font-weight: 400;\">El diputado <\/span><b>Carlos Alejandro Alc\u00e1ntara Carbajal<\/b><span style=\"font-weight: 400;\"> (MC) y las diputadas <\/span><b>Tania Er\u00e9ndira Meza Escorza<\/b><span style=\"font-weight: 400;\">, <\/span><b>Cynthia Citlali Delgado Mendoza<\/b><span style=\"font-weight: 400;\">, <\/span><b>Diana Rangel Z\u00fa\u00f1iga<\/b><span style=\"font-weight: 400;\"> y <\/span><b>Paloma Barrag\u00e1n Santos<\/b><span style=\"font-weight: 400;\"> (Morena) propusieron la iniciativa que reforma la Ley de Fomento para la Lectura y el Libro del Estado de Hidalgo, con el objetivo de incorporar la perspectiva de g\u00e9nero como principio orientador en las acciones y pol\u00edticas p\u00fablicas relacionadas con la promoci\u00f3n de la lectura, buscando garantizar que talleres y c\u00edrculos de lectura, m\u00e9todos de comprensi\u00f3n lectora y dem\u00e1s acciones impulsadas por el estado reconozcan, cuestionen y transformen los estereotipos y desigualdades de g\u00e9nero.<\/span><\/p>\n<p><b>Ampliaci\u00f3n de la tipificaci\u00f3n del delito de reclutamiento<\/b><\/p>\n<p><span style=\"font-weight: 400;\">La legisladora <\/span><b>Yarabi Gonz\u00e1lez Mart\u00ednez<\/b><span style=\"font-weight: 400;\"> (Morena) detall\u00f3 la iniciativa que modifica el C\u00f3digo Penal y la Ley de los Derechos de Ni\u00f1as, Ni\u00f1os y Adolescentes para el Estado de Hidalgo, con el prop\u00f3sito de ampliar la tipificaci\u00f3n del delito de reclutamiento, sobre todo, para establecer las bases de la protecci\u00f3n y salvaguarda de los derechos de menores de edad que han participado en distintos il\u00edcitos, garantizando su acceso a programas de protecci\u00f3n, atenci\u00f3n integral y reinserci\u00f3n social.<\/span><\/p>\n<p>&nbsp;<\/p>\n<p><b>Asuntos generales<\/b><\/p>\n<p><b>Combate a la proliferaci\u00f3n del mosquito c\u00falex<\/b><\/p>\n<p><span style=\"font-weight: 400;\">El legislador <\/span><b>Jos\u00e9 Luis Rodr\u00edguez Higareda<\/b><span style=\"font-weight: 400;\"> (Morena) alert\u00f3 sobre la emergencia sanitaria que padece la regi\u00f3n de Tula ante la proliferaci\u00f3n del mosquito c\u00falex en la presa Endh\u00f3 e hizo un llamado urgente a las autoridades competentes a sumar esfuerzos para controlar esta plaga.<\/span><\/p>\n<p>&nbsp;<\/p>\n<p><b>Otros puntos en la orden del d\u00eda<\/b><\/p>\n<p><span style=\"font-weight: 400;\">La diputada <\/span><b>M\u00f3nica Leanett Reyes Mart\u00ednez<\/b><span style=\"font-weight: 400;\"> (Nueva Alianza), inform\u00f3 el procedimiento de comparecencias relativas al tercer informe del estado que guardan los diversos ramos de la administraci\u00f3n p\u00fablica estatal, cuyo calendario qued\u00f3 establecido de la siguiente manera:<\/span><\/p>\n<p><b>Lunes 13 de octubre<\/b><\/p>\n<p><span style=\"font-weight: 400;\">11 a 13 horas, Guillermo Olivares Reyna, secretario de Gobierno.<\/span><\/p>\n<p><span style=\"font-weight: 400;\">16 a 18 horas, Elizabeth Quintanar G\u00f3mez, secretaria de Turismo.<\/span><\/p>\n<p>&nbsp;<\/p>\n<p><b>Martes 14 de octubre<\/b><\/p>\n<p><span style=\"font-weight: 400;\">11 a 13 horas, Mar\u00eda Esther Ram\u00edrez Vargas, secretaria de Hacienda.<\/span><\/p>\n<p><span style=\"font-weight: 400;\">16 a 18 horas, Natividad Castrej\u00f3n Valdez, secretario de Educaci\u00f3n P\u00fablica.<\/span><\/p>\n<p>&nbsp;<\/p>\n<p><b>Mi\u00e9rcoles 15 de octubre<\/b><\/p>\n<p><span style=\"font-weight: 400;\">11 a 13 horas, Miguel \u00c1ngel Tello Vargas, titular de la Unidad de Planeaci\u00f3n y Prospectiva.<\/span><\/p>\n<p>&nbsp;<\/p>\n<p><b>Jueves 16 de octubre<\/b><\/p>\n<p><span style=\"font-weight: 400;\">11 a 13 horas, Neyda Naranjo Baltazar, secretaria de Cultura.<\/span><\/p>\n<p><span style=\"font-weight: 400;\">16 a 18 horas, Napole\u00f3n Gonz\u00e1lez P\u00e9rez, secretario de Agricultura y Desarrollo Rural.<\/span><\/p>\n<p>&nbsp;<\/p>\n<p><b>Viernes 17 de octubre<\/b><\/p>\n<p><span style=\"font-weight: 400;\">9 a 11 horas, Ricardo G\u00f3mez Moreno, secretario de Bienestar e Inclusi\u00f3n Social.<\/span><\/p>\n<p><span style=\"font-weight: 400;\">16 a 18 horas, \u00d3scar Javier Gonz\u00e1lez Hern\u00e1ndez, secretario de Trabajo y Previsi\u00f3n Social.<\/span><\/p>\n<p>&nbsp;<\/p>\n<p><b>Lunes 20 de octubre<\/b><\/p>\n<p><span style=\"font-weight: 400;\">11 a 13 horas, \u00c1lvaro Bardales Ram\u00edrez, secretario de Contralor\u00eda.<\/span><\/p>\n<p><span style=\"font-weight: 400;\">16 a 18 horas, Carlos Henkel Escorza, secretario de Desarrollo Econ\u00f3mico.<\/span><\/p>\n<p>&nbsp;<\/p>\n<p><b>Martes 21 de octubre<\/b><\/p>\n<p><span style=\"font-weight: 400;\">11 a 13 horas, Vanesa Escalante Arroyo, secretaria de Salud.<\/span><\/p>\n<p><span style=\"font-weight: 400;\">16 a 18 horas, Lyzbeth Robles Guti\u00e9rrez, secretaria de Movilidad y Transporte.<\/span><\/p>\n<p>&nbsp;<\/p>\n<p><b>Mi\u00e9rcoles 22 de octubre<\/b><\/p>\n<p><span style=\"font-weight: 400;\">11 a 13 horas, Francisco Fern\u00e1ndez Hasb\u00fan, encargado de la Procuradur\u00eda General de Justicia.<\/span><\/p>\n<p><span style=\"font-weight: 400;\">16 a 18 horas, M\u00f3nica Patricia Mixtega Trejo, secretaria de Medio Ambiente y Recursos Naturales.<\/span><\/p>\n<p>&nbsp;<\/p>\n<p><b>Jueves 23 de octubre<\/b><\/p>\n<p><span style=\"font-weight: 400;\">11 a 13 horas, Alejandro S\u00e1nchez Garc\u00eda, secretario de Infraestructura y Desarrollo Urbano y Sostenible.<\/span><\/p>\n<p><span style=\"font-weight: 400;\">16 a 18 horas, Salvador Cruz Neri, secretario de Seguridad P\u00fablica.<\/span><\/p>\n","protected":false},"excerpt":{"rendered":"<p>Redacci\u00f3n En sesi\u00f3n ordinaria, diputadas y diputados integrantes de la LXVI Legislatura avalaron con 26 votos a favor, cero en contra y cero abstenciones, el dictamen que aprueba al municipio de Singuilucan la solicitud para gestionar y contratar con alguna instituci\u00f3n financiera o de cr\u00e9dito, que ofrezca las mejores condiciones de mercado, un financiamiento de<\/p>\n","protected":false},"author":2,"featured_media":5181,"comment_status":"open","ping_status":"open","sticky":false,"template":"","format":"standard","meta":{"footnotes":""},"categories":[31,44],"tags":[],"class_list":{"0":"post-5180","1":"post","2":"type-post","3":"status-publish","4":"format-standard","5":"has-post-thumbnail","7":"category-hidalgo","8":"category-minuto-a-minuto"},"yoast_head":"<!-- This site is optimized with the Yoast SEO plugin v26.1.1 - https:\/\/yoast.com\/wordpress\/plugins\/seo\/ -->\n<title>Legisladores autorizan al municipio de Singuilucan contratar cr\u00e9dito de m\u00e1s de 5 millones de pesos - El Cardinal<\/title>\n<meta name=\"robots\" content=\"index, follow, max-snippet:-1, max-image-preview:large, max-video-preview:-1\" \/>\n<link rel=\"canonical\" href=\"https:\/\/elcardinal.com\/?p=5180\" \/>\n<meta property=\"og:locale\" content=\"es_MX\" \/>\n<meta property=\"og:type\" content=\"article\" \/>\n<meta property=\"og:title\" content=\"Legisladores autorizan al municipio de Singuilucan contratar cr\u00e9dito de m\u00e1s de 5 millones de pesos - El Cardinal\" \/>\n<meta property=\"og:description\" content=\"Redacci\u00f3n En sesi\u00f3n ordinaria, diputadas y diputados integrantes de la LXVI Legislatura avalaron con 26 votos a favor, cero en contra y cero abstenciones, el dictamen que aprueba al municipio de Singuilucan la solicitud para gestionar y contratar con alguna instituci\u00f3n financiera o de cr\u00e9dito, que ofrezca las mejores condiciones de mercado, un financiamiento de\" \/>\n<meta property=\"og:url\" content=\"https:\/\/elcardinal.com\/?p=5180\" \/>\n<meta property=\"og:site_name\" content=\"El Cardinal\" \/>\n<meta property=\"article:publisher\" content=\"https:\/\/www.facebook.com\/profile.php?id=100063093107011\" \/>\n<meta property=\"article:published_time\" content=\"2025-10-09T05:17:55+00:00\" \/>\n<meta property=\"og:image\" content=\"https:\/\/elcardinal.com\/wp-content\/uploads\/2025\/10\/Sesion-08.10.2025-ordinaria-15.jpg\" \/>\n\t<meta property=\"og:image:width\" content=\"2400\" \/>\n\t<meta property=\"og:image:height\" content=\"1600\" \/>\n\t<meta property=\"og:image:type\" content=\"image\/jpeg\" \/>\n<meta name=\"author\" content=\"Antonio Alcaraz\" \/>\n<meta name=\"twitter:card\" content=\"summary_large_image\" \/>\n<meta name=\"twitter:creator\" content=\"@ElCardinal_Mx\" \/>\n<meta name=\"twitter:site\" content=\"@ElCardinal_Mx\" \/>\n<meta name=\"twitter:label1\" content=\"Escrito por\" \/>\n\t<meta name=\"twitter:data1\" content=\"Antonio Alcaraz\" \/>\n\t<meta name=\"twitter:label2\" content=\"Tiempo de lectura\" \/>\n\t<meta name=\"twitter:data2\" content=\"7 minutos\" \/>\n<script type=\"application\/ld+json\" class=\"yoast-schema-graph\">{\"@context\":\"https:\/\/schema.org\",\"@graph\":[{\"@type\":\"Article\",\"@id\":\"https:\/\/elcardinal.com\/?p=5180#article\",\"isPartOf\":{\"@id\":\"https:\/\/elcardinal.com\/?p=5180\"},\"author\":{\"name\":\"Antonio Alcaraz\",\"@id\":\"https:\/\/elcardinal.com\/#\/schema\/person\/3c352ec0a33987fe275c0e8a2ea69f8b\"},\"headline\":\"Legisladores autorizan al municipio de Singuilucan contratar cr\u00e9dito de m\u00e1s de 5 millones de pesos\",\"datePublished\":\"2025-10-09T05:17:55+00:00\",\"mainEntityOfPage\":{\"@id\":\"https:\/\/elcardinal.com\/?p=5180\"},\"wordCount\":1610,\"commentCount\":0,\"publisher\":{\"@id\":\"https:\/\/elcardinal.com\/#organization\"},\"image\":{\"@id\":\"https:\/\/elcardinal.com\/?p=5180#primaryimage\"},\"thumbnailUrl\":\"https:\/\/elcardinal.com\/wp-content\/uploads\/2025\/10\/Sesion-08.10.2025-ordinaria-15.jpg\",\"articleSection\":[\"Hidalgo\",\"Minuto a Minuto\"],\"inLanguage\":\"es\",\"potentialAction\":[{\"@type\":\"CommentAction\",\"name\":\"Comment\",\"target\":[\"https:\/\/elcardinal.com\/?p=5180#respond\"]}]},{\"@type\":\"WebPage\",\"@id\":\"https:\/\/elcardinal.com\/?p=5180\",\"url\":\"https:\/\/elcardinal.com\/?p=5180\",\"name\":\"Legisladores autorizan al municipio de Singuilucan contratar cr\u00e9dito de m\u00e1s de 5 millones de pesos - El Cardinal\",\"isPartOf\":{\"@id\":\"https:\/\/elcardinal.com\/#website\"},\"primaryImageOfPage\":{\"@id\":\"https:\/\/elcardinal.com\/?p=5180#primaryimage\"},\"image\":{\"@id\":\"https:\/\/elcardinal.com\/?p=5180#primaryimage\"},\"thumbnailUrl\":\"https:\/\/elcardinal.com\/wp-content\/uploads\/2025\/10\/Sesion-08.10.2025-ordinaria-15.jpg\",\"datePublished\":\"2025-10-09T05:17:55+00:00\",\"breadcrumb\":{\"@id\":\"https:\/\/elcardinal.com\/?p=5180#breadcrumb\"},\"inLanguage\":\"es\",\"potentialAction\":[{\"@type\":\"ReadAction\",\"target\":[\"https:\/\/elcardinal.com\/?p=5180\"]}]},{\"@type\":\"ImageObject\",\"inLanguage\":\"es\",\"@id\":\"https:\/\/elcardinal.com\/?p=5180#primaryimage\",\"url\":\"https:\/\/elcardinal.com\/wp-content\/uploads\/2025\/10\/Sesion-08.10.2025-ordinaria-15.jpg\",\"contentUrl\":\"https:\/\/elcardinal.com\/wp-content\/uploads\/2025\/10\/Sesion-08.10.2025-ordinaria-15.jpg\",\"width\":2400,\"height\":1600},{\"@type\":\"BreadcrumbList\",\"@id\":\"https:\/\/elcardinal.com\/?p=5180#breadcrumb\",\"itemListElement\":[{\"@type\":\"ListItem\",\"position\":1,\"name\":\"Inicio\",\"item\":\"https:\/\/elcardinal.com\/\"},{\"@type\":\"ListItem\",\"position\":2,\"name\":\"Legisladores autorizan al municipio de Singuilucan contratar cr\u00e9dito de m\u00e1s de 5 millones de pesos\"}]},{\"@type\":\"WebSite\",\"@id\":\"https:\/\/elcardinal.com\/#website\",\"url\":\"https:\/\/elcardinal.com\/\",\"name\":\"El Cardinal\",\"description\":\"Periodismo honesto, con valor, sentido humano, a veces sarc\u00e1stico y divertido.\",\"publisher\":{\"@id\":\"https:\/\/elcardinal.com\/#organization\"},\"alternateName\":\"El Cardinal Noticias\",\"potentialAction\":[{\"@type\":\"SearchAction\",\"target\":{\"@type\":\"EntryPoint\",\"urlTemplate\":\"https:\/\/elcardinal.com\/?s={search_term_string}\"},\"query-input\":{\"@type\":\"PropertyValueSpecification\",\"valueRequired\":true,\"valueName\":\"search_term_string\"}}],\"inLanguage\":\"es\"},{\"@type\":\"Organization\",\"@id\":\"https:\/\/elcardinal.com\/#organization\",\"name\":\"El Cardinal\",\"url\":\"https:\/\/elcardinal.com\/\",\"logo\":{\"@type\":\"ImageObject\",\"inLanguage\":\"es\",\"@id\":\"https:\/\/elcardinal.com\/#\/schema\/logo\/image\/\",\"url\":\"https:\/\/elcardinal.com\/wp-content\/uploads\/2025\/04\/LOGO-EL-CARDINAL-Periodismo-con-valor.png\",\"contentUrl\":\"https:\/\/elcardinal.com\/wp-content\/uploads\/2025\/04\/LOGO-EL-CARDINAL-Periodismo-con-valor.png\",\"width\":755,\"height\":636,\"caption\":\"El Cardinal\"},\"image\":{\"@id\":\"https:\/\/elcardinal.com\/#\/schema\/logo\/image\/\"},\"sameAs\":[\"https:\/\/www.facebook.com\/profile.php?id=100063093107011\",\"https:\/\/x.com\/ElCardinal_Mx\"]},{\"@type\":\"Person\",\"@id\":\"https:\/\/elcardinal.com\/#\/schema\/person\/3c352ec0a33987fe275c0e8a2ea69f8b\",\"name\":\"Antonio Alcaraz\",\"image\":{\"@type\":\"ImageObject\",\"inLanguage\":\"es\",\"@id\":\"https:\/\/elcardinal.com\/#\/schema\/person\/image\/\",\"url\":\"https:\/\/elcardinal.com\/wp-content\/uploads\/2025\/05\/cropped-TONO-96x96.jpg\",\"contentUrl\":\"https:\/\/elcardinal.com\/wp-content\/uploads\/2025\/05\/cropped-TONO-96x96.jpg\",\"caption\":\"Antonio Alcaraz\"},\"url\":\"https:\/\/elcardinal.com\/?author=2\"}]}<\/script>\n<!-- \/ Yoast SEO plugin. -->","yoast_head_json":{"title":"Legisladores autorizan al municipio de Singuilucan contratar cr\u00e9dito de m\u00e1s de 5 millones de pesos - El Cardinal","robots":{"index":"index","follow":"follow","max-snippet":"max-snippet:-1","max-image-preview":"max-image-preview:large","max-video-preview":"max-video-preview:-1"},"canonical":"https:\/\/elcardinal.com\/?p=5180","og_locale":"es_MX","og_type":"article","og_title":"Legisladores autorizan al municipio de Singuilucan contratar cr\u00e9dito de m\u00e1s de 5 millones de pesos - El Cardinal","og_description":"Redacci\u00f3n En sesi\u00f3n ordinaria, diputadas y diputados integrantes de la LXVI Legislatura avalaron con 26 votos a favor, cero en contra y cero abstenciones, el dictamen que aprueba al municipio de Singuilucan la solicitud para gestionar y contratar con alguna instituci\u00f3n financiera o de cr\u00e9dito, que ofrezca las mejores condiciones de mercado, un financiamiento de","og_url":"https:\/\/elcardinal.com\/?p=5180","og_site_name":"El Cardinal","article_publisher":"https:\/\/www.facebook.com\/profile.php?id=100063093107011","article_published_time":"2025-10-09T05:17:55+00:00","og_image":[{"width":2400,"height":1600,"url":"https:\/\/elcardinal.com\/wp-content\/uploads\/2025\/10\/Sesion-08.10.2025-ordinaria-15.jpg","type":"image\/jpeg"}],"author":"Antonio Alcaraz","twitter_card":"summary_large_image","twitter_creator":"@ElCardinal_Mx","twitter_site":"@ElCardinal_Mx","twitter_misc":{"Escrito por":"Antonio Alcaraz","Tiempo de lectura":"7 minutos"},"schema":{"@context":"https:\/\/schema.org","@graph":[{"@type":"Article","@id":"https:\/\/elcardinal.com\/?p=5180#article","isPartOf":{"@id":"https:\/\/elcardinal.com\/?p=5180"},"author":{"name":"Antonio Alcaraz","@id":"https:\/\/elcardinal.com\/#\/schema\/person\/3c352ec0a33987fe275c0e8a2ea69f8b"},"headline":"Legisladores autorizan al municipio de Singuilucan contratar cr\u00e9dito de m\u00e1s de 5 millones de pesos","datePublished":"2025-10-09T05:17:55+00:00","mainEntityOfPage":{"@id":"https:\/\/elcardinal.com\/?p=5180"},"wordCount":1610,"commentCount":0,"publisher":{"@id":"https:\/\/elcardinal.com\/#organization"},"image":{"@id":"https:\/\/elcardinal.com\/?p=5180#primaryimage"},"thumbnailUrl":"https:\/\/elcardinal.com\/wp-content\/uploads\/2025\/10\/Sesion-08.10.2025-ordinaria-15.jpg","articleSection":["Hidalgo","Minuto a Minuto"],"inLanguage":"es","potentialAction":[{"@type":"CommentAction","name":"Comment","target":["https:\/\/elcardinal.com\/?p=5180#respond"]}]},{"@type":"WebPage","@id":"https:\/\/elcardinal.com\/?p=5180","url":"https:\/\/elcardinal.com\/?p=5180","name":"Legisladores autorizan al municipio de Singuilucan contratar cr\u00e9dito de m\u00e1s de 5 millones de pesos - El Cardinal","isPartOf":{"@id":"https:\/\/elcardinal.com\/#website"},"primaryImageOfPage":{"@id":"https:\/\/elcardinal.com\/?p=5180#primaryimage"},"image":{"@id":"https:\/\/elcardinal.com\/?p=5180#primaryimage"},"thumbnailUrl":"https:\/\/elcardinal.com\/wp-content\/uploads\/2025\/10\/Sesion-08.10.2025-ordinaria-15.jpg","datePublished":"2025-10-09T05:17:55+00:00","breadcrumb":{"@id":"https:\/\/elcardinal.com\/?p=5180#breadcrumb"},"inLanguage":"es","potentialAction":[{"@type":"ReadAction","target":["https:\/\/elcardinal.com\/?p=5180"]}]},{"@type":"ImageObject","inLanguage":"es","@id":"https:\/\/elcardinal.com\/?p=5180#primaryimage","url":"https:\/\/elcardinal.com\/wp-content\/uploads\/2025\/10\/Sesion-08.10.2025-ordinaria-15.jpg","contentUrl":"https:\/\/elcardinal.com\/wp-content\/uploads\/2025\/10\/Sesion-08.10.2025-ordinaria-15.jpg","width":2400,"height":1600},{"@type":"BreadcrumbList","@id":"https:\/\/elcardinal.com\/?p=5180#breadcrumb","itemListElement":[{"@type":"ListItem","position":1,"name":"Inicio","item":"https:\/\/elcardinal.com\/"},{"@type":"ListItem","position":2,"name":"Legisladores autorizan al municipio de Singuilucan contratar cr\u00e9dito de m\u00e1s de 5 millones de pesos"}]},{"@type":"WebSite","@id":"https:\/\/elcardinal.com\/#website","url":"https:\/\/elcardinal.com\/","name":"El Cardinal","description":"Periodismo honesto, con valor, sentido humano, a veces sarc\u00e1stico y divertido.","publisher":{"@id":"https:\/\/elcardinal.com\/#organization"},"alternateName":"El Cardinal Noticias","potentialAction":[{"@type":"SearchAction","target":{"@type":"EntryPoint","urlTemplate":"https:\/\/elcardinal.com\/?s={search_term_string}"},"query-input":{"@type":"PropertyValueSpecification","valueRequired":true,"valueName":"search_term_string"}}],"inLanguage":"es"},{"@type":"Organization","@id":"https:\/\/elcardinal.com\/#organization","name":"El Cardinal","url":"https:\/\/elcardinal.com\/","logo":{"@type":"ImageObject","inLanguage":"es","@id":"https:\/\/elcardinal.com\/#\/schema\/logo\/image\/","url":"https:\/\/elcardinal.com\/wp-content\/uploads\/2025\/04\/LOGO-EL-CARDINAL-Periodismo-con-valor.png","contentUrl":"https:\/\/elcardinal.com\/wp-content\/uploads\/2025\/04\/LOGO-EL-CARDINAL-Periodismo-con-valor.png","width":755,"height":636,"caption":"El Cardinal"},"image":{"@id":"https:\/\/elcardinal.com\/#\/schema\/logo\/image\/"},"sameAs":["https:\/\/www.facebook.com\/profile.php?id=100063093107011","https:\/\/x.com\/ElCardinal_Mx"]},{"@type":"Person","@id":"https:\/\/elcardinal.com\/#\/schema\/person\/3c352ec0a33987fe275c0e8a2ea69f8b","name":"Antonio Alcaraz","image":{"@type":"ImageObject","inLanguage":"es","@id":"https:\/\/elcardinal.com\/#\/schema\/person\/image\/","url":"https:\/\/elcardinal.com\/wp-content\/uploads\/2025\/05\/cropped-TONO-96x96.jpg","contentUrl":"https:\/\/elcardinal.com\/wp-content\/uploads\/2025\/05\/cropped-TONO-96x96.jpg","caption":"Antonio Alcaraz"},"url":"https:\/\/elcardinal.com\/?author=2"}]}},"_links":{"self":[{"href":"https:\/\/elcardinal.com\/index.php?rest_route=\/wp\/v2\/posts\/5180","targetHints":{"allow":["GET"]}}],"collection":[{"href":"https:\/\/elcardinal.com\/index.php?rest_route=\/wp\/v2\/posts"}],"about":[{"href":"https:\/\/elcardinal.com\/index.php?rest_route=\/wp\/v2\/types\/post"}],"author":[{"embeddable":true,"href":"https:\/\/elcardinal.com\/index.php?rest_route=\/wp\/v2\/users\/2"}],"replies":[{"embeddable":true,"href":"https:\/\/elcardinal.com\/index.php?rest_route=%2Fwp%2Fv2%2Fcomments&post=5180"}],"version-history":[{"count":1,"href":"https:\/\/elcardinal.com\/index.php?rest_route=\/wp\/v2\/posts\/5180\/revisions"}],"predecessor-version":[{"id":5182,"href":"https:\/\/elcardinal.com\/index.php?rest_route=\/wp\/v2\/posts\/5180\/revisions\/5182"}],"wp:featuredmedia":[{"embeddable":true,"href":"https:\/\/elcardinal.com\/index.php?rest_route=\/wp\/v2\/media\/5181"}],"wp:attachment":[{"href":"https:\/\/elcardinal.com\/index.php?rest_route=%2Fwp%2Fv2%2Fmedia&parent=5180"}],"wp:term":[{"taxonomy":"category","embeddable":true,"href":"https:\/\/elcardinal.com\/index.php?rest_route=%2Fwp%2Fv2%2Fcategories&post=5180"},{"taxonomy":"post_tag","embeddable":true,"href":"https:\/\/elcardinal.com\/index.php?rest_route=%2Fwp%2Fv2%2Ftags&post=5180"}],"curies":[{"name":"wp","href":"https:\/\/api.w.org\/{rel}","templated":true}]}}