{"id":5199,"date":"2025-10-16T23:00:33","date_gmt":"2025-10-17T05:00:33","guid":{"rendered":"https:\/\/elcardinal.com\/?p=5199"},"modified":"2025-10-16T23:00:33","modified_gmt":"2025-10-17T05:00:33","slug":"rechazan-exhorto-para-analizar-la-reactivacion-del-fondo-de-desastres-naturales","status":"publish","type":"post","link":"https:\/\/elcardinal.com\/?p=5199","title":{"rendered":"Rechazan exhorto para analizar la reactivaci\u00f3n del Fondo de Desastres Naturales"},"content":{"rendered":"<p>Redacci\u00f3n<\/p>\n<p><span style=\"font-weight: 400;\">En sesi\u00f3n ordinaria realizada de manera h\u00edbrida, diputadas y diputados integrantes de la <\/span><b>LXVI Legislatura<\/b><span style=\"font-weight: 400;\"> rechazaron con 16 votos en contra, cinco a favor y dos abstenciones, el acuerdo econ\u00f3mico que exhorta al secretario de Gobierno y a la titular de la Secretar\u00eda Hacienda del estado, as\u00ed como al Congreso de la Uni\u00f3n y al titular de la Secretar\u00eda de Hacienda y Cr\u00e9dito P\u00fablico federal, a fortalecer la transparencia en el uso del Fondo Estatal para la Atenci\u00f3n de Desastres Naturales y analizar la reactivaci\u00f3n del Fondo de Desastres Naturales (Fonden).<\/span><\/p>\n<p><span style=\"font-weight: 400;\">La diputada <\/span><b>Claudia Lilia Luna Islas<\/b><span style=\"font-weight: 400;\"> (PAN), promovente del acuerdo, indic\u00f3 que se solicita transparencia y rendici\u00f3n de cuentas sobre los recursos aplicados para la atenci\u00f3n de los recientes fen\u00f3menos naturales en el estado, asegurando que dichos apoyos lleguen efectivamente a la poblaci\u00f3n afectada.<\/span><\/p>\n<p><span style=\"font-weight: 400;\">En la discusi\u00f3n del acuerdo, el legislador <\/span><b>Juan Pablo Escalante Urb\u00e1n<\/b><span style=\"font-weight: 400;\"> (Morena) asever\u00f3 que la desaparici\u00f3n del Fonden fue un acto que busc\u00f3 erradicar la corrupci\u00f3n y la mala gesti\u00f3n de recursos que hist\u00f3ricamente han afectado al pa\u00eds.<\/span><\/p>\n<p><span style=\"font-weight: 400;\">El diputado <\/span><b>Carlos Alejandro Alc\u00e1ntara Carbajal<\/b><span style=\"font-weight: 400;\"> (MC) record\u00f3 que transparentar los recursos es una obligaci\u00f3n moral con las personas que est\u00e1n atravesando la reconstrucci\u00f3n de los municipios afectados, \u201cnos va a costar m\u00e1s tiempo reconstruir centros de trabajo, escuela, casas y las vidas de las personas que hoy ven afectado su patrimonio\u201d.<\/span><\/p>\n<p><span style=\"font-weight: 400;\">La legisladora <\/span><b>Johana Montcerrat Hern\u00e1ndez P\u00e9rez<\/b><span style=\"font-weight: 400;\"> (PRI) precis\u00f3 que el Fonden se cre\u00f3 para apoyar a la poblaci\u00f3n, \u201cen este momento la gente all\u00e1 afuera no est\u00e1 esperando discursos vac\u00edos, est\u00e1 esperando que los apoyen\u201d.<\/span><\/p>\n<p><span style=\"font-weight: 400;\">El diputado <\/span><b>Miguel \u00c1ngel Moreno Zamora<\/b><span style=\"font-weight: 400;\"> (Morena) llam\u00f3 a la unidad: \u201ctenemos que construir juntos, cada bancada tiene que hacer lo que le corresponde. No tenemos que hacer las cosas al vapor. Debemos hacerlo con conciencia y claridad\u201d.<\/span><\/p>\n<p><span style=\"font-weight: 400;\">La legisladora <\/span><b>Hilda Miranda Miranda<\/b><span style=\"font-weight: 400;\"> (Morena) asegur\u00f3 que se est\u00e1 actuando de manera responsable y transparente, \u201cquiero sumarme a que este punto se pueda discutir y nos puedan dotar de esta informaci\u00f3n necesaria en las comisiones correspondientes\u201d.<\/span><\/p>\n<p><span style=\"font-weight: 400;\">La diputada <\/span><b>Claudia Lilia Luna Islas <\/b><span style=\"font-weight: 400;\">(PAN) respondi\u00f3 que el tema primordial es que exista un sistema que garantice el recurso para toda la Rep\u00fablica.<\/span><\/p>\n<p><span style=\"font-weight: 400;\">El legislador <\/span><b>Marco Antonio Mendoza Bustamante<\/b><span style=\"font-weight: 400;\"> (PRI) indic\u00f3 que el exhorto es respetuoso y puntual sobre la transparencia y el combate a la corrupci\u00f3n. \u201cestamos discutiendo un exhorto mientras hay gente que est\u00e1 aislada en comunidades, sin poder salir, mientras se les est\u00e1 acabando el agua, mientras no tienen alimentos\u201d.<\/span><\/p>\n<p><span style=\"font-weight: 400;\">La diputada <\/span><b>Tania Er\u00e9ndira Meza Escorza<\/b><span style=\"font-weight: 400;\"> (Morena) asever\u00f3 que el Gobierno del Estado de Hidalgo tiene un compromiso con la transparencia: \u201cestoy segura de que esta informaci\u00f3n ya la tiene\u201d.<\/span><\/p>\n<p><span style=\"font-weight: 400;\">La legisladora <\/span><b>Alma Rosa El\u00edas Paso<\/b><span style=\"font-weight: 400;\"> (Morena) se manifest\u00f3 a favor de solicitar la informaci\u00f3n, \u201ctenemos la cara en alto porque estamos actuando con total transparencia\u201d.<\/span><\/p>\n<p><span style=\"font-weight: 400;\">El diputado <\/span><b>Miguel \u00c1ngel Moreno Zamora<\/b><span style=\"font-weight: 400;\"> (Morena) inform\u00f3 que donar\u00e1 un mes de dieta, \u201cporque eso es lo que de manera directa s\u00ed puedo hacer, de manera r\u00e1pida y efectiva. Los invito a todos a que, si tienen ese compromiso con la sociedad, tambi\u00e9n lo hagan, sin ver colores ni partidismos\u201d.<\/span><\/p>\n<p><span style=\"font-weight: 400;\">El legislador <\/span><b>Marco Antonio Mendoza Bustamante<\/b><span style=\"font-weight: 400;\"> (PRI) se manifest\u00f3 a favor de donar el salario y \u201clos cheques que recibiremos de aqu\u00ed a diciembre y transparentemos c\u00f3mo lo vamos a aportar\u201d.<\/span><\/p>\n<p><span style=\"font-weight: 400;\">La diputada <\/span><b>Claudia Lilia Luna Islas<\/b><span style=\"font-weight: 400;\"> (PAN) reiter\u00f3 que se necesita la informaci\u00f3n del fondo de desastres para saber de d\u00f3nde se va a tomar el dinero.<\/span><\/p>\n<p><span style=\"font-weight: 400;\">El legislador <\/span><b>Juan Pablo Escalante Urb\u00e1n<\/b><span style=\"font-weight: 400;\"> (Morena) invit\u00f3 a las y los legisladores a recorrer el estado y transparentar los recursos \u201cque ponemos de nuestro propio bolsillo para el bienestar de Hidalgo\u201d.<\/span><\/p>\n<p><span style=\"font-weight: 400;\">La diputada <\/span><b>Johana Montcerrat Hern\u00e1ndez P\u00e9rez <\/b><span style=\"font-weight: 400;\">(PRI) inform\u00f3 que ciudadanos est\u00e1n rellenando un puente en la comunidad Naranjos, un puente que se destruy\u00f3, \u201cen esto es donde tenemos que poner atenci\u00f3n\u201d.<\/span><\/p>\n<p><span style=\"font-weight: 400;\">La legisladora <\/span><b>M\u00f3nica Leanett Reyes Mart\u00ednez<\/b><span style=\"font-weight: 400;\"> (Nueva Alianza) pregunt\u00f3 a la promovente del acuerdo \u201c\u00bfcu\u00e1l es la finalidad real de hacer p\u00fablica dicha informaci\u00f3n?\u201d, por lo que la diputada <\/span><b>Claudia Luna<\/b><span style=\"font-weight: 400;\"> (PAN) respondi\u00f3 que solicita esos datos \u201cporque nosotros vamos a decidir si se redirecciona o no el presupuesto\u201d.<\/span><\/p>\n<p><span style=\"font-weight: 400;\">La diputada <\/span><b>Diana Rangel Z\u00fa\u00f1iga<\/b><span style=\"font-weight: 400;\"> (Morena) pidi\u00f3 no perder el punto de vista. \u201cNo perdamos aqu\u00ed lo m\u00e1s importante, que es hacer que la ayuda llegue a donde tenga que llegar. Que la solidaridad se vea reflejada en cada una de estas acciones y que la sensibilidad est\u00e9 presente en cada uno de nosotros\u201d.<\/span><\/p>\n<p><span style=\"font-weight: 400;\">El presidente de la Junta de Gobierno, diputado <\/span><b>Andr\u00e9s Vel\u00e1zquez V\u00e1zquez<\/b><span style=\"font-weight: 400;\"> (Morena) solicit\u00f3 unirse a la ruta de trabajo ante esta emergencia: \u201creitero que todas sus aportaciones son importantes\u201d.<\/span><\/p>\n<p><span style=\"font-weight: 400;\">El legislador <\/span><b>Carlos Alejandro Alc\u00e1ntara Carbajal<\/b><span style=\"font-weight: 400;\"> (MC) mencion\u00f3 que la informaci\u00f3n \u201cnos da poder para tomar decisiones, para no equivocarnos y nos permite estar tranquilos de que se hace lo que se tiene que hacer ante estas emergencias\u201d.<\/span><\/p>\n<p>&nbsp;<\/p>\n<p><b>Acuerdo econ\u00f3mico aprobado<\/b><\/p>\n<p><b>Restablecimiento del Fondo Metropolitano<\/b><\/p>\n<p><span style=\"font-weight: 400;\">Por otro lado, aprobaron con 26 votos a favor, cero en contra y cero abstenciones, el acuerdo econ\u00f3mico que exhorta a la C\u00e1mara de Diputados del Congreso de la Uni\u00f3n a que, durante el an\u00e1lisis, discusi\u00f3n y aprobaci\u00f3n del Presupuesto de Egresos de la Federaci\u00f3n para el ejercicio fiscal 2026, se considere la viabilidad de restablecer el Fondo Metropolitano, emitido por la primera Comisi\u00f3n Permanente de Hacienda y Presupuesto.<\/span><\/p>\n<p><span style=\"font-weight: 400;\">La legisladora <\/span><b>Hilda Miranda Miranda<\/b><span style=\"font-weight: 400;\"> (Morena), promovente del acuerdo junto con el diputado <\/span><b>Andr\u00e9s Vel\u00e1zquez V\u00e1zquez<\/b><span style=\"font-weight: 400;\">, resalt\u00f3 la importancia de solicitar que el fondo regrese con recursos y lineamientos reforzados para el cumplimiento de obras de calidad, seguras y para el correcto manejo del presupuesto asignado a las zonas metropolitanas del pa\u00eds, entre ellas las del Valle de M\u00e9xico, las cuales podr\u00e1n enfrentar con mayor eficiencia problemas de sostenibilidad, movilidad y planeaci\u00f3n urbana.<\/span><\/p>\n<p>&nbsp;<\/p>\n<p><b>Iniciativas<\/b><\/p>\n<p><b>Fortalecimiento al sistema de salud<\/b><\/p>\n<p><span style=\"font-weight: 400;\">Las y los diputados <\/span><b>Andr\u00e9s Vel\u00e1zquez V\u00e1zquez<\/b><span style=\"font-weight: 400;\"> (Morena), <\/span><b>Francisco Javier T\u00e9llez S\u00e1nchez<\/b><span style=\"font-weight: 400;\">, <\/span><b>Orqu\u00eddea Larragoiti Osorio<\/b><span style=\"font-weight: 400;\"> (PT), <\/span><b>Johana Montcerrat Hern\u00e1ndez P\u00e9rez<\/b><span style=\"font-weight: 400;\">, <\/span><b>Marco Antonio Mendoza Bustamante<\/b><span style=\"font-weight: 400;\"> (PRI), <\/span><b>Karla Perales Arrieta<\/b><span style=\"font-weight: 400;\">, <\/span><b>Carlos Alejandro Alc\u00e1ntara Carbajal<\/b><span style=\"font-weight: 400;\"> (MC), <\/span><b>Claudia Lilia Luna Islas<\/b><span style=\"font-weight: 400;\"> (PAN), <\/span><b>Leonel Perusqu\u00eda Muedano <\/b><span style=\"font-weight: 400;\">(PRD) y <\/span><b>Avelino Tovar Iglesias<\/b><span style=\"font-weight: 400;\"> (PVEM) presentaron la iniciativa que reforma la Ley de Salud para el Estado de Hidalgo.<\/span><\/p>\n<p><span style=\"font-weight: 400;\">El presidente de la Junta de Gobierno, diputado <\/span><b>Andr\u00e9s Vel\u00e1zquez<\/b><span style=\"font-weight: 400;\"> explic\u00f3 que la finalidad de la propuesta es fortalecer la capacidad institucional del sistema de salud mediante la creaci\u00f3n de mecanismos que faciliten la colaboraci\u00f3n entre los sectores p\u00fablico y privado. Con ello, se busca optimizar recursos, ampliar la cobertura de atenci\u00f3n m\u00e9dica y garantizar que la poblaci\u00f3n, especialmente en zonas con menor infraestructura sanitaria, tengan un acceso m\u00e1s oportuno, equitativo y continuo a estos servicios.<\/span><\/p>\n<p><span style=\"font-weight: 400;\">En un posicionamiento ante la situaci\u00f3n que atraviesan algunas regiones del estado debido a las afectaciones por lluvias, el legislador precis\u00f3 que Hidalgo cuenta con un Fondo Estatal de Contingencias, un instrumento de protecci\u00f3n financiera dise\u00f1ado para atender emergencias. \u201cFunciona como un seguro, se contrata y se paga de manera anticipada en el Presupuesto de Egresos. Se activa cuando las autoridades acreditan los da\u00f1os y permite disponer de recursos sin comprometer otras \u00e1reas prioritarias. No hay improvisaci\u00f3n, hay previsi\u00f3n y responsabilidad\u201d, asegur\u00f3.<\/span><\/p>\n<p>&nbsp;<\/p>\n<p><b>Asignaci\u00f3n de recursos para municipios afectados<\/b><\/p>\n<p><span style=\"font-weight: 400;\">El legislador <\/span><b>Marco Antonio Mendoza Bustamante<\/b><span style=\"font-weight: 400;\"> (PRI) propuso la iniciativa que reforma el decreto n\u00famero 27-LXVI que autoriza en todas y cada una de sus partes el Presupuesto de Egresos del Estado de Hidalgo para el ejercicio fiscal 2025, con la finalidad de asignar mil 500 millones de pesos a favor de los municipios afectados por el hurac\u00e1n <\/span><i><span style=\"font-weight: 400;\">Priscila<\/span><\/i><span style=\"font-weight: 400;\">, especialmente en zonas con derrumbes, deslaves e inundaciones<\/span><\/p>\n<p>&nbsp;<\/p>\n<p><b>Asuntos generales<\/b><\/p>\n<p><b>Posicionamientos con motivo de las afectaciones derivadas de las intensas lluvias suscitadas en d\u00edas pasados<\/b><\/p>\n<p><span style=\"font-weight: 400;\">El diputado <\/span><b>Francisco Javier T\u00e9llez S\u00e1nchez<\/b><span style=\"font-weight: 400;\"> (PT) indic\u00f3 que para \u201cestar mejor de como est\u00e1bamos, necesitamos no solo del apoyo de quienes conformamos los poderes de gobierno, necesitamos como siempre, de la sociedad\u201d.<\/span><\/p>\n<p><span style=\"font-weight: 400;\">La legisladora <\/span><b>Karla Perales Arrieta<\/b><span style=\"font-weight: 400;\"> (MC) envi\u00f3 su solidaridad a la poblaci\u00f3n afectada: \u201csepan que no est\u00e1n solos y que desde aqu\u00ed vamos a seguir alzando la voz, vamos a seguir trabajando y gestionando desde las posibilidades de cada una de nosotros\u201d.<\/span><\/p>\n<p><span style=\"font-weight: 400;\">La diputada <\/span><b>Diana Rangel Z\u00fa\u00f1iga<\/b><span style=\"font-weight: 400;\"> (Morena) consider\u00f3 inevitable \u201cque no seamos sensibles ante un llamado, mensaje o una publicaci\u00f3n donde vemos c\u00f3mo se ha perdido todo. Y cuando existe esa sensibilidad, nuestra obligaci\u00f3n moral o lo que nos dicta el coraz\u00f3n es acudir al llamado, es ayudar a nuestra gente\u201d.<\/span><\/p>\n<p><span style=\"font-weight: 400;\">La legisladora <\/span><b>Lizbeth Ira\u00eds Ordaz Islas<\/b><span style=\"font-weight: 400;\"> (Morena) manifest\u00f3 que el Congreso ha acompa\u00f1ado al Ejecutivo con responsabilidad. \u201cEn su momento, revisaremos y de acuerdo con el diagn\u00f3stico y dict\u00e1menes t\u00e9cnicos, al momento de discutir el presupuesto, se someter\u00e1 a consideraci\u00f3n cualquier adecuaci\u00f3n necesaria para fortalecer la atenci\u00f3n y la reconstrucci\u00f3n\u201d.<\/span><\/p>\n<p><span style=\"font-weight: 400;\">Al finalizar la sesi\u00f3n, diputadas y diputados guardaron un minuto de silencio en memoria de las personas fallecidas debido a los desastres naturales.<\/span><\/p>\n","protected":false},"excerpt":{"rendered":"<p>Redacci\u00f3n En sesi\u00f3n ordinaria realizada de manera h\u00edbrida, diputadas y diputados integrantes de la LXVI Legislatura rechazaron con 16 votos en contra, cinco a favor y dos abstenciones, el acuerdo econ\u00f3mico que exhorta al secretario de Gobierno y a la titular de la Secretar\u00eda Hacienda del estado, as\u00ed como al Congreso de la Uni\u00f3n y<\/p>\n","protected":false},"author":2,"featured_media":5200,"comment_status":"open","ping_status":"open","sticky":false,"template":"","format":"standard","meta":{"footnotes":""},"categories":[31,44,39],"tags":[],"class_list":{"0":"post-5199","1":"post","2":"type-post","3":"status-publish","4":"format-standard","5":"has-post-thumbnail","7":"category-hidalgo","8":"category-minuto-a-minuto","9":"category-politica"},"yoast_head":"<!-- This site is optimized with the Yoast SEO plugin v26.1.1 - https:\/\/yoast.com\/wordpress\/plugins\/seo\/ -->\n<title>Rechazan exhorto para analizar la reactivaci\u00f3n del Fondo de Desastres Naturales - El Cardinal<\/title>\n<meta name=\"robots\" content=\"index, follow, max-snippet:-1, max-image-preview:large, max-video-preview:-1\" \/>\n<link rel=\"canonical\" href=\"https:\/\/elcardinal.com\/?p=5199\" \/>\n<meta property=\"og:locale\" content=\"es_MX\" \/>\n<meta property=\"og:type\" content=\"article\" \/>\n<meta property=\"og:title\" content=\"Rechazan exhorto para analizar la reactivaci\u00f3n del Fondo de Desastres Naturales - El Cardinal\" \/>\n<meta property=\"og:description\" content=\"Redacci\u00f3n En sesi\u00f3n ordinaria realizada de manera h\u00edbrida, diputadas y diputados integrantes de la LXVI Legislatura rechazaron con 16 votos en contra, cinco a favor y dos abstenciones, el acuerdo econ\u00f3mico que exhorta al secretario de Gobierno y a la titular de la Secretar\u00eda Hacienda del estado, as\u00ed como al Congreso de la Uni\u00f3n y\" \/>\n<meta property=\"og:url\" content=\"https:\/\/elcardinal.com\/?p=5199\" \/>\n<meta property=\"og:site_name\" content=\"El Cardinal\" \/>\n<meta property=\"article:publisher\" content=\"https:\/\/www.facebook.com\/profile.php?id=100063093107011\" \/>\n<meta property=\"article:published_time\" content=\"2025-10-17T05:00:33+00:00\" \/>\n<meta property=\"og:image\" content=\"https:\/\/elcardinal.com\/wp-content\/uploads\/2025\/10\/Sesion-16.10.2025-ordinaria-67.jpg\" \/>\n\t<meta property=\"og:image:width\" content=\"2400\" \/>\n\t<meta property=\"og:image:height\" content=\"1600\" \/>\n\t<meta property=\"og:image:type\" content=\"image\/jpeg\" \/>\n<meta name=\"author\" content=\"Antonio Alcaraz\" \/>\n<meta name=\"twitter:card\" content=\"summary_large_image\" \/>\n<meta name=\"twitter:creator\" content=\"@ElCardinal_Mx\" \/>\n<meta name=\"twitter:site\" content=\"@ElCardinal_Mx\" \/>\n<meta name=\"twitter:label1\" content=\"Escrito por\" \/>\n\t<meta name=\"twitter:data1\" content=\"Antonio Alcaraz\" \/>\n\t<meta name=\"twitter:label2\" content=\"Tiempo de lectura\" \/>\n\t<meta name=\"twitter:data2\" content=\"7 minutos\" \/>\n<script type=\"application\/ld+json\" class=\"yoast-schema-graph\">{\"@context\":\"https:\/\/schema.org\",\"@graph\":[{\"@type\":\"Article\",\"@id\":\"https:\/\/elcardinal.com\/?p=5199#article\",\"isPartOf\":{\"@id\":\"https:\/\/elcardinal.com\/?p=5199\"},\"author\":{\"name\":\"Antonio Alcaraz\",\"@id\":\"https:\/\/elcardinal.com\/#\/schema\/person\/3c352ec0a33987fe275c0e8a2ea69f8b\"},\"headline\":\"Rechazan exhorto para analizar la reactivaci\u00f3n del Fondo de Desastres Naturales\",\"datePublished\":\"2025-10-17T05:00:33+00:00\",\"mainEntityOfPage\":{\"@id\":\"https:\/\/elcardinal.com\/?p=5199\"},\"wordCount\":1607,\"commentCount\":0,\"publisher\":{\"@id\":\"https:\/\/elcardinal.com\/#organization\"},\"image\":{\"@id\":\"https:\/\/elcardinal.com\/?p=5199#primaryimage\"},\"thumbnailUrl\":\"https:\/\/elcardinal.com\/wp-content\/uploads\/2025\/10\/Sesion-16.10.2025-ordinaria-67.jpg\",\"articleSection\":[\"Hidalgo\",\"Minuto a Minuto\",\"Pol\u00edtica\"],\"inLanguage\":\"es\",\"potentialAction\":[{\"@type\":\"CommentAction\",\"name\":\"Comment\",\"target\":[\"https:\/\/elcardinal.com\/?p=5199#respond\"]}]},{\"@type\":\"WebPage\",\"@id\":\"https:\/\/elcardinal.com\/?p=5199\",\"url\":\"https:\/\/elcardinal.com\/?p=5199\",\"name\":\"Rechazan exhorto para analizar la reactivaci\u00f3n del Fondo de Desastres Naturales - El Cardinal\",\"isPartOf\":{\"@id\":\"https:\/\/elcardinal.com\/#website\"},\"primaryImageOfPage\":{\"@id\":\"https:\/\/elcardinal.com\/?p=5199#primaryimage\"},\"image\":{\"@id\":\"https:\/\/elcardinal.com\/?p=5199#primaryimage\"},\"thumbnailUrl\":\"https:\/\/elcardinal.com\/wp-content\/uploads\/2025\/10\/Sesion-16.10.2025-ordinaria-67.jpg\",\"datePublished\":\"2025-10-17T05:00:33+00:00\",\"breadcrumb\":{\"@id\":\"https:\/\/elcardinal.com\/?p=5199#breadcrumb\"},\"inLanguage\":\"es\",\"potentialAction\":[{\"@type\":\"ReadAction\",\"target\":[\"https:\/\/elcardinal.com\/?p=5199\"]}]},{\"@type\":\"ImageObject\",\"inLanguage\":\"es\",\"@id\":\"https:\/\/elcardinal.com\/?p=5199#primaryimage\",\"url\":\"https:\/\/elcardinal.com\/wp-content\/uploads\/2025\/10\/Sesion-16.10.2025-ordinaria-67.jpg\",\"contentUrl\":\"https:\/\/elcardinal.com\/wp-content\/uploads\/2025\/10\/Sesion-16.10.2025-ordinaria-67.jpg\",\"width\":2400,\"height\":1600,\"caption\":\"CONGRESO_HIDALGO\"},{\"@type\":\"BreadcrumbList\",\"@id\":\"https:\/\/elcardinal.com\/?p=5199#breadcrumb\",\"itemListElement\":[{\"@type\":\"ListItem\",\"position\":1,\"name\":\"Inicio\",\"item\":\"https:\/\/elcardinal.com\/\"},{\"@type\":\"ListItem\",\"position\":2,\"name\":\"Rechazan exhorto para analizar la reactivaci\u00f3n del Fondo de Desastres Naturales\"}]},{\"@type\":\"WebSite\",\"@id\":\"https:\/\/elcardinal.com\/#website\",\"url\":\"https:\/\/elcardinal.com\/\",\"name\":\"El Cardinal\",\"description\":\"Periodismo honesto, con valor, sentido humano, a veces sarc\u00e1stico y divertido.\",\"publisher\":{\"@id\":\"https:\/\/elcardinal.com\/#organization\"},\"alternateName\":\"El Cardinal Noticias\",\"potentialAction\":[{\"@type\":\"SearchAction\",\"target\":{\"@type\":\"EntryPoint\",\"urlTemplate\":\"https:\/\/elcardinal.com\/?s={search_term_string}\"},\"query-input\":{\"@type\":\"PropertyValueSpecification\",\"valueRequired\":true,\"valueName\":\"search_term_string\"}}],\"inLanguage\":\"es\"},{\"@type\":\"Organization\",\"@id\":\"https:\/\/elcardinal.com\/#organization\",\"name\":\"El Cardinal\",\"url\":\"https:\/\/elcardinal.com\/\",\"logo\":{\"@type\":\"ImageObject\",\"inLanguage\":\"es\",\"@id\":\"https:\/\/elcardinal.com\/#\/schema\/logo\/image\/\",\"url\":\"https:\/\/elcardinal.com\/wp-content\/uploads\/2025\/04\/LOGO-EL-CARDINAL-Periodismo-con-valor.png\",\"contentUrl\":\"https:\/\/elcardinal.com\/wp-content\/uploads\/2025\/04\/LOGO-EL-CARDINAL-Periodismo-con-valor.png\",\"width\":755,\"height\":636,\"caption\":\"El Cardinal\"},\"image\":{\"@id\":\"https:\/\/elcardinal.com\/#\/schema\/logo\/image\/\"},\"sameAs\":[\"https:\/\/www.facebook.com\/profile.php?id=100063093107011\",\"https:\/\/x.com\/ElCardinal_Mx\"]},{\"@type\":\"Person\",\"@id\":\"https:\/\/elcardinal.com\/#\/schema\/person\/3c352ec0a33987fe275c0e8a2ea69f8b\",\"name\":\"Antonio Alcaraz\",\"image\":{\"@type\":\"ImageObject\",\"inLanguage\":\"es\",\"@id\":\"https:\/\/elcardinal.com\/#\/schema\/person\/image\/\",\"url\":\"https:\/\/elcardinal.com\/wp-content\/uploads\/2025\/05\/cropped-TONO-96x96.jpg\",\"contentUrl\":\"https:\/\/elcardinal.com\/wp-content\/uploads\/2025\/05\/cropped-TONO-96x96.jpg\",\"caption\":\"Antonio Alcaraz\"},\"url\":\"https:\/\/elcardinal.com\/?author=2\"}]}<\/script>\n<!-- \/ Yoast SEO plugin. -->","yoast_head_json":{"title":"Rechazan exhorto para analizar la reactivaci\u00f3n del Fondo de Desastres Naturales - El Cardinal","robots":{"index":"index","follow":"follow","max-snippet":"max-snippet:-1","max-image-preview":"max-image-preview:large","max-video-preview":"max-video-preview:-1"},"canonical":"https:\/\/elcardinal.com\/?p=5199","og_locale":"es_MX","og_type":"article","og_title":"Rechazan exhorto para analizar la reactivaci\u00f3n del Fondo de Desastres Naturales - El Cardinal","og_description":"Redacci\u00f3n En sesi\u00f3n ordinaria realizada de manera h\u00edbrida, diputadas y diputados integrantes de la LXVI Legislatura rechazaron con 16 votos en contra, cinco a favor y dos abstenciones, el acuerdo econ\u00f3mico que exhorta al secretario de Gobierno y a la titular de la Secretar\u00eda Hacienda del estado, as\u00ed como al Congreso de la Uni\u00f3n y","og_url":"https:\/\/elcardinal.com\/?p=5199","og_site_name":"El Cardinal","article_publisher":"https:\/\/www.facebook.com\/profile.php?id=100063093107011","article_published_time":"2025-10-17T05:00:33+00:00","og_image":[{"width":2400,"height":1600,"url":"https:\/\/elcardinal.com\/wp-content\/uploads\/2025\/10\/Sesion-16.10.2025-ordinaria-67.jpg","type":"image\/jpeg"}],"author":"Antonio Alcaraz","twitter_card":"summary_large_image","twitter_creator":"@ElCardinal_Mx","twitter_site":"@ElCardinal_Mx","twitter_misc":{"Escrito por":"Antonio Alcaraz","Tiempo de lectura":"7 minutos"},"schema":{"@context":"https:\/\/schema.org","@graph":[{"@type":"Article","@id":"https:\/\/elcardinal.com\/?p=5199#article","isPartOf":{"@id":"https:\/\/elcardinal.com\/?p=5199"},"author":{"name":"Antonio Alcaraz","@id":"https:\/\/elcardinal.com\/#\/schema\/person\/3c352ec0a33987fe275c0e8a2ea69f8b"},"headline":"Rechazan exhorto para analizar la reactivaci\u00f3n del Fondo de Desastres Naturales","datePublished":"2025-10-17T05:00:33+00:00","mainEntityOfPage":{"@id":"https:\/\/elcardinal.com\/?p=5199"},"wordCount":1607,"commentCount":0,"publisher":{"@id":"https:\/\/elcardinal.com\/#organization"},"image":{"@id":"https:\/\/elcardinal.com\/?p=5199#primaryimage"},"thumbnailUrl":"https:\/\/elcardinal.com\/wp-content\/uploads\/2025\/10\/Sesion-16.10.2025-ordinaria-67.jpg","articleSection":["Hidalgo","Minuto a Minuto","Pol\u00edtica"],"inLanguage":"es","potentialAction":[{"@type":"CommentAction","name":"Comment","target":["https:\/\/elcardinal.com\/?p=5199#respond"]}]},{"@type":"WebPage","@id":"https:\/\/elcardinal.com\/?p=5199","url":"https:\/\/elcardinal.com\/?p=5199","name":"Rechazan exhorto para analizar la reactivaci\u00f3n del Fondo de Desastres Naturales - El Cardinal","isPartOf":{"@id":"https:\/\/elcardinal.com\/#website"},"primaryImageOfPage":{"@id":"https:\/\/elcardinal.com\/?p=5199#primaryimage"},"image":{"@id":"https:\/\/elcardinal.com\/?p=5199#primaryimage"},"thumbnailUrl":"https:\/\/elcardinal.com\/wp-content\/uploads\/2025\/10\/Sesion-16.10.2025-ordinaria-67.jpg","datePublished":"2025-10-17T05:00:33+00:00","breadcrumb":{"@id":"https:\/\/elcardinal.com\/?p=5199#breadcrumb"},"inLanguage":"es","potentialAction":[{"@type":"ReadAction","target":["https:\/\/elcardinal.com\/?p=5199"]}]},{"@type":"ImageObject","inLanguage":"es","@id":"https:\/\/elcardinal.com\/?p=5199#primaryimage","url":"https:\/\/elcardinal.com\/wp-content\/uploads\/2025\/10\/Sesion-16.10.2025-ordinaria-67.jpg","contentUrl":"https:\/\/elcardinal.com\/wp-content\/uploads\/2025\/10\/Sesion-16.10.2025-ordinaria-67.jpg","width":2400,"height":1600,"caption":"CONGRESO_HIDALGO"},{"@type":"BreadcrumbList","@id":"https:\/\/elcardinal.com\/?p=5199#breadcrumb","itemListElement":[{"@type":"ListItem","position":1,"name":"Inicio","item":"https:\/\/elcardinal.com\/"},{"@type":"ListItem","position":2,"name":"Rechazan exhorto para analizar la reactivaci\u00f3n del Fondo de Desastres Naturales"}]},{"@type":"WebSite","@id":"https:\/\/elcardinal.com\/#website","url":"https:\/\/elcardinal.com\/","name":"El Cardinal","description":"Periodismo honesto, con valor, sentido humano, a veces sarc\u00e1stico y divertido.","publisher":{"@id":"https:\/\/elcardinal.com\/#organization"},"alternateName":"El Cardinal Noticias","potentialAction":[{"@type":"SearchAction","target":{"@type":"EntryPoint","urlTemplate":"https:\/\/elcardinal.com\/?s={search_term_string}"},"query-input":{"@type":"PropertyValueSpecification","valueRequired":true,"valueName":"search_term_string"}}],"inLanguage":"es"},{"@type":"Organization","@id":"https:\/\/elcardinal.com\/#organization","name":"El Cardinal","url":"https:\/\/elcardinal.com\/","logo":{"@type":"ImageObject","inLanguage":"es","@id":"https:\/\/elcardinal.com\/#\/schema\/logo\/image\/","url":"https:\/\/elcardinal.com\/wp-content\/uploads\/2025\/04\/LOGO-EL-CARDINAL-Periodismo-con-valor.png","contentUrl":"https:\/\/elcardinal.com\/wp-content\/uploads\/2025\/04\/LOGO-EL-CARDINAL-Periodismo-con-valor.png","width":755,"height":636,"caption":"El Cardinal"},"image":{"@id":"https:\/\/elcardinal.com\/#\/schema\/logo\/image\/"},"sameAs":["https:\/\/www.facebook.com\/profile.php?id=100063093107011","https:\/\/x.com\/ElCardinal_Mx"]},{"@type":"Person","@id":"https:\/\/elcardinal.com\/#\/schema\/person\/3c352ec0a33987fe275c0e8a2ea69f8b","name":"Antonio Alcaraz","image":{"@type":"ImageObject","inLanguage":"es","@id":"https:\/\/elcardinal.com\/#\/schema\/person\/image\/","url":"https:\/\/elcardinal.com\/wp-content\/uploads\/2025\/05\/cropped-TONO-96x96.jpg","contentUrl":"https:\/\/elcardinal.com\/wp-content\/uploads\/2025\/05\/cropped-TONO-96x96.jpg","caption":"Antonio Alcaraz"},"url":"https:\/\/elcardinal.com\/?author=2"}]}},"_links":{"self":[{"href":"https:\/\/elcardinal.com\/index.php?rest_route=\/wp\/v2\/posts\/5199","targetHints":{"allow":["GET"]}}],"collection":[{"href":"https:\/\/elcardinal.com\/index.php?rest_route=\/wp\/v2\/posts"}],"about":[{"href":"https:\/\/elcardinal.com\/index.php?rest_route=\/wp\/v2\/types\/post"}],"author":[{"embeddable":true,"href":"https:\/\/elcardinal.com\/index.php?rest_route=\/wp\/v2\/users\/2"}],"replies":[{"embeddable":true,"href":"https:\/\/elcardinal.com\/index.php?rest_route=%2Fwp%2Fv2%2Fcomments&post=5199"}],"version-history":[{"count":1,"href":"https:\/\/elcardinal.com\/index.php?rest_route=\/wp\/v2\/posts\/5199\/revisions"}],"predecessor-version":[{"id":5201,"href":"https:\/\/elcardinal.com\/index.php?rest_route=\/wp\/v2\/posts\/5199\/revisions\/5201"}],"wp:featuredmedia":[{"embeddable":true,"href":"https:\/\/elcardinal.com\/index.php?rest_route=\/wp\/v2\/media\/5200"}],"wp:attachment":[{"href":"https:\/\/elcardinal.com\/index.php?rest_route=%2Fwp%2Fv2%2Fmedia&parent=5199"}],"wp:term":[{"taxonomy":"category","embeddable":true,"href":"https:\/\/elcardinal.com\/index.php?rest_route=%2Fwp%2Fv2%2Fcategories&post=5199"},{"taxonomy":"post_tag","embeddable":true,"href":"https:\/\/elcardinal.com\/index.php?rest_route=%2Fwp%2Fv2%2Ftags&post=5199"}],"curies":[{"name":"wp","href":"https:\/\/api.w.org\/{rel}","templated":true}]}}