{"id":5202,"date":"2025-10-18T12:16:10","date_gmt":"2025-10-18T18:16:10","guid":{"rendered":"https:\/\/elcardinal.com\/?p=5202"},"modified":"2025-10-18T12:16:10","modified_gmt":"2025-10-18T18:16:10","slug":"legisladores-exhortan-al-congreso-de-la-union-a-destinar-recursos-para-aumentar-aguinaldo-del-personal-del-sector-salud","status":"publish","type":"post","link":"https:\/\/elcardinal.com\/?p=5202","title":{"rendered":"Legisladores exhortan al Congreso de la Uni\u00f3n a destinar recursos para aumentar aguinaldo del personal del sector salud"},"content":{"rendered":"<p>Redacci\u00f3n<\/p>\n<p><span style=\"font-weight: 400;\">En sesi\u00f3n ordinaria, diputadas y diputados aprobaron con 20 votos a favor, cero en contra y cero abstenciones, el acuerdo econ\u00f3mico mediante el cual se exhorta a la C\u00e1mara de Diputados del Congreso de la Uni\u00f3n a que, durante el an\u00e1lisis, discusi\u00f3n y aprobaci\u00f3n del Presupuesto de Egresos de la Federaci\u00f3n para el ejercicio fiscal 2026, se considere destinar los recursos necesarios al sector salud, a efecto de aumentar el n\u00famero de d\u00edas de salario por concepto de aguinaldo a todo el personal, promovido por la bancada del Partido Verde Ecologista de M\u00e9xico, emitido por la primera Comisi\u00f3n Permanente de Hacienda y Presupuesto.<\/span><\/p>\n<p><span style=\"font-weight: 400;\">El legislador <\/span><b>Miguel \u00c1ngel Moreno Zamora<\/b><span style=\"font-weight: 400;\"> (Morena) indic\u00f3 que es necesario fortalecer al sector salud con recursos econ\u00f3micos que propician que todo el personal m\u00e9dico mejores sustancialmente en su entorno y en la prestaci\u00f3n de sus servicios.<\/span><\/p>\n<p><b>Asuntos generales<\/b><\/p>\n<p><b>Posicionamientos sobre las afectaciones en el estado tras las lluvias<\/b><\/p>\n<p><span style=\"font-weight: 400;\">La legisladora <\/span><b>Mar\u00eda del Rosario Guerrero Mart\u00ednez<\/b><span style=\"font-weight: 400;\"> (Morena) asegur\u00f3 que en Hidalgo los recursos para atender los da\u00f1os provocados por el hurac\u00e1n <\/span><i><span style=\"font-weight: 400;\">Priscila<\/span><\/i><span style=\"font-weight: 400;\"> y el trabajo conjunto en las comunidades \u201cno solo demuestra la capacidad administrativa, sino un profundo compromiso social, que es el de poner el bienestar de la gente por encima de cualquier c\u00e1lculo pol\u00edtico\u201d.<\/span><\/p>\n<p><span style=\"font-weight: 400;\">El diputado <\/span><b>Jos\u00e9 Luis Rodr\u00edguez Higareda<\/b><span style=\"font-weight: 400;\"> (Morena) hizo un llamado a la unidad y solicit\u00f3 hacer un frente com\u00fan ante las acciones de emergencia por las inundaciones, \u201cel gobierno se est\u00e1 enfocando en las respuestas inmediatas, restableciendo servicios esenciales y la recuperaci\u00f3n ante este hecho va a ser muy largo por los da\u00f1os morales y econ\u00f3micos ocasionados\u201d.<\/span><\/p>\n<p><span style=\"font-weight: 400;\">El legislador <\/span><b>Marco Antonio Mendoza Bustamante<\/b><span style=\"font-weight: 400;\"> (PRI) mencion\u00f3 que, \u201ccuando hay una desgracia que est\u00e1 azotando a nuestras hermanas y hermanos hidalguenses, no puede haber colores, no puede haber partidos, nuestra bandera debe ser el pueblo de Hidalgo, eso es lo que esperan de nosotros\u201d.<\/span><\/p>\n","protected":false},"excerpt":{"rendered":"<p>Redacci\u00f3n En sesi\u00f3n ordinaria, diputadas y diputados aprobaron con 20 votos a favor, cero en contra y cero abstenciones, el acuerdo econ\u00f3mico mediante el cual se exhorta a la C\u00e1mara de Diputados del Congreso de la Uni\u00f3n a que, durante el an\u00e1lisis, discusi\u00f3n y aprobaci\u00f3n del Presupuesto de Egresos de la Federaci\u00f3n para el ejercicio<\/p>\n","protected":false},"author":2,"featured_media":5203,"comment_status":"open","ping_status":"open","sticky":false,"template":"","format":"standard","meta":{"footnotes":""},"categories":[31,44,39],"tags":[],"class_list":{"0":"post-5202","1":"post","2":"type-post","3":"status-publish","4":"format-standard","5":"has-post-thumbnail","7":"category-hidalgo","8":"category-minuto-a-minuto","9":"category-politica"},"yoast_head":"<!-- This site is optimized with the Yoast SEO plugin v26.1.1 - https:\/\/yoast.com\/wordpress\/plugins\/seo\/ -->\n<title>Legisladores exhortan al Congreso de la Uni\u00f3n a destinar recursos para aumentar aguinaldo del personal del sector salud - El Cardinal<\/title>\n<meta name=\"robots\" content=\"index, follow, max-snippet:-1, max-image-preview:large, max-video-preview:-1\" \/>\n<link rel=\"canonical\" href=\"https:\/\/elcardinal.com\/?p=5202\" \/>\n<meta property=\"og:locale\" content=\"es_MX\" \/>\n<meta property=\"og:type\" content=\"article\" \/>\n<meta property=\"og:title\" content=\"Legisladores exhortan al Congreso de la Uni\u00f3n a destinar recursos para aumentar aguinaldo del personal del sector salud - El Cardinal\" \/>\n<meta property=\"og:description\" content=\"Redacci\u00f3n En sesi\u00f3n ordinaria, diputadas y diputados aprobaron con 20 votos a favor, cero en contra y cero abstenciones, el acuerdo econ\u00f3mico mediante el cual se exhorta a la C\u00e1mara de Diputados del Congreso de la Uni\u00f3n a que, durante el an\u00e1lisis, discusi\u00f3n y aprobaci\u00f3n del Presupuesto de Egresos de la Federaci\u00f3n para el ejercicio\" \/>\n<meta property=\"og:url\" content=\"https:\/\/elcardinal.com\/?p=5202\" \/>\n<meta property=\"og:site_name\" content=\"El Cardinal\" \/>\n<meta property=\"article:publisher\" content=\"https:\/\/www.facebook.com\/profile.php?id=100063093107011\" \/>\n<meta property=\"article:published_time\" content=\"2025-10-18T18:16:10+00:00\" \/>\n<meta property=\"og:image\" content=\"https:\/\/elcardinal.com\/wp-content\/uploads\/2025\/10\/Sesion-17.10.2025-ordinaria-20.jpg\" \/>\n\t<meta property=\"og:image:width\" content=\"2400\" \/>\n\t<meta property=\"og:image:height\" content=\"1600\" \/>\n\t<meta property=\"og:image:type\" content=\"image\/jpeg\" \/>\n<meta name=\"author\" content=\"Antonio Alcaraz\" \/>\n<meta name=\"twitter:card\" content=\"summary_large_image\" \/>\n<meta name=\"twitter:creator\" content=\"@ElCardinal_Mx\" \/>\n<meta name=\"twitter:site\" content=\"@ElCardinal_Mx\" \/>\n<meta name=\"twitter:label1\" content=\"Escrito por\" \/>\n\t<meta name=\"twitter:data1\" content=\"Antonio Alcaraz\" \/>\n\t<meta name=\"twitter:label2\" content=\"Tiempo de lectura\" \/>\n\t<meta name=\"twitter:data2\" content=\"2 minutos\" \/>\n<script type=\"application\/ld+json\" class=\"yoast-schema-graph\">{\"@context\":\"https:\/\/schema.org\",\"@graph\":[{\"@type\":\"Article\",\"@id\":\"https:\/\/elcardinal.com\/?p=5202#article\",\"isPartOf\":{\"@id\":\"https:\/\/elcardinal.com\/?p=5202\"},\"author\":{\"name\":\"Antonio Alcaraz\",\"@id\":\"https:\/\/elcardinal.com\/#\/schema\/person\/3c352ec0a33987fe275c0e8a2ea69f8b\"},\"headline\":\"Legisladores exhortan al Congreso de la Uni\u00f3n a destinar recursos para aumentar aguinaldo del personal del sector salud\",\"datePublished\":\"2025-10-18T18:16:10+00:00\",\"mainEntityOfPage\":{\"@id\":\"https:\/\/elcardinal.com\/?p=5202\"},\"wordCount\":356,\"commentCount\":0,\"publisher\":{\"@id\":\"https:\/\/elcardinal.com\/#organization\"},\"image\":{\"@id\":\"https:\/\/elcardinal.com\/?p=5202#primaryimage\"},\"thumbnailUrl\":\"https:\/\/elcardinal.com\/wp-content\/uploads\/2025\/10\/Sesion-17.10.2025-ordinaria-20.jpg\",\"articleSection\":[\"Hidalgo\",\"Minuto a Minuto\",\"Pol\u00edtica\"],\"inLanguage\":\"es\",\"potentialAction\":[{\"@type\":\"CommentAction\",\"name\":\"Comment\",\"target\":[\"https:\/\/elcardinal.com\/?p=5202#respond\"]}]},{\"@type\":\"WebPage\",\"@id\":\"https:\/\/elcardinal.com\/?p=5202\",\"url\":\"https:\/\/elcardinal.com\/?p=5202\",\"name\":\"Legisladores exhortan al Congreso de la Uni\u00f3n a destinar recursos para aumentar aguinaldo del personal del sector salud - El Cardinal\",\"isPartOf\":{\"@id\":\"https:\/\/elcardinal.com\/#website\"},\"primaryImageOfPage\":{\"@id\":\"https:\/\/elcardinal.com\/?p=5202#primaryimage\"},\"image\":{\"@id\":\"https:\/\/elcardinal.com\/?p=5202#primaryimage\"},\"thumbnailUrl\":\"https:\/\/elcardinal.com\/wp-content\/uploads\/2025\/10\/Sesion-17.10.2025-ordinaria-20.jpg\",\"datePublished\":\"2025-10-18T18:16:10+00:00\",\"breadcrumb\":{\"@id\":\"https:\/\/elcardinal.com\/?p=5202#breadcrumb\"},\"inLanguage\":\"es\",\"potentialAction\":[{\"@type\":\"ReadAction\",\"target\":[\"https:\/\/elcardinal.com\/?p=5202\"]}]},{\"@type\":\"ImageObject\",\"inLanguage\":\"es\",\"@id\":\"https:\/\/elcardinal.com\/?p=5202#primaryimage\",\"url\":\"https:\/\/elcardinal.com\/wp-content\/uploads\/2025\/10\/Sesion-17.10.2025-ordinaria-20.jpg\",\"contentUrl\":\"https:\/\/elcardinal.com\/wp-content\/uploads\/2025\/10\/Sesion-17.10.2025-ordinaria-20.jpg\",\"width\":2400,\"height\":1600,\"caption\":\"CONGRESO_HIDALGO\"},{\"@type\":\"BreadcrumbList\",\"@id\":\"https:\/\/elcardinal.com\/?p=5202#breadcrumb\",\"itemListElement\":[{\"@type\":\"ListItem\",\"position\":1,\"name\":\"Inicio\",\"item\":\"https:\/\/elcardinal.com\/\"},{\"@type\":\"ListItem\",\"position\":2,\"name\":\"Legisladores exhortan al Congreso de la Uni\u00f3n a destinar recursos para aumentar aguinaldo del personal del sector salud\"}]},{\"@type\":\"WebSite\",\"@id\":\"https:\/\/elcardinal.com\/#website\",\"url\":\"https:\/\/elcardinal.com\/\",\"name\":\"El Cardinal\",\"description\":\"Periodismo honesto, con valor, sentido humano, a veces sarc\u00e1stico y divertido.\",\"publisher\":{\"@id\":\"https:\/\/elcardinal.com\/#organization\"},\"alternateName\":\"El Cardinal Noticias\",\"potentialAction\":[{\"@type\":\"SearchAction\",\"target\":{\"@type\":\"EntryPoint\",\"urlTemplate\":\"https:\/\/elcardinal.com\/?s={search_term_string}\"},\"query-input\":{\"@type\":\"PropertyValueSpecification\",\"valueRequired\":true,\"valueName\":\"search_term_string\"}}],\"inLanguage\":\"es\"},{\"@type\":\"Organization\",\"@id\":\"https:\/\/elcardinal.com\/#organization\",\"name\":\"El Cardinal\",\"url\":\"https:\/\/elcardinal.com\/\",\"logo\":{\"@type\":\"ImageObject\",\"inLanguage\":\"es\",\"@id\":\"https:\/\/elcardinal.com\/#\/schema\/logo\/image\/\",\"url\":\"https:\/\/elcardinal.com\/wp-content\/uploads\/2025\/04\/LOGO-EL-CARDINAL-Periodismo-con-valor.png\",\"contentUrl\":\"https:\/\/elcardinal.com\/wp-content\/uploads\/2025\/04\/LOGO-EL-CARDINAL-Periodismo-con-valor.png\",\"width\":755,\"height\":636,\"caption\":\"El Cardinal\"},\"image\":{\"@id\":\"https:\/\/elcardinal.com\/#\/schema\/logo\/image\/\"},\"sameAs\":[\"https:\/\/www.facebook.com\/profile.php?id=100063093107011\",\"https:\/\/x.com\/ElCardinal_Mx\"]},{\"@type\":\"Person\",\"@id\":\"https:\/\/elcardinal.com\/#\/schema\/person\/3c352ec0a33987fe275c0e8a2ea69f8b\",\"name\":\"Antonio Alcaraz\",\"image\":{\"@type\":\"ImageObject\",\"inLanguage\":\"es\",\"@id\":\"https:\/\/elcardinal.com\/#\/schema\/person\/image\/\",\"url\":\"https:\/\/elcardinal.com\/wp-content\/uploads\/2025\/05\/cropped-TONO-96x96.jpg\",\"contentUrl\":\"https:\/\/elcardinal.com\/wp-content\/uploads\/2025\/05\/cropped-TONO-96x96.jpg\",\"caption\":\"Antonio Alcaraz\"},\"url\":\"https:\/\/elcardinal.com\/?author=2\"}]}<\/script>\n<!-- \/ Yoast SEO plugin. -->","yoast_head_json":{"title":"Legisladores exhortan al Congreso de la Uni\u00f3n a destinar recursos para aumentar aguinaldo del personal del sector salud - El Cardinal","robots":{"index":"index","follow":"follow","max-snippet":"max-snippet:-1","max-image-preview":"max-image-preview:large","max-video-preview":"max-video-preview:-1"},"canonical":"https:\/\/elcardinal.com\/?p=5202","og_locale":"es_MX","og_type":"article","og_title":"Legisladores exhortan al Congreso de la Uni\u00f3n a destinar recursos para aumentar aguinaldo del personal del sector salud - El Cardinal","og_description":"Redacci\u00f3n En sesi\u00f3n ordinaria, diputadas y diputados aprobaron con 20 votos a favor, cero en contra y cero abstenciones, el acuerdo econ\u00f3mico mediante el cual se exhorta a la C\u00e1mara de Diputados del Congreso de la Uni\u00f3n a que, durante el an\u00e1lisis, discusi\u00f3n y aprobaci\u00f3n del Presupuesto de Egresos de la Federaci\u00f3n para el ejercicio","og_url":"https:\/\/elcardinal.com\/?p=5202","og_site_name":"El Cardinal","article_publisher":"https:\/\/www.facebook.com\/profile.php?id=100063093107011","article_published_time":"2025-10-18T18:16:10+00:00","og_image":[{"width":2400,"height":1600,"url":"https:\/\/elcardinal.com\/wp-content\/uploads\/2025\/10\/Sesion-17.10.2025-ordinaria-20.jpg","type":"image\/jpeg"}],"author":"Antonio Alcaraz","twitter_card":"summary_large_image","twitter_creator":"@ElCardinal_Mx","twitter_site":"@ElCardinal_Mx","twitter_misc":{"Escrito por":"Antonio Alcaraz","Tiempo de lectura":"2 minutos"},"schema":{"@context":"https:\/\/schema.org","@graph":[{"@type":"Article","@id":"https:\/\/elcardinal.com\/?p=5202#article","isPartOf":{"@id":"https:\/\/elcardinal.com\/?p=5202"},"author":{"name":"Antonio Alcaraz","@id":"https:\/\/elcardinal.com\/#\/schema\/person\/3c352ec0a33987fe275c0e8a2ea69f8b"},"headline":"Legisladores exhortan al Congreso de la Uni\u00f3n a destinar recursos para aumentar aguinaldo del personal del sector salud","datePublished":"2025-10-18T18:16:10+00:00","mainEntityOfPage":{"@id":"https:\/\/elcardinal.com\/?p=5202"},"wordCount":356,"commentCount":0,"publisher":{"@id":"https:\/\/elcardinal.com\/#organization"},"image":{"@id":"https:\/\/elcardinal.com\/?p=5202#primaryimage"},"thumbnailUrl":"https:\/\/elcardinal.com\/wp-content\/uploads\/2025\/10\/Sesion-17.10.2025-ordinaria-20.jpg","articleSection":["Hidalgo","Minuto a Minuto","Pol\u00edtica"],"inLanguage":"es","potentialAction":[{"@type":"CommentAction","name":"Comment","target":["https:\/\/elcardinal.com\/?p=5202#respond"]}]},{"@type":"WebPage","@id":"https:\/\/elcardinal.com\/?p=5202","url":"https:\/\/elcardinal.com\/?p=5202","name":"Legisladores exhortan al Congreso de la Uni\u00f3n a destinar recursos para aumentar aguinaldo del personal del sector salud - El Cardinal","isPartOf":{"@id":"https:\/\/elcardinal.com\/#website"},"primaryImageOfPage":{"@id":"https:\/\/elcardinal.com\/?p=5202#primaryimage"},"image":{"@id":"https:\/\/elcardinal.com\/?p=5202#primaryimage"},"thumbnailUrl":"https:\/\/elcardinal.com\/wp-content\/uploads\/2025\/10\/Sesion-17.10.2025-ordinaria-20.jpg","datePublished":"2025-10-18T18:16:10+00:00","breadcrumb":{"@id":"https:\/\/elcardinal.com\/?p=5202#breadcrumb"},"inLanguage":"es","potentialAction":[{"@type":"ReadAction","target":["https:\/\/elcardinal.com\/?p=5202"]}]},{"@type":"ImageObject","inLanguage":"es","@id":"https:\/\/elcardinal.com\/?p=5202#primaryimage","url":"https:\/\/elcardinal.com\/wp-content\/uploads\/2025\/10\/Sesion-17.10.2025-ordinaria-20.jpg","contentUrl":"https:\/\/elcardinal.com\/wp-content\/uploads\/2025\/10\/Sesion-17.10.2025-ordinaria-20.jpg","width":2400,"height":1600,"caption":"CONGRESO_HIDALGO"},{"@type":"BreadcrumbList","@id":"https:\/\/elcardinal.com\/?p=5202#breadcrumb","itemListElement":[{"@type":"ListItem","position":1,"name":"Inicio","item":"https:\/\/elcardinal.com\/"},{"@type":"ListItem","position":2,"name":"Legisladores exhortan al Congreso de la Uni\u00f3n a destinar recursos para aumentar aguinaldo del personal del sector salud"}]},{"@type":"WebSite","@id":"https:\/\/elcardinal.com\/#website","url":"https:\/\/elcardinal.com\/","name":"El Cardinal","description":"Periodismo honesto, con valor, sentido humano, a veces sarc\u00e1stico y divertido.","publisher":{"@id":"https:\/\/elcardinal.com\/#organization"},"alternateName":"El Cardinal Noticias","potentialAction":[{"@type":"SearchAction","target":{"@type":"EntryPoint","urlTemplate":"https:\/\/elcardinal.com\/?s={search_term_string}"},"query-input":{"@type":"PropertyValueSpecification","valueRequired":true,"valueName":"search_term_string"}}],"inLanguage":"es"},{"@type":"Organization","@id":"https:\/\/elcardinal.com\/#organization","name":"El Cardinal","url":"https:\/\/elcardinal.com\/","logo":{"@type":"ImageObject","inLanguage":"es","@id":"https:\/\/elcardinal.com\/#\/schema\/logo\/image\/","url":"https:\/\/elcardinal.com\/wp-content\/uploads\/2025\/04\/LOGO-EL-CARDINAL-Periodismo-con-valor.png","contentUrl":"https:\/\/elcardinal.com\/wp-content\/uploads\/2025\/04\/LOGO-EL-CARDINAL-Periodismo-con-valor.png","width":755,"height":636,"caption":"El Cardinal"},"image":{"@id":"https:\/\/elcardinal.com\/#\/schema\/logo\/image\/"},"sameAs":["https:\/\/www.facebook.com\/profile.php?id=100063093107011","https:\/\/x.com\/ElCardinal_Mx"]},{"@type":"Person","@id":"https:\/\/elcardinal.com\/#\/schema\/person\/3c352ec0a33987fe275c0e8a2ea69f8b","name":"Antonio Alcaraz","image":{"@type":"ImageObject","inLanguage":"es","@id":"https:\/\/elcardinal.com\/#\/schema\/person\/image\/","url":"https:\/\/elcardinal.com\/wp-content\/uploads\/2025\/05\/cropped-TONO-96x96.jpg","contentUrl":"https:\/\/elcardinal.com\/wp-content\/uploads\/2025\/05\/cropped-TONO-96x96.jpg","caption":"Antonio Alcaraz"},"url":"https:\/\/elcardinal.com\/?author=2"}]}},"_links":{"self":[{"href":"https:\/\/elcardinal.com\/index.php?rest_route=\/wp\/v2\/posts\/5202","targetHints":{"allow":["GET"]}}],"collection":[{"href":"https:\/\/elcardinal.com\/index.php?rest_route=\/wp\/v2\/posts"}],"about":[{"href":"https:\/\/elcardinal.com\/index.php?rest_route=\/wp\/v2\/types\/post"}],"author":[{"embeddable":true,"href":"https:\/\/elcardinal.com\/index.php?rest_route=\/wp\/v2\/users\/2"}],"replies":[{"embeddable":true,"href":"https:\/\/elcardinal.com\/index.php?rest_route=%2Fwp%2Fv2%2Fcomments&post=5202"}],"version-history":[{"count":1,"href":"https:\/\/elcardinal.com\/index.php?rest_route=\/wp\/v2\/posts\/5202\/revisions"}],"predecessor-version":[{"id":5204,"href":"https:\/\/elcardinal.com\/index.php?rest_route=\/wp\/v2\/posts\/5202\/revisions\/5204"}],"wp:featuredmedia":[{"embeddable":true,"href":"https:\/\/elcardinal.com\/index.php?rest_route=\/wp\/v2\/media\/5203"}],"wp:attachment":[{"href":"https:\/\/elcardinal.com\/index.php?rest_route=%2Fwp%2Fv2%2Fmedia&parent=5202"}],"wp:term":[{"taxonomy":"category","embeddable":true,"href":"https:\/\/elcardinal.com\/index.php?rest_route=%2Fwp%2Fv2%2Fcategories&post=5202"},{"taxonomy":"post_tag","embeddable":true,"href":"https:\/\/elcardinal.com\/index.php?rest_route=%2Fwp%2Fv2%2Ftags&post=5202"}],"curies":[{"name":"wp","href":"https:\/\/api.w.org\/{rel}","templated":true}]}}