{"id":5214,"date":"2025-10-24T08:49:10","date_gmt":"2025-10-24T14:49:10","guid":{"rendered":"https:\/\/elcardinal.com\/?p=5214"},"modified":"2025-10-24T08:49:10","modified_gmt":"2025-10-24T14:49:10","slug":"legisladores-aprueban-declarar-el-dia-de-las-personas-de-talla-baja-en-hidalgo","status":"publish","type":"post","link":"https:\/\/elcardinal.com\/?p=5214","title":{"rendered":"Legisladores aprueban declarar el D\u00eda de las Personas de Talla Baja en Hidalgo"},"content":{"rendered":"<p>Redacci\u00f3n<\/p>\n<p><span style=\"font-weight: 400;\">En sesi\u00f3n ordinaria, diputadas y diputados integrantes de la <\/span><b>LXVI Legislatura<\/b><span style=\"font-weight: 400;\"> avalaron con 28 votos a favor, cero en contra y cero abstenciones, el dictamen que aprueba con modificaciones la iniciativa que declara el 25 de octubre de cada a\u00f1o como el D\u00eda de las Personas de Talla Baja en el Estado de Hidalgo, emitido por la primera Comisi\u00f3n Permanente de Legislaci\u00f3n y Puntos Constitucionales.<\/span><\/p>\n<p><span style=\"font-weight: 400;\">La legisladora <\/span><b>Diana Rangel Z\u00fa\u00f1iga<\/b><span style=\"font-weight: 400;\"> (Morena), una de las y los promoventes del dictamen, mencion\u00f3 que la finalidad es visibilizar sus derechos, promover una cultura de inclusi\u00f3n, combatir la discriminaci\u00f3n estructural y simb\u00f3lica que enfrentan y generar conciencia en la sociedad sobre la importancia del respeto, la igualdad y la dignidad de las personas con acondroplasia u otras formas de talla baja.<\/span><\/p>\n<p><span style=\"font-weight: 400;\">La diputada <\/span><b>Tania Er\u00e9ndira Meza Escorza<\/b><span style=\"font-weight: 400;\"> (Morena), tambi\u00e9n promovente del dictamen, ley\u00f3 un mensaje de Edgar Escobar, activista por los derechos de las personas de talla baja, quien manifest\u00f3 que \u201cla sociedad comienza a comprender que nuestros derechos valen igual que los de todos y todas las dem\u00e1s. Hoy exigimos respeto, inclusi\u00f3n y oportunidades reales para desarrollarnos plenamente. Queremos formar una familia, vivir con amor, contribuir al progreso de nuestro estado y pa\u00eds, pero sin ser pisoteados, ridiculizados, ni utilizados como espect\u00e1culo\u201d.<\/span><\/p>\n<p><b>Otros dict\u00e1menes<\/b><\/p>\n<p><b>Protecci\u00f3n a los animales<\/b><\/p>\n<p><span style=\"font-weight: 400;\">Asimismo, avalaron con 29 votos a favor, cero en contra y cero abstenciones, el dictamen que aprueba con modificaciones la iniciativa que reforma la Constituci\u00f3n Pol\u00edtica del Estado de Hidalgo, emitido por la primera Comisi\u00f3n Permanente de Legislaci\u00f3n y Puntos Constitucionales.<\/span><\/p>\n<p><span style=\"font-weight: 400;\">El diputado <\/span><b>Juan Pablo Escalante Urb\u00e1n<\/b><span style=\"font-weight: 400;\"> (Morena), uno de las y los promoventes del dictamen, record\u00f3 que el objetivo es incorporar en la norma una protecci\u00f3n con mayor amplitud a los animales para homologar criterios a nivel constitucional con la legislaci\u00f3n a nivel federal, consolidando la coordinaci\u00f3n entre la federaci\u00f3n y el estado.<\/span><\/p>\n<p><b>Rector\u00eda del Sistema Estatal de Salud<\/b><\/p>\n<p><span style=\"font-weight: 400;\">Por otro lado, avalaron con 25 votos a favor, cero en contra y tres abstenciones, el dictamen que aprueba con modificaciones la iniciativa que reforma la Ley Org\u00e1nica de la Administraci\u00f3n P\u00fablica y la Ley de Salud para el Estado de Hidalgo en materia de rector\u00eda del Sistema Estatal de Salud, promovido por el diputado <\/span><b>Andr\u00e9s Vel\u00e1zquez V\u00e1zquez <\/b><span style=\"font-weight: 400;\">(Morena), emitido por las primeras comisiones permanentes de Legislaci\u00f3n y Puntos Constitucionales y de Salud.<\/span><\/p>\n<p><span style=\"font-weight: 400;\">El diputado <\/span><b>Arturo G\u00f3mez Canales<\/b><span style=\"font-weight: 400;\"> (Morena) indic\u00f3 que el prop\u00f3sito es armonizar ambas leyes con la Ley General de Salud para la transici\u00f3n al modelo MAS-Bienestar, as\u00ed como la rector\u00eda y coordinaci\u00f3n sectorial del Sistema Estatal de Salud del Estado de Hidalgo.<\/span><\/p>\n<p><b>Acuerdo econ\u00f3mico<\/b><\/p>\n<p><b>Investigaci\u00f3n de homicidio contra edil<\/b><\/p>\n<p><span style=\"font-weight: 400;\">De car\u00e1cter urgente, tambi\u00e9n aprobaron con 29 votos a favor, cero en contra y cero abstenciones, el acuerdo econ\u00f3mico que exhorta a la Secretar\u00eda de Gobierno, Secretar\u00eda de Seguridad P\u00fablica y a la Procuradur\u00eda de Justicia del Estado de Hidalgo a realizar investigaciones correspondientes con transparencia, imparcialidad y diligencia hasta dar con los responsables materiales e intelectuales del asesinato de Miguel Bahena Sol\u00f3rzano, presidente municipal de Pisaflores e informar a la sociedad de los avances del caso, propuesto por el legislador <\/span><b>Avelino Tovar Iglesias<\/b><span style=\"font-weight: 400;\"> (PVEM).<\/span><\/p>\n<p><span style=\"font-weight: 400;\">La diputada <\/span><b>Tania Er\u00e9ndira Meza Escorza<\/b><span style=\"font-weight: 400;\"> (Morena) lament\u00f3 la muerte del edil: \u201cno solamente era un gran m\u00fasico y compositor, tambi\u00e9n ten\u00eda una gran pasi\u00f3n por la promoci\u00f3n cultural. Quer\u00eda que toda la gente, sobre todo las ni\u00f1as y ni\u00f1os de su regi\u00f3n, amaran la cultura como la amaba \u00e9l\u201d.<\/span><\/p>\n<p><span style=\"font-weight: 400;\">El legislador <\/span><b>Carlos Alejandro Alc\u00e1ntara Carbajal<\/b><span style=\"font-weight: 400;\"> (MC) resalt\u00f3 que este exhorto \u201ces pertinente porque permite que las autoridades pongan ojo en lo que tienen que poner, que le den celeridad, no solamente a este asunto, porque ahora le ocurri\u00f3 a un presidente municipal, pero imag\u00ednense qu\u00e9 le puede ocurrir a un ciudadano cualquiera en nuestro estado\u201d.<\/span><\/p>\n<p><b>Asuntos generales<\/b><\/p>\n<p><b>Creaci\u00f3n de comisi\u00f3n especial<\/b><\/p>\n<p><span style=\"font-weight: 400;\">Diputadas y diputados integrantes de la <\/span><b>LXVI Legislatura<\/b><span style=\"font-weight: 400;\"> de todos los grupos legislativos propusieron el acuerdo econ\u00f3mico con el fin de crear la Comisi\u00f3n Especial de Coordinaci\u00f3n Intergubernamental para la Atenci\u00f3n de Desastres Naturales, la cual deber\u00e1 supervisar la correcta aplicaci\u00f3n de los recursos p\u00fablicos destinados a emergencias, escuchar a la poblaci\u00f3n afectada y canalizar las demandas al Congreso y al Ejecutivo. Adem\u00e1s, de coordinarse con los tres niveles de gobierno, as\u00ed como con instituciones acad\u00e9micas y sociedad civil para elaborar propuestas legislativas que fortalezcan la prevenci\u00f3n de riesgos, resiliencia territorial y justicia clim\u00e1tica, as\u00ed como rendir informes p\u00fablicos de manera peri\u00f3dica.<\/span><\/p>\n<p><b>Cuidado de la salud de familias afectadas<\/b><\/p>\n<p><span style=\"font-weight: 400;\">El diputado <\/span><b>Marco Antonio Mendoza Bustamante<\/b><span style=\"font-weight: 400;\"> (PRI) propuso el acuerdo econ\u00f3mico que exhorta a los ayuntamientos de los 28 municipios de Hidalgo afectados por el hurac\u00e1n <\/span><i><span style=\"font-weight: 400;\">Priscilla<\/span><\/i><span style=\"font-weight: 400;\"> para que prioricen el cuidado de la salud de los hidalguenses y de quienes participan en las labores de rescate y reconstrucci\u00f3n.<\/span><\/p>\n<p><b>Posicionamientos de apoyo a municipios con da\u00f1os por lluvias<\/b><\/p>\n<p><span style=\"font-weight: 400;\">El diputado <\/span><b>Andr\u00e9s Vel\u00e1zquez V\u00e1zquez<\/b><span style=\"font-weight: 400;\"> (Morena) manifest\u00f3 el apoyo total de la <\/span><b>LXVI Legislatura<\/b><span style=\"font-weight: 400;\"> a los 28 municipios afectados por los huracanes <\/span><i><span style=\"font-weight: 400;\">Raymond <\/span><\/i><span style=\"font-weight: 400;\">y<\/span><i><span style=\"font-weight: 400;\"> Priscilla<\/span><\/i><span style=\"font-weight: 400;\">: \u201choy m\u00e1s que nunca queda claro que la uni\u00f3n entre el Ejecutivo y el Legislativo es una fortaleza para Hidalgo. Esta coordinaci\u00f3n ha permitido reaccionar ante la emergencia y organizar una respuesta solidaria y efectiva que llega a donde m\u00e1s se necesita\u201d.<\/span><\/p>\n<p><span style=\"font-weight: 400;\">Adem\u00e1s, el legislador dio la bienvenida a la diputada <\/span><b>Rosalba Mart\u00ednez Olivares<\/b><span style=\"font-weight: 400;\">; por otro lado, lament\u00f3 la irreparable p\u00e9rdida del contador <\/span><b>Juan Jorge L\u00f3pez Reyes<\/b><span style=\"font-weight: 400;\">, quien durante m\u00e1s de cuatro d\u00e9cadas entreg\u00f3 su vida profesional y personal al servicio p\u00fablico, por quien pidi\u00f3 un minuto de silencio.<\/span><\/p>\n<p><span style=\"font-weight: 400;\">Las diputadas <\/span><b>M\u00f3nica Leanett Reyes Mart\u00ednez<\/b><span style=\"font-weight: 400;\">, <\/span><b>Juana Olivia Alarc\u00f3n Rivera<\/b><span style=\"font-weight: 400;\"> y los diputados <\/span><b>Jorge Arg\u00fcelles Salazar<\/b><span style=\"font-weight: 400;\"> y <\/span><b>Jos\u00e9 Mar\u00eda Alejandro P\u00e9rez Ram\u00edrez<\/b><span style=\"font-weight: 400;\"> (Nueva Alianza) expresaron su solidaridad y reconocimiento a las maestras y los maestros afectados por las lluvias. \u201cUn fen\u00f3meno natural que ha puesto a prueba la fortaleza, resiliencia y unidad de las comunidades. En estos momentos dif\u00edciles es cuando se demuestra la grandeza de Hidalgo, un estado que sabe levantarse frente a la adversidad\u201d.<\/span><\/p>\n<p><b>Otros puntos del d\u00eda<\/b><\/p>\n<p><b>Sesiones ordinarias semipresenciales<\/b><\/p>\n<p><span style=\"font-weight: 400;\">Derivado de la contingencia meteorol\u00f3gica que viven algunas zonas del estado y toda vez que diputadas y diputados se encuentran atendiendo a la poblaci\u00f3n afectada en sus distritos, integrantes de la <\/span><b>LXVI Legislatura<\/b><span style=\"font-weight: 400;\"> aprobaron un acuerdo de la directiva sobre las sesiones ordinarias semipresenciales, el cual indica que se habilita el uso de medios tecnol\u00f3gicos para garantizar el ejercicio efectivo de la actividad parlamentaria que se desarrolla en el Pleno y que las legisladoras y los legisladores que as\u00ed lo deseen, puedan acceder al desarrollo de las sesiones mediante el enlace de invitaci\u00f3n que se proporcione por parte de la Presidencia de la Directiva, para as\u00ed respetar al cumplimiento de sus derechos y obligaciones.<\/span><\/p>\n","protected":false},"excerpt":{"rendered":"<p>Redacci\u00f3n En sesi\u00f3n ordinaria, diputadas y diputados integrantes de la LXVI Legislatura avalaron con 28 votos a favor, cero en contra y cero abstenciones, el dictamen que aprueba con modificaciones la iniciativa que declara el 25 de octubre de cada a\u00f1o como el D\u00eda de las Personas de Talla Baja en el Estado de Hidalgo,<\/p>\n","protected":false},"author":2,"featured_media":5215,"comment_status":"open","ping_status":"open","sticky":false,"template":"","format":"standard","meta":{"footnotes":""},"categories":[31,44,39],"tags":[],"class_list":{"0":"post-5214","1":"post","2":"type-post","3":"status-publish","4":"format-standard","5":"has-post-thumbnail","7":"category-hidalgo","8":"category-minuto-a-minuto","9":"category-politica"},"yoast_head":"<!-- This site is optimized with the Yoast SEO plugin v26.1.1 - https:\/\/yoast.com\/wordpress\/plugins\/seo\/ -->\n<title>Legisladores aprueban declarar el D\u00eda de las Personas de Talla Baja en Hidalgo - El Cardinal<\/title>\n<meta name=\"robots\" content=\"index, follow, max-snippet:-1, max-image-preview:large, max-video-preview:-1\" \/>\n<link rel=\"canonical\" href=\"https:\/\/elcardinal.com\/?p=5214\" \/>\n<meta property=\"og:locale\" content=\"es_MX\" \/>\n<meta property=\"og:type\" content=\"article\" \/>\n<meta property=\"og:title\" content=\"Legisladores aprueban declarar el D\u00eda de las Personas de Talla Baja en Hidalgo - El Cardinal\" \/>\n<meta property=\"og:description\" content=\"Redacci\u00f3n En sesi\u00f3n ordinaria, diputadas y diputados integrantes de la LXVI Legislatura avalaron con 28 votos a favor, cero en contra y cero abstenciones, el dictamen que aprueba con modificaciones la iniciativa que declara el 25 de octubre de cada a\u00f1o como el D\u00eda de las Personas de Talla Baja en el Estado de Hidalgo,\" \/>\n<meta property=\"og:url\" content=\"https:\/\/elcardinal.com\/?p=5214\" \/>\n<meta property=\"og:site_name\" content=\"El Cardinal\" \/>\n<meta property=\"article:publisher\" content=\"https:\/\/www.facebook.com\/profile.php?id=100063093107011\" \/>\n<meta property=\"article:published_time\" content=\"2025-10-24T14:49:10+00:00\" \/>\n<meta property=\"og:image\" content=\"https:\/\/elcardinal.com\/wp-content\/uploads\/2025\/10\/Sesion-23.10.2025-ordinaria-22.jpg\" \/>\n\t<meta property=\"og:image:width\" content=\"2400\" \/>\n\t<meta property=\"og:image:height\" content=\"1600\" \/>\n\t<meta property=\"og:image:type\" content=\"image\/jpeg\" \/>\n<meta name=\"author\" content=\"Antonio Alcaraz\" \/>\n<meta name=\"twitter:card\" content=\"summary_large_image\" \/>\n<meta name=\"twitter:creator\" content=\"@ElCardinal_Mx\" \/>\n<meta name=\"twitter:site\" content=\"@ElCardinal_Mx\" \/>\n<meta name=\"twitter:label1\" content=\"Escrito por\" \/>\n\t<meta name=\"twitter:data1\" content=\"Antonio Alcaraz\" \/>\n\t<meta name=\"twitter:label2\" content=\"Tiempo de lectura\" \/>\n\t<meta name=\"twitter:data2\" content=\"6 minutos\" \/>\n<script type=\"application\/ld+json\" class=\"yoast-schema-graph\">{\"@context\":\"https:\/\/schema.org\",\"@graph\":[{\"@type\":\"Article\",\"@id\":\"https:\/\/elcardinal.com\/?p=5214#article\",\"isPartOf\":{\"@id\":\"https:\/\/elcardinal.com\/?p=5214\"},\"author\":{\"name\":\"Antonio Alcaraz\",\"@id\":\"https:\/\/elcardinal.com\/#\/schema\/person\/3c352ec0a33987fe275c0e8a2ea69f8b\"},\"headline\":\"Legisladores aprueban declarar el D\u00eda de las Personas de Talla Baja en Hidalgo\",\"datePublished\":\"2025-10-24T14:49:10+00:00\",\"mainEntityOfPage\":{\"@id\":\"https:\/\/elcardinal.com\/?p=5214\"},\"wordCount\":1230,\"commentCount\":0,\"publisher\":{\"@id\":\"https:\/\/elcardinal.com\/#organization\"},\"image\":{\"@id\":\"https:\/\/elcardinal.com\/?p=5214#primaryimage\"},\"thumbnailUrl\":\"https:\/\/elcardinal.com\/wp-content\/uploads\/2025\/10\/Sesion-23.10.2025-ordinaria-22.jpg\",\"articleSection\":[\"Hidalgo\",\"Minuto a Minuto\",\"Pol\u00edtica\"],\"inLanguage\":\"es\",\"potentialAction\":[{\"@type\":\"CommentAction\",\"name\":\"Comment\",\"target\":[\"https:\/\/elcardinal.com\/?p=5214#respond\"]}]},{\"@type\":\"WebPage\",\"@id\":\"https:\/\/elcardinal.com\/?p=5214\",\"url\":\"https:\/\/elcardinal.com\/?p=5214\",\"name\":\"Legisladores aprueban declarar el D\u00eda de las Personas de Talla Baja en Hidalgo - El Cardinal\",\"isPartOf\":{\"@id\":\"https:\/\/elcardinal.com\/#website\"},\"primaryImageOfPage\":{\"@id\":\"https:\/\/elcardinal.com\/?p=5214#primaryimage\"},\"image\":{\"@id\":\"https:\/\/elcardinal.com\/?p=5214#primaryimage\"},\"thumbnailUrl\":\"https:\/\/elcardinal.com\/wp-content\/uploads\/2025\/10\/Sesion-23.10.2025-ordinaria-22.jpg\",\"datePublished\":\"2025-10-24T14:49:10+00:00\",\"breadcrumb\":{\"@id\":\"https:\/\/elcardinal.com\/?p=5214#breadcrumb\"},\"inLanguage\":\"es\",\"potentialAction\":[{\"@type\":\"ReadAction\",\"target\":[\"https:\/\/elcardinal.com\/?p=5214\"]}]},{\"@type\":\"ImageObject\",\"inLanguage\":\"es\",\"@id\":\"https:\/\/elcardinal.com\/?p=5214#primaryimage\",\"url\":\"https:\/\/elcardinal.com\/wp-content\/uploads\/2025\/10\/Sesion-23.10.2025-ordinaria-22.jpg\",\"contentUrl\":\"https:\/\/elcardinal.com\/wp-content\/uploads\/2025\/10\/Sesion-23.10.2025-ordinaria-22.jpg\",\"width\":2400,\"height\":1600,\"caption\":\"CONGRESO_HIDALGO\"},{\"@type\":\"BreadcrumbList\",\"@id\":\"https:\/\/elcardinal.com\/?p=5214#breadcrumb\",\"itemListElement\":[{\"@type\":\"ListItem\",\"position\":1,\"name\":\"Inicio\",\"item\":\"https:\/\/elcardinal.com\/\"},{\"@type\":\"ListItem\",\"position\":2,\"name\":\"Legisladores aprueban declarar el D\u00eda de las Personas de Talla Baja en Hidalgo\"}]},{\"@type\":\"WebSite\",\"@id\":\"https:\/\/elcardinal.com\/#website\",\"url\":\"https:\/\/elcardinal.com\/\",\"name\":\"El Cardinal\",\"description\":\"Periodismo honesto, con valor, sentido humano, a veces sarc\u00e1stico y divertido.\",\"publisher\":{\"@id\":\"https:\/\/elcardinal.com\/#organization\"},\"alternateName\":\"El Cardinal Noticias\",\"potentialAction\":[{\"@type\":\"SearchAction\",\"target\":{\"@type\":\"EntryPoint\",\"urlTemplate\":\"https:\/\/elcardinal.com\/?s={search_term_string}\"},\"query-input\":{\"@type\":\"PropertyValueSpecification\",\"valueRequired\":true,\"valueName\":\"search_term_string\"}}],\"inLanguage\":\"es\"},{\"@type\":\"Organization\",\"@id\":\"https:\/\/elcardinal.com\/#organization\",\"name\":\"El Cardinal\",\"url\":\"https:\/\/elcardinal.com\/\",\"logo\":{\"@type\":\"ImageObject\",\"inLanguage\":\"es\",\"@id\":\"https:\/\/elcardinal.com\/#\/schema\/logo\/image\/\",\"url\":\"https:\/\/elcardinal.com\/wp-content\/uploads\/2025\/04\/LOGO-EL-CARDINAL-Periodismo-con-valor.png\",\"contentUrl\":\"https:\/\/elcardinal.com\/wp-content\/uploads\/2025\/04\/LOGO-EL-CARDINAL-Periodismo-con-valor.png\",\"width\":755,\"height\":636,\"caption\":\"El Cardinal\"},\"image\":{\"@id\":\"https:\/\/elcardinal.com\/#\/schema\/logo\/image\/\"},\"sameAs\":[\"https:\/\/www.facebook.com\/profile.php?id=100063093107011\",\"https:\/\/x.com\/ElCardinal_Mx\"]},{\"@type\":\"Person\",\"@id\":\"https:\/\/elcardinal.com\/#\/schema\/person\/3c352ec0a33987fe275c0e8a2ea69f8b\",\"name\":\"Antonio Alcaraz\",\"image\":{\"@type\":\"ImageObject\",\"inLanguage\":\"es\",\"@id\":\"https:\/\/elcardinal.com\/#\/schema\/person\/image\/\",\"url\":\"https:\/\/elcardinal.com\/wp-content\/uploads\/2025\/05\/cropped-TONO-96x96.jpg\",\"contentUrl\":\"https:\/\/elcardinal.com\/wp-content\/uploads\/2025\/05\/cropped-TONO-96x96.jpg\",\"caption\":\"Antonio Alcaraz\"},\"url\":\"https:\/\/elcardinal.com\/?author=2\"}]}<\/script>\n<!-- \/ Yoast SEO plugin. -->","yoast_head_json":{"title":"Legisladores aprueban declarar el D\u00eda de las Personas de Talla Baja en Hidalgo - El Cardinal","robots":{"index":"index","follow":"follow","max-snippet":"max-snippet:-1","max-image-preview":"max-image-preview:large","max-video-preview":"max-video-preview:-1"},"canonical":"https:\/\/elcardinal.com\/?p=5214","og_locale":"es_MX","og_type":"article","og_title":"Legisladores aprueban declarar el D\u00eda de las Personas de Talla Baja en Hidalgo - El Cardinal","og_description":"Redacci\u00f3n En sesi\u00f3n ordinaria, diputadas y diputados integrantes de la LXVI Legislatura avalaron con 28 votos a favor, cero en contra y cero abstenciones, el dictamen que aprueba con modificaciones la iniciativa que declara el 25 de octubre de cada a\u00f1o como el D\u00eda de las Personas de Talla Baja en el Estado de Hidalgo,","og_url":"https:\/\/elcardinal.com\/?p=5214","og_site_name":"El Cardinal","article_publisher":"https:\/\/www.facebook.com\/profile.php?id=100063093107011","article_published_time":"2025-10-24T14:49:10+00:00","og_image":[{"width":2400,"height":1600,"url":"https:\/\/elcardinal.com\/wp-content\/uploads\/2025\/10\/Sesion-23.10.2025-ordinaria-22.jpg","type":"image\/jpeg"}],"author":"Antonio Alcaraz","twitter_card":"summary_large_image","twitter_creator":"@ElCardinal_Mx","twitter_site":"@ElCardinal_Mx","twitter_misc":{"Escrito por":"Antonio Alcaraz","Tiempo de lectura":"6 minutos"},"schema":{"@context":"https:\/\/schema.org","@graph":[{"@type":"Article","@id":"https:\/\/elcardinal.com\/?p=5214#article","isPartOf":{"@id":"https:\/\/elcardinal.com\/?p=5214"},"author":{"name":"Antonio Alcaraz","@id":"https:\/\/elcardinal.com\/#\/schema\/person\/3c352ec0a33987fe275c0e8a2ea69f8b"},"headline":"Legisladores aprueban declarar el D\u00eda de las Personas de Talla Baja en Hidalgo","datePublished":"2025-10-24T14:49:10+00:00","mainEntityOfPage":{"@id":"https:\/\/elcardinal.com\/?p=5214"},"wordCount":1230,"commentCount":0,"publisher":{"@id":"https:\/\/elcardinal.com\/#organization"},"image":{"@id":"https:\/\/elcardinal.com\/?p=5214#primaryimage"},"thumbnailUrl":"https:\/\/elcardinal.com\/wp-content\/uploads\/2025\/10\/Sesion-23.10.2025-ordinaria-22.jpg","articleSection":["Hidalgo","Minuto a Minuto","Pol\u00edtica"],"inLanguage":"es","potentialAction":[{"@type":"CommentAction","name":"Comment","target":["https:\/\/elcardinal.com\/?p=5214#respond"]}]},{"@type":"WebPage","@id":"https:\/\/elcardinal.com\/?p=5214","url":"https:\/\/elcardinal.com\/?p=5214","name":"Legisladores aprueban declarar el D\u00eda de las Personas de Talla Baja en Hidalgo - El Cardinal","isPartOf":{"@id":"https:\/\/elcardinal.com\/#website"},"primaryImageOfPage":{"@id":"https:\/\/elcardinal.com\/?p=5214#primaryimage"},"image":{"@id":"https:\/\/elcardinal.com\/?p=5214#primaryimage"},"thumbnailUrl":"https:\/\/elcardinal.com\/wp-content\/uploads\/2025\/10\/Sesion-23.10.2025-ordinaria-22.jpg","datePublished":"2025-10-24T14:49:10+00:00","breadcrumb":{"@id":"https:\/\/elcardinal.com\/?p=5214#breadcrumb"},"inLanguage":"es","potentialAction":[{"@type":"ReadAction","target":["https:\/\/elcardinal.com\/?p=5214"]}]},{"@type":"ImageObject","inLanguage":"es","@id":"https:\/\/elcardinal.com\/?p=5214#primaryimage","url":"https:\/\/elcardinal.com\/wp-content\/uploads\/2025\/10\/Sesion-23.10.2025-ordinaria-22.jpg","contentUrl":"https:\/\/elcardinal.com\/wp-content\/uploads\/2025\/10\/Sesion-23.10.2025-ordinaria-22.jpg","width":2400,"height":1600,"caption":"CONGRESO_HIDALGO"},{"@type":"BreadcrumbList","@id":"https:\/\/elcardinal.com\/?p=5214#breadcrumb","itemListElement":[{"@type":"ListItem","position":1,"name":"Inicio","item":"https:\/\/elcardinal.com\/"},{"@type":"ListItem","position":2,"name":"Legisladores aprueban declarar el D\u00eda de las Personas de Talla Baja en Hidalgo"}]},{"@type":"WebSite","@id":"https:\/\/elcardinal.com\/#website","url":"https:\/\/elcardinal.com\/","name":"El Cardinal","description":"Periodismo honesto, con valor, sentido humano, a veces sarc\u00e1stico y divertido.","publisher":{"@id":"https:\/\/elcardinal.com\/#organization"},"alternateName":"El Cardinal Noticias","potentialAction":[{"@type":"SearchAction","target":{"@type":"EntryPoint","urlTemplate":"https:\/\/elcardinal.com\/?s={search_term_string}"},"query-input":{"@type":"PropertyValueSpecification","valueRequired":true,"valueName":"search_term_string"}}],"inLanguage":"es"},{"@type":"Organization","@id":"https:\/\/elcardinal.com\/#organization","name":"El Cardinal","url":"https:\/\/elcardinal.com\/","logo":{"@type":"ImageObject","inLanguage":"es","@id":"https:\/\/elcardinal.com\/#\/schema\/logo\/image\/","url":"https:\/\/elcardinal.com\/wp-content\/uploads\/2025\/04\/LOGO-EL-CARDINAL-Periodismo-con-valor.png","contentUrl":"https:\/\/elcardinal.com\/wp-content\/uploads\/2025\/04\/LOGO-EL-CARDINAL-Periodismo-con-valor.png","width":755,"height":636,"caption":"El Cardinal"},"image":{"@id":"https:\/\/elcardinal.com\/#\/schema\/logo\/image\/"},"sameAs":["https:\/\/www.facebook.com\/profile.php?id=100063093107011","https:\/\/x.com\/ElCardinal_Mx"]},{"@type":"Person","@id":"https:\/\/elcardinal.com\/#\/schema\/person\/3c352ec0a33987fe275c0e8a2ea69f8b","name":"Antonio Alcaraz","image":{"@type":"ImageObject","inLanguage":"es","@id":"https:\/\/elcardinal.com\/#\/schema\/person\/image\/","url":"https:\/\/elcardinal.com\/wp-content\/uploads\/2025\/05\/cropped-TONO-96x96.jpg","contentUrl":"https:\/\/elcardinal.com\/wp-content\/uploads\/2025\/05\/cropped-TONO-96x96.jpg","caption":"Antonio Alcaraz"},"url":"https:\/\/elcardinal.com\/?author=2"}]}},"_links":{"self":[{"href":"https:\/\/elcardinal.com\/index.php?rest_route=\/wp\/v2\/posts\/5214","targetHints":{"allow":["GET"]}}],"collection":[{"href":"https:\/\/elcardinal.com\/index.php?rest_route=\/wp\/v2\/posts"}],"about":[{"href":"https:\/\/elcardinal.com\/index.php?rest_route=\/wp\/v2\/types\/post"}],"author":[{"embeddable":true,"href":"https:\/\/elcardinal.com\/index.php?rest_route=\/wp\/v2\/users\/2"}],"replies":[{"embeddable":true,"href":"https:\/\/elcardinal.com\/index.php?rest_route=%2Fwp%2Fv2%2Fcomments&post=5214"}],"version-history":[{"count":1,"href":"https:\/\/elcardinal.com\/index.php?rest_route=\/wp\/v2\/posts\/5214\/revisions"}],"predecessor-version":[{"id":5216,"href":"https:\/\/elcardinal.com\/index.php?rest_route=\/wp\/v2\/posts\/5214\/revisions\/5216"}],"wp:featuredmedia":[{"embeddable":true,"href":"https:\/\/elcardinal.com\/index.php?rest_route=\/wp\/v2\/media\/5215"}],"wp:attachment":[{"href":"https:\/\/elcardinal.com\/index.php?rest_route=%2Fwp%2Fv2%2Fmedia&parent=5214"}],"wp:term":[{"taxonomy":"category","embeddable":true,"href":"https:\/\/elcardinal.com\/index.php?rest_route=%2Fwp%2Fv2%2Fcategories&post=5214"},{"taxonomy":"post_tag","embeddable":true,"href":"https:\/\/elcardinal.com\/index.php?rest_route=%2Fwp%2Fv2%2Ftags&post=5214"}],"curies":[{"name":"wp","href":"https:\/\/api.w.org\/{rel}","templated":true}]}}