{"id":5220,"date":"2025-10-24T09:00:21","date_gmt":"2025-10-24T15:00:21","guid":{"rendered":"https:\/\/elcardinal.com\/?p=5220"},"modified":"2025-10-24T09:00:21","modified_gmt":"2025-10-24T15:00:21","slug":"rosalba-martinez-olivares-asume-funciones-como-diputada-en-la-lxvi-legislatura","status":"publish","type":"post","link":"https:\/\/elcardinal.com\/?p=5220","title":{"rendered":"Rosalba Mart\u00ednez Olivares asume funciones como diputada en la LXVI Legislatura"},"content":{"rendered":"<p>Redacci\u00f3n<\/p>\n<p><span style=\"font-weight: 400;\">En sesi\u00f3n ordinaria, diputadas y diputados integrantes de la <\/span><b>LXVI Legislatura<\/b><span style=\"font-weight: 400;\"> aprobaron con 28 votos a favor, cero en contra y cero abstenciones, el dictamen que otorga posesi\u00f3n del cargo como diputada en funciones a <\/span><b>Rosalba Mart\u00ednez Olivares <\/b><span style=\"font-weight: 400;\">(PVEM), de representaci\u00f3n proporcional, en su calidad de diputada suplente electa ante la licencia por tiempo indefinido otorgada a la diputada propietaria <\/span><b>Mar\u00eda Guadalupe Cruz Monta\u00f1o<\/b><span style=\"font-weight: 400;\">, emitido por la primera Comisi\u00f3n Permanente de Legislaci\u00f3n y Puntos Constitucionales.<\/span><\/p>\n<p><span style=\"font-weight: 400;\">Originaria de Huejutla de Reyes, Hidalgo, la profesora <\/span><b>Rosalba Mart\u00ednez Olivares <\/b><span style=\"font-weight: 400;\">tiene 63 a\u00f1os de edad y cuenta con una amplia trayectoria dentro del sistema educativo, donde desempe\u00f1\u00f3 diversos cargos tanto en el \u00e1mbito docente como directivo.<\/span><\/p>\n<p><span style=\"font-weight: 400;\">Tras 30 a\u00f1os de servicio como maestra de nivel primaria y 13 a\u00f1os de jubilaci\u00f3n, contin\u00faa siendo una mujer activa y participativa dentro del sector de maestros jubilados, contribuyendo con su experiencia, conocimiento y vocaci\u00f3n al fortalecimiento de la comunidad educativa y al reconocimiento del magisterio hidalguense.<\/span><\/p>\n<p><span style=\"font-weight: 400;\">La legisladora <\/span><b>M\u00f3nica Leanett Reyes Mart\u00ednez<\/b><span style=\"font-weight: 400;\"> (Nueva Alianza) record\u00f3 que el llamar a la nueva diputada conlleva a garantizar la conformaci\u00f3n plena y constante del Congreso del Estado que se prev\u00e9 en el art\u00edculo 29 de la Constituci\u00f3n estatal.<\/span><\/p>\n<p><b>Tr\u00e1mite legislativo<\/b><\/p>\n<p><span style=\"font-weight: 400;\">En la sesi\u00f3n ordinaria de fecha 07 de octubre de 2025, fue sometida a consideraci\u00f3n del Pleno del Congreso del Estado, una solicitud de licencia por tiempo indefinido presentada por la diputada <\/span><b>Mar\u00eda Guadalupe Cruz Monta\u00f1o<\/b><span style=\"font-weight: 400;\">, integrante del Grupo Legislativo del Partido Verde Ecologista en la <\/span><b>LXVI Legislatura<\/b><span style=\"font-weight: 400;\">.<\/span><\/p>\n<p><span style=\"font-weight: 400;\">Dicha licencia fue aprobada y concedida por unanimidad de las legisladoras y los legisladores presentes, en t\u00e9rminos del art\u00edculo 28 de la Ley Org\u00e1nica del Poder Legislativo del Estado de Hidalgo.<\/span><\/p>\n","protected":false},"excerpt":{"rendered":"<p>Redacci\u00f3n En sesi\u00f3n ordinaria, diputadas y diputados integrantes de la LXVI Legislatura aprobaron con 28 votos a favor, cero en contra y cero abstenciones, el dictamen que otorga posesi\u00f3n del cargo como diputada en funciones a Rosalba Mart\u00ednez Olivares (PVEM), de representaci\u00f3n proporcional, en su calidad de diputada suplente electa ante la licencia por tiempo<\/p>\n","protected":false},"author":2,"featured_media":5221,"comment_status":"open","ping_status":"open","sticky":false,"template":"","format":"standard","meta":{"footnotes":""},"categories":[1],"tags":[],"class_list":{"0":"post-5220","1":"post","2":"type-post","3":"status-publish","4":"format-standard","5":"has-post-thumbnail","7":"category-uncategorized"},"yoast_head":"<!-- This site is optimized with the Yoast SEO plugin v26.1.1 - https:\/\/yoast.com\/wordpress\/plugins\/seo\/ -->\n<title>Rosalba Mart\u00ednez Olivares asume funciones como diputada en la LXVI Legislatura - El Cardinal<\/title>\n<meta name=\"robots\" content=\"index, follow, max-snippet:-1, max-image-preview:large, max-video-preview:-1\" \/>\n<link rel=\"canonical\" href=\"https:\/\/elcardinal.com\/?p=5220\" \/>\n<meta property=\"og:locale\" content=\"es_MX\" \/>\n<meta property=\"og:type\" content=\"article\" \/>\n<meta property=\"og:title\" content=\"Rosalba Mart\u00ednez Olivares asume funciones como diputada en la LXVI Legislatura - El Cardinal\" \/>\n<meta property=\"og:description\" content=\"Redacci\u00f3n En sesi\u00f3n ordinaria, diputadas y diputados integrantes de la LXVI Legislatura aprobaron con 28 votos a favor, cero en contra y cero abstenciones, el dictamen que otorga posesi\u00f3n del cargo como diputada en funciones a Rosalba Mart\u00ednez Olivares (PVEM), de representaci\u00f3n proporcional, en su calidad de diputada suplente electa ante la licencia por tiempo\" \/>\n<meta property=\"og:url\" content=\"https:\/\/elcardinal.com\/?p=5220\" \/>\n<meta property=\"og:site_name\" content=\"El Cardinal\" \/>\n<meta property=\"article:publisher\" content=\"https:\/\/www.facebook.com\/profile.php?id=100063093107011\" \/>\n<meta property=\"article:published_time\" content=\"2025-10-24T15:00:21+00:00\" \/>\n<meta property=\"og:image\" content=\"https:\/\/elcardinal.com\/wp-content\/uploads\/2025\/10\/Toma-de-protesta-2.jpg\" \/>\n\t<meta property=\"og:image:width\" content=\"853\" \/>\n\t<meta property=\"og:image:height\" content=\"1280\" \/>\n\t<meta property=\"og:image:type\" content=\"image\/jpeg\" \/>\n<meta name=\"author\" content=\"Antonio Alcaraz\" \/>\n<meta name=\"twitter:card\" content=\"summary_large_image\" \/>\n<meta name=\"twitter:creator\" content=\"@ElCardinal_Mx\" \/>\n<meta name=\"twitter:site\" content=\"@ElCardinal_Mx\" \/>\n<meta name=\"twitter:label1\" content=\"Escrito por\" \/>\n\t<meta name=\"twitter:data1\" content=\"Antonio Alcaraz\" \/>\n\t<meta name=\"twitter:label2\" content=\"Tiempo de lectura\" \/>\n\t<meta name=\"twitter:data2\" content=\"2 minutos\" \/>\n<script type=\"application\/ld+json\" class=\"yoast-schema-graph\">{\"@context\":\"https:\/\/schema.org\",\"@graph\":[{\"@type\":\"Article\",\"@id\":\"https:\/\/elcardinal.com\/?p=5220#article\",\"isPartOf\":{\"@id\":\"https:\/\/elcardinal.com\/?p=5220\"},\"author\":{\"name\":\"Antonio Alcaraz\",\"@id\":\"https:\/\/elcardinal.com\/#\/schema\/person\/3c352ec0a33987fe275c0e8a2ea69f8b\"},\"headline\":\"Rosalba Mart\u00ednez Olivares asume funciones como diputada en la LXVI Legislatura\",\"datePublished\":\"2025-10-24T15:00:21+00:00\",\"mainEntityOfPage\":{\"@id\":\"https:\/\/elcardinal.com\/?p=5220\"},\"wordCount\":313,\"commentCount\":0,\"publisher\":{\"@id\":\"https:\/\/elcardinal.com\/#organization\"},\"image\":{\"@id\":\"https:\/\/elcardinal.com\/?p=5220#primaryimage\"},\"thumbnailUrl\":\"https:\/\/elcardinal.com\/wp-content\/uploads\/2025\/10\/Toma-de-protesta-2.jpg\",\"articleSection\":[\"Uncategorized\"],\"inLanguage\":\"es\",\"potentialAction\":[{\"@type\":\"CommentAction\",\"name\":\"Comment\",\"target\":[\"https:\/\/elcardinal.com\/?p=5220#respond\"]}]},{\"@type\":\"WebPage\",\"@id\":\"https:\/\/elcardinal.com\/?p=5220\",\"url\":\"https:\/\/elcardinal.com\/?p=5220\",\"name\":\"Rosalba Mart\u00ednez Olivares asume funciones como diputada en la LXVI Legislatura - El Cardinal\",\"isPartOf\":{\"@id\":\"https:\/\/elcardinal.com\/#website\"},\"primaryImageOfPage\":{\"@id\":\"https:\/\/elcardinal.com\/?p=5220#primaryimage\"},\"image\":{\"@id\":\"https:\/\/elcardinal.com\/?p=5220#primaryimage\"},\"thumbnailUrl\":\"https:\/\/elcardinal.com\/wp-content\/uploads\/2025\/10\/Toma-de-protesta-2.jpg\",\"datePublished\":\"2025-10-24T15:00:21+00:00\",\"breadcrumb\":{\"@id\":\"https:\/\/elcardinal.com\/?p=5220#breadcrumb\"},\"inLanguage\":\"es\",\"potentialAction\":[{\"@type\":\"ReadAction\",\"target\":[\"https:\/\/elcardinal.com\/?p=5220\"]}]},{\"@type\":\"ImageObject\",\"inLanguage\":\"es\",\"@id\":\"https:\/\/elcardinal.com\/?p=5220#primaryimage\",\"url\":\"https:\/\/elcardinal.com\/wp-content\/uploads\/2025\/10\/Toma-de-protesta-2.jpg\",\"contentUrl\":\"https:\/\/elcardinal.com\/wp-content\/uploads\/2025\/10\/Toma-de-protesta-2.jpg\",\"width\":853,\"height\":1280},{\"@type\":\"BreadcrumbList\",\"@id\":\"https:\/\/elcardinal.com\/?p=5220#breadcrumb\",\"itemListElement\":[{\"@type\":\"ListItem\",\"position\":1,\"name\":\"Inicio\",\"item\":\"https:\/\/elcardinal.com\/\"},{\"@type\":\"ListItem\",\"position\":2,\"name\":\"Rosalba Mart\u00ednez Olivares asume funciones como diputada en la LXVI Legislatura\"}]},{\"@type\":\"WebSite\",\"@id\":\"https:\/\/elcardinal.com\/#website\",\"url\":\"https:\/\/elcardinal.com\/\",\"name\":\"El Cardinal\",\"description\":\"Periodismo honesto, con valor, sentido humano, a veces sarc\u00e1stico y divertido.\",\"publisher\":{\"@id\":\"https:\/\/elcardinal.com\/#organization\"},\"alternateName\":\"El Cardinal Noticias\",\"potentialAction\":[{\"@type\":\"SearchAction\",\"target\":{\"@type\":\"EntryPoint\",\"urlTemplate\":\"https:\/\/elcardinal.com\/?s={search_term_string}\"},\"query-input\":{\"@type\":\"PropertyValueSpecification\",\"valueRequired\":true,\"valueName\":\"search_term_string\"}}],\"inLanguage\":\"es\"},{\"@type\":\"Organization\",\"@id\":\"https:\/\/elcardinal.com\/#organization\",\"name\":\"El Cardinal\",\"url\":\"https:\/\/elcardinal.com\/\",\"logo\":{\"@type\":\"ImageObject\",\"inLanguage\":\"es\",\"@id\":\"https:\/\/elcardinal.com\/#\/schema\/logo\/image\/\",\"url\":\"https:\/\/elcardinal.com\/wp-content\/uploads\/2025\/04\/LOGO-EL-CARDINAL-Periodismo-con-valor.png\",\"contentUrl\":\"https:\/\/elcardinal.com\/wp-content\/uploads\/2025\/04\/LOGO-EL-CARDINAL-Periodismo-con-valor.png\",\"width\":755,\"height\":636,\"caption\":\"El Cardinal\"},\"image\":{\"@id\":\"https:\/\/elcardinal.com\/#\/schema\/logo\/image\/\"},\"sameAs\":[\"https:\/\/www.facebook.com\/profile.php?id=100063093107011\",\"https:\/\/x.com\/ElCardinal_Mx\"]},{\"@type\":\"Person\",\"@id\":\"https:\/\/elcardinal.com\/#\/schema\/person\/3c352ec0a33987fe275c0e8a2ea69f8b\",\"name\":\"Antonio Alcaraz\",\"image\":{\"@type\":\"ImageObject\",\"inLanguage\":\"es\",\"@id\":\"https:\/\/elcardinal.com\/#\/schema\/person\/image\/\",\"url\":\"https:\/\/elcardinal.com\/wp-content\/uploads\/2025\/05\/cropped-TONO-96x96.jpg\",\"contentUrl\":\"https:\/\/elcardinal.com\/wp-content\/uploads\/2025\/05\/cropped-TONO-96x96.jpg\",\"caption\":\"Antonio Alcaraz\"},\"url\":\"https:\/\/elcardinal.com\/?author=2\"}]}<\/script>\n<!-- \/ Yoast SEO plugin. -->","yoast_head_json":{"title":"Rosalba Mart\u00ednez Olivares asume funciones como diputada en la LXVI Legislatura - El Cardinal","robots":{"index":"index","follow":"follow","max-snippet":"max-snippet:-1","max-image-preview":"max-image-preview:large","max-video-preview":"max-video-preview:-1"},"canonical":"https:\/\/elcardinal.com\/?p=5220","og_locale":"es_MX","og_type":"article","og_title":"Rosalba Mart\u00ednez Olivares asume funciones como diputada en la LXVI Legislatura - El Cardinal","og_description":"Redacci\u00f3n En sesi\u00f3n ordinaria, diputadas y diputados integrantes de la LXVI Legislatura aprobaron con 28 votos a favor, cero en contra y cero abstenciones, el dictamen que otorga posesi\u00f3n del cargo como diputada en funciones a Rosalba Mart\u00ednez Olivares (PVEM), de representaci\u00f3n proporcional, en su calidad de diputada suplente electa ante la licencia por tiempo","og_url":"https:\/\/elcardinal.com\/?p=5220","og_site_name":"El Cardinal","article_publisher":"https:\/\/www.facebook.com\/profile.php?id=100063093107011","article_published_time":"2025-10-24T15:00:21+00:00","og_image":[{"width":853,"height":1280,"url":"https:\/\/elcardinal.com\/wp-content\/uploads\/2025\/10\/Toma-de-protesta-2.jpg","type":"image\/jpeg"}],"author":"Antonio Alcaraz","twitter_card":"summary_large_image","twitter_creator":"@ElCardinal_Mx","twitter_site":"@ElCardinal_Mx","twitter_misc":{"Escrito por":"Antonio Alcaraz","Tiempo de lectura":"2 minutos"},"schema":{"@context":"https:\/\/schema.org","@graph":[{"@type":"Article","@id":"https:\/\/elcardinal.com\/?p=5220#article","isPartOf":{"@id":"https:\/\/elcardinal.com\/?p=5220"},"author":{"name":"Antonio Alcaraz","@id":"https:\/\/elcardinal.com\/#\/schema\/person\/3c352ec0a33987fe275c0e8a2ea69f8b"},"headline":"Rosalba Mart\u00ednez Olivares asume funciones como diputada en la LXVI Legislatura","datePublished":"2025-10-24T15:00:21+00:00","mainEntityOfPage":{"@id":"https:\/\/elcardinal.com\/?p=5220"},"wordCount":313,"commentCount":0,"publisher":{"@id":"https:\/\/elcardinal.com\/#organization"},"image":{"@id":"https:\/\/elcardinal.com\/?p=5220#primaryimage"},"thumbnailUrl":"https:\/\/elcardinal.com\/wp-content\/uploads\/2025\/10\/Toma-de-protesta-2.jpg","articleSection":["Uncategorized"],"inLanguage":"es","potentialAction":[{"@type":"CommentAction","name":"Comment","target":["https:\/\/elcardinal.com\/?p=5220#respond"]}]},{"@type":"WebPage","@id":"https:\/\/elcardinal.com\/?p=5220","url":"https:\/\/elcardinal.com\/?p=5220","name":"Rosalba Mart\u00ednez Olivares asume funciones como diputada en la LXVI Legislatura - El Cardinal","isPartOf":{"@id":"https:\/\/elcardinal.com\/#website"},"primaryImageOfPage":{"@id":"https:\/\/elcardinal.com\/?p=5220#primaryimage"},"image":{"@id":"https:\/\/elcardinal.com\/?p=5220#primaryimage"},"thumbnailUrl":"https:\/\/elcardinal.com\/wp-content\/uploads\/2025\/10\/Toma-de-protesta-2.jpg","datePublished":"2025-10-24T15:00:21+00:00","breadcrumb":{"@id":"https:\/\/elcardinal.com\/?p=5220#breadcrumb"},"inLanguage":"es","potentialAction":[{"@type":"ReadAction","target":["https:\/\/elcardinal.com\/?p=5220"]}]},{"@type":"ImageObject","inLanguage":"es","@id":"https:\/\/elcardinal.com\/?p=5220#primaryimage","url":"https:\/\/elcardinal.com\/wp-content\/uploads\/2025\/10\/Toma-de-protesta-2.jpg","contentUrl":"https:\/\/elcardinal.com\/wp-content\/uploads\/2025\/10\/Toma-de-protesta-2.jpg","width":853,"height":1280},{"@type":"BreadcrumbList","@id":"https:\/\/elcardinal.com\/?p=5220#breadcrumb","itemListElement":[{"@type":"ListItem","position":1,"name":"Inicio","item":"https:\/\/elcardinal.com\/"},{"@type":"ListItem","position":2,"name":"Rosalba Mart\u00ednez Olivares asume funciones como diputada en la LXVI Legislatura"}]},{"@type":"WebSite","@id":"https:\/\/elcardinal.com\/#website","url":"https:\/\/elcardinal.com\/","name":"El Cardinal","description":"Periodismo honesto, con valor, sentido humano, a veces sarc\u00e1stico y divertido.","publisher":{"@id":"https:\/\/elcardinal.com\/#organization"},"alternateName":"El Cardinal Noticias","potentialAction":[{"@type":"SearchAction","target":{"@type":"EntryPoint","urlTemplate":"https:\/\/elcardinal.com\/?s={search_term_string}"},"query-input":{"@type":"PropertyValueSpecification","valueRequired":true,"valueName":"search_term_string"}}],"inLanguage":"es"},{"@type":"Organization","@id":"https:\/\/elcardinal.com\/#organization","name":"El Cardinal","url":"https:\/\/elcardinal.com\/","logo":{"@type":"ImageObject","inLanguage":"es","@id":"https:\/\/elcardinal.com\/#\/schema\/logo\/image\/","url":"https:\/\/elcardinal.com\/wp-content\/uploads\/2025\/04\/LOGO-EL-CARDINAL-Periodismo-con-valor.png","contentUrl":"https:\/\/elcardinal.com\/wp-content\/uploads\/2025\/04\/LOGO-EL-CARDINAL-Periodismo-con-valor.png","width":755,"height":636,"caption":"El Cardinal"},"image":{"@id":"https:\/\/elcardinal.com\/#\/schema\/logo\/image\/"},"sameAs":["https:\/\/www.facebook.com\/profile.php?id=100063093107011","https:\/\/x.com\/ElCardinal_Mx"]},{"@type":"Person","@id":"https:\/\/elcardinal.com\/#\/schema\/person\/3c352ec0a33987fe275c0e8a2ea69f8b","name":"Antonio Alcaraz","image":{"@type":"ImageObject","inLanguage":"es","@id":"https:\/\/elcardinal.com\/#\/schema\/person\/image\/","url":"https:\/\/elcardinal.com\/wp-content\/uploads\/2025\/05\/cropped-TONO-96x96.jpg","contentUrl":"https:\/\/elcardinal.com\/wp-content\/uploads\/2025\/05\/cropped-TONO-96x96.jpg","caption":"Antonio Alcaraz"},"url":"https:\/\/elcardinal.com\/?author=2"}]}},"_links":{"self":[{"href":"https:\/\/elcardinal.com\/index.php?rest_route=\/wp\/v2\/posts\/5220","targetHints":{"allow":["GET"]}}],"collection":[{"href":"https:\/\/elcardinal.com\/index.php?rest_route=\/wp\/v2\/posts"}],"about":[{"href":"https:\/\/elcardinal.com\/index.php?rest_route=\/wp\/v2\/types\/post"}],"author":[{"embeddable":true,"href":"https:\/\/elcardinal.com\/index.php?rest_route=\/wp\/v2\/users\/2"}],"replies":[{"embeddable":true,"href":"https:\/\/elcardinal.com\/index.php?rest_route=%2Fwp%2Fv2%2Fcomments&post=5220"}],"version-history":[{"count":1,"href":"https:\/\/elcardinal.com\/index.php?rest_route=\/wp\/v2\/posts\/5220\/revisions"}],"predecessor-version":[{"id":5222,"href":"https:\/\/elcardinal.com\/index.php?rest_route=\/wp\/v2\/posts\/5220\/revisions\/5222"}],"wp:featuredmedia":[{"embeddable":true,"href":"https:\/\/elcardinal.com\/index.php?rest_route=\/wp\/v2\/media\/5221"}],"wp:attachment":[{"href":"https:\/\/elcardinal.com\/index.php?rest_route=%2Fwp%2Fv2%2Fmedia&parent=5220"}],"wp:term":[{"taxonomy":"category","embeddable":true,"href":"https:\/\/elcardinal.com\/index.php?rest_route=%2Fwp%2Fv2%2Fcategories&post=5220"},{"taxonomy":"post_tag","embeddable":true,"href":"https:\/\/elcardinal.com\/index.php?rest_route=%2Fwp%2Fv2%2Ftags&post=5220"}],"curies":[{"name":"wp","href":"https:\/\/api.w.org\/{rel}","templated":true}]}}