{"id":5223,"date":"2025-10-25T14:47:25","date_gmt":"2025-10-25T20:47:25","guid":{"rendered":"https:\/\/elcardinal.com\/?p=5223"},"modified":"2025-10-25T14:47:55","modified_gmt":"2025-10-25T20:47:55","slug":"horriblemente-asqueroso-de-malo","status":"publish","type":"post","link":"https:\/\/elcardinal.com\/?p=5223","title":{"rendered":"Horriblemente asqueroso de malo"},"content":{"rendered":"<p>Por: <strong>Tania Mart\u00ednez Su\u00e1rez<\/strong><\/p>\n<p>\u201cHorriblemente asqueroso de malo\u201d, cuatro palabras que enunci\u00f3 el director del <strong>Fondo de Cultura Econ\u00f3mica<\/strong> de nuestro pa\u00eds, si ya de por s\u00ed son discordantes y me remiten a esta forma despectiva de hablar de quienes son conscientes de sus privilegios, el contexto en el que lo menciona es deleznable. Refiere que si ha de mandar un poemario as\u00ed de una autora en raz\u00f3n de la cuota de paridad, mejor no manda nada,<strong> \u00bfPor qu\u00e9 castigar a un pobre pueblo de Guanajuato?<\/strong> dice, como si la escritura hecha por mujeres, fuera una p\u00e9rdida de tiempo, que suplicio leerla nomas porque ahora est\u00e1 de \u201cmoda\u201d que est\u00e1s viejas locas, como somos tildadas, nos pongamos a escribir.<\/p>\n<p>Hay mucho desprecio en esas cuatro letras, queda claro que en el Fondo algunos funcionarios siguen sintiendo que merecen privilegios, no importa cu\u00e1n grande o peque\u00f1o sea el ladrillos que lo sostiene, lamentablemente no es el \u00fanico, una vez vi una exposici\u00f3n en el <strong>marco del 8M<\/strong> a la que se convocaron mujeres y en las entrevistas solo el flamante <em>coordinadormuseogr\u00e1fosabeque <\/em>era quien daba entrevistas, vamos a ellas nadie las vio y nadie las mencion\u00f3, pero su obra se expuso en una \u201csala\u201d improvisada que hasta goteras ten\u00eda. Como estos ejemplos hay cientos, y aunque les moleste es algo que no debemos permitir.<\/p>\n<blockquote><p>Es cierto, elevar exigencias por estos temas cuando en el pa\u00eds <strong>12 mujeres desaparecen al d\u00eda<\/strong> puede resultar il\u00f3gico, pero tambi\u00e9n desde esta trinchera del arte y la cultura hacemos visibles estos nefastos comportamientos, quiz\u00e1 es justamente por lo primero que no podemos permitirnos retroceso m\u00ednimos ni en el habla, el uso del lenguaje, ni en las pol\u00edticas p\u00fablicas, ni en los modos; que a nivel personal cada quien se exprese como quiera o pueda, solo demuestra lo precario de su entendimiento; pero como funcionario el trato debe ser digno y respetuoso, no importa si a \u00e9l no le parece importante la difusi\u00f3n del trabajo literario de la mujeres, es necesario, no solo para ese \u00e1mbito, sino para la convivencia social.<\/p><\/blockquote>\n<p>Esta <strong>violencia sist\u00e9mica<\/strong> en la cual las mujeres nos vemos inmersas debe extinguirse, es incre\u00edble que, en un ejercicio de comunicaci\u00f3n a nivel nacional con la primera presidenta de este pa\u00eds al lado, un mamarracho se suelte diciendo estas cosas sin que haya consecuencias.<\/p>\n<p>Pienso no solo en las escritoras consagradas, que siempre ser\u00e1n las menos, pienso en las que estamos en los m\u00e1rgenes, en aquellas a quienes el <strong>poder hegem\u00f3nico no nos concede status o legitimaci\u00f3n<\/strong> porque habitamos la periferia, porque hacemos procesos colectivos y priorizamos otras l\u00f3gicas fuera de las del mercado.<\/p>\n<blockquote><p>Esa <strong>visi\u00f3n clasista,<\/strong> que se legitima y apuntala so pretexto de la alta cultura, aunque trata, no nos define, tambi\u00e9n el arte y la cultura deben democratizarse, a\u00fan m\u00e1s la literatura tan ligada a la permanencia del status cuo, que a esta altura resulta insostenible; porque malos, horribles y asquerosos los se\u00f1ores imitadores de Octavio Paz que proliferan en los estados.<\/p><\/blockquote>\n<p>&nbsp;<\/p>\n<p>&nbsp;<\/p>\n","protected":false},"excerpt":{"rendered":"<p>Por: Tania Mart\u00ednez Su\u00e1rez \u201cHorriblemente asqueroso de malo\u201d, cuatro palabras que enunci\u00f3 el director del Fondo de Cultura Econ\u00f3mica de nuestro pa\u00eds, si ya de por s\u00ed son discordantes y me remiten a esta forma despectiva de hablar de quienes son conscientes de sus privilegios, el contexto en el que lo menciona es deleznable. Refiere<\/p>\n","protected":false},"author":2,"featured_media":4974,"comment_status":"open","ping_status":"open","sticky":false,"template":"","format":"standard","meta":{"footnotes":""},"categories":[44,35],"tags":[54,55],"class_list":{"0":"post-5223","1":"post","2":"type-post","3":"status-publish","4":"format-standard","5":"has-post-thumbnail","7":"category-minuto-a-minuto","8":"category-opinion","9":"tag-proscrita","10":"tag-tania-martinez-suarez"},"yoast_head":"<!-- This site is optimized with the Yoast SEO plugin v26.1.1 - https:\/\/yoast.com\/wordpress\/plugins\/seo\/ -->\n<title>Horriblemente asqueroso de malo - El Cardinal<\/title>\n<meta name=\"robots\" content=\"index, follow, max-snippet:-1, max-image-preview:large, max-video-preview:-1\" \/>\n<link rel=\"canonical\" href=\"https:\/\/elcardinal.com\/?p=5223\" \/>\n<meta property=\"og:locale\" content=\"es_MX\" \/>\n<meta property=\"og:type\" content=\"article\" \/>\n<meta property=\"og:title\" content=\"Horriblemente asqueroso de malo - El Cardinal\" \/>\n<meta property=\"og:description\" content=\"Por: Tania Mart\u00ednez Su\u00e1rez \u201cHorriblemente asqueroso de malo\u201d, cuatro palabras que enunci\u00f3 el director del Fondo de Cultura Econ\u00f3mica de nuestro pa\u00eds, si ya de por s\u00ed son discordantes y me remiten a esta forma despectiva de hablar de quienes son conscientes de sus privilegios, el contexto en el que lo menciona es deleznable. Refiere\" \/>\n<meta property=\"og:url\" content=\"https:\/\/elcardinal.com\/?p=5223\" \/>\n<meta property=\"og:site_name\" content=\"El Cardinal\" \/>\n<meta property=\"article:publisher\" content=\"https:\/\/www.facebook.com\/profile.php?id=100063093107011\" \/>\n<meta property=\"article:published_time\" content=\"2025-10-25T20:47:25+00:00\" \/>\n<meta property=\"article:modified_time\" content=\"2025-10-25T20:47:55+00:00\" \/>\n<meta property=\"og:image\" content=\"https:\/\/elcardinal.com\/wp-content\/uploads\/2025\/08\/Semillas-Esterales.png\" \/>\n\t<meta property=\"og:image:width\" content=\"940\" \/>\n\t<meta property=\"og:image:height\" content=\"788\" \/>\n\t<meta property=\"og:image:type\" content=\"image\/png\" \/>\n<meta name=\"author\" content=\"Antonio Alcaraz\" \/>\n<meta name=\"twitter:card\" content=\"summary_large_image\" \/>\n<meta name=\"twitter:creator\" content=\"@ElCardinal_Mx\" \/>\n<meta name=\"twitter:site\" content=\"@ElCardinal_Mx\" \/>\n<meta name=\"twitter:label1\" content=\"Escrito por\" \/>\n\t<meta name=\"twitter:data1\" content=\"Antonio Alcaraz\" \/>\n\t<meta name=\"twitter:label2\" content=\"Tiempo de lectura\" \/>\n\t<meta name=\"twitter:data2\" content=\"2 minutos\" \/>\n<script type=\"application\/ld+json\" class=\"yoast-schema-graph\">{\"@context\":\"https:\/\/schema.org\",\"@graph\":[{\"@type\":\"Article\",\"@id\":\"https:\/\/elcardinal.com\/?p=5223#article\",\"isPartOf\":{\"@id\":\"https:\/\/elcardinal.com\/?p=5223\"},\"author\":{\"name\":\"Antonio Alcaraz\",\"@id\":\"https:\/\/elcardinal.com\/#\/schema\/person\/3c352ec0a33987fe275c0e8a2ea69f8b\"},\"headline\":\"Horriblemente asqueroso de malo\",\"datePublished\":\"2025-10-25T20:47:25+00:00\",\"dateModified\":\"2025-10-25T20:47:55+00:00\",\"mainEntityOfPage\":{\"@id\":\"https:\/\/elcardinal.com\/?p=5223\"},\"wordCount\":537,\"commentCount\":0,\"publisher\":{\"@id\":\"https:\/\/elcardinal.com\/#organization\"},\"image\":{\"@id\":\"https:\/\/elcardinal.com\/?p=5223#primaryimage\"},\"thumbnailUrl\":\"https:\/\/elcardinal.com\/wp-content\/uploads\/2025\/08\/Semillas-Esterales.png\",\"keywords\":[\"Proscrita\",\"Tania Mart\u00ednez Su\u00e1rez\"],\"articleSection\":[\"Minuto a Minuto\",\"Opini\u00f3n\"],\"inLanguage\":\"es\",\"potentialAction\":[{\"@type\":\"CommentAction\",\"name\":\"Comment\",\"target\":[\"https:\/\/elcardinal.com\/?p=5223#respond\"]}]},{\"@type\":\"WebPage\",\"@id\":\"https:\/\/elcardinal.com\/?p=5223\",\"url\":\"https:\/\/elcardinal.com\/?p=5223\",\"name\":\"Horriblemente asqueroso de malo - El Cardinal\",\"isPartOf\":{\"@id\":\"https:\/\/elcardinal.com\/#website\"},\"primaryImageOfPage\":{\"@id\":\"https:\/\/elcardinal.com\/?p=5223#primaryimage\"},\"image\":{\"@id\":\"https:\/\/elcardinal.com\/?p=5223#primaryimage\"},\"thumbnailUrl\":\"https:\/\/elcardinal.com\/wp-content\/uploads\/2025\/08\/Semillas-Esterales.png\",\"datePublished\":\"2025-10-25T20:47:25+00:00\",\"dateModified\":\"2025-10-25T20:47:55+00:00\",\"breadcrumb\":{\"@id\":\"https:\/\/elcardinal.com\/?p=5223#breadcrumb\"},\"inLanguage\":\"es\",\"potentialAction\":[{\"@type\":\"ReadAction\",\"target\":[\"https:\/\/elcardinal.com\/?p=5223\"]}]},{\"@type\":\"ImageObject\",\"inLanguage\":\"es\",\"@id\":\"https:\/\/elcardinal.com\/?p=5223#primaryimage\",\"url\":\"https:\/\/elcardinal.com\/wp-content\/uploads\/2025\/08\/Semillas-Esterales.png\",\"contentUrl\":\"https:\/\/elcardinal.com\/wp-content\/uploads\/2025\/08\/Semillas-Esterales.png\",\"width\":940,\"height\":788},{\"@type\":\"BreadcrumbList\",\"@id\":\"https:\/\/elcardinal.com\/?p=5223#breadcrumb\",\"itemListElement\":[{\"@type\":\"ListItem\",\"position\":1,\"name\":\"Inicio\",\"item\":\"https:\/\/elcardinal.com\/\"},{\"@type\":\"ListItem\",\"position\":2,\"name\":\"Horriblemente asqueroso de malo\"}]},{\"@type\":\"WebSite\",\"@id\":\"https:\/\/elcardinal.com\/#website\",\"url\":\"https:\/\/elcardinal.com\/\",\"name\":\"El Cardinal\",\"description\":\"Periodismo honesto, con valor, sentido humano, a veces sarc\u00e1stico y divertido.\",\"publisher\":{\"@id\":\"https:\/\/elcardinal.com\/#organization\"},\"alternateName\":\"El Cardinal Noticias\",\"potentialAction\":[{\"@type\":\"SearchAction\",\"target\":{\"@type\":\"EntryPoint\",\"urlTemplate\":\"https:\/\/elcardinal.com\/?s={search_term_string}\"},\"query-input\":{\"@type\":\"PropertyValueSpecification\",\"valueRequired\":true,\"valueName\":\"search_term_string\"}}],\"inLanguage\":\"es\"},{\"@type\":\"Organization\",\"@id\":\"https:\/\/elcardinal.com\/#organization\",\"name\":\"El Cardinal\",\"url\":\"https:\/\/elcardinal.com\/\",\"logo\":{\"@type\":\"ImageObject\",\"inLanguage\":\"es\",\"@id\":\"https:\/\/elcardinal.com\/#\/schema\/logo\/image\/\",\"url\":\"https:\/\/elcardinal.com\/wp-content\/uploads\/2025\/04\/LOGO-EL-CARDINAL-Periodismo-con-valor.png\",\"contentUrl\":\"https:\/\/elcardinal.com\/wp-content\/uploads\/2025\/04\/LOGO-EL-CARDINAL-Periodismo-con-valor.png\",\"width\":755,\"height\":636,\"caption\":\"El Cardinal\"},\"image\":{\"@id\":\"https:\/\/elcardinal.com\/#\/schema\/logo\/image\/\"},\"sameAs\":[\"https:\/\/www.facebook.com\/profile.php?id=100063093107011\",\"https:\/\/x.com\/ElCardinal_Mx\"]},{\"@type\":\"Person\",\"@id\":\"https:\/\/elcardinal.com\/#\/schema\/person\/3c352ec0a33987fe275c0e8a2ea69f8b\",\"name\":\"Antonio Alcaraz\",\"image\":{\"@type\":\"ImageObject\",\"inLanguage\":\"es\",\"@id\":\"https:\/\/elcardinal.com\/#\/schema\/person\/image\/\",\"url\":\"https:\/\/elcardinal.com\/wp-content\/uploads\/2025\/05\/cropped-TONO-96x96.jpg\",\"contentUrl\":\"https:\/\/elcardinal.com\/wp-content\/uploads\/2025\/05\/cropped-TONO-96x96.jpg\",\"caption\":\"Antonio Alcaraz\"},\"url\":\"https:\/\/elcardinal.com\/?author=2\"}]}<\/script>\n<!-- \/ Yoast SEO plugin. -->","yoast_head_json":{"title":"Horriblemente asqueroso de malo - El Cardinal","robots":{"index":"index","follow":"follow","max-snippet":"max-snippet:-1","max-image-preview":"max-image-preview:large","max-video-preview":"max-video-preview:-1"},"canonical":"https:\/\/elcardinal.com\/?p=5223","og_locale":"es_MX","og_type":"article","og_title":"Horriblemente asqueroso de malo - El Cardinal","og_description":"Por: Tania Mart\u00ednez Su\u00e1rez \u201cHorriblemente asqueroso de malo\u201d, cuatro palabras que enunci\u00f3 el director del Fondo de Cultura Econ\u00f3mica de nuestro pa\u00eds, si ya de por s\u00ed son discordantes y me remiten a esta forma despectiva de hablar de quienes son conscientes de sus privilegios, el contexto en el que lo menciona es deleznable. Refiere","og_url":"https:\/\/elcardinal.com\/?p=5223","og_site_name":"El Cardinal","article_publisher":"https:\/\/www.facebook.com\/profile.php?id=100063093107011","article_published_time":"2025-10-25T20:47:25+00:00","article_modified_time":"2025-10-25T20:47:55+00:00","og_image":[{"width":940,"height":788,"url":"https:\/\/elcardinal.com\/wp-content\/uploads\/2025\/08\/Semillas-Esterales.png","type":"image\/png"}],"author":"Antonio Alcaraz","twitter_card":"summary_large_image","twitter_creator":"@ElCardinal_Mx","twitter_site":"@ElCardinal_Mx","twitter_misc":{"Escrito por":"Antonio Alcaraz","Tiempo de lectura":"2 minutos"},"schema":{"@context":"https:\/\/schema.org","@graph":[{"@type":"Article","@id":"https:\/\/elcardinal.com\/?p=5223#article","isPartOf":{"@id":"https:\/\/elcardinal.com\/?p=5223"},"author":{"name":"Antonio Alcaraz","@id":"https:\/\/elcardinal.com\/#\/schema\/person\/3c352ec0a33987fe275c0e8a2ea69f8b"},"headline":"Horriblemente asqueroso de malo","datePublished":"2025-10-25T20:47:25+00:00","dateModified":"2025-10-25T20:47:55+00:00","mainEntityOfPage":{"@id":"https:\/\/elcardinal.com\/?p=5223"},"wordCount":537,"commentCount":0,"publisher":{"@id":"https:\/\/elcardinal.com\/#organization"},"image":{"@id":"https:\/\/elcardinal.com\/?p=5223#primaryimage"},"thumbnailUrl":"https:\/\/elcardinal.com\/wp-content\/uploads\/2025\/08\/Semillas-Esterales.png","keywords":["Proscrita","Tania Mart\u00ednez Su\u00e1rez"],"articleSection":["Minuto a Minuto","Opini\u00f3n"],"inLanguage":"es","potentialAction":[{"@type":"CommentAction","name":"Comment","target":["https:\/\/elcardinal.com\/?p=5223#respond"]}]},{"@type":"WebPage","@id":"https:\/\/elcardinal.com\/?p=5223","url":"https:\/\/elcardinal.com\/?p=5223","name":"Horriblemente asqueroso de malo - El Cardinal","isPartOf":{"@id":"https:\/\/elcardinal.com\/#website"},"primaryImageOfPage":{"@id":"https:\/\/elcardinal.com\/?p=5223#primaryimage"},"image":{"@id":"https:\/\/elcardinal.com\/?p=5223#primaryimage"},"thumbnailUrl":"https:\/\/elcardinal.com\/wp-content\/uploads\/2025\/08\/Semillas-Esterales.png","datePublished":"2025-10-25T20:47:25+00:00","dateModified":"2025-10-25T20:47:55+00:00","breadcrumb":{"@id":"https:\/\/elcardinal.com\/?p=5223#breadcrumb"},"inLanguage":"es","potentialAction":[{"@type":"ReadAction","target":["https:\/\/elcardinal.com\/?p=5223"]}]},{"@type":"ImageObject","inLanguage":"es","@id":"https:\/\/elcardinal.com\/?p=5223#primaryimage","url":"https:\/\/elcardinal.com\/wp-content\/uploads\/2025\/08\/Semillas-Esterales.png","contentUrl":"https:\/\/elcardinal.com\/wp-content\/uploads\/2025\/08\/Semillas-Esterales.png","width":940,"height":788},{"@type":"BreadcrumbList","@id":"https:\/\/elcardinal.com\/?p=5223#breadcrumb","itemListElement":[{"@type":"ListItem","position":1,"name":"Inicio","item":"https:\/\/elcardinal.com\/"},{"@type":"ListItem","position":2,"name":"Horriblemente asqueroso de malo"}]},{"@type":"WebSite","@id":"https:\/\/elcardinal.com\/#website","url":"https:\/\/elcardinal.com\/","name":"El Cardinal","description":"Periodismo honesto, con valor, sentido humano, a veces sarc\u00e1stico y divertido.","publisher":{"@id":"https:\/\/elcardinal.com\/#organization"},"alternateName":"El Cardinal Noticias","potentialAction":[{"@type":"SearchAction","target":{"@type":"EntryPoint","urlTemplate":"https:\/\/elcardinal.com\/?s={search_term_string}"},"query-input":{"@type":"PropertyValueSpecification","valueRequired":true,"valueName":"search_term_string"}}],"inLanguage":"es"},{"@type":"Organization","@id":"https:\/\/elcardinal.com\/#organization","name":"El Cardinal","url":"https:\/\/elcardinal.com\/","logo":{"@type":"ImageObject","inLanguage":"es","@id":"https:\/\/elcardinal.com\/#\/schema\/logo\/image\/","url":"https:\/\/elcardinal.com\/wp-content\/uploads\/2025\/04\/LOGO-EL-CARDINAL-Periodismo-con-valor.png","contentUrl":"https:\/\/elcardinal.com\/wp-content\/uploads\/2025\/04\/LOGO-EL-CARDINAL-Periodismo-con-valor.png","width":755,"height":636,"caption":"El Cardinal"},"image":{"@id":"https:\/\/elcardinal.com\/#\/schema\/logo\/image\/"},"sameAs":["https:\/\/www.facebook.com\/profile.php?id=100063093107011","https:\/\/x.com\/ElCardinal_Mx"]},{"@type":"Person","@id":"https:\/\/elcardinal.com\/#\/schema\/person\/3c352ec0a33987fe275c0e8a2ea69f8b","name":"Antonio Alcaraz","image":{"@type":"ImageObject","inLanguage":"es","@id":"https:\/\/elcardinal.com\/#\/schema\/person\/image\/","url":"https:\/\/elcardinal.com\/wp-content\/uploads\/2025\/05\/cropped-TONO-96x96.jpg","contentUrl":"https:\/\/elcardinal.com\/wp-content\/uploads\/2025\/05\/cropped-TONO-96x96.jpg","caption":"Antonio Alcaraz"},"url":"https:\/\/elcardinal.com\/?author=2"}]}},"_links":{"self":[{"href":"https:\/\/elcardinal.com\/index.php?rest_route=\/wp\/v2\/posts\/5223","targetHints":{"allow":["GET"]}}],"collection":[{"href":"https:\/\/elcardinal.com\/index.php?rest_route=\/wp\/v2\/posts"}],"about":[{"href":"https:\/\/elcardinal.com\/index.php?rest_route=\/wp\/v2\/types\/post"}],"author":[{"embeddable":true,"href":"https:\/\/elcardinal.com\/index.php?rest_route=\/wp\/v2\/users\/2"}],"replies":[{"embeddable":true,"href":"https:\/\/elcardinal.com\/index.php?rest_route=%2Fwp%2Fv2%2Fcomments&post=5223"}],"version-history":[{"count":2,"href":"https:\/\/elcardinal.com\/index.php?rest_route=\/wp\/v2\/posts\/5223\/revisions"}],"predecessor-version":[{"id":5225,"href":"https:\/\/elcardinal.com\/index.php?rest_route=\/wp\/v2\/posts\/5223\/revisions\/5225"}],"wp:featuredmedia":[{"embeddable":true,"href":"https:\/\/elcardinal.com\/index.php?rest_route=\/wp\/v2\/media\/4974"}],"wp:attachment":[{"href":"https:\/\/elcardinal.com\/index.php?rest_route=%2Fwp%2Fv2%2Fmedia&parent=5223"}],"wp:term":[{"taxonomy":"category","embeddable":true,"href":"https:\/\/elcardinal.com\/index.php?rest_route=%2Fwp%2Fv2%2Fcategories&post=5223"},{"taxonomy":"post_tag","embeddable":true,"href":"https:\/\/elcardinal.com\/index.php?rest_route=%2Fwp%2Fv2%2Ftags&post=5223"}],"curies":[{"name":"wp","href":"https:\/\/api.w.org\/{rel}","templated":true}]}}