{"id":5226,"date":"2025-10-28T22:03:51","date_gmt":"2025-10-29T04:03:51","guid":{"rendered":"https:\/\/elcardinal.com\/?p=5226"},"modified":"2025-10-28T22:04:19","modified_gmt":"2025-10-29T04:04:19","slug":"humberto-veras-godoy-presenta-iniciativa-para-reforzar-proteccion-de-personas-mayores-en-hidalgo","status":"publish","type":"post","link":"https:\/\/elcardinal.com\/?p=5226","title":{"rendered":"Humberto Veras Godoy presenta Iniciativa para Reforzar Protecci\u00f3n de Personas Mayores en Hidalgo"},"content":{"rendered":"<p>Redacci\u00f3n<\/p>\n<p>Para endurecer las sanciones por delitos en contra de las personas mayores, Humberto Veras<br \/>\nGodoy, regidor en el Ayuntamiento de Pachuca present\u00f3 durante la Vig\u00e9simo Octava sesi\u00f3n<br \/>\nordinaria de Cabildo, iniciativa para reformar el C\u00f3digo Penal del Estado de Hidalgo.<\/p>\n<p>La propuesta busca incorporar agravantes en la legislaci\u00f3n estatal que fortalezcan las sanciones por<br \/>\ndelitos cometidos contra este grupo vulnerable de la sociedad.<\/p>\n<p>Durante la exposici\u00f3n de motivos, Veras Godoy, dio a conocer que de acuerdo con los datos del<br \/>\nInstituto Nacional de Estad\u00edstica y Geograf\u00eda (INEGI), la poblaci\u00f3n de adultos mayores en Hidalgo<br \/>\nincrement\u00f3 significativamente en las \u00faltimas d\u00e9cadas. Lo que refleja el envejecimiento de la<br \/>\npoblaci\u00f3n y su exposici\u00f3n a un creciente riesgo de ser v\u00edctimas de delitos como el robo, el fraude y<br \/>\nel despojo.<\/p>\n<p>Indic\u00f3 que las dificultades f\u00edsicas y el aislamiento social aumentan la vulnerabilidad de este sector,<br \/>\nque se ve a\u00fan m\u00e1s afectado por el impacto psicol\u00f3gico y emocional que estos delitos ocasionan.<\/p>\n<p>La iniciativa presentada por Humberto Veras Godoy incluye la adici\u00f3n de una nueva fracci\u00f3n XVI al<br \/>\nArt\u00edculo 206 del C\u00f3digo Penal de Hidalgo, que duplicar\u00eda la punibilidad en los casos de robo a<br \/>\npersonas mayores de 60 a\u00f1os. De igual manera, se propone adicionar el Art\u00edculo 213 Bis para<br \/>\nincrementar en un 33% las penas en casos de fraude cuando las v\u00edctimas sean personas mayores,<br \/>\nas\u00ed como la reforma del Art\u00edculo 219 para que el despojo de bienes o propiedades a personas<br \/>\nmayores sea castigado con mayor severidad.<\/p>\n<p>Con esta reforma, se busca enviar un mensaje claro sobre la gravedad de los delitos cometidos<br \/>\ncontra las personas mayores, garantizando una respuesta m\u00e1s firme por parte de las autoridades.<br \/>\nVeras Godoy subray\u00f3 que la protecci\u00f3n de los adultos mayores es una responsabilidad \u00e9tica y<br \/>\nmoral de la sociedad. Esta reforma no solo contribuir\u00eda a una mayor seguridad, sino que tambi\u00e9n<br \/>\nfortalecer\u00eda el sentido de justicia y bienestar en Hidalgo y por ende en Pachuca, enviando un<br \/>\nmensaje de solidaridad con aquellos que han sido pilares de nuestra comunidad.<\/p>\n<p>Para finalizar, Humberto Veras hizo un llamado a sus compa\u00f1eros regidores para que se unan en<br \/>\napoyo a esta reforma, destacando que su aprobaci\u00f3n y env\u00edo al Poder Legislativo significar\u00eda un<br \/>\navance significativo en la protecci\u00f3n de uno de los grupos m\u00e1s vulnerables de nuestra sociedad.<\/p>\n","protected":false},"excerpt":{"rendered":"<p>Redacci\u00f3n Para endurecer las sanciones por delitos en contra de las personas mayores, Humberto Veras Godoy, regidor en el Ayuntamiento de Pachuca present\u00f3 durante la Vig\u00e9simo Octava sesi\u00f3n ordinaria de Cabildo, iniciativa para reformar el C\u00f3digo Penal del Estado de Hidalgo. La propuesta busca incorporar agravantes en la legislaci\u00f3n estatal que fortalezcan las sanciones por<\/p>\n","protected":false},"author":2,"featured_media":5227,"comment_status":"open","ping_status":"open","sticky":false,"template":"","format":"standard","meta":{"footnotes":""},"categories":[31,32,44],"tags":[],"class_list":{"0":"post-5226","1":"post","2":"type-post","3":"status-publish","4":"format-standard","5":"has-post-thumbnail","7":"category-hidalgo","8":"category-metropoli","9":"category-minuto-a-minuto"},"yoast_head":"<!-- This site is optimized with the Yoast SEO plugin v26.1.1 - https:\/\/yoast.com\/wordpress\/plugins\/seo\/ -->\n<title>Humberto Veras Godoy presenta Iniciativa para Reforzar Protecci\u00f3n de Personas Mayores en Hidalgo - El Cardinal<\/title>\n<meta name=\"robots\" content=\"index, follow, max-snippet:-1, max-image-preview:large, max-video-preview:-1\" \/>\n<link rel=\"canonical\" href=\"https:\/\/elcardinal.com\/?p=5226\" \/>\n<meta property=\"og:locale\" content=\"es_MX\" \/>\n<meta property=\"og:type\" content=\"article\" \/>\n<meta property=\"og:title\" content=\"Humberto Veras Godoy presenta Iniciativa para Reforzar Protecci\u00f3n de Personas Mayores en Hidalgo - El Cardinal\" \/>\n<meta property=\"og:description\" content=\"Redacci\u00f3n Para endurecer las sanciones por delitos en contra de las personas mayores, Humberto Veras Godoy, regidor en el Ayuntamiento de Pachuca present\u00f3 durante la Vig\u00e9simo Octava sesi\u00f3n ordinaria de Cabildo, iniciativa para reformar el C\u00f3digo Penal del Estado de Hidalgo. La propuesta busca incorporar agravantes en la legislaci\u00f3n estatal que fortalezcan las sanciones por\" \/>\n<meta property=\"og:url\" content=\"https:\/\/elcardinal.com\/?p=5226\" \/>\n<meta property=\"og:site_name\" content=\"El Cardinal\" \/>\n<meta property=\"article:publisher\" content=\"https:\/\/www.facebook.com\/profile.php?id=100063093107011\" \/>\n<meta property=\"article:published_time\" content=\"2025-10-29T04:03:51+00:00\" \/>\n<meta property=\"article:modified_time\" content=\"2025-10-29T04:04:19+00:00\" \/>\n<meta property=\"og:image\" content=\"https:\/\/elcardinal.com\/wp-content\/uploads\/2025\/10\/WhatsApp-Image-2025-10-28-at-5.16.30-PM-scaled.jpeg\" \/>\n\t<meta property=\"og:image:width\" content=\"2560\" \/>\n\t<meta property=\"og:image:height\" content=\"1706\" \/>\n\t<meta property=\"og:image:type\" content=\"image\/jpeg\" \/>\n<meta name=\"author\" content=\"Antonio Alcaraz\" \/>\n<meta name=\"twitter:card\" content=\"summary_large_image\" \/>\n<meta name=\"twitter:creator\" content=\"@ElCardinal_Mx\" \/>\n<meta name=\"twitter:site\" content=\"@ElCardinal_Mx\" \/>\n<meta name=\"twitter:label1\" content=\"Escrito por\" \/>\n\t<meta name=\"twitter:data1\" content=\"Antonio Alcaraz\" \/>\n\t<meta name=\"twitter:label2\" content=\"Tiempo de lectura\" \/>\n\t<meta name=\"twitter:data2\" content=\"2 minutos\" \/>\n<script type=\"application\/ld+json\" class=\"yoast-schema-graph\">{\"@context\":\"https:\/\/schema.org\",\"@graph\":[{\"@type\":\"Article\",\"@id\":\"https:\/\/elcardinal.com\/?p=5226#article\",\"isPartOf\":{\"@id\":\"https:\/\/elcardinal.com\/?p=5226\"},\"author\":{\"name\":\"Antonio Alcaraz\",\"@id\":\"https:\/\/elcardinal.com\/#\/schema\/person\/3c352ec0a33987fe275c0e8a2ea69f8b\"},\"headline\":\"Humberto Veras Godoy presenta Iniciativa para Reforzar Protecci\u00f3n de Personas Mayores en Hidalgo\",\"datePublished\":\"2025-10-29T04:03:51+00:00\",\"dateModified\":\"2025-10-29T04:04:19+00:00\",\"mainEntityOfPage\":{\"@id\":\"https:\/\/elcardinal.com\/?p=5226\"},\"wordCount\":429,\"commentCount\":0,\"publisher\":{\"@id\":\"https:\/\/elcardinal.com\/#organization\"},\"image\":{\"@id\":\"https:\/\/elcardinal.com\/?p=5226#primaryimage\"},\"thumbnailUrl\":\"https:\/\/elcardinal.com\/wp-content\/uploads\/2025\/10\/WhatsApp-Image-2025-10-28-at-5.16.30-PM-scaled.jpeg\",\"articleSection\":[\"Hidalgo\",\"Metr\u00f3poli\",\"Minuto a Minuto\"],\"inLanguage\":\"es\",\"potentialAction\":[{\"@type\":\"CommentAction\",\"name\":\"Comment\",\"target\":[\"https:\/\/elcardinal.com\/?p=5226#respond\"]}]},{\"@type\":\"WebPage\",\"@id\":\"https:\/\/elcardinal.com\/?p=5226\",\"url\":\"https:\/\/elcardinal.com\/?p=5226\",\"name\":\"Humberto Veras Godoy presenta Iniciativa para Reforzar Protecci\u00f3n de Personas Mayores en Hidalgo - El Cardinal\",\"isPartOf\":{\"@id\":\"https:\/\/elcardinal.com\/#website\"},\"primaryImageOfPage\":{\"@id\":\"https:\/\/elcardinal.com\/?p=5226#primaryimage\"},\"image\":{\"@id\":\"https:\/\/elcardinal.com\/?p=5226#primaryimage\"},\"thumbnailUrl\":\"https:\/\/elcardinal.com\/wp-content\/uploads\/2025\/10\/WhatsApp-Image-2025-10-28-at-5.16.30-PM-scaled.jpeg\",\"datePublished\":\"2025-10-29T04:03:51+00:00\",\"dateModified\":\"2025-10-29T04:04:19+00:00\",\"breadcrumb\":{\"@id\":\"https:\/\/elcardinal.com\/?p=5226#breadcrumb\"},\"inLanguage\":\"es\",\"potentialAction\":[{\"@type\":\"ReadAction\",\"target\":[\"https:\/\/elcardinal.com\/?p=5226\"]}]},{\"@type\":\"ImageObject\",\"inLanguage\":\"es\",\"@id\":\"https:\/\/elcardinal.com\/?p=5226#primaryimage\",\"url\":\"https:\/\/elcardinal.com\/wp-content\/uploads\/2025\/10\/WhatsApp-Image-2025-10-28-at-5.16.30-PM-scaled.jpeg\",\"contentUrl\":\"https:\/\/elcardinal.com\/wp-content\/uploads\/2025\/10\/WhatsApp-Image-2025-10-28-at-5.16.30-PM-scaled.jpeg\",\"width\":2560,\"height\":1706},{\"@type\":\"BreadcrumbList\",\"@id\":\"https:\/\/elcardinal.com\/?p=5226#breadcrumb\",\"itemListElement\":[{\"@type\":\"ListItem\",\"position\":1,\"name\":\"Inicio\",\"item\":\"https:\/\/elcardinal.com\/\"},{\"@type\":\"ListItem\",\"position\":2,\"name\":\"Humberto Veras Godoy presenta Iniciativa para Reforzar Protecci\u00f3n de Personas Mayores en Hidalgo\"}]},{\"@type\":\"WebSite\",\"@id\":\"https:\/\/elcardinal.com\/#website\",\"url\":\"https:\/\/elcardinal.com\/\",\"name\":\"El Cardinal\",\"description\":\"Periodismo honesto, con valor, sentido humano, a veces sarc\u00e1stico y divertido.\",\"publisher\":{\"@id\":\"https:\/\/elcardinal.com\/#organization\"},\"alternateName\":\"El Cardinal Noticias\",\"potentialAction\":[{\"@type\":\"SearchAction\",\"target\":{\"@type\":\"EntryPoint\",\"urlTemplate\":\"https:\/\/elcardinal.com\/?s={search_term_string}\"},\"query-input\":{\"@type\":\"PropertyValueSpecification\",\"valueRequired\":true,\"valueName\":\"search_term_string\"}}],\"inLanguage\":\"es\"},{\"@type\":\"Organization\",\"@id\":\"https:\/\/elcardinal.com\/#organization\",\"name\":\"El Cardinal\",\"url\":\"https:\/\/elcardinal.com\/\",\"logo\":{\"@type\":\"ImageObject\",\"inLanguage\":\"es\",\"@id\":\"https:\/\/elcardinal.com\/#\/schema\/logo\/image\/\",\"url\":\"https:\/\/elcardinal.com\/wp-content\/uploads\/2025\/04\/LOGO-EL-CARDINAL-Periodismo-con-valor.png\",\"contentUrl\":\"https:\/\/elcardinal.com\/wp-content\/uploads\/2025\/04\/LOGO-EL-CARDINAL-Periodismo-con-valor.png\",\"width\":755,\"height\":636,\"caption\":\"El Cardinal\"},\"image\":{\"@id\":\"https:\/\/elcardinal.com\/#\/schema\/logo\/image\/\"},\"sameAs\":[\"https:\/\/www.facebook.com\/profile.php?id=100063093107011\",\"https:\/\/x.com\/ElCardinal_Mx\"]},{\"@type\":\"Person\",\"@id\":\"https:\/\/elcardinal.com\/#\/schema\/person\/3c352ec0a33987fe275c0e8a2ea69f8b\",\"name\":\"Antonio Alcaraz\",\"image\":{\"@type\":\"ImageObject\",\"inLanguage\":\"es\",\"@id\":\"https:\/\/elcardinal.com\/#\/schema\/person\/image\/\",\"url\":\"https:\/\/elcardinal.com\/wp-content\/uploads\/2025\/05\/cropped-TONO-96x96.jpg\",\"contentUrl\":\"https:\/\/elcardinal.com\/wp-content\/uploads\/2025\/05\/cropped-TONO-96x96.jpg\",\"caption\":\"Antonio Alcaraz\"},\"url\":\"https:\/\/elcardinal.com\/?author=2\"}]}<\/script>\n<!-- \/ Yoast SEO plugin. -->","yoast_head_json":{"title":"Humberto Veras Godoy presenta Iniciativa para Reforzar Protecci\u00f3n de Personas Mayores en Hidalgo - El Cardinal","robots":{"index":"index","follow":"follow","max-snippet":"max-snippet:-1","max-image-preview":"max-image-preview:large","max-video-preview":"max-video-preview:-1"},"canonical":"https:\/\/elcardinal.com\/?p=5226","og_locale":"es_MX","og_type":"article","og_title":"Humberto Veras Godoy presenta Iniciativa para Reforzar Protecci\u00f3n de Personas Mayores en Hidalgo - El Cardinal","og_description":"Redacci\u00f3n Para endurecer las sanciones por delitos en contra de las personas mayores, Humberto Veras Godoy, regidor en el Ayuntamiento de Pachuca present\u00f3 durante la Vig\u00e9simo Octava sesi\u00f3n ordinaria de Cabildo, iniciativa para reformar el C\u00f3digo Penal del Estado de Hidalgo. La propuesta busca incorporar agravantes en la legislaci\u00f3n estatal que fortalezcan las sanciones por","og_url":"https:\/\/elcardinal.com\/?p=5226","og_site_name":"El Cardinal","article_publisher":"https:\/\/www.facebook.com\/profile.php?id=100063093107011","article_published_time":"2025-10-29T04:03:51+00:00","article_modified_time":"2025-10-29T04:04:19+00:00","og_image":[{"width":2560,"height":1706,"url":"https:\/\/elcardinal.com\/wp-content\/uploads\/2025\/10\/WhatsApp-Image-2025-10-28-at-5.16.30-PM-scaled.jpeg","type":"image\/jpeg"}],"author":"Antonio Alcaraz","twitter_card":"summary_large_image","twitter_creator":"@ElCardinal_Mx","twitter_site":"@ElCardinal_Mx","twitter_misc":{"Escrito por":"Antonio Alcaraz","Tiempo de lectura":"2 minutos"},"schema":{"@context":"https:\/\/schema.org","@graph":[{"@type":"Article","@id":"https:\/\/elcardinal.com\/?p=5226#article","isPartOf":{"@id":"https:\/\/elcardinal.com\/?p=5226"},"author":{"name":"Antonio Alcaraz","@id":"https:\/\/elcardinal.com\/#\/schema\/person\/3c352ec0a33987fe275c0e8a2ea69f8b"},"headline":"Humberto Veras Godoy presenta Iniciativa para Reforzar Protecci\u00f3n de Personas Mayores en Hidalgo","datePublished":"2025-10-29T04:03:51+00:00","dateModified":"2025-10-29T04:04:19+00:00","mainEntityOfPage":{"@id":"https:\/\/elcardinal.com\/?p=5226"},"wordCount":429,"commentCount":0,"publisher":{"@id":"https:\/\/elcardinal.com\/#organization"},"image":{"@id":"https:\/\/elcardinal.com\/?p=5226#primaryimage"},"thumbnailUrl":"https:\/\/elcardinal.com\/wp-content\/uploads\/2025\/10\/WhatsApp-Image-2025-10-28-at-5.16.30-PM-scaled.jpeg","articleSection":["Hidalgo","Metr\u00f3poli","Minuto a Minuto"],"inLanguage":"es","potentialAction":[{"@type":"CommentAction","name":"Comment","target":["https:\/\/elcardinal.com\/?p=5226#respond"]}]},{"@type":"WebPage","@id":"https:\/\/elcardinal.com\/?p=5226","url":"https:\/\/elcardinal.com\/?p=5226","name":"Humberto Veras Godoy presenta Iniciativa para Reforzar Protecci\u00f3n de Personas Mayores en Hidalgo - El Cardinal","isPartOf":{"@id":"https:\/\/elcardinal.com\/#website"},"primaryImageOfPage":{"@id":"https:\/\/elcardinal.com\/?p=5226#primaryimage"},"image":{"@id":"https:\/\/elcardinal.com\/?p=5226#primaryimage"},"thumbnailUrl":"https:\/\/elcardinal.com\/wp-content\/uploads\/2025\/10\/WhatsApp-Image-2025-10-28-at-5.16.30-PM-scaled.jpeg","datePublished":"2025-10-29T04:03:51+00:00","dateModified":"2025-10-29T04:04:19+00:00","breadcrumb":{"@id":"https:\/\/elcardinal.com\/?p=5226#breadcrumb"},"inLanguage":"es","potentialAction":[{"@type":"ReadAction","target":["https:\/\/elcardinal.com\/?p=5226"]}]},{"@type":"ImageObject","inLanguage":"es","@id":"https:\/\/elcardinal.com\/?p=5226#primaryimage","url":"https:\/\/elcardinal.com\/wp-content\/uploads\/2025\/10\/WhatsApp-Image-2025-10-28-at-5.16.30-PM-scaled.jpeg","contentUrl":"https:\/\/elcardinal.com\/wp-content\/uploads\/2025\/10\/WhatsApp-Image-2025-10-28-at-5.16.30-PM-scaled.jpeg","width":2560,"height":1706},{"@type":"BreadcrumbList","@id":"https:\/\/elcardinal.com\/?p=5226#breadcrumb","itemListElement":[{"@type":"ListItem","position":1,"name":"Inicio","item":"https:\/\/elcardinal.com\/"},{"@type":"ListItem","position":2,"name":"Humberto Veras Godoy presenta Iniciativa para Reforzar Protecci\u00f3n de Personas Mayores en Hidalgo"}]},{"@type":"WebSite","@id":"https:\/\/elcardinal.com\/#website","url":"https:\/\/elcardinal.com\/","name":"El Cardinal","description":"Periodismo honesto, con valor, sentido humano, a veces sarc\u00e1stico y divertido.","publisher":{"@id":"https:\/\/elcardinal.com\/#organization"},"alternateName":"El Cardinal Noticias","potentialAction":[{"@type":"SearchAction","target":{"@type":"EntryPoint","urlTemplate":"https:\/\/elcardinal.com\/?s={search_term_string}"},"query-input":{"@type":"PropertyValueSpecification","valueRequired":true,"valueName":"search_term_string"}}],"inLanguage":"es"},{"@type":"Organization","@id":"https:\/\/elcardinal.com\/#organization","name":"El Cardinal","url":"https:\/\/elcardinal.com\/","logo":{"@type":"ImageObject","inLanguage":"es","@id":"https:\/\/elcardinal.com\/#\/schema\/logo\/image\/","url":"https:\/\/elcardinal.com\/wp-content\/uploads\/2025\/04\/LOGO-EL-CARDINAL-Periodismo-con-valor.png","contentUrl":"https:\/\/elcardinal.com\/wp-content\/uploads\/2025\/04\/LOGO-EL-CARDINAL-Periodismo-con-valor.png","width":755,"height":636,"caption":"El Cardinal"},"image":{"@id":"https:\/\/elcardinal.com\/#\/schema\/logo\/image\/"},"sameAs":["https:\/\/www.facebook.com\/profile.php?id=100063093107011","https:\/\/x.com\/ElCardinal_Mx"]},{"@type":"Person","@id":"https:\/\/elcardinal.com\/#\/schema\/person\/3c352ec0a33987fe275c0e8a2ea69f8b","name":"Antonio Alcaraz","image":{"@type":"ImageObject","inLanguage":"es","@id":"https:\/\/elcardinal.com\/#\/schema\/person\/image\/","url":"https:\/\/elcardinal.com\/wp-content\/uploads\/2025\/05\/cropped-TONO-96x96.jpg","contentUrl":"https:\/\/elcardinal.com\/wp-content\/uploads\/2025\/05\/cropped-TONO-96x96.jpg","caption":"Antonio Alcaraz"},"url":"https:\/\/elcardinal.com\/?author=2"}]}},"_links":{"self":[{"href":"https:\/\/elcardinal.com\/index.php?rest_route=\/wp\/v2\/posts\/5226","targetHints":{"allow":["GET"]}}],"collection":[{"href":"https:\/\/elcardinal.com\/index.php?rest_route=\/wp\/v2\/posts"}],"about":[{"href":"https:\/\/elcardinal.com\/index.php?rest_route=\/wp\/v2\/types\/post"}],"author":[{"embeddable":true,"href":"https:\/\/elcardinal.com\/index.php?rest_route=\/wp\/v2\/users\/2"}],"replies":[{"embeddable":true,"href":"https:\/\/elcardinal.com\/index.php?rest_route=%2Fwp%2Fv2%2Fcomments&post=5226"}],"version-history":[{"count":2,"href":"https:\/\/elcardinal.com\/index.php?rest_route=\/wp\/v2\/posts\/5226\/revisions"}],"predecessor-version":[{"id":5229,"href":"https:\/\/elcardinal.com\/index.php?rest_route=\/wp\/v2\/posts\/5226\/revisions\/5229"}],"wp:featuredmedia":[{"embeddable":true,"href":"https:\/\/elcardinal.com\/index.php?rest_route=\/wp\/v2\/media\/5227"}],"wp:attachment":[{"href":"https:\/\/elcardinal.com\/index.php?rest_route=%2Fwp%2Fv2%2Fmedia&parent=5226"}],"wp:term":[{"taxonomy":"category","embeddable":true,"href":"https:\/\/elcardinal.com\/index.php?rest_route=%2Fwp%2Fv2%2Fcategories&post=5226"},{"taxonomy":"post_tag","embeddable":true,"href":"https:\/\/elcardinal.com\/index.php?rest_route=%2Fwp%2Fv2%2Ftags&post=5226"}],"curies":[{"name":"wp","href":"https:\/\/api.w.org\/{rel}","templated":true}]}}