{"id":5236,"date":"2025-10-30T09:08:01","date_gmt":"2025-10-30T15:08:01","guid":{"rendered":"https:\/\/elcardinal.com\/?p=5236"},"modified":"2025-10-30T09:08:01","modified_gmt":"2025-10-30T15:08:01","slug":"no-se-trata-de-falta-de-sensibilidad-sino-de-responsabilidad-tecnica-congreso-del-estado-ante-negativa-de-reasignacion-presupuestal","status":"publish","type":"post","link":"https:\/\/elcardinal.com\/?p=5236","title":{"rendered":"&#8220;No se trata de falta de sensibilidad, sino de responsabilidad t\u00e9cnica&#8221;: Congreso del Estado ante negativa de reasignaci\u00f3n presupuestal"},"content":{"rendered":"<p>Redacci\u00f3n<\/p>\n<p>La Comisi\u00f3n de Hacienda y Presupuesto del Congreso del Estado de Hidalgo reafirm\u00f3 su compromiso con la transparencia y el uso responsable de los recursos p\u00fablicos, al desechar dos iniciativas que propon\u00edan reasignar partidas del Presupuesto de Egresos 2025 sin cumplir con los requisitos t\u00e9cnicos ni legales establecidos.<\/p>\n<p>Las propuestas pretend\u00edan redirigir 800 millones de pesos a los municipios de Mineral de la Reforma y Pachuca de Soto, afectados por inundaciones, y 1,500 millones de pesos a los municipios impactados por el hurac\u00e1n Priscila. Sin embargo, ambas carec\u00edan de sustento financiero y de los estudios t\u00e9cnicos exigidos por la ley.<\/p>\n<p>El dictamen legislativo destac\u00f3 que las iniciativas no especificaban la fuente de financiamiento ni las reducciones compensatorias necesarias, incumpliendo lo dispuesto en el art\u00edculo 18 Bis de la Ley de Presupuesto y Contabilidad Gubernamental del Estado de Hidalgo y el art\u00edculo 125 de la Ley Org\u00e1nica del Poder Legislativo.<\/p>\n<p>Las y los diputados coincidieron en que, aunque las propuestas respond\u00edan a un prop\u00f3sito social leg\u00edtimo, no pod\u00edan aprobarse sin respaldo t\u00e9cnico, ya que toda modificaci\u00f3n presupuestaria debe garantizar equilibrio financiero, transparencia y legalidad.<\/p>\n<blockquote><p>\u201cNo se trata de una falta de sensibilidad, sino de responsabilidad t\u00e9cnica. Las iniciativas no cumpl\u00edan con los requisitos sobre la fuente de financiamiento ni el origen de los recursos. Los municipios afectados no est\u00e1n solos; cuentan con la atenci\u00f3n y la ruta de acci\u00f3n trazada por los gobiernos federal y estatal\u201d, puntualiz\u00f3 la Comisi\u00f3n.<\/p><\/blockquote>\n","protected":false},"excerpt":{"rendered":"<p>Redacci\u00f3n La Comisi\u00f3n de Hacienda y Presupuesto del Congreso del Estado de Hidalgo reafirm\u00f3 su compromiso con la transparencia y el uso responsable de los recursos p\u00fablicos, al desechar dos iniciativas que propon\u00edan reasignar partidas del Presupuesto de Egresos 2025 sin cumplir con los requisitos t\u00e9cnicos ni legales establecidos. Las propuestas pretend\u00edan redirigir 800 millones<\/p>\n","protected":false},"author":2,"featured_media":5237,"comment_status":"open","ping_status":"open","sticky":false,"template":"","format":"standard","meta":{"footnotes":""},"categories":[31,44,39],"tags":[],"class_list":{"0":"post-5236","1":"post","2":"type-post","3":"status-publish","4":"format-standard","5":"has-post-thumbnail","7":"category-hidalgo","8":"category-minuto-a-minuto","9":"category-politica"},"yoast_head":"<!-- This site is optimized with the Yoast SEO plugin v26.1.1 - https:\/\/yoast.com\/wordpress\/plugins\/seo\/ -->\n<title>&quot;No se trata de falta de sensibilidad, sino de responsabilidad t\u00e9cnica&quot;: Congreso del Estado ante negativa de reasignaci\u00f3n presupuestal - El Cardinal<\/title>\n<meta name=\"robots\" content=\"index, follow, max-snippet:-1, max-image-preview:large, max-video-preview:-1\" \/>\n<link rel=\"canonical\" href=\"https:\/\/elcardinal.com\/?p=5236\" \/>\n<meta property=\"og:locale\" content=\"es_MX\" \/>\n<meta property=\"og:type\" content=\"article\" \/>\n<meta property=\"og:title\" content=\"&quot;No se trata de falta de sensibilidad, sino de responsabilidad t\u00e9cnica&quot;: Congreso del Estado ante negativa de reasignaci\u00f3n presupuestal - El Cardinal\" \/>\n<meta property=\"og:description\" content=\"Redacci\u00f3n La Comisi\u00f3n de Hacienda y Presupuesto del Congreso del Estado de Hidalgo reafirm\u00f3 su compromiso con la transparencia y el uso responsable de los recursos p\u00fablicos, al desechar dos iniciativas que propon\u00edan reasignar partidas del Presupuesto de Egresos 2025 sin cumplir con los requisitos t\u00e9cnicos ni legales establecidos. Las propuestas pretend\u00edan redirigir 800 millones\" \/>\n<meta property=\"og:url\" content=\"https:\/\/elcardinal.com\/?p=5236\" \/>\n<meta property=\"og:site_name\" content=\"El Cardinal\" \/>\n<meta property=\"article:publisher\" content=\"https:\/\/www.facebook.com\/profile.php?id=100063093107011\" \/>\n<meta property=\"article:published_time\" content=\"2025-10-30T15:08:01+00:00\" \/>\n<meta property=\"og:image\" content=\"https:\/\/elcardinal.com\/wp-content\/uploads\/2025\/10\/FB_IMG_1761836763553.jpg\" \/>\n\t<meta property=\"og:image:width\" content=\"2048\" \/>\n\t<meta property=\"og:image:height\" content=\"1590\" \/>\n\t<meta property=\"og:image:type\" content=\"image\/jpeg\" \/>\n<meta name=\"author\" content=\"Antonio Alcaraz\" \/>\n<meta name=\"twitter:card\" content=\"summary_large_image\" \/>\n<meta name=\"twitter:creator\" content=\"@ElCardinal_Mx\" \/>\n<meta name=\"twitter:site\" content=\"@ElCardinal_Mx\" \/>\n<meta name=\"twitter:label1\" content=\"Escrito por\" \/>\n\t<meta name=\"twitter:data1\" content=\"Antonio Alcaraz\" \/>\n\t<meta name=\"twitter:label2\" content=\"Tiempo de lectura\" \/>\n\t<meta name=\"twitter:data2\" content=\"2 minutos\" \/>\n<script type=\"application\/ld+json\" class=\"yoast-schema-graph\">{\"@context\":\"https:\/\/schema.org\",\"@graph\":[{\"@type\":\"Article\",\"@id\":\"https:\/\/elcardinal.com\/?p=5236#article\",\"isPartOf\":{\"@id\":\"https:\/\/elcardinal.com\/?p=5236\"},\"author\":{\"name\":\"Antonio Alcaraz\",\"@id\":\"https:\/\/elcardinal.com\/#\/schema\/person\/3c352ec0a33987fe275c0e8a2ea69f8b\"},\"headline\":\"&#8220;No se trata de falta de sensibilidad, sino de responsabilidad t\u00e9cnica&#8221;: Congreso del Estado ante negativa de reasignaci\u00f3n presupuestal\",\"datePublished\":\"2025-10-30T15:08:01+00:00\",\"mainEntityOfPage\":{\"@id\":\"https:\/\/elcardinal.com\/?p=5236\"},\"wordCount\":279,\"commentCount\":0,\"publisher\":{\"@id\":\"https:\/\/elcardinal.com\/#organization\"},\"image\":{\"@id\":\"https:\/\/elcardinal.com\/?p=5236#primaryimage\"},\"thumbnailUrl\":\"https:\/\/elcardinal.com\/wp-content\/uploads\/2025\/10\/FB_IMG_1761836763553.jpg\",\"articleSection\":[\"Hidalgo\",\"Minuto a Minuto\",\"Pol\u00edtica\"],\"inLanguage\":\"es\",\"potentialAction\":[{\"@type\":\"CommentAction\",\"name\":\"Comment\",\"target\":[\"https:\/\/elcardinal.com\/?p=5236#respond\"]}]},{\"@type\":\"WebPage\",\"@id\":\"https:\/\/elcardinal.com\/?p=5236\",\"url\":\"https:\/\/elcardinal.com\/?p=5236\",\"name\":\"\\\"No se trata de falta de sensibilidad, sino de responsabilidad t\u00e9cnica\\\": Congreso del Estado ante negativa de reasignaci\u00f3n presupuestal - El Cardinal\",\"isPartOf\":{\"@id\":\"https:\/\/elcardinal.com\/#website\"},\"primaryImageOfPage\":{\"@id\":\"https:\/\/elcardinal.com\/?p=5236#primaryimage\"},\"image\":{\"@id\":\"https:\/\/elcardinal.com\/?p=5236#primaryimage\"},\"thumbnailUrl\":\"https:\/\/elcardinal.com\/wp-content\/uploads\/2025\/10\/FB_IMG_1761836763553.jpg\",\"datePublished\":\"2025-10-30T15:08:01+00:00\",\"breadcrumb\":{\"@id\":\"https:\/\/elcardinal.com\/?p=5236#breadcrumb\"},\"inLanguage\":\"es\",\"potentialAction\":[{\"@type\":\"ReadAction\",\"target\":[\"https:\/\/elcardinal.com\/?p=5236\"]}]},{\"@type\":\"ImageObject\",\"inLanguage\":\"es\",\"@id\":\"https:\/\/elcardinal.com\/?p=5236#primaryimage\",\"url\":\"https:\/\/elcardinal.com\/wp-content\/uploads\/2025\/10\/FB_IMG_1761836763553.jpg\",\"contentUrl\":\"https:\/\/elcardinal.com\/wp-content\/uploads\/2025\/10\/FB_IMG_1761836763553.jpg\",\"width\":2048,\"height\":1590},{\"@type\":\"BreadcrumbList\",\"@id\":\"https:\/\/elcardinal.com\/?p=5236#breadcrumb\",\"itemListElement\":[{\"@type\":\"ListItem\",\"position\":1,\"name\":\"Inicio\",\"item\":\"https:\/\/elcardinal.com\/\"},{\"@type\":\"ListItem\",\"position\":2,\"name\":\"&#8220;No se trata de falta de sensibilidad, sino de responsabilidad t\u00e9cnica&#8221;: Congreso del Estado ante negativa de reasignaci\u00f3n presupuestal\"}]},{\"@type\":\"WebSite\",\"@id\":\"https:\/\/elcardinal.com\/#website\",\"url\":\"https:\/\/elcardinal.com\/\",\"name\":\"El Cardinal\",\"description\":\"Periodismo honesto, con valor, sentido humano, a veces sarc\u00e1stico y divertido.\",\"publisher\":{\"@id\":\"https:\/\/elcardinal.com\/#organization\"},\"alternateName\":\"El Cardinal Noticias\",\"potentialAction\":[{\"@type\":\"SearchAction\",\"target\":{\"@type\":\"EntryPoint\",\"urlTemplate\":\"https:\/\/elcardinal.com\/?s={search_term_string}\"},\"query-input\":{\"@type\":\"PropertyValueSpecification\",\"valueRequired\":true,\"valueName\":\"search_term_string\"}}],\"inLanguage\":\"es\"},{\"@type\":\"Organization\",\"@id\":\"https:\/\/elcardinal.com\/#organization\",\"name\":\"El Cardinal\",\"url\":\"https:\/\/elcardinal.com\/\",\"logo\":{\"@type\":\"ImageObject\",\"inLanguage\":\"es\",\"@id\":\"https:\/\/elcardinal.com\/#\/schema\/logo\/image\/\",\"url\":\"https:\/\/elcardinal.com\/wp-content\/uploads\/2025\/04\/LOGO-EL-CARDINAL-Periodismo-con-valor.png\",\"contentUrl\":\"https:\/\/elcardinal.com\/wp-content\/uploads\/2025\/04\/LOGO-EL-CARDINAL-Periodismo-con-valor.png\",\"width\":755,\"height\":636,\"caption\":\"El Cardinal\"},\"image\":{\"@id\":\"https:\/\/elcardinal.com\/#\/schema\/logo\/image\/\"},\"sameAs\":[\"https:\/\/www.facebook.com\/profile.php?id=100063093107011\",\"https:\/\/x.com\/ElCardinal_Mx\"]},{\"@type\":\"Person\",\"@id\":\"https:\/\/elcardinal.com\/#\/schema\/person\/3c352ec0a33987fe275c0e8a2ea69f8b\",\"name\":\"Antonio Alcaraz\",\"image\":{\"@type\":\"ImageObject\",\"inLanguage\":\"es\",\"@id\":\"https:\/\/elcardinal.com\/#\/schema\/person\/image\/\",\"url\":\"https:\/\/elcardinal.com\/wp-content\/uploads\/2025\/05\/cropped-TONO-96x96.jpg\",\"contentUrl\":\"https:\/\/elcardinal.com\/wp-content\/uploads\/2025\/05\/cropped-TONO-96x96.jpg\",\"caption\":\"Antonio Alcaraz\"},\"url\":\"https:\/\/elcardinal.com\/?author=2\"}]}<\/script>\n<!-- \/ Yoast SEO plugin. -->","yoast_head_json":{"title":"\"No se trata de falta de sensibilidad, sino de responsabilidad t\u00e9cnica\": Congreso del Estado ante negativa de reasignaci\u00f3n presupuestal - El Cardinal","robots":{"index":"index","follow":"follow","max-snippet":"max-snippet:-1","max-image-preview":"max-image-preview:large","max-video-preview":"max-video-preview:-1"},"canonical":"https:\/\/elcardinal.com\/?p=5236","og_locale":"es_MX","og_type":"article","og_title":"\"No se trata de falta de sensibilidad, sino de responsabilidad t\u00e9cnica\": Congreso del Estado ante negativa de reasignaci\u00f3n presupuestal - El Cardinal","og_description":"Redacci\u00f3n La Comisi\u00f3n de Hacienda y Presupuesto del Congreso del Estado de Hidalgo reafirm\u00f3 su compromiso con la transparencia y el uso responsable de los recursos p\u00fablicos, al desechar dos iniciativas que propon\u00edan reasignar partidas del Presupuesto de Egresos 2025 sin cumplir con los requisitos t\u00e9cnicos ni legales establecidos. Las propuestas pretend\u00edan redirigir 800 millones","og_url":"https:\/\/elcardinal.com\/?p=5236","og_site_name":"El Cardinal","article_publisher":"https:\/\/www.facebook.com\/profile.php?id=100063093107011","article_published_time":"2025-10-30T15:08:01+00:00","og_image":[{"width":2048,"height":1590,"url":"https:\/\/elcardinal.com\/wp-content\/uploads\/2025\/10\/FB_IMG_1761836763553.jpg","type":"image\/jpeg"}],"author":"Antonio Alcaraz","twitter_card":"summary_large_image","twitter_creator":"@ElCardinal_Mx","twitter_site":"@ElCardinal_Mx","twitter_misc":{"Escrito por":"Antonio Alcaraz","Tiempo de lectura":"2 minutos"},"schema":{"@context":"https:\/\/schema.org","@graph":[{"@type":"Article","@id":"https:\/\/elcardinal.com\/?p=5236#article","isPartOf":{"@id":"https:\/\/elcardinal.com\/?p=5236"},"author":{"name":"Antonio Alcaraz","@id":"https:\/\/elcardinal.com\/#\/schema\/person\/3c352ec0a33987fe275c0e8a2ea69f8b"},"headline":"&#8220;No se trata de falta de sensibilidad, sino de responsabilidad t\u00e9cnica&#8221;: Congreso del Estado ante negativa de reasignaci\u00f3n presupuestal","datePublished":"2025-10-30T15:08:01+00:00","mainEntityOfPage":{"@id":"https:\/\/elcardinal.com\/?p=5236"},"wordCount":279,"commentCount":0,"publisher":{"@id":"https:\/\/elcardinal.com\/#organization"},"image":{"@id":"https:\/\/elcardinal.com\/?p=5236#primaryimage"},"thumbnailUrl":"https:\/\/elcardinal.com\/wp-content\/uploads\/2025\/10\/FB_IMG_1761836763553.jpg","articleSection":["Hidalgo","Minuto a Minuto","Pol\u00edtica"],"inLanguage":"es","potentialAction":[{"@type":"CommentAction","name":"Comment","target":["https:\/\/elcardinal.com\/?p=5236#respond"]}]},{"@type":"WebPage","@id":"https:\/\/elcardinal.com\/?p=5236","url":"https:\/\/elcardinal.com\/?p=5236","name":"\"No se trata de falta de sensibilidad, sino de responsabilidad t\u00e9cnica\": Congreso del Estado ante negativa de reasignaci\u00f3n presupuestal - El Cardinal","isPartOf":{"@id":"https:\/\/elcardinal.com\/#website"},"primaryImageOfPage":{"@id":"https:\/\/elcardinal.com\/?p=5236#primaryimage"},"image":{"@id":"https:\/\/elcardinal.com\/?p=5236#primaryimage"},"thumbnailUrl":"https:\/\/elcardinal.com\/wp-content\/uploads\/2025\/10\/FB_IMG_1761836763553.jpg","datePublished":"2025-10-30T15:08:01+00:00","breadcrumb":{"@id":"https:\/\/elcardinal.com\/?p=5236#breadcrumb"},"inLanguage":"es","potentialAction":[{"@type":"ReadAction","target":["https:\/\/elcardinal.com\/?p=5236"]}]},{"@type":"ImageObject","inLanguage":"es","@id":"https:\/\/elcardinal.com\/?p=5236#primaryimage","url":"https:\/\/elcardinal.com\/wp-content\/uploads\/2025\/10\/FB_IMG_1761836763553.jpg","contentUrl":"https:\/\/elcardinal.com\/wp-content\/uploads\/2025\/10\/FB_IMG_1761836763553.jpg","width":2048,"height":1590},{"@type":"BreadcrumbList","@id":"https:\/\/elcardinal.com\/?p=5236#breadcrumb","itemListElement":[{"@type":"ListItem","position":1,"name":"Inicio","item":"https:\/\/elcardinal.com\/"},{"@type":"ListItem","position":2,"name":"&#8220;No se trata de falta de sensibilidad, sino de responsabilidad t\u00e9cnica&#8221;: Congreso del Estado ante negativa de reasignaci\u00f3n presupuestal"}]},{"@type":"WebSite","@id":"https:\/\/elcardinal.com\/#website","url":"https:\/\/elcardinal.com\/","name":"El Cardinal","description":"Periodismo honesto, con valor, sentido humano, a veces sarc\u00e1stico y divertido.","publisher":{"@id":"https:\/\/elcardinal.com\/#organization"},"alternateName":"El Cardinal Noticias","potentialAction":[{"@type":"SearchAction","target":{"@type":"EntryPoint","urlTemplate":"https:\/\/elcardinal.com\/?s={search_term_string}"},"query-input":{"@type":"PropertyValueSpecification","valueRequired":true,"valueName":"search_term_string"}}],"inLanguage":"es"},{"@type":"Organization","@id":"https:\/\/elcardinal.com\/#organization","name":"El Cardinal","url":"https:\/\/elcardinal.com\/","logo":{"@type":"ImageObject","inLanguage":"es","@id":"https:\/\/elcardinal.com\/#\/schema\/logo\/image\/","url":"https:\/\/elcardinal.com\/wp-content\/uploads\/2025\/04\/LOGO-EL-CARDINAL-Periodismo-con-valor.png","contentUrl":"https:\/\/elcardinal.com\/wp-content\/uploads\/2025\/04\/LOGO-EL-CARDINAL-Periodismo-con-valor.png","width":755,"height":636,"caption":"El Cardinal"},"image":{"@id":"https:\/\/elcardinal.com\/#\/schema\/logo\/image\/"},"sameAs":["https:\/\/www.facebook.com\/profile.php?id=100063093107011","https:\/\/x.com\/ElCardinal_Mx"]},{"@type":"Person","@id":"https:\/\/elcardinal.com\/#\/schema\/person\/3c352ec0a33987fe275c0e8a2ea69f8b","name":"Antonio Alcaraz","image":{"@type":"ImageObject","inLanguage":"es","@id":"https:\/\/elcardinal.com\/#\/schema\/person\/image\/","url":"https:\/\/elcardinal.com\/wp-content\/uploads\/2025\/05\/cropped-TONO-96x96.jpg","contentUrl":"https:\/\/elcardinal.com\/wp-content\/uploads\/2025\/05\/cropped-TONO-96x96.jpg","caption":"Antonio Alcaraz"},"url":"https:\/\/elcardinal.com\/?author=2"}]}},"_links":{"self":[{"href":"https:\/\/elcardinal.com\/index.php?rest_route=\/wp\/v2\/posts\/5236","targetHints":{"allow":["GET"]}}],"collection":[{"href":"https:\/\/elcardinal.com\/index.php?rest_route=\/wp\/v2\/posts"}],"about":[{"href":"https:\/\/elcardinal.com\/index.php?rest_route=\/wp\/v2\/types\/post"}],"author":[{"embeddable":true,"href":"https:\/\/elcardinal.com\/index.php?rest_route=\/wp\/v2\/users\/2"}],"replies":[{"embeddable":true,"href":"https:\/\/elcardinal.com\/index.php?rest_route=%2Fwp%2Fv2%2Fcomments&post=5236"}],"version-history":[{"count":1,"href":"https:\/\/elcardinal.com\/index.php?rest_route=\/wp\/v2\/posts\/5236\/revisions"}],"predecessor-version":[{"id":5238,"href":"https:\/\/elcardinal.com\/index.php?rest_route=\/wp\/v2\/posts\/5236\/revisions\/5238"}],"wp:featuredmedia":[{"embeddable":true,"href":"https:\/\/elcardinal.com\/index.php?rest_route=\/wp\/v2\/media\/5237"}],"wp:attachment":[{"href":"https:\/\/elcardinal.com\/index.php?rest_route=%2Fwp%2Fv2%2Fmedia&parent=5236"}],"wp:term":[{"taxonomy":"category","embeddable":true,"href":"https:\/\/elcardinal.com\/index.php?rest_route=%2Fwp%2Fv2%2Fcategories&post=5236"},{"taxonomy":"post_tag","embeddable":true,"href":"https:\/\/elcardinal.com\/index.php?rest_route=%2Fwp%2Fv2%2Ftags&post=5236"}],"curies":[{"name":"wp","href":"https:\/\/api.w.org\/{rel}","templated":true}]}}