{"id":5240,"date":"2025-10-31T14:54:35","date_gmt":"2025-10-31T20:54:35","guid":{"rendered":"https:\/\/elcardinal.com\/?p=5240"},"modified":"2025-10-31T14:54:35","modified_gmt":"2025-10-31T20:54:35","slug":"memoria-y-tradicion-por-el-dia-de-muertos-en-la-casa-del-pueblo","status":"publish","type":"post","link":"https:\/\/elcardinal.com\/?p=5240","title":{"rendered":"Memoria y tradici\u00f3n por el D\u00eda de Muertos en la Casa del Pueblo"},"content":{"rendered":"<p data-start=\"0\" data-end=\"67\">Redacci\u00f3n<\/p>\n<p data-start=\"69\" data-end=\"354\">En el Congreso del Estado de Hidalgo, en la Casa del Pueblo, este d\u00eda las \u00e1reas administrativas y legislativas participaron en un colorido Concurso de Altares Tradicionales dedicado al D\u00eda de Muertos, una celebraci\u00f3n que fortaleci\u00f3 la convivencia y el orgullo por las ra\u00edces mexicanas.<\/p>\n<p data-start=\"356\" data-end=\"669\">En el recorrido realizado en las instalaciones del Congreso, estuvieron presentes el diputado presidente de la Junta de Gobierno, Andr\u00e9s Vel\u00e1zquez, as\u00ed como diputadas y diputados, quienes reconocieron la creatividad y dedicaci\u00f3n de las y los servidores p\u00fablicos que dieron vida a esta muestra llena de simbolismo.<\/p>\n<p data-start=\"671\" data-end=\"881\">Cada altar destac\u00f3 por su originalidad, significado y elementos propios de la cultura hidalguense, reflejando el cari\u00f1o hacia quienes ya no est\u00e1n y honrando una de las tradiciones m\u00e1s representativas de M\u00e9xico.<\/p>\n<p data-start=\"883\" data-end=\"1076\">El concurso reafirm\u00f3 el compromiso del Congreso Hidalgo por preservar la identidad cultural, promover el trabajo en equipo y mantener viva esta celebraci\u00f3n que une memoria, respeto y comunidad.<\/p>\n","protected":false},"excerpt":{"rendered":"<p>Redacci\u00f3n En el Congreso del Estado de Hidalgo, en la Casa del Pueblo, este d\u00eda las \u00e1reas administrativas y legislativas participaron en un colorido Concurso de Altares Tradicionales dedicado al D\u00eda de Muertos, una celebraci\u00f3n que fortaleci\u00f3 la convivencia y el orgullo por las ra\u00edces mexicanas. En el recorrido realizado en las instalaciones del Congreso,<\/p>\n","protected":false},"author":2,"featured_media":5241,"comment_status":"open","ping_status":"open","sticky":false,"template":"","format":"standard","meta":{"footnotes":""},"categories":[31,44,39],"tags":[],"class_list":{"0":"post-5240","1":"post","2":"type-post","3":"status-publish","4":"format-standard","5":"has-post-thumbnail","7":"category-hidalgo","8":"category-minuto-a-minuto","9":"category-politica"},"yoast_head":"<!-- This site is optimized with the Yoast SEO plugin v26.1.1 - https:\/\/yoast.com\/wordpress\/plugins\/seo\/ -->\n<title>Memoria y tradici\u00f3n por el D\u00eda de Muertos en la Casa del Pueblo - El Cardinal<\/title>\n<meta name=\"robots\" content=\"index, follow, max-snippet:-1, max-image-preview:large, max-video-preview:-1\" \/>\n<link rel=\"canonical\" href=\"https:\/\/elcardinal.com\/?p=5240\" \/>\n<meta property=\"og:locale\" content=\"es_MX\" \/>\n<meta property=\"og:type\" content=\"article\" \/>\n<meta property=\"og:title\" content=\"Memoria y tradici\u00f3n por el D\u00eda de Muertos en la Casa del Pueblo - El Cardinal\" \/>\n<meta property=\"og:description\" content=\"Redacci\u00f3n En el Congreso del Estado de Hidalgo, en la Casa del Pueblo, este d\u00eda las \u00e1reas administrativas y legislativas participaron en un colorido Concurso de Altares Tradicionales dedicado al D\u00eda de Muertos, una celebraci\u00f3n que fortaleci\u00f3 la convivencia y el orgullo por las ra\u00edces mexicanas. En el recorrido realizado en las instalaciones del Congreso,\" \/>\n<meta property=\"og:url\" content=\"https:\/\/elcardinal.com\/?p=5240\" \/>\n<meta property=\"og:site_name\" content=\"El Cardinal\" \/>\n<meta property=\"article:publisher\" content=\"https:\/\/www.facebook.com\/profile.php?id=100063093107011\" \/>\n<meta property=\"article:published_time\" content=\"2025-10-31T20:54:35+00:00\" \/>\n<meta property=\"og:image\" content=\"https:\/\/elcardinal.com\/wp-content\/uploads\/2025\/10\/DSC_8709-scaled.jpg\" \/>\n\t<meta property=\"og:image:width\" content=\"2560\" \/>\n\t<meta property=\"og:image:height\" content=\"1707\" \/>\n\t<meta property=\"og:image:type\" content=\"image\/jpeg\" \/>\n<meta name=\"author\" content=\"Antonio Alcaraz\" \/>\n<meta name=\"twitter:card\" content=\"summary_large_image\" \/>\n<meta name=\"twitter:creator\" content=\"@ElCardinal_Mx\" \/>\n<meta name=\"twitter:site\" content=\"@ElCardinal_Mx\" \/>\n<meta name=\"twitter:label1\" content=\"Escrito por\" \/>\n\t<meta name=\"twitter:data1\" content=\"Antonio Alcaraz\" \/>\n\t<meta name=\"twitter:label2\" content=\"Tiempo de lectura\" \/>\n\t<meta name=\"twitter:data2\" content=\"1 minuto\" \/>\n<script type=\"application\/ld+json\" class=\"yoast-schema-graph\">{\"@context\":\"https:\/\/schema.org\",\"@graph\":[{\"@type\":\"Article\",\"@id\":\"https:\/\/elcardinal.com\/?p=5240#article\",\"isPartOf\":{\"@id\":\"https:\/\/elcardinal.com\/?p=5240\"},\"author\":{\"name\":\"Antonio Alcaraz\",\"@id\":\"https:\/\/elcardinal.com\/#\/schema\/person\/3c352ec0a33987fe275c0e8a2ea69f8b\"},\"headline\":\"Memoria y tradici\u00f3n por el D\u00eda de Muertos en la Casa del Pueblo\",\"datePublished\":\"2025-10-31T20:54:35+00:00\",\"mainEntityOfPage\":{\"@id\":\"https:\/\/elcardinal.com\/?p=5240\"},\"wordCount\":183,\"commentCount\":0,\"publisher\":{\"@id\":\"https:\/\/elcardinal.com\/#organization\"},\"image\":{\"@id\":\"https:\/\/elcardinal.com\/?p=5240#primaryimage\"},\"thumbnailUrl\":\"https:\/\/elcardinal.com\/wp-content\/uploads\/2025\/10\/DSC_8709-scaled.jpg\",\"articleSection\":[\"Hidalgo\",\"Minuto a Minuto\",\"Pol\u00edtica\"],\"inLanguage\":\"es\",\"potentialAction\":[{\"@type\":\"CommentAction\",\"name\":\"Comment\",\"target\":[\"https:\/\/elcardinal.com\/?p=5240#respond\"]}]},{\"@type\":\"WebPage\",\"@id\":\"https:\/\/elcardinal.com\/?p=5240\",\"url\":\"https:\/\/elcardinal.com\/?p=5240\",\"name\":\"Memoria y tradici\u00f3n por el D\u00eda de Muertos en la Casa del Pueblo - El Cardinal\",\"isPartOf\":{\"@id\":\"https:\/\/elcardinal.com\/#website\"},\"primaryImageOfPage\":{\"@id\":\"https:\/\/elcardinal.com\/?p=5240#primaryimage\"},\"image\":{\"@id\":\"https:\/\/elcardinal.com\/?p=5240#primaryimage\"},\"thumbnailUrl\":\"https:\/\/elcardinal.com\/wp-content\/uploads\/2025\/10\/DSC_8709-scaled.jpg\",\"datePublished\":\"2025-10-31T20:54:35+00:00\",\"breadcrumb\":{\"@id\":\"https:\/\/elcardinal.com\/?p=5240#breadcrumb\"},\"inLanguage\":\"es\",\"potentialAction\":[{\"@type\":\"ReadAction\",\"target\":[\"https:\/\/elcardinal.com\/?p=5240\"]}]},{\"@type\":\"ImageObject\",\"inLanguage\":\"es\",\"@id\":\"https:\/\/elcardinal.com\/?p=5240#primaryimage\",\"url\":\"https:\/\/elcardinal.com\/wp-content\/uploads\/2025\/10\/DSC_8709-scaled.jpg\",\"contentUrl\":\"https:\/\/elcardinal.com\/wp-content\/uploads\/2025\/10\/DSC_8709-scaled.jpg\",\"width\":2560,\"height\":1707,\"caption\":\"CONGRESO_HIDALGO\"},{\"@type\":\"BreadcrumbList\",\"@id\":\"https:\/\/elcardinal.com\/?p=5240#breadcrumb\",\"itemListElement\":[{\"@type\":\"ListItem\",\"position\":1,\"name\":\"Inicio\",\"item\":\"https:\/\/elcardinal.com\/\"},{\"@type\":\"ListItem\",\"position\":2,\"name\":\"Memoria y tradici\u00f3n por el D\u00eda de Muertos en la Casa del Pueblo\"}]},{\"@type\":\"WebSite\",\"@id\":\"https:\/\/elcardinal.com\/#website\",\"url\":\"https:\/\/elcardinal.com\/\",\"name\":\"El Cardinal\",\"description\":\"Periodismo honesto, con valor, sentido humano, a veces sarc\u00e1stico y divertido.\",\"publisher\":{\"@id\":\"https:\/\/elcardinal.com\/#organization\"},\"alternateName\":\"El Cardinal Noticias\",\"potentialAction\":[{\"@type\":\"SearchAction\",\"target\":{\"@type\":\"EntryPoint\",\"urlTemplate\":\"https:\/\/elcardinal.com\/?s={search_term_string}\"},\"query-input\":{\"@type\":\"PropertyValueSpecification\",\"valueRequired\":true,\"valueName\":\"search_term_string\"}}],\"inLanguage\":\"es\"},{\"@type\":\"Organization\",\"@id\":\"https:\/\/elcardinal.com\/#organization\",\"name\":\"El Cardinal\",\"url\":\"https:\/\/elcardinal.com\/\",\"logo\":{\"@type\":\"ImageObject\",\"inLanguage\":\"es\",\"@id\":\"https:\/\/elcardinal.com\/#\/schema\/logo\/image\/\",\"url\":\"https:\/\/elcardinal.com\/wp-content\/uploads\/2025\/04\/LOGO-EL-CARDINAL-Periodismo-con-valor.png\",\"contentUrl\":\"https:\/\/elcardinal.com\/wp-content\/uploads\/2025\/04\/LOGO-EL-CARDINAL-Periodismo-con-valor.png\",\"width\":755,\"height\":636,\"caption\":\"El Cardinal\"},\"image\":{\"@id\":\"https:\/\/elcardinal.com\/#\/schema\/logo\/image\/\"},\"sameAs\":[\"https:\/\/www.facebook.com\/profile.php?id=100063093107011\",\"https:\/\/x.com\/ElCardinal_Mx\"]},{\"@type\":\"Person\",\"@id\":\"https:\/\/elcardinal.com\/#\/schema\/person\/3c352ec0a33987fe275c0e8a2ea69f8b\",\"name\":\"Antonio Alcaraz\",\"image\":{\"@type\":\"ImageObject\",\"inLanguage\":\"es\",\"@id\":\"https:\/\/elcardinal.com\/#\/schema\/person\/image\/\",\"url\":\"https:\/\/elcardinal.com\/wp-content\/uploads\/2025\/05\/cropped-TONO-96x96.jpg\",\"contentUrl\":\"https:\/\/elcardinal.com\/wp-content\/uploads\/2025\/05\/cropped-TONO-96x96.jpg\",\"caption\":\"Antonio Alcaraz\"},\"url\":\"https:\/\/elcardinal.com\/?author=2\"}]}<\/script>\n<!-- \/ Yoast SEO plugin. -->","yoast_head_json":{"title":"Memoria y tradici\u00f3n por el D\u00eda de Muertos en la Casa del Pueblo - El Cardinal","robots":{"index":"index","follow":"follow","max-snippet":"max-snippet:-1","max-image-preview":"max-image-preview:large","max-video-preview":"max-video-preview:-1"},"canonical":"https:\/\/elcardinal.com\/?p=5240","og_locale":"es_MX","og_type":"article","og_title":"Memoria y tradici\u00f3n por el D\u00eda de Muertos en la Casa del Pueblo - El Cardinal","og_description":"Redacci\u00f3n En el Congreso del Estado de Hidalgo, en la Casa del Pueblo, este d\u00eda las \u00e1reas administrativas y legislativas participaron en un colorido Concurso de Altares Tradicionales dedicado al D\u00eda de Muertos, una celebraci\u00f3n que fortaleci\u00f3 la convivencia y el orgullo por las ra\u00edces mexicanas. En el recorrido realizado en las instalaciones del Congreso,","og_url":"https:\/\/elcardinal.com\/?p=5240","og_site_name":"El Cardinal","article_publisher":"https:\/\/www.facebook.com\/profile.php?id=100063093107011","article_published_time":"2025-10-31T20:54:35+00:00","og_image":[{"width":2560,"height":1707,"url":"https:\/\/elcardinal.com\/wp-content\/uploads\/2025\/10\/DSC_8709-scaled.jpg","type":"image\/jpeg"}],"author":"Antonio Alcaraz","twitter_card":"summary_large_image","twitter_creator":"@ElCardinal_Mx","twitter_site":"@ElCardinal_Mx","twitter_misc":{"Escrito por":"Antonio Alcaraz","Tiempo de lectura":"1 minuto"},"schema":{"@context":"https:\/\/schema.org","@graph":[{"@type":"Article","@id":"https:\/\/elcardinal.com\/?p=5240#article","isPartOf":{"@id":"https:\/\/elcardinal.com\/?p=5240"},"author":{"name":"Antonio Alcaraz","@id":"https:\/\/elcardinal.com\/#\/schema\/person\/3c352ec0a33987fe275c0e8a2ea69f8b"},"headline":"Memoria y tradici\u00f3n por el D\u00eda de Muertos en la Casa del Pueblo","datePublished":"2025-10-31T20:54:35+00:00","mainEntityOfPage":{"@id":"https:\/\/elcardinal.com\/?p=5240"},"wordCount":183,"commentCount":0,"publisher":{"@id":"https:\/\/elcardinal.com\/#organization"},"image":{"@id":"https:\/\/elcardinal.com\/?p=5240#primaryimage"},"thumbnailUrl":"https:\/\/elcardinal.com\/wp-content\/uploads\/2025\/10\/DSC_8709-scaled.jpg","articleSection":["Hidalgo","Minuto a Minuto","Pol\u00edtica"],"inLanguage":"es","potentialAction":[{"@type":"CommentAction","name":"Comment","target":["https:\/\/elcardinal.com\/?p=5240#respond"]}]},{"@type":"WebPage","@id":"https:\/\/elcardinal.com\/?p=5240","url":"https:\/\/elcardinal.com\/?p=5240","name":"Memoria y tradici\u00f3n por el D\u00eda de Muertos en la Casa del Pueblo - El Cardinal","isPartOf":{"@id":"https:\/\/elcardinal.com\/#website"},"primaryImageOfPage":{"@id":"https:\/\/elcardinal.com\/?p=5240#primaryimage"},"image":{"@id":"https:\/\/elcardinal.com\/?p=5240#primaryimage"},"thumbnailUrl":"https:\/\/elcardinal.com\/wp-content\/uploads\/2025\/10\/DSC_8709-scaled.jpg","datePublished":"2025-10-31T20:54:35+00:00","breadcrumb":{"@id":"https:\/\/elcardinal.com\/?p=5240#breadcrumb"},"inLanguage":"es","potentialAction":[{"@type":"ReadAction","target":["https:\/\/elcardinal.com\/?p=5240"]}]},{"@type":"ImageObject","inLanguage":"es","@id":"https:\/\/elcardinal.com\/?p=5240#primaryimage","url":"https:\/\/elcardinal.com\/wp-content\/uploads\/2025\/10\/DSC_8709-scaled.jpg","contentUrl":"https:\/\/elcardinal.com\/wp-content\/uploads\/2025\/10\/DSC_8709-scaled.jpg","width":2560,"height":1707,"caption":"CONGRESO_HIDALGO"},{"@type":"BreadcrumbList","@id":"https:\/\/elcardinal.com\/?p=5240#breadcrumb","itemListElement":[{"@type":"ListItem","position":1,"name":"Inicio","item":"https:\/\/elcardinal.com\/"},{"@type":"ListItem","position":2,"name":"Memoria y tradici\u00f3n por el D\u00eda de Muertos en la Casa del Pueblo"}]},{"@type":"WebSite","@id":"https:\/\/elcardinal.com\/#website","url":"https:\/\/elcardinal.com\/","name":"El Cardinal","description":"Periodismo honesto, con valor, sentido humano, a veces sarc\u00e1stico y divertido.","publisher":{"@id":"https:\/\/elcardinal.com\/#organization"},"alternateName":"El Cardinal Noticias","potentialAction":[{"@type":"SearchAction","target":{"@type":"EntryPoint","urlTemplate":"https:\/\/elcardinal.com\/?s={search_term_string}"},"query-input":{"@type":"PropertyValueSpecification","valueRequired":true,"valueName":"search_term_string"}}],"inLanguage":"es"},{"@type":"Organization","@id":"https:\/\/elcardinal.com\/#organization","name":"El Cardinal","url":"https:\/\/elcardinal.com\/","logo":{"@type":"ImageObject","inLanguage":"es","@id":"https:\/\/elcardinal.com\/#\/schema\/logo\/image\/","url":"https:\/\/elcardinal.com\/wp-content\/uploads\/2025\/04\/LOGO-EL-CARDINAL-Periodismo-con-valor.png","contentUrl":"https:\/\/elcardinal.com\/wp-content\/uploads\/2025\/04\/LOGO-EL-CARDINAL-Periodismo-con-valor.png","width":755,"height":636,"caption":"El Cardinal"},"image":{"@id":"https:\/\/elcardinal.com\/#\/schema\/logo\/image\/"},"sameAs":["https:\/\/www.facebook.com\/profile.php?id=100063093107011","https:\/\/x.com\/ElCardinal_Mx"]},{"@type":"Person","@id":"https:\/\/elcardinal.com\/#\/schema\/person\/3c352ec0a33987fe275c0e8a2ea69f8b","name":"Antonio Alcaraz","image":{"@type":"ImageObject","inLanguage":"es","@id":"https:\/\/elcardinal.com\/#\/schema\/person\/image\/","url":"https:\/\/elcardinal.com\/wp-content\/uploads\/2025\/05\/cropped-TONO-96x96.jpg","contentUrl":"https:\/\/elcardinal.com\/wp-content\/uploads\/2025\/05\/cropped-TONO-96x96.jpg","caption":"Antonio Alcaraz"},"url":"https:\/\/elcardinal.com\/?author=2"}]}},"_links":{"self":[{"href":"https:\/\/elcardinal.com\/index.php?rest_route=\/wp\/v2\/posts\/5240","targetHints":{"allow":["GET"]}}],"collection":[{"href":"https:\/\/elcardinal.com\/index.php?rest_route=\/wp\/v2\/posts"}],"about":[{"href":"https:\/\/elcardinal.com\/index.php?rest_route=\/wp\/v2\/types\/post"}],"author":[{"embeddable":true,"href":"https:\/\/elcardinal.com\/index.php?rest_route=\/wp\/v2\/users\/2"}],"replies":[{"embeddable":true,"href":"https:\/\/elcardinal.com\/index.php?rest_route=%2Fwp%2Fv2%2Fcomments&post=5240"}],"version-history":[{"count":1,"href":"https:\/\/elcardinal.com\/index.php?rest_route=\/wp\/v2\/posts\/5240\/revisions"}],"predecessor-version":[{"id":5242,"href":"https:\/\/elcardinal.com\/index.php?rest_route=\/wp\/v2\/posts\/5240\/revisions\/5242"}],"wp:featuredmedia":[{"embeddable":true,"href":"https:\/\/elcardinal.com\/index.php?rest_route=\/wp\/v2\/media\/5241"}],"wp:attachment":[{"href":"https:\/\/elcardinal.com\/index.php?rest_route=%2Fwp%2Fv2%2Fmedia&parent=5240"}],"wp:term":[{"taxonomy":"category","embeddable":true,"href":"https:\/\/elcardinal.com\/index.php?rest_route=%2Fwp%2Fv2%2Fcategories&post=5240"},{"taxonomy":"post_tag","embeddable":true,"href":"https:\/\/elcardinal.com\/index.php?rest_route=%2Fwp%2Fv2%2Ftags&post=5240"}],"curies":[{"name":"wp","href":"https:\/\/api.w.org\/{rel}","templated":true}]}}