{"id":5248,"date":"2025-11-03T09:02:25","date_gmt":"2025-11-03T15:02:25","guid":{"rendered":"https:\/\/elcardinal.com\/?p=5248"},"modified":"2025-11-03T09:02:25","modified_gmt":"2025-11-03T15:02:25","slug":"fandango","status":"publish","type":"post","link":"https:\/\/elcardinal.com\/?p=5248","title":{"rendered":"Fandango"},"content":{"rendered":"<p>Por: <strong>Tania Mart\u00ednez Su\u00e1rez<\/strong><\/p>\n<p>&nbsp;<\/p>\n<p>He mirado la muerte m\u00e1s de cerca de lo que me gustar\u00eda<\/p>\n<p>no quer\u00eda hacerlo, nadie quiere<\/p>\n<p>pero he visto aflojarse los cuerpos<\/p>\n<p>en medio de la calle cuando exhalan el \u00faltimo resquicio de vida<\/p>\n<p>me sentido como el aire se congela<\/p>\n<p>y nace el silencio en el momento justo de la p\u00e9rdida<\/p>\n<p>he atestiguado los llantos que se apoderan del vac\u00edo<\/p>\n<p>y como tambi\u00e9n esos otros cuerpos, los de los deudos<\/p>\n<p>se aferran a la tierra y al viento para no sucumbir tambi\u00e9n<\/p>\n<p>&nbsp;<\/p>\n<p>Soy hu\u00e9rfana de mam\u00e1 desde hace 15 a\u00f1os<\/p>\n<p>pero esa herida no se cierra<\/p>\n<p>no hay sutura posible, ni vendaje que la guarde<\/p>\n<p>me doy cuenta a veces<\/p>\n<p>otra no, pero la extra\u00f1o siempre<\/p>\n<p>ya no recuerdo el sonido de su risa,<\/p>\n<p>dicen que es lo primero que se olvida<\/p>\n<p>pero tengo presente el brillo de sus ojos<\/p>\n<p>y su sentido del humor<\/p>\n<p>tampoco recuerdo su voz<\/p>\n<p>se me diluyen el en tiempo algunos sucesos<\/p>\n<p>pero sobre todo la futuralgia me alcanza<\/p>\n<p>mientras la vida florece en mi hija<\/p>\n<p>&nbsp;<\/p>\n<p>Cada a\u00f1o la ofrenda del d\u00eda de muertos<\/p>\n<p>adquiere un sentido m\u00e1s solemne<\/p>\n<p>quiz\u00e1 sean mis a\u00f1os acumulados<\/p>\n<p>o las tristezas que se repliegan a fuerza de hacerse caber<\/p>\n<p>miro las fotos y en ellas retablos que no vuelven<\/p>\n<p>puedo decir en qu\u00e9 momento se tomaron algunas<\/p>\n<p>y seguro que tengo una an\u00e9cdota para compartir<\/p>\n<p>bella la idea de que vienen<\/p>\n<p>de que la luz los gu\u00eda hasta la morada de su descendencia<\/p>\n<p>esta fiesta ayuda a estar menos solos<\/p>\n<p>en un mundo que se funde entre pasado y el ahora<\/p>\n<p>&nbsp;<\/p>\n<p>Prende una vela para los muertos de forma tr\u00e1gica<\/p>\n<p>prende una vela para las mascotas, gu\u00edas del inframundo<\/p>\n<p>prende una vela para las \u00e1nimas solas o le prenden fuego a sus dedos<\/p>\n<p>prende una vela a los ni\u00f1os no nacidos<\/p>\n<p>prende las velas en el D\u00eda de Todos Santos<\/p>\n<p>prende las velas en el D\u00eda de los muertos<\/p>\n<p>&nbsp;<\/p>\n<p>Desfilan catrines y catrinas<\/p>\n<p>se abarrotan las avenidas<\/p>\n<p>mientras nos escondemos en los disfraces<\/p>\n<p>aguardando la hora, esa hora imperturbable<\/p>\n<p>claridad absoluta y \u00fanica<\/p>\n<p>mientras, pide dulces, admira el jolgorio<\/p>\n<p>estos d\u00edas, es lo mismo estar all\u00e1 o de este lado<\/p>\n<p>entre las m\u00e1scaras muertos y vivos se esconden<\/p>\n<p>fandango perpetuo de cavilaciones.<\/p>\n<p>&nbsp;<\/p>\n<p>&nbsp;<\/p>\n<p>&nbsp;<\/p>\n<p>&nbsp;<\/p>\n<p>&nbsp;<\/p>\n<p>&nbsp;<\/p>\n<p>&nbsp;<\/p>\n<p>&nbsp;<\/p>\n","protected":false},"excerpt":{"rendered":"<p>Por: Tania Mart\u00ednez Su\u00e1rez &nbsp; He mirado la muerte m\u00e1s de cerca de lo que me gustar\u00eda no quer\u00eda hacerlo, nadie quiere pero he visto aflojarse los cuerpos en medio de la calle cuando exhalan el \u00faltimo resquicio de vida me sentido como el aire se congela y nace el silencio en el momento justo<\/p>\n","protected":false},"author":2,"featured_media":4974,"comment_status":"open","ping_status":"open","sticky":false,"template":"","format":"standard","meta":{"footnotes":""},"categories":[44,35],"tags":[54,312],"class_list":{"0":"post-5248","1":"post","2":"type-post","3":"status-publish","4":"format-standard","5":"has-post-thumbnail","7":"category-minuto-a-minuto","8":"category-opinion","9":"tag-proscrita","10":"tag-tania-martinez"},"yoast_head":"<!-- This site is optimized with the Yoast SEO plugin v26.1.1 - https:\/\/yoast.com\/wordpress\/plugins\/seo\/ -->\n<title>Fandango - El Cardinal<\/title>\n<meta name=\"robots\" content=\"index, follow, max-snippet:-1, max-image-preview:large, max-video-preview:-1\" \/>\n<link rel=\"canonical\" href=\"https:\/\/elcardinal.com\/?p=5248\" \/>\n<meta property=\"og:locale\" content=\"es_MX\" \/>\n<meta property=\"og:type\" content=\"article\" \/>\n<meta property=\"og:title\" content=\"Fandango - El Cardinal\" \/>\n<meta property=\"og:description\" content=\"Por: Tania Mart\u00ednez Su\u00e1rez &nbsp; He mirado la muerte m\u00e1s de cerca de lo que me gustar\u00eda no quer\u00eda hacerlo, nadie quiere pero he visto aflojarse los cuerpos en medio de la calle cuando exhalan el \u00faltimo resquicio de vida me sentido como el aire se congela y nace el silencio en el momento justo\" \/>\n<meta property=\"og:url\" content=\"https:\/\/elcardinal.com\/?p=5248\" \/>\n<meta property=\"og:site_name\" content=\"El Cardinal\" \/>\n<meta property=\"article:publisher\" content=\"https:\/\/www.facebook.com\/profile.php?id=100063093107011\" \/>\n<meta property=\"article:published_time\" content=\"2025-11-03T15:02:25+00:00\" \/>\n<meta property=\"og:image\" content=\"https:\/\/elcardinal.com\/wp-content\/uploads\/2025\/08\/Semillas-Esterales.png\" \/>\n\t<meta property=\"og:image:width\" content=\"940\" \/>\n\t<meta property=\"og:image:height\" content=\"788\" \/>\n\t<meta property=\"og:image:type\" content=\"image\/png\" \/>\n<meta name=\"author\" content=\"Antonio Alcaraz\" \/>\n<meta name=\"twitter:card\" content=\"summary_large_image\" \/>\n<meta name=\"twitter:creator\" content=\"@ElCardinal_Mx\" \/>\n<meta name=\"twitter:site\" content=\"@ElCardinal_Mx\" \/>\n<meta name=\"twitter:label1\" content=\"Escrito por\" \/>\n\t<meta name=\"twitter:data1\" content=\"Antonio Alcaraz\" \/>\n\t<meta name=\"twitter:label2\" content=\"Tiempo de lectura\" \/>\n\t<meta name=\"twitter:data2\" content=\"2 minutos\" \/>\n<script type=\"application\/ld+json\" class=\"yoast-schema-graph\">{\"@context\":\"https:\/\/schema.org\",\"@graph\":[{\"@type\":\"Article\",\"@id\":\"https:\/\/elcardinal.com\/?p=5248#article\",\"isPartOf\":{\"@id\":\"https:\/\/elcardinal.com\/?p=5248\"},\"author\":{\"name\":\"Antonio Alcaraz\",\"@id\":\"https:\/\/elcardinal.com\/#\/schema\/person\/3c352ec0a33987fe275c0e8a2ea69f8b\"},\"headline\":\"Fandango\",\"datePublished\":\"2025-11-03T15:02:25+00:00\",\"mainEntityOfPage\":{\"@id\":\"https:\/\/elcardinal.com\/?p=5248\"},\"wordCount\":417,\"commentCount\":0,\"publisher\":{\"@id\":\"https:\/\/elcardinal.com\/#organization\"},\"image\":{\"@id\":\"https:\/\/elcardinal.com\/?p=5248#primaryimage\"},\"thumbnailUrl\":\"https:\/\/elcardinal.com\/wp-content\/uploads\/2025\/08\/Semillas-Esterales.png\",\"keywords\":[\"Proscrita\",\"Tania Mart\u00ednez\"],\"articleSection\":[\"Minuto a Minuto\",\"Opini\u00f3n\"],\"inLanguage\":\"es\",\"potentialAction\":[{\"@type\":\"CommentAction\",\"name\":\"Comment\",\"target\":[\"https:\/\/elcardinal.com\/?p=5248#respond\"]}]},{\"@type\":\"WebPage\",\"@id\":\"https:\/\/elcardinal.com\/?p=5248\",\"url\":\"https:\/\/elcardinal.com\/?p=5248\",\"name\":\"Fandango - El Cardinal\",\"isPartOf\":{\"@id\":\"https:\/\/elcardinal.com\/#website\"},\"primaryImageOfPage\":{\"@id\":\"https:\/\/elcardinal.com\/?p=5248#primaryimage\"},\"image\":{\"@id\":\"https:\/\/elcardinal.com\/?p=5248#primaryimage\"},\"thumbnailUrl\":\"https:\/\/elcardinal.com\/wp-content\/uploads\/2025\/08\/Semillas-Esterales.png\",\"datePublished\":\"2025-11-03T15:02:25+00:00\",\"breadcrumb\":{\"@id\":\"https:\/\/elcardinal.com\/?p=5248#breadcrumb\"},\"inLanguage\":\"es\",\"potentialAction\":[{\"@type\":\"ReadAction\",\"target\":[\"https:\/\/elcardinal.com\/?p=5248\"]}]},{\"@type\":\"ImageObject\",\"inLanguage\":\"es\",\"@id\":\"https:\/\/elcardinal.com\/?p=5248#primaryimage\",\"url\":\"https:\/\/elcardinal.com\/wp-content\/uploads\/2025\/08\/Semillas-Esterales.png\",\"contentUrl\":\"https:\/\/elcardinal.com\/wp-content\/uploads\/2025\/08\/Semillas-Esterales.png\",\"width\":940,\"height\":788},{\"@type\":\"BreadcrumbList\",\"@id\":\"https:\/\/elcardinal.com\/?p=5248#breadcrumb\",\"itemListElement\":[{\"@type\":\"ListItem\",\"position\":1,\"name\":\"Inicio\",\"item\":\"https:\/\/elcardinal.com\/\"},{\"@type\":\"ListItem\",\"position\":2,\"name\":\"Fandango\"}]},{\"@type\":\"WebSite\",\"@id\":\"https:\/\/elcardinal.com\/#website\",\"url\":\"https:\/\/elcardinal.com\/\",\"name\":\"El Cardinal\",\"description\":\"Periodismo honesto, con valor, sentido humano, a veces sarc\u00e1stico y divertido.\",\"publisher\":{\"@id\":\"https:\/\/elcardinal.com\/#organization\"},\"alternateName\":\"El Cardinal Noticias\",\"potentialAction\":[{\"@type\":\"SearchAction\",\"target\":{\"@type\":\"EntryPoint\",\"urlTemplate\":\"https:\/\/elcardinal.com\/?s={search_term_string}\"},\"query-input\":{\"@type\":\"PropertyValueSpecification\",\"valueRequired\":true,\"valueName\":\"search_term_string\"}}],\"inLanguage\":\"es\"},{\"@type\":\"Organization\",\"@id\":\"https:\/\/elcardinal.com\/#organization\",\"name\":\"El Cardinal\",\"url\":\"https:\/\/elcardinal.com\/\",\"logo\":{\"@type\":\"ImageObject\",\"inLanguage\":\"es\",\"@id\":\"https:\/\/elcardinal.com\/#\/schema\/logo\/image\/\",\"url\":\"https:\/\/elcardinal.com\/wp-content\/uploads\/2025\/04\/LOGO-EL-CARDINAL-Periodismo-con-valor.png\",\"contentUrl\":\"https:\/\/elcardinal.com\/wp-content\/uploads\/2025\/04\/LOGO-EL-CARDINAL-Periodismo-con-valor.png\",\"width\":755,\"height\":636,\"caption\":\"El Cardinal\"},\"image\":{\"@id\":\"https:\/\/elcardinal.com\/#\/schema\/logo\/image\/\"},\"sameAs\":[\"https:\/\/www.facebook.com\/profile.php?id=100063093107011\",\"https:\/\/x.com\/ElCardinal_Mx\"]},{\"@type\":\"Person\",\"@id\":\"https:\/\/elcardinal.com\/#\/schema\/person\/3c352ec0a33987fe275c0e8a2ea69f8b\",\"name\":\"Antonio Alcaraz\",\"image\":{\"@type\":\"ImageObject\",\"inLanguage\":\"es\",\"@id\":\"https:\/\/elcardinal.com\/#\/schema\/person\/image\/\",\"url\":\"https:\/\/elcardinal.com\/wp-content\/uploads\/2025\/05\/cropped-TONO-96x96.jpg\",\"contentUrl\":\"https:\/\/elcardinal.com\/wp-content\/uploads\/2025\/05\/cropped-TONO-96x96.jpg\",\"caption\":\"Antonio Alcaraz\"},\"url\":\"https:\/\/elcardinal.com\/?author=2\"}]}<\/script>\n<!-- \/ Yoast SEO plugin. -->","yoast_head_json":{"title":"Fandango - El Cardinal","robots":{"index":"index","follow":"follow","max-snippet":"max-snippet:-1","max-image-preview":"max-image-preview:large","max-video-preview":"max-video-preview:-1"},"canonical":"https:\/\/elcardinal.com\/?p=5248","og_locale":"es_MX","og_type":"article","og_title":"Fandango - El Cardinal","og_description":"Por: Tania Mart\u00ednez Su\u00e1rez &nbsp; He mirado la muerte m\u00e1s de cerca de lo que me gustar\u00eda no quer\u00eda hacerlo, nadie quiere pero he visto aflojarse los cuerpos en medio de la calle cuando exhalan el \u00faltimo resquicio de vida me sentido como el aire se congela y nace el silencio en el momento justo","og_url":"https:\/\/elcardinal.com\/?p=5248","og_site_name":"El Cardinal","article_publisher":"https:\/\/www.facebook.com\/profile.php?id=100063093107011","article_published_time":"2025-11-03T15:02:25+00:00","og_image":[{"width":940,"height":788,"url":"https:\/\/elcardinal.com\/wp-content\/uploads\/2025\/08\/Semillas-Esterales.png","type":"image\/png"}],"author":"Antonio Alcaraz","twitter_card":"summary_large_image","twitter_creator":"@ElCardinal_Mx","twitter_site":"@ElCardinal_Mx","twitter_misc":{"Escrito por":"Antonio Alcaraz","Tiempo de lectura":"2 minutos"},"schema":{"@context":"https:\/\/schema.org","@graph":[{"@type":"Article","@id":"https:\/\/elcardinal.com\/?p=5248#article","isPartOf":{"@id":"https:\/\/elcardinal.com\/?p=5248"},"author":{"name":"Antonio Alcaraz","@id":"https:\/\/elcardinal.com\/#\/schema\/person\/3c352ec0a33987fe275c0e8a2ea69f8b"},"headline":"Fandango","datePublished":"2025-11-03T15:02:25+00:00","mainEntityOfPage":{"@id":"https:\/\/elcardinal.com\/?p=5248"},"wordCount":417,"commentCount":0,"publisher":{"@id":"https:\/\/elcardinal.com\/#organization"},"image":{"@id":"https:\/\/elcardinal.com\/?p=5248#primaryimage"},"thumbnailUrl":"https:\/\/elcardinal.com\/wp-content\/uploads\/2025\/08\/Semillas-Esterales.png","keywords":["Proscrita","Tania Mart\u00ednez"],"articleSection":["Minuto a Minuto","Opini\u00f3n"],"inLanguage":"es","potentialAction":[{"@type":"CommentAction","name":"Comment","target":["https:\/\/elcardinal.com\/?p=5248#respond"]}]},{"@type":"WebPage","@id":"https:\/\/elcardinal.com\/?p=5248","url":"https:\/\/elcardinal.com\/?p=5248","name":"Fandango - El Cardinal","isPartOf":{"@id":"https:\/\/elcardinal.com\/#website"},"primaryImageOfPage":{"@id":"https:\/\/elcardinal.com\/?p=5248#primaryimage"},"image":{"@id":"https:\/\/elcardinal.com\/?p=5248#primaryimage"},"thumbnailUrl":"https:\/\/elcardinal.com\/wp-content\/uploads\/2025\/08\/Semillas-Esterales.png","datePublished":"2025-11-03T15:02:25+00:00","breadcrumb":{"@id":"https:\/\/elcardinal.com\/?p=5248#breadcrumb"},"inLanguage":"es","potentialAction":[{"@type":"ReadAction","target":["https:\/\/elcardinal.com\/?p=5248"]}]},{"@type":"ImageObject","inLanguage":"es","@id":"https:\/\/elcardinal.com\/?p=5248#primaryimage","url":"https:\/\/elcardinal.com\/wp-content\/uploads\/2025\/08\/Semillas-Esterales.png","contentUrl":"https:\/\/elcardinal.com\/wp-content\/uploads\/2025\/08\/Semillas-Esterales.png","width":940,"height":788},{"@type":"BreadcrumbList","@id":"https:\/\/elcardinal.com\/?p=5248#breadcrumb","itemListElement":[{"@type":"ListItem","position":1,"name":"Inicio","item":"https:\/\/elcardinal.com\/"},{"@type":"ListItem","position":2,"name":"Fandango"}]},{"@type":"WebSite","@id":"https:\/\/elcardinal.com\/#website","url":"https:\/\/elcardinal.com\/","name":"El Cardinal","description":"Periodismo honesto, con valor, sentido humano, a veces sarc\u00e1stico y divertido.","publisher":{"@id":"https:\/\/elcardinal.com\/#organization"},"alternateName":"El Cardinal Noticias","potentialAction":[{"@type":"SearchAction","target":{"@type":"EntryPoint","urlTemplate":"https:\/\/elcardinal.com\/?s={search_term_string}"},"query-input":{"@type":"PropertyValueSpecification","valueRequired":true,"valueName":"search_term_string"}}],"inLanguage":"es"},{"@type":"Organization","@id":"https:\/\/elcardinal.com\/#organization","name":"El Cardinal","url":"https:\/\/elcardinal.com\/","logo":{"@type":"ImageObject","inLanguage":"es","@id":"https:\/\/elcardinal.com\/#\/schema\/logo\/image\/","url":"https:\/\/elcardinal.com\/wp-content\/uploads\/2025\/04\/LOGO-EL-CARDINAL-Periodismo-con-valor.png","contentUrl":"https:\/\/elcardinal.com\/wp-content\/uploads\/2025\/04\/LOGO-EL-CARDINAL-Periodismo-con-valor.png","width":755,"height":636,"caption":"El Cardinal"},"image":{"@id":"https:\/\/elcardinal.com\/#\/schema\/logo\/image\/"},"sameAs":["https:\/\/www.facebook.com\/profile.php?id=100063093107011","https:\/\/x.com\/ElCardinal_Mx"]},{"@type":"Person","@id":"https:\/\/elcardinal.com\/#\/schema\/person\/3c352ec0a33987fe275c0e8a2ea69f8b","name":"Antonio Alcaraz","image":{"@type":"ImageObject","inLanguage":"es","@id":"https:\/\/elcardinal.com\/#\/schema\/person\/image\/","url":"https:\/\/elcardinal.com\/wp-content\/uploads\/2025\/05\/cropped-TONO-96x96.jpg","contentUrl":"https:\/\/elcardinal.com\/wp-content\/uploads\/2025\/05\/cropped-TONO-96x96.jpg","caption":"Antonio Alcaraz"},"url":"https:\/\/elcardinal.com\/?author=2"}]}},"_links":{"self":[{"href":"https:\/\/elcardinal.com\/index.php?rest_route=\/wp\/v2\/posts\/5248","targetHints":{"allow":["GET"]}}],"collection":[{"href":"https:\/\/elcardinal.com\/index.php?rest_route=\/wp\/v2\/posts"}],"about":[{"href":"https:\/\/elcardinal.com\/index.php?rest_route=\/wp\/v2\/types\/post"}],"author":[{"embeddable":true,"href":"https:\/\/elcardinal.com\/index.php?rest_route=\/wp\/v2\/users\/2"}],"replies":[{"embeddable":true,"href":"https:\/\/elcardinal.com\/index.php?rest_route=%2Fwp%2Fv2%2Fcomments&post=5248"}],"version-history":[{"count":1,"href":"https:\/\/elcardinal.com\/index.php?rest_route=\/wp\/v2\/posts\/5248\/revisions"}],"predecessor-version":[{"id":5249,"href":"https:\/\/elcardinal.com\/index.php?rest_route=\/wp\/v2\/posts\/5248\/revisions\/5249"}],"wp:featuredmedia":[{"embeddable":true,"href":"https:\/\/elcardinal.com\/index.php?rest_route=\/wp\/v2\/media\/4974"}],"wp:attachment":[{"href":"https:\/\/elcardinal.com\/index.php?rest_route=%2Fwp%2Fv2%2Fmedia&parent=5248"}],"wp:term":[{"taxonomy":"category","embeddable":true,"href":"https:\/\/elcardinal.com\/index.php?rest_route=%2Fwp%2Fv2%2Fcategories&post=5248"},{"taxonomy":"post_tag","embeddable":true,"href":"https:\/\/elcardinal.com\/index.php?rest_route=%2Fwp%2Fv2%2Ftags&post=5248"}],"curies":[{"name":"wp","href":"https:\/\/api.w.org\/{rel}","templated":true}]}}