{"id":5252,"date":"2025-11-06T22:40:38","date_gmt":"2025-11-07T04:40:38","guid":{"rendered":"https:\/\/elcardinal.com\/?p=5252"},"modified":"2025-11-06T22:40:38","modified_gmt":"2025-11-07T04:40:38","slug":"diputada-propone-crear-la-ley-del-servicio-profesional-municipal-de-carrera-para-el-estado-de-hidalgo","status":"publish","type":"post","link":"https:\/\/elcardinal.com\/?p=5252","title":{"rendered":"Diputada propone crear la Ley del Servicio Profesional Municipal de Carrera para el Estado de Hidalgo"},"content":{"rendered":"<p>Redacci\u00f3n<\/p>\n<p><span style=\"font-weight: 400;\">En sesi\u00f3n ordinaria, la diputada <\/span><b>Mar\u00eda del Rosario Guerrero Mart\u00ednez<\/b><span style=\"font-weight: 400;\"> (Morena) propuso la iniciativa por la que se crea la Ley del Servicio Profesional Municipal de Carrera para el Estado de Hidalgo, a fin de que el ingreso, permanencia, capacitaci\u00f3n, promoci\u00f3n y evaluaci\u00f3n de los servidores p\u00fablicos municipales se realicen con criterios de m\u00e9rito, capacidad, igualdad de oportunidades y profesionalizaci\u00f3n. Con ello, se busca fortalecer la estabilidad laboral, la transparencia administrativa y la eficiencia en la prestaci\u00f3n de los servicios a la ciudadan\u00eda, asegurando continuidad institucional m\u00e1s all\u00e1 de los cambios de administraci\u00f3n.<\/span><\/p>\n<p><span style=\"font-weight: 400;\">Asimismo, la ley pretende generar un marco normativo que permita a los ayuntamientos consolidar una administraci\u00f3n p\u00fablica profesional y estable, orientada a resultados y al servicio de la comunidad, garantizando que la capacitaci\u00f3n y evaluaci\u00f3n peri\u00f3dica de los servidores p\u00fablicos sean instrumentos efectivos para elevar la calidad de la gesti\u00f3n municipal.<\/span><\/p>\n<p>&nbsp;<\/p>\n<p><b>Otras iniciativas<\/b><\/p>\n<p><b>Armonizaci\u00f3n de la definici\u00f3n de trata de personas<\/b><\/p>\n<p><span style=\"font-weight: 400;\">El diputado <\/span><b>Jos\u00e9 Luis Rodr\u00edguez Higareda<\/b><span style=\"font-weight: 400;\"> (Morena) present\u00f3 la iniciativa que reforma la Ley de Asistencia Social para el Estado de Hidalgo, con el objetivo de armonizarla con la definici\u00f3n de trata de personas que establece la Ley General para Prevenir, Sancionar y Erradicar los Delitos en Materia de Trata de Personas y para la Protecci\u00f3n y Asistencia a las V\u00edctimas de estos Delitos, as\u00ed como actualizar la conformaci\u00f3n del Sistema Estatal de Asistencia Social del Estado de Hidalgo, y primordialmente, sentar el sustento legal a efecto de que pueda celebrar acuerdos y acciones con los sectores p\u00fablico, social y privado, adem\u00e1s de las autoridades de comunidades ind\u00edgenas y afromexicanas de la entidad.<\/span><\/p>\n<p>&nbsp;<\/p>\n<p><b>Preparaci\u00f3n de titulares de Cultura<\/b><\/p>\n<p><span style=\"font-weight: 400;\">La legisladora <\/span><b>Cynthia Citlali Delgado Mendoza<\/b><span style=\"font-weight: 400;\"> (Morena) propuso la iniciativa que modifica la Ley Org\u00e1nica Municipal para el Estado de Hidalgo, la cual busca establecer la exigencia de que, quienes ocupan la titularidad del \u00e1rea de cultura, acrediten preparaci\u00f3n y experiencia en la materia. El objetivo es que la cultura municipal se planifique, se ejecute con personal capacitado y se articule con el resto de la administraci\u00f3n p\u00fablica.<\/span><\/p>\n<p>&nbsp;<\/p>\n<p><b>Prevenci\u00f3n del consumo de bebidas alcoh\u00f3licas<\/b><\/p>\n<p><span style=\"font-weight: 400;\">La diputada <\/span><b>Claudia Lilia Luna Islas<\/b><span style=\"font-weight: 400;\"> (PAN) detall\u00f3 la iniciativa que reforma la Ley de Salud para el Estado de Hidalgo y la Ley de los Derechos de Ni\u00f1as, Ni\u00f1os y Adolescentes para el Estado de Hidalgo, con la finalidad de incorporar la prevenci\u00f3n del consumo de bebidas alcoh\u00f3licas en ni\u00f1as, ni\u00f1os y adolescentes como una responsabilidad prioritaria del estado, municipios y sociedad.<\/span><\/p>\n<p>&nbsp;<\/p>\n<p><b>Seguridad de peatones<\/b><\/p>\n<p><span style=\"font-weight: 400;\">El legislador <\/span><b>Arturo G\u00f3mez Canales<\/b><span style=\"font-weight: 400;\"> (Morena) present\u00f3 la iniciativa que modifica la Ley de Tr\u00e1nsito y Seguridad Vial para el Estado de Hidalgo, con el prop\u00f3sito de establecer la obligaci\u00f3n de los conductores de detener completamente su veh\u00edculo ante la presencia o intenci\u00f3n manifiesta de cruce por parte de un peat\u00f3n en cualquier paso peatonal permitido, est\u00e9 o no f\u00edsicamente se\u00f1alizado, para garantizar la seguridad de los peatones y priorizar su derecho de paso.<\/span><\/p>\n<p>&nbsp;<\/p>\n<p><b>Prevenci\u00f3n de la violencia est\u00e9tica<\/b><\/p>\n<p><span style=\"font-weight: 400;\">Las y los legisladores <\/span><b>M\u00f3nica Leanett Reyes Mart\u00ednez<\/b><span style=\"font-weight: 400;\">, <\/span><b>Juana Olivia Alarc\u00f3n Rivera<\/b><span style=\"font-weight: 400;\"> (Nueva Alianza), <\/span><b>Yarabi Gonz\u00e1lez Mart\u00ednez<\/b><span style=\"font-weight: 400;\">, <\/span><b>Aldo Meza Hern\u00e1ndez<\/b><span style=\"font-weight: 400;\">, <\/span><b>Juli\u00e1n Nochebuena Hern\u00e1ndez<\/b><span style=\"font-weight: 400;\"> y <\/span><b>Jos\u00e9 Luis Rodr\u00edguez Higareda<\/b><span style=\"font-weight: 400;\"> (Morena) detallaron la iniciativa que reforma la Ley de Acceso de las Mujeres a una Vida Libre de Violencia, con el objetivo visibilizar y prevenir la violencia est\u00e9tica para garantizar el derecho de las mujeres al libre desarrollo de la personalidad y a no ser sometidas a est\u00e1ndares de belleza coercitivos o discriminatorios.<\/span><\/p>\n<p>&nbsp;<\/p>\n<p><b>Principio de no regresi\u00f3n ambiental<\/b><\/p>\n<p><span style=\"font-weight: 400;\">Las y los diputados <\/span><b>Juana Olivia Alarc\u00f3n Rivera<\/b><span style=\"font-weight: 400;\">, <\/span><b>M\u00f3nica Leanett Reyes Mart\u00ednez<\/b><span style=\"font-weight: 400;\"> (Nueva Alianza), <\/span><b>Juli\u00e1n Nochebuena Hern\u00e1ndez<\/b><span style=\"font-weight: 400;\">, <\/span><b>Jos\u00e9 Luis Rodr\u00edguez Higareda<\/b><span style=\"font-weight: 400;\">, <\/span><b>Tania Er\u00e9ndira Meza Escorza<\/b><span style=\"font-weight: 400;\">, <\/span><b>Yarabi Gonz\u00e1lez Mart\u00ednez<\/b><span style=\"font-weight: 400;\"> y <\/span><b>Aldo Meza Hern\u00e1ndez<\/b><span style=\"font-weight: 400;\"> (Morena) presentaron la iniciativa que reforma la Ley para la Protecci\u00f3n al Ambiente del Estado de Hidalgo, con la finalidad incorporar el principio de no regresi\u00f3n ambiental y garantizar que todas las pol\u00edticas, programas y acciones ambientales de la entidad se formulen y conduzcan respetando los niveles de protecci\u00f3n ambiental previamente alcanzados.<\/span><\/p>\n<p>&nbsp;<\/p>\n<p><b>Sistemas de manejo ambiental<\/b><\/p>\n<p><span style=\"font-weight: 400;\">La diputada <\/span><b>Yarabi Gonz\u00e1lez Mart\u00ednez<\/b><span style=\"font-weight: 400;\"> (Morena) detall\u00f3 la iniciativa que reforma la Ley de Prevenci\u00f3n y Gesti\u00f3n Integral de Residuos y el C\u00f3digo Electoral del Estado de Hidalgo para establecer que organismos con autonom\u00eda reconocida constitucionalmente y partidos pol\u00edticos implementen sistemas de manejo ambiental.<\/span><\/p>\n<p>&nbsp;<\/p>\n<p><b>Fortalecimiento de la salud mental de adolescentes y j\u00f3venes<\/b><\/p>\n<p><span style=\"font-weight: 400;\">La legisladora <\/span><b>Johana Montcerrat Hern\u00e1ndez P\u00e9rez<\/b><span style=\"font-weight: 400;\"> (PRI) present\u00f3 la iniciativa la Ley de Salud Mental y Prevenci\u00f3n del Suicidio para el Estado de Hidalgo, a fin de que el Gobierno del Estado, a trav\u00e9s de la Secretar\u00eda de Salud, asigne recursos suficientes dentro del presupuesto autorizado y considere en su planeaci\u00f3n y programaci\u00f3n anual acciones espec\u00edficas destinadas a la atenci\u00f3n, prevenci\u00f3n y fortalecimiento de la salud mental de las y los adolescentes y j\u00f3venes.<\/span><\/p>\n<p>&nbsp;<\/p>\n<p><b>Discriminaci\u00f3n en contra de las personas en situaci\u00f3n de calle<\/b><\/p>\n<p><span style=\"font-weight: 400;\">Las y los diputados <\/span><b>Juan Pablo Escalante Urb\u00e1n<\/b><span style=\"font-weight: 400;\">, <\/span><b>Miguel \u00c1ngel Moreno Zamora<\/b><span style=\"font-weight: 400;\">, <\/span><b>Arturo G\u00f3mez Canales<\/b><span style=\"font-weight: 400;\">, <\/span><b>Andr\u00e9s Vel\u00e1zquez V\u00e1zquez<\/b><span style=\"font-weight: 400;\">, <\/span><b>Hilda Miranda Miranda<\/b><span style=\"font-weight: 400;\">, <\/span><b>Lizbeth Ira\u00eds Ordaz Islas<\/b><span style=\"font-weight: 400;\">, <\/span><b>Alma Rosa El\u00edas Paso<\/b><span style=\"font-weight: 400;\">, <\/span><b>Paloma Barrag\u00e1n Santos<\/b><span style=\"font-weight: 400;\"> (Morena), <\/span><b>Jorge Arg\u00fcelles Salazar<\/b><span style=\"font-weight: 400;\"> y <\/span><b>Jos\u00e9 Mar\u00eda Alejandro P\u00e9rez Ram\u00edrez<\/b><span style=\"font-weight: 400;\"> (Nueva Alianza) propusieron la iniciativa que reforma la Ley para Prevenir, Atender, Sancionar y Eliminar la Discriminaci\u00f3n en el Estado de Hidalgo, con el objetivo de ampliar las acciones que deben implementar las autoridades del gobierno del\u00a0 estado, ayuntamientos, entidades estatales y municipales, as\u00ed como organismos p\u00fablicos aut\u00f3nomos para evitar la discriminaci\u00f3n en contra de las personas en situaci\u00f3n de calle, especialmente durante sus desalojos.<\/span><\/p>\n<p>&nbsp;<\/p>\n<p><b>Asuntos generales<\/b><\/p>\n<p><b>Atlas Municipal de Riesgo<\/b><\/p>\n<p><span style=\"font-weight: 400;\">La legisladora <\/span><b>Rosalba Mart\u00ednez Olivares<\/b><span style=\"font-weight: 400;\"> y el legislador <\/span><b>Avelino Tovar Iglesias<\/b><span style=\"font-weight: 400;\"> (PVEM) presentaron el acuerdo econ\u00f3mico que exhorta a los ayuntamientos del estado a actualizar, aprobar y entregar a la brevedad posible su Atlas Municipal de Riesgos.<\/span><\/p>\n<p>&nbsp;<\/p>\n<p><b>Difusi\u00f3n a favor de la vacunaci\u00f3n contra el sarampi\u00f3n<\/b><\/p>\n<p><span style=\"font-weight: 400;\">El diputado <\/span><b>Arturo G\u00f3mez Canales<\/b><span style=\"font-weight: 400;\"> (Morena) propuso el acuerdo econ\u00f3mico que exhorta a los titulares de sanidad de los 84 ayuntamientos a fortalecer las acciones de difusi\u00f3n a favor de la vacunaci\u00f3n contra el sarampi\u00f3n, utilizando mecanismos accesibles como perifoneo, lonas, medios propios locales y comunicaci\u00f3n directa con los delegados comunitarios, con el fin de aumentar la cobertura de inmunizaci\u00f3n y prevenir brotes de esta enfermedad.<\/span><\/p>\n<p>&nbsp;<\/p>\n<p><b>Respaldo a la Presidenta ante el acoso<\/b><\/p>\n<p><span style=\"font-weight: 400;\">Respecto al acoso que sufri\u00f3 la presidenta de M\u00e9xico, Claudia Sheinbaum Pardo, la legisladora <\/span><b>Tania Er\u00e9ndira Meza Escorza<\/b><span style=\"font-weight: 400;\"> (Morena) lament\u00f3 que Hidalgo no cuente con el delito de acoso sexual, \u201cpor ello, las diputadas de Hidalgo estamos impulsando juntas esta iniciativa que vamos a presentar ma\u00f1ana\u201d.<\/span><\/p>\n<p>&nbsp;<\/p>\n<p><b>Reconocimiento al edil asesinado<\/b><\/p>\n<p><span style=\"font-weight: 400;\">Ante el asesinato del presidente municipal Carlos Manzo, la diputada <\/span><b>Karla Perales Arrieta<\/b><span style=\"font-weight: 400;\"> (MC) indic\u00f3 que el edil \u201cno se conform\u00f3 con mirar los problemas desde lejos. No opt\u00f3 por el silencio, ni por la comodidad, ni por la indiferencia. Eligi\u00f3 la v\u00eda m\u00e1s dif\u00edcil: la de involucrarse, construir desde lo local, mirar a los ojos a su pueblo y prometerle que se pod\u00eda gobernar con dignidad. Su vida y tambi\u00e9n su muerte nos obligan a pensar qu\u00e9 clase de pa\u00eds estamos dejando\u201d.<\/span><\/p>\n<p>&nbsp;<\/p>\n<p><b>Aniversario de la Cooperativa Cruz Azul<\/b><\/p>\n<p><span style=\"font-weight: 400;\">Por el 94 aniversario de la fundaci\u00f3n de la Cooperativa Cruz Azul, el legislador <\/span><b>Carlos Alejandro Alc\u00e1ntara Carbajal<\/b><span style=\"font-weight: 400;\"> (MC) record\u00f3 que es una empresa emblema de M\u00e9xico ante el mundo: \u201csus productos llegan a m\u00e1s de 30 pa\u00edses. Su modelo se estudia en universidades y foros internacionales como un ejemplo de democracia laboral y rentabilidad, lo que demuestra que la democracia y las empresas pueden caminar juntas\u201d.<\/span><\/p>\n<p>&nbsp;<\/p>\n<p><b>Rechazo a todo acto de violencia de g\u00e9nero<\/b><\/p>\n<p><span style=\"font-weight: 400;\">La legisladora <\/span><b>Hilda Miranda Miranda<\/b><span style=\"font-weight: 400;\"> (Morena) mostr\u00f3 solidaridad con la Presidenta Claudia Sheinbaum y rechaz\u00f3 todo acto de violencia de g\u00e9nero contra las mujeres: \u201cla ley no define con precisi\u00f3n qu\u00e9 se entiende por abuso sexual, lo que deja espacio a interpretaciones y ambig\u00fcedad. Por ello, es momento de actualizar el C\u00f3digo Penal del Estado de Hidalgo y garantizar que toda agresi\u00f3n tenga nombre, sanci\u00f3n y justicia\u201d.<\/span><\/p>\n<p><span style=\"font-weight: 400;\">Por otro lado, invit\u00f3 a las consejeras y a los consejeros a transparentar los recursos p\u00fablicos que son para el Instituto Estatal Electoral y para las prerrogativas de los partidos pol\u00edticos.<\/span><\/p>\n<p>&nbsp;<\/p>\n<p><b>Revisi\u00f3n a la propuesta del aumento de presupuesto para el IEEH<\/b><\/p>\n<p><span style=\"font-weight: 400;\">La diputada <\/span><b>Diana Rangel Z\u00fa\u00f1iga<\/b><span style=\"font-weight: 400;\"> (Morena) lament\u00f3 la propuesta aprobada el 8 de octubre por el Consejo General del Instituto Estatal Electoral, donde se hace menci\u00f3n de un incremento de m\u00e1s del 160 por ciento en relaci\u00f3n al presupuesto del ejercicio 2025, \u201ceso nos invita a mirar con sensibilidad y a no olvidar los principios de nuestro movimiento, de austeridad, de vivir como servidoras y servidores p\u00fablicos en la justa median\u00eda\u201d.<\/span><\/p>\n<p><span style=\"font-weight: 400;\">La legisladora <\/span><b>Lizbeth Ira\u00eds Ordaz Islas<\/b><span style=\"font-weight: 400;\"> (Morena) tambi\u00e9n cuestion\u00f3 este aumento solicitado en un a\u00f1o sin proceso electoral ordinario. \u201cNo habr\u00e1 elecciones en 2026 para ayuntamientos, ni diputaciones o gubernatura. \u00bfPor qu\u00e9 se pretende ejercer casi el triple de los recursos? No existe una justificaci\u00f3n t\u00e9cnica, operativa ni mucho menos social que explique una expresi\u00f3n presupuestal de tal magnitud\u201d.<\/span><\/p>\n<p><span style=\"font-weight: 400;\">La diputada <\/span><b>Johana Montcerrat Hern\u00e1ndez P\u00e9rez<\/b><span style=\"font-weight: 400;\"> (PRI) indic\u00f3 que el presupuesto para este tipo de instituciones, \u201cgarantizar\u00eda el derecho a la democracia. Lo \u00fanico que nos deber\u00eda garantizar es tener una parte de corresponsabilidad, tener instituciones que nos puedan decir qu\u00e9 est\u00e1 pasando y c\u00f3mo se pueden organizar los procesos en nuestro estado\u201d.<\/span><\/p>\n<p><span style=\"font-weight: 400;\">El legislador <\/span><b>Carlos Alejandro Alc\u00e1ntara Carbajal<\/b><span style=\"font-weight: 400;\"> (MC) mencion\u00f3 que el an\u00e1lisis del presupuesto \u201cno debe aplicarse a una sola instituci\u00f3n, ni a un solo poder o una situaci\u00f3n. Tenemos que analizar todos los presupuestos\u201d.<\/span><\/p>\n<p><span style=\"font-weight: 400;\">La diputada <\/span><b>Claudia Lilia Luna Islas<\/b><span style=\"font-weight: 400;\"> (PAN) solicit\u00f3 revisar de la misma manera el presupuesto para cultura, \u201cque es de los m\u00e1s raqu\u00edticos, tambi\u00e9n para agricultura, ya que tenemos el problema del campo\u201d.<\/span><\/p>\n<p><span style=\"font-weight: 400;\">En respuesta, la legisladora <\/span><b>Hilda Miranda Miranda<\/b><span style=\"font-weight: 400;\"> (Morena) insisti\u00f3 en que se trata de un tema de transparencia, austeridad y de estar aplicando correctamente los recursos p\u00fablicos que son del pueblo.<\/span><\/p>\n<p><span style=\"font-weight: 400;\">La legisladora <\/span><b>Diana Rangel Z\u00fa\u00f1iga <\/b><span style=\"font-weight: 400;\">(Morena) solicit\u00f3 no adelantarse a los tiempos: \u201cno podemos adelantarnos a los hechos, no podemos hablar de que no se ha asignado presupuesto a salud, educaci\u00f3n, infraestructura y a la reconstrucci\u00f3n de las zonas afectadas cuando todav\u00eda no estamos en el an\u00e1lisis del presupuesto\u201d.<\/span><\/p>\n<p><span style=\"font-weight: 400;\">La diputada <\/span><b>Claudia Lilia Luna Islas<\/b><span style=\"font-weight: 400;\"> (PAN) record\u00f3 que iniciar\u00e1 el proceso de 2027 para ayuntamientos, diputados locales y federales, adem\u00e1s de la elecci\u00f3n del Poder Judicial de los diferentes niveles en Hidalgo.<\/span><\/p>\n<p><span style=\"font-weight: 400;\">La legisladora <\/span><b>Hilda Miranda Miranda<\/b><span style=\"font-weight: 400;\"> (Morena) consider\u00f3 necesario analizar los sueldos de los representantes de los partidos pol\u00edticos y tambi\u00e9n los que han sido pagados por el IEEH.<\/span><\/p>\n<p><span style=\"font-weight: 400;\">La diputada <\/span><b>Claudia Lilia Luna Islas<\/b><span style=\"font-weight: 400;\"> (PAN) insisti\u00f3 en que el dinero que se ocupa en el Instituto Estatal Electoral se audita desde hace varios a\u00f1os, \u201cya no hay que solicitar esta propuesta como una creaci\u00f3n nueva\u201d.<\/span><\/p>\n<p><span style=\"font-weight: 400;\">La legisladora <\/span><b>Johana Montcerrat Hern\u00e1ndez P\u00e9rez<\/b><span style=\"font-weight: 400;\"> (PRI) solicit\u00f3 una explicaci\u00f3n y an\u00e1lisis del presupuesto, \u201cpara que la gente all\u00e1 afuera se d\u00e9 cuenta a qu\u00e9 le dicen que s\u00ed y a qu\u00e9 le dicen que no. Porque ese s\u00ed es nuestro trabajo\u201d.<\/span><\/p>\n<p><span style=\"font-weight: 400;\">El diputado <\/span><b>Miguel \u00c1ngel Moreno Zamora<\/b><span style=\"font-weight: 400;\"> (Morena) asever\u00f3 que, para el paquete hacendario, \u201cque tendremos en un par de d\u00edas, habr\u00e1 discusi\u00f3n, an\u00e1lisis y las mesas t\u00e9cnicas que sean necesarias\u201d.<\/span><\/p>\n<p><span style=\"font-weight: 400;\">El legislador <\/span><b>Carlos Alejandro Alc\u00e1ntara Carbajal<\/b><span style=\"font-weight: 400;\"> (MC) indic\u00f3 que se trata de congruencia: \u201cse trata de tener una l\u00ednea. Se trata de que, si vamos a decir que vamos a hacer esto, lo cumplamos\u201d.<\/span><\/p>\n<p><span style=\"font-weight: 400;\">La diputada <\/span><b>Hilda Miranda Miranda<\/b><span style=\"font-weight: 400;\"> (Morena) asegur\u00f3 que a la ciudadan\u00eda \u201cle duele que se est\u00e9 desvirtuando el dinero, no se est\u00e1 gastando o no se est\u00e1 aplicando correctamente. Debemos responder ante la sociedad, por quienes tenemos esa confianza\u201d.<\/span><\/p>\n<p><span style=\"font-weight: 400;\">Al finalizar la discusi\u00f3n, la legisladora <\/span><b>Claudia Lilia Luna Islas<\/b><span style=\"font-weight: 400;\"> (PAN) propuso que las sesiones de la Comisi\u00f3n de Hacienda sean transmitidas en redes sociales y que est\u00e9n presentes todas y todos los diputados que no son integrantes de la misma.<\/span><\/p>\n","protected":false},"excerpt":{"rendered":"<p>Redacci\u00f3n En sesi\u00f3n ordinaria, la diputada Mar\u00eda del Rosario Guerrero Mart\u00ednez (Morena) propuso la iniciativa por la que se crea la Ley del Servicio Profesional Municipal de Carrera para el Estado de Hidalgo, a fin de que el ingreso, permanencia, capacitaci\u00f3n, promoci\u00f3n y evaluaci\u00f3n de los servidores p\u00fablicos municipales se realicen con criterios de m\u00e9rito,<\/p>\n","protected":false},"author":2,"featured_media":5253,"comment_status":"open","ping_status":"open","sticky":false,"template":"","format":"standard","meta":{"footnotes":""},"categories":[31,44,39],"tags":[],"class_list":{"0":"post-5252","1":"post","2":"type-post","3":"status-publish","4":"format-standard","5":"has-post-thumbnail","7":"category-hidalgo","8":"category-minuto-a-minuto","9":"category-politica"},"yoast_head":"<!-- This site is optimized with the Yoast SEO plugin v26.1.1 - https:\/\/yoast.com\/wordpress\/plugins\/seo\/ -->\n<title>Diputada propone crear la Ley del Servicio Profesional Municipal de Carrera para el Estado de Hidalgo - El Cardinal<\/title>\n<meta name=\"robots\" content=\"index, follow, max-snippet:-1, max-image-preview:large, max-video-preview:-1\" \/>\n<link rel=\"canonical\" href=\"https:\/\/elcardinal.com\/?p=5252\" \/>\n<meta property=\"og:locale\" content=\"es_MX\" \/>\n<meta property=\"og:type\" content=\"article\" \/>\n<meta property=\"og:title\" content=\"Diputada propone crear la Ley del Servicio Profesional Municipal de Carrera para el Estado de Hidalgo - El Cardinal\" \/>\n<meta property=\"og:description\" content=\"Redacci\u00f3n En sesi\u00f3n ordinaria, la diputada Mar\u00eda del Rosario Guerrero Mart\u00ednez (Morena) propuso la iniciativa por la que se crea la Ley del Servicio Profesional Municipal de Carrera para el Estado de Hidalgo, a fin de que el ingreso, permanencia, capacitaci\u00f3n, promoci\u00f3n y evaluaci\u00f3n de los servidores p\u00fablicos municipales se realicen con criterios de m\u00e9rito,\" \/>\n<meta property=\"og:url\" content=\"https:\/\/elcardinal.com\/?p=5252\" \/>\n<meta property=\"og:site_name\" content=\"El Cardinal\" \/>\n<meta property=\"article:publisher\" content=\"https:\/\/www.facebook.com\/profile.php?id=100063093107011\" \/>\n<meta property=\"article:published_time\" content=\"2025-11-07T04:40:38+00:00\" \/>\n<meta property=\"og:image\" content=\"https:\/\/elcardinal.com\/wp-content\/uploads\/2025\/11\/Sesion-06.11.2025-ordinaria-9.jpg\" \/>\n\t<meta property=\"og:image:width\" content=\"2400\" \/>\n\t<meta property=\"og:image:height\" content=\"1600\" \/>\n\t<meta property=\"og:image:type\" content=\"image\/jpeg\" \/>\n<meta name=\"author\" content=\"Antonio Alcaraz\" \/>\n<meta name=\"twitter:card\" content=\"summary_large_image\" \/>\n<meta name=\"twitter:creator\" content=\"@ElCardinal_Mx\" \/>\n<meta name=\"twitter:site\" content=\"@ElCardinal_Mx\" \/>\n<meta name=\"twitter:label1\" content=\"Escrito por\" \/>\n\t<meta name=\"twitter:data1\" content=\"Antonio Alcaraz\" \/>\n\t<meta name=\"twitter:label2\" content=\"Tiempo de lectura\" \/>\n\t<meta name=\"twitter:data2\" content=\"10 minutos\" \/>\n<script type=\"application\/ld+json\" class=\"yoast-schema-graph\">{\"@context\":\"https:\/\/schema.org\",\"@graph\":[{\"@type\":\"Article\",\"@id\":\"https:\/\/elcardinal.com\/?p=5252#article\",\"isPartOf\":{\"@id\":\"https:\/\/elcardinal.com\/?p=5252\"},\"author\":{\"name\":\"Antonio Alcaraz\",\"@id\":\"https:\/\/elcardinal.com\/#\/schema\/person\/3c352ec0a33987fe275c0e8a2ea69f8b\"},\"headline\":\"Diputada propone crear la Ley del Servicio Profesional Municipal de Carrera para el Estado de Hidalgo\",\"datePublished\":\"2025-11-07T04:40:38+00:00\",\"mainEntityOfPage\":{\"@id\":\"https:\/\/elcardinal.com\/?p=5252\"},\"wordCount\":2201,\"commentCount\":0,\"publisher\":{\"@id\":\"https:\/\/elcardinal.com\/#organization\"},\"image\":{\"@id\":\"https:\/\/elcardinal.com\/?p=5252#primaryimage\"},\"thumbnailUrl\":\"https:\/\/elcardinal.com\/wp-content\/uploads\/2025\/11\/Sesion-06.11.2025-ordinaria-9.jpg\",\"articleSection\":[\"Hidalgo\",\"Minuto a Minuto\",\"Pol\u00edtica\"],\"inLanguage\":\"es\",\"potentialAction\":[{\"@type\":\"CommentAction\",\"name\":\"Comment\",\"target\":[\"https:\/\/elcardinal.com\/?p=5252#respond\"]}]},{\"@type\":\"WebPage\",\"@id\":\"https:\/\/elcardinal.com\/?p=5252\",\"url\":\"https:\/\/elcardinal.com\/?p=5252\",\"name\":\"Diputada propone crear la Ley del Servicio Profesional Municipal de Carrera para el Estado de Hidalgo - El Cardinal\",\"isPartOf\":{\"@id\":\"https:\/\/elcardinal.com\/#website\"},\"primaryImageOfPage\":{\"@id\":\"https:\/\/elcardinal.com\/?p=5252#primaryimage\"},\"image\":{\"@id\":\"https:\/\/elcardinal.com\/?p=5252#primaryimage\"},\"thumbnailUrl\":\"https:\/\/elcardinal.com\/wp-content\/uploads\/2025\/11\/Sesion-06.11.2025-ordinaria-9.jpg\",\"datePublished\":\"2025-11-07T04:40:38+00:00\",\"breadcrumb\":{\"@id\":\"https:\/\/elcardinal.com\/?p=5252#breadcrumb\"},\"inLanguage\":\"es\",\"potentialAction\":[{\"@type\":\"ReadAction\",\"target\":[\"https:\/\/elcardinal.com\/?p=5252\"]}]},{\"@type\":\"ImageObject\",\"inLanguage\":\"es\",\"@id\":\"https:\/\/elcardinal.com\/?p=5252#primaryimage\",\"url\":\"https:\/\/elcardinal.com\/wp-content\/uploads\/2025\/11\/Sesion-06.11.2025-ordinaria-9.jpg\",\"contentUrl\":\"https:\/\/elcardinal.com\/wp-content\/uploads\/2025\/11\/Sesion-06.11.2025-ordinaria-9.jpg\",\"width\":2400,\"height\":1600,\"caption\":\"CONGRESO_HIDALGO\"},{\"@type\":\"BreadcrumbList\",\"@id\":\"https:\/\/elcardinal.com\/?p=5252#breadcrumb\",\"itemListElement\":[{\"@type\":\"ListItem\",\"position\":1,\"name\":\"Inicio\",\"item\":\"https:\/\/elcardinal.com\/\"},{\"@type\":\"ListItem\",\"position\":2,\"name\":\"Diputada propone crear la Ley del Servicio Profesional Municipal de Carrera para el Estado de Hidalgo\"}]},{\"@type\":\"WebSite\",\"@id\":\"https:\/\/elcardinal.com\/#website\",\"url\":\"https:\/\/elcardinal.com\/\",\"name\":\"El Cardinal\",\"description\":\"Periodismo honesto, con valor, sentido humano, a veces sarc\u00e1stico y divertido.\",\"publisher\":{\"@id\":\"https:\/\/elcardinal.com\/#organization\"},\"alternateName\":\"El Cardinal Noticias\",\"potentialAction\":[{\"@type\":\"SearchAction\",\"target\":{\"@type\":\"EntryPoint\",\"urlTemplate\":\"https:\/\/elcardinal.com\/?s={search_term_string}\"},\"query-input\":{\"@type\":\"PropertyValueSpecification\",\"valueRequired\":true,\"valueName\":\"search_term_string\"}}],\"inLanguage\":\"es\"},{\"@type\":\"Organization\",\"@id\":\"https:\/\/elcardinal.com\/#organization\",\"name\":\"El Cardinal\",\"url\":\"https:\/\/elcardinal.com\/\",\"logo\":{\"@type\":\"ImageObject\",\"inLanguage\":\"es\",\"@id\":\"https:\/\/elcardinal.com\/#\/schema\/logo\/image\/\",\"url\":\"https:\/\/elcardinal.com\/wp-content\/uploads\/2025\/04\/LOGO-EL-CARDINAL-Periodismo-con-valor.png\",\"contentUrl\":\"https:\/\/elcardinal.com\/wp-content\/uploads\/2025\/04\/LOGO-EL-CARDINAL-Periodismo-con-valor.png\",\"width\":755,\"height\":636,\"caption\":\"El Cardinal\"},\"image\":{\"@id\":\"https:\/\/elcardinal.com\/#\/schema\/logo\/image\/\"},\"sameAs\":[\"https:\/\/www.facebook.com\/profile.php?id=100063093107011\",\"https:\/\/x.com\/ElCardinal_Mx\"]},{\"@type\":\"Person\",\"@id\":\"https:\/\/elcardinal.com\/#\/schema\/person\/3c352ec0a33987fe275c0e8a2ea69f8b\",\"name\":\"Antonio Alcaraz\",\"image\":{\"@type\":\"ImageObject\",\"inLanguage\":\"es\",\"@id\":\"https:\/\/elcardinal.com\/#\/schema\/person\/image\/\",\"url\":\"https:\/\/elcardinal.com\/wp-content\/uploads\/2025\/05\/cropped-TONO-96x96.jpg\",\"contentUrl\":\"https:\/\/elcardinal.com\/wp-content\/uploads\/2025\/05\/cropped-TONO-96x96.jpg\",\"caption\":\"Antonio Alcaraz\"},\"url\":\"https:\/\/elcardinal.com\/?author=2\"}]}<\/script>\n<!-- \/ Yoast SEO plugin. -->","yoast_head_json":{"title":"Diputada propone crear la Ley del Servicio Profesional Municipal de Carrera para el Estado de Hidalgo - El Cardinal","robots":{"index":"index","follow":"follow","max-snippet":"max-snippet:-1","max-image-preview":"max-image-preview:large","max-video-preview":"max-video-preview:-1"},"canonical":"https:\/\/elcardinal.com\/?p=5252","og_locale":"es_MX","og_type":"article","og_title":"Diputada propone crear la Ley del Servicio Profesional Municipal de Carrera para el Estado de Hidalgo - El Cardinal","og_description":"Redacci\u00f3n En sesi\u00f3n ordinaria, la diputada Mar\u00eda del Rosario Guerrero Mart\u00ednez (Morena) propuso la iniciativa por la que se crea la Ley del Servicio Profesional Municipal de Carrera para el Estado de Hidalgo, a fin de que el ingreso, permanencia, capacitaci\u00f3n, promoci\u00f3n y evaluaci\u00f3n de los servidores p\u00fablicos municipales se realicen con criterios de m\u00e9rito,","og_url":"https:\/\/elcardinal.com\/?p=5252","og_site_name":"El Cardinal","article_publisher":"https:\/\/www.facebook.com\/profile.php?id=100063093107011","article_published_time":"2025-11-07T04:40:38+00:00","og_image":[{"width":2400,"height":1600,"url":"https:\/\/elcardinal.com\/wp-content\/uploads\/2025\/11\/Sesion-06.11.2025-ordinaria-9.jpg","type":"image\/jpeg"}],"author":"Antonio Alcaraz","twitter_card":"summary_large_image","twitter_creator":"@ElCardinal_Mx","twitter_site":"@ElCardinal_Mx","twitter_misc":{"Escrito por":"Antonio Alcaraz","Tiempo de lectura":"10 minutos"},"schema":{"@context":"https:\/\/schema.org","@graph":[{"@type":"Article","@id":"https:\/\/elcardinal.com\/?p=5252#article","isPartOf":{"@id":"https:\/\/elcardinal.com\/?p=5252"},"author":{"name":"Antonio Alcaraz","@id":"https:\/\/elcardinal.com\/#\/schema\/person\/3c352ec0a33987fe275c0e8a2ea69f8b"},"headline":"Diputada propone crear la Ley del Servicio Profesional Municipal de Carrera para el Estado de Hidalgo","datePublished":"2025-11-07T04:40:38+00:00","mainEntityOfPage":{"@id":"https:\/\/elcardinal.com\/?p=5252"},"wordCount":2201,"commentCount":0,"publisher":{"@id":"https:\/\/elcardinal.com\/#organization"},"image":{"@id":"https:\/\/elcardinal.com\/?p=5252#primaryimage"},"thumbnailUrl":"https:\/\/elcardinal.com\/wp-content\/uploads\/2025\/11\/Sesion-06.11.2025-ordinaria-9.jpg","articleSection":["Hidalgo","Minuto a Minuto","Pol\u00edtica"],"inLanguage":"es","potentialAction":[{"@type":"CommentAction","name":"Comment","target":["https:\/\/elcardinal.com\/?p=5252#respond"]}]},{"@type":"WebPage","@id":"https:\/\/elcardinal.com\/?p=5252","url":"https:\/\/elcardinal.com\/?p=5252","name":"Diputada propone crear la Ley del Servicio Profesional Municipal de Carrera para el Estado de Hidalgo - El Cardinal","isPartOf":{"@id":"https:\/\/elcardinal.com\/#website"},"primaryImageOfPage":{"@id":"https:\/\/elcardinal.com\/?p=5252#primaryimage"},"image":{"@id":"https:\/\/elcardinal.com\/?p=5252#primaryimage"},"thumbnailUrl":"https:\/\/elcardinal.com\/wp-content\/uploads\/2025\/11\/Sesion-06.11.2025-ordinaria-9.jpg","datePublished":"2025-11-07T04:40:38+00:00","breadcrumb":{"@id":"https:\/\/elcardinal.com\/?p=5252#breadcrumb"},"inLanguage":"es","potentialAction":[{"@type":"ReadAction","target":["https:\/\/elcardinal.com\/?p=5252"]}]},{"@type":"ImageObject","inLanguage":"es","@id":"https:\/\/elcardinal.com\/?p=5252#primaryimage","url":"https:\/\/elcardinal.com\/wp-content\/uploads\/2025\/11\/Sesion-06.11.2025-ordinaria-9.jpg","contentUrl":"https:\/\/elcardinal.com\/wp-content\/uploads\/2025\/11\/Sesion-06.11.2025-ordinaria-9.jpg","width":2400,"height":1600,"caption":"CONGRESO_HIDALGO"},{"@type":"BreadcrumbList","@id":"https:\/\/elcardinal.com\/?p=5252#breadcrumb","itemListElement":[{"@type":"ListItem","position":1,"name":"Inicio","item":"https:\/\/elcardinal.com\/"},{"@type":"ListItem","position":2,"name":"Diputada propone crear la Ley del Servicio Profesional Municipal de Carrera para el Estado de Hidalgo"}]},{"@type":"WebSite","@id":"https:\/\/elcardinal.com\/#website","url":"https:\/\/elcardinal.com\/","name":"El Cardinal","description":"Periodismo honesto, con valor, sentido humano, a veces sarc\u00e1stico y divertido.","publisher":{"@id":"https:\/\/elcardinal.com\/#organization"},"alternateName":"El Cardinal Noticias","potentialAction":[{"@type":"SearchAction","target":{"@type":"EntryPoint","urlTemplate":"https:\/\/elcardinal.com\/?s={search_term_string}"},"query-input":{"@type":"PropertyValueSpecification","valueRequired":true,"valueName":"search_term_string"}}],"inLanguage":"es"},{"@type":"Organization","@id":"https:\/\/elcardinal.com\/#organization","name":"El Cardinal","url":"https:\/\/elcardinal.com\/","logo":{"@type":"ImageObject","inLanguage":"es","@id":"https:\/\/elcardinal.com\/#\/schema\/logo\/image\/","url":"https:\/\/elcardinal.com\/wp-content\/uploads\/2025\/04\/LOGO-EL-CARDINAL-Periodismo-con-valor.png","contentUrl":"https:\/\/elcardinal.com\/wp-content\/uploads\/2025\/04\/LOGO-EL-CARDINAL-Periodismo-con-valor.png","width":755,"height":636,"caption":"El Cardinal"},"image":{"@id":"https:\/\/elcardinal.com\/#\/schema\/logo\/image\/"},"sameAs":["https:\/\/www.facebook.com\/profile.php?id=100063093107011","https:\/\/x.com\/ElCardinal_Mx"]},{"@type":"Person","@id":"https:\/\/elcardinal.com\/#\/schema\/person\/3c352ec0a33987fe275c0e8a2ea69f8b","name":"Antonio Alcaraz","image":{"@type":"ImageObject","inLanguage":"es","@id":"https:\/\/elcardinal.com\/#\/schema\/person\/image\/","url":"https:\/\/elcardinal.com\/wp-content\/uploads\/2025\/05\/cropped-TONO-96x96.jpg","contentUrl":"https:\/\/elcardinal.com\/wp-content\/uploads\/2025\/05\/cropped-TONO-96x96.jpg","caption":"Antonio Alcaraz"},"url":"https:\/\/elcardinal.com\/?author=2"}]}},"_links":{"self":[{"href":"https:\/\/elcardinal.com\/index.php?rest_route=\/wp\/v2\/posts\/5252","targetHints":{"allow":["GET"]}}],"collection":[{"href":"https:\/\/elcardinal.com\/index.php?rest_route=\/wp\/v2\/posts"}],"about":[{"href":"https:\/\/elcardinal.com\/index.php?rest_route=\/wp\/v2\/types\/post"}],"author":[{"embeddable":true,"href":"https:\/\/elcardinal.com\/index.php?rest_route=\/wp\/v2\/users\/2"}],"replies":[{"embeddable":true,"href":"https:\/\/elcardinal.com\/index.php?rest_route=%2Fwp%2Fv2%2Fcomments&post=5252"}],"version-history":[{"count":1,"href":"https:\/\/elcardinal.com\/index.php?rest_route=\/wp\/v2\/posts\/5252\/revisions"}],"predecessor-version":[{"id":5254,"href":"https:\/\/elcardinal.com\/index.php?rest_route=\/wp\/v2\/posts\/5252\/revisions\/5254"}],"wp:featuredmedia":[{"embeddable":true,"href":"https:\/\/elcardinal.com\/index.php?rest_route=\/wp\/v2\/media\/5253"}],"wp:attachment":[{"href":"https:\/\/elcardinal.com\/index.php?rest_route=%2Fwp%2Fv2%2Fmedia&parent=5252"}],"wp:term":[{"taxonomy":"category","embeddable":true,"href":"https:\/\/elcardinal.com\/index.php?rest_route=%2Fwp%2Fv2%2Fcategories&post=5252"},{"taxonomy":"post_tag","embeddable":true,"href":"https:\/\/elcardinal.com\/index.php?rest_route=%2Fwp%2Fv2%2Ftags&post=5252"}],"curies":[{"name":"wp","href":"https:\/\/api.w.org\/{rel}","templated":true}]}}