{"id":5255,"date":"2025-11-06T22:46:15","date_gmt":"2025-11-07T04:46:15","guid":{"rendered":"https:\/\/elcardinal.com\/?p=5255"},"modified":"2025-11-06T22:46:15","modified_gmt":"2025-11-07T04:46:15","slug":"tania-meza-llama-a-tipificar-el-acoso-sexual-en-hidalgo-condena-agresion-contra-la-presidenta-sheinbaum","status":"publish","type":"post","link":"https:\/\/elcardinal.com\/?p=5255","title":{"rendered":"Tania Meza llama a tipificar el acoso sexual en Hidalgo; condena agresi\u00f3n contra la presidenta Sheinbaum"},"content":{"rendered":"<p>Redacci\u00f3n<\/p>\n<p><strong>\u00a0<\/strong>La diputada de Morena, Tania Meza Escorza, emiti\u00f3 un fuerte posicionamiento en el Congreso del Estado para condenar la agresi\u00f3n sexual cometida recientemente en contra de la presidenta de M\u00e9xico, Claudia Sheinbaum, y para exigir que en Hidalgo se reconozca legalmente el delito de acoso sexual, con el fin de evitar la impunidad que actualmente prevalece en este \u00e1mbito.<\/p>\n<p>Durante su intervenci\u00f3n en tribuna, Meza afirm\u00f3 que este indignante hecho refleja una realidad que viven millones de mujeres en el pa\u00eds: el acoso callejero y la violencia sexual cotidiana que se ejerce contra sus cuerpos. Asegur\u00f3 que la agresi\u00f3n sufrida por la mandataria federal fue acompa\u00f1ada de una ola de revictimizaci\u00f3n y se\u00f1alamientos mis\u00f3ginos, una reacci\u00f3n que, dijo, enfrentan todas las mujeres que denuncian violencia sexual.<\/p>\n<p>La legisladora hidalguense subray\u00f3 que, si una situaci\u00f3n as\u00ed puede ocurrirle a la Comandanta Suprema de las Fuerzas Armadas, el panorama para las dem\u00e1s mujeres del pa\u00eds resulta a\u00fan m\u00e1s alarmante, especialmente para quienes se encuentran en condiciones de vulnerabilidad en espacios p\u00fablicos.<\/p>\n<p>Asimismo, llam\u00f3 a los hombres del Congreso y de la sociedad en general a reflexionar sobre comportamientos aparentemente normalizados que tambi\u00e9n constituyen violencia, desde tocar a una mujer sin su consentimiento hasta comentar o sexualizar su apariencia en el \u00e1mbito laboral.<\/p>\n<p>\u201cLes invito a que su privilegio masculino no les nuble la empat\u00eda\u201d, expres\u00f3 ante el Pleno y llam\u00f3 a revisar actitudes que da\u00f1an la integridad y la dignidad de las mujeres.<\/p>\n<p>\u201c\u00bfSer\u00e1 acaso que cuando se solicita tomar una foto grupal ustedes compa\u00f1eros hombres, tienen como primer impulso agarrar por la cintura a las mujeres con las que se van a tomar esa foto? Porque, cuidado, eso es un acto invasivo y desagradable. A las mujeres no nos gusta\u201d, expres\u00f3 Meza.<\/p>\n<p><strong>Llamado a reformar el C\u00f3digo Penal de Hidalgo<\/strong><\/p>\n<p>Adem\u00e1s, Tania Meza anunci\u00f3 que presentar\u00e1 una iniciativa para tipificar el acoso sexual en el C\u00f3digo Penal del Estado, debido a que actualmente dicho delito no se encuentra reconocido en la legislaci\u00f3n hidalguense. Expuso que, de haber ocurrido la agresi\u00f3n en Hidalgo, no ser\u00eda posible procesar al responsable, como s\u00ed sucede en la Ciudad de M\u00e9xico.<\/p>\n<p>La diputada convoc\u00f3 a sus compa\u00f1eras legisladoras a respaldar este esfuerzo y urgi\u00f3 a las instituciones encargadas de emitir dict\u00e1menes t\u00e9cnicos a actuar con sensibilidad y perspectiva de g\u00e9nero para evitar el retraso legislativo.<\/p>\n<p>Record\u00f3 que la propia presidenta Sheinbaum instruy\u00f3 a revisar qu\u00e9 estados a\u00fan carecen de este delito en su normatividad, recomendando impulsar su incorporaci\u00f3n.<\/p>\n<p>\u201cSi ha faltado empat\u00eda para ponerse en el cuerpo de las mujeres v\u00edctimas de violencia, esperemos que al menos s\u00ed sepan acatar la recomendaci\u00f3n que nos da la presidenta de M\u00e9xico\u201d, concluy\u00f3.<\/p>\n<p>&nbsp;<\/p>\n","protected":false},"excerpt":{"rendered":"<p>Redacci\u00f3n \u00a0La diputada de Morena, Tania Meza Escorza, emiti\u00f3 un fuerte posicionamiento en el Congreso del Estado para condenar la agresi\u00f3n sexual cometida recientemente en contra de la presidenta de M\u00e9xico, Claudia Sheinbaum, y para exigir que en Hidalgo se reconozca legalmente el delito de acoso sexual, con el fin de evitar la impunidad que<\/p>\n","protected":false},"author":2,"featured_media":5256,"comment_status":"open","ping_status":"open","sticky":false,"template":"","format":"standard","meta":{"footnotes":""},"categories":[31,44,39],"tags":[],"class_list":{"0":"post-5255","1":"post","2":"type-post","3":"status-publish","4":"format-standard","5":"has-post-thumbnail","7":"category-hidalgo","8":"category-minuto-a-minuto","9":"category-politica"},"yoast_head":"<!-- This site is optimized with the Yoast SEO plugin v26.1.1 - https:\/\/yoast.com\/wordpress\/plugins\/seo\/ -->\n<title>Tania Meza llama a tipificar el acoso sexual en Hidalgo; condena agresi\u00f3n contra la presidenta Sheinbaum - El Cardinal<\/title>\n<meta name=\"robots\" content=\"index, follow, max-snippet:-1, max-image-preview:large, max-video-preview:-1\" \/>\n<link rel=\"canonical\" href=\"https:\/\/elcardinal.com\/?p=5255\" \/>\n<meta property=\"og:locale\" content=\"es_MX\" \/>\n<meta property=\"og:type\" content=\"article\" \/>\n<meta property=\"og:title\" content=\"Tania Meza llama a tipificar el acoso sexual en Hidalgo; condena agresi\u00f3n contra la presidenta Sheinbaum - El Cardinal\" \/>\n<meta property=\"og:description\" content=\"Redacci\u00f3n \u00a0La diputada de Morena, Tania Meza Escorza, emiti\u00f3 un fuerte posicionamiento en el Congreso del Estado para condenar la agresi\u00f3n sexual cometida recientemente en contra de la presidenta de M\u00e9xico, Claudia Sheinbaum, y para exigir que en Hidalgo se reconozca legalmente el delito de acoso sexual, con el fin de evitar la impunidad que\" \/>\n<meta property=\"og:url\" content=\"https:\/\/elcardinal.com\/?p=5255\" \/>\n<meta property=\"og:site_name\" content=\"El Cardinal\" \/>\n<meta property=\"article:publisher\" content=\"https:\/\/www.facebook.com\/profile.php?id=100063093107011\" \/>\n<meta property=\"article:published_time\" content=\"2025-11-07T04:46:15+00:00\" \/>\n<meta property=\"og:image\" content=\"https:\/\/elcardinal.com\/wp-content\/uploads\/2025\/11\/Sesion-06.11.2025-ordinaria-120.jpg\" \/>\n\t<meta property=\"og:image:width\" content=\"2400\" \/>\n\t<meta property=\"og:image:height\" content=\"1602\" \/>\n\t<meta property=\"og:image:type\" content=\"image\/jpeg\" \/>\n<meta name=\"author\" content=\"Antonio Alcaraz\" \/>\n<meta name=\"twitter:card\" content=\"summary_large_image\" \/>\n<meta name=\"twitter:creator\" content=\"@ElCardinal_Mx\" \/>\n<meta name=\"twitter:site\" content=\"@ElCardinal_Mx\" \/>\n<meta name=\"twitter:label1\" content=\"Escrito por\" \/>\n\t<meta name=\"twitter:data1\" content=\"Antonio Alcaraz\" \/>\n\t<meta name=\"twitter:label2\" content=\"Tiempo de lectura\" \/>\n\t<meta name=\"twitter:data2\" content=\"3 minutos\" \/>\n<script type=\"application\/ld+json\" class=\"yoast-schema-graph\">{\"@context\":\"https:\/\/schema.org\",\"@graph\":[{\"@type\":\"Article\",\"@id\":\"https:\/\/elcardinal.com\/?p=5255#article\",\"isPartOf\":{\"@id\":\"https:\/\/elcardinal.com\/?p=5255\"},\"author\":{\"name\":\"Antonio Alcaraz\",\"@id\":\"https:\/\/elcardinal.com\/#\/schema\/person\/3c352ec0a33987fe275c0e8a2ea69f8b\"},\"headline\":\"Tania Meza llama a tipificar el acoso sexual en Hidalgo; condena agresi\u00f3n contra la presidenta Sheinbaum\",\"datePublished\":\"2025-11-07T04:46:15+00:00\",\"mainEntityOfPage\":{\"@id\":\"https:\/\/elcardinal.com\/?p=5255\"},\"wordCount\":501,\"commentCount\":0,\"publisher\":{\"@id\":\"https:\/\/elcardinal.com\/#organization\"},\"image\":{\"@id\":\"https:\/\/elcardinal.com\/?p=5255#primaryimage\"},\"thumbnailUrl\":\"https:\/\/elcardinal.com\/wp-content\/uploads\/2025\/11\/Sesion-06.11.2025-ordinaria-120.jpg\",\"articleSection\":[\"Hidalgo\",\"Minuto a Minuto\",\"Pol\u00edtica\"],\"inLanguage\":\"es\",\"potentialAction\":[{\"@type\":\"CommentAction\",\"name\":\"Comment\",\"target\":[\"https:\/\/elcardinal.com\/?p=5255#respond\"]}]},{\"@type\":\"WebPage\",\"@id\":\"https:\/\/elcardinal.com\/?p=5255\",\"url\":\"https:\/\/elcardinal.com\/?p=5255\",\"name\":\"Tania Meza llama a tipificar el acoso sexual en Hidalgo; condena agresi\u00f3n contra la presidenta Sheinbaum - El Cardinal\",\"isPartOf\":{\"@id\":\"https:\/\/elcardinal.com\/#website\"},\"primaryImageOfPage\":{\"@id\":\"https:\/\/elcardinal.com\/?p=5255#primaryimage\"},\"image\":{\"@id\":\"https:\/\/elcardinal.com\/?p=5255#primaryimage\"},\"thumbnailUrl\":\"https:\/\/elcardinal.com\/wp-content\/uploads\/2025\/11\/Sesion-06.11.2025-ordinaria-120.jpg\",\"datePublished\":\"2025-11-07T04:46:15+00:00\",\"breadcrumb\":{\"@id\":\"https:\/\/elcardinal.com\/?p=5255#breadcrumb\"},\"inLanguage\":\"es\",\"potentialAction\":[{\"@type\":\"ReadAction\",\"target\":[\"https:\/\/elcardinal.com\/?p=5255\"]}]},{\"@type\":\"ImageObject\",\"inLanguage\":\"es\",\"@id\":\"https:\/\/elcardinal.com\/?p=5255#primaryimage\",\"url\":\"https:\/\/elcardinal.com\/wp-content\/uploads\/2025\/11\/Sesion-06.11.2025-ordinaria-120.jpg\",\"contentUrl\":\"https:\/\/elcardinal.com\/wp-content\/uploads\/2025\/11\/Sesion-06.11.2025-ordinaria-120.jpg\",\"width\":2400,\"height\":1602,\"caption\":\"CONGRESO_HIDALGO\"},{\"@type\":\"BreadcrumbList\",\"@id\":\"https:\/\/elcardinal.com\/?p=5255#breadcrumb\",\"itemListElement\":[{\"@type\":\"ListItem\",\"position\":1,\"name\":\"Inicio\",\"item\":\"https:\/\/elcardinal.com\/\"},{\"@type\":\"ListItem\",\"position\":2,\"name\":\"Tania Meza llama a tipificar el acoso sexual en Hidalgo; condena agresi\u00f3n contra la presidenta Sheinbaum\"}]},{\"@type\":\"WebSite\",\"@id\":\"https:\/\/elcardinal.com\/#website\",\"url\":\"https:\/\/elcardinal.com\/\",\"name\":\"El Cardinal\",\"description\":\"Periodismo honesto, con valor, sentido humano, a veces sarc\u00e1stico y divertido.\",\"publisher\":{\"@id\":\"https:\/\/elcardinal.com\/#organization\"},\"alternateName\":\"El Cardinal Noticias\",\"potentialAction\":[{\"@type\":\"SearchAction\",\"target\":{\"@type\":\"EntryPoint\",\"urlTemplate\":\"https:\/\/elcardinal.com\/?s={search_term_string}\"},\"query-input\":{\"@type\":\"PropertyValueSpecification\",\"valueRequired\":true,\"valueName\":\"search_term_string\"}}],\"inLanguage\":\"es\"},{\"@type\":\"Organization\",\"@id\":\"https:\/\/elcardinal.com\/#organization\",\"name\":\"El Cardinal\",\"url\":\"https:\/\/elcardinal.com\/\",\"logo\":{\"@type\":\"ImageObject\",\"inLanguage\":\"es\",\"@id\":\"https:\/\/elcardinal.com\/#\/schema\/logo\/image\/\",\"url\":\"https:\/\/elcardinal.com\/wp-content\/uploads\/2025\/04\/LOGO-EL-CARDINAL-Periodismo-con-valor.png\",\"contentUrl\":\"https:\/\/elcardinal.com\/wp-content\/uploads\/2025\/04\/LOGO-EL-CARDINAL-Periodismo-con-valor.png\",\"width\":755,\"height\":636,\"caption\":\"El Cardinal\"},\"image\":{\"@id\":\"https:\/\/elcardinal.com\/#\/schema\/logo\/image\/\"},\"sameAs\":[\"https:\/\/www.facebook.com\/profile.php?id=100063093107011\",\"https:\/\/x.com\/ElCardinal_Mx\"]},{\"@type\":\"Person\",\"@id\":\"https:\/\/elcardinal.com\/#\/schema\/person\/3c352ec0a33987fe275c0e8a2ea69f8b\",\"name\":\"Antonio Alcaraz\",\"image\":{\"@type\":\"ImageObject\",\"inLanguage\":\"es\",\"@id\":\"https:\/\/elcardinal.com\/#\/schema\/person\/image\/\",\"url\":\"https:\/\/elcardinal.com\/wp-content\/uploads\/2025\/05\/cropped-TONO-96x96.jpg\",\"contentUrl\":\"https:\/\/elcardinal.com\/wp-content\/uploads\/2025\/05\/cropped-TONO-96x96.jpg\",\"caption\":\"Antonio Alcaraz\"},\"url\":\"https:\/\/elcardinal.com\/?author=2\"}]}<\/script>\n<!-- \/ Yoast SEO plugin. -->","yoast_head_json":{"title":"Tania Meza llama a tipificar el acoso sexual en Hidalgo; condena agresi\u00f3n contra la presidenta Sheinbaum - El Cardinal","robots":{"index":"index","follow":"follow","max-snippet":"max-snippet:-1","max-image-preview":"max-image-preview:large","max-video-preview":"max-video-preview:-1"},"canonical":"https:\/\/elcardinal.com\/?p=5255","og_locale":"es_MX","og_type":"article","og_title":"Tania Meza llama a tipificar el acoso sexual en Hidalgo; condena agresi\u00f3n contra la presidenta Sheinbaum - El Cardinal","og_description":"Redacci\u00f3n \u00a0La diputada de Morena, Tania Meza Escorza, emiti\u00f3 un fuerte posicionamiento en el Congreso del Estado para condenar la agresi\u00f3n sexual cometida recientemente en contra de la presidenta de M\u00e9xico, Claudia Sheinbaum, y para exigir que en Hidalgo se reconozca legalmente el delito de acoso sexual, con el fin de evitar la impunidad que","og_url":"https:\/\/elcardinal.com\/?p=5255","og_site_name":"El Cardinal","article_publisher":"https:\/\/www.facebook.com\/profile.php?id=100063093107011","article_published_time":"2025-11-07T04:46:15+00:00","og_image":[{"width":2400,"height":1602,"url":"https:\/\/elcardinal.com\/wp-content\/uploads\/2025\/11\/Sesion-06.11.2025-ordinaria-120.jpg","type":"image\/jpeg"}],"author":"Antonio Alcaraz","twitter_card":"summary_large_image","twitter_creator":"@ElCardinal_Mx","twitter_site":"@ElCardinal_Mx","twitter_misc":{"Escrito por":"Antonio Alcaraz","Tiempo de lectura":"3 minutos"},"schema":{"@context":"https:\/\/schema.org","@graph":[{"@type":"Article","@id":"https:\/\/elcardinal.com\/?p=5255#article","isPartOf":{"@id":"https:\/\/elcardinal.com\/?p=5255"},"author":{"name":"Antonio Alcaraz","@id":"https:\/\/elcardinal.com\/#\/schema\/person\/3c352ec0a33987fe275c0e8a2ea69f8b"},"headline":"Tania Meza llama a tipificar el acoso sexual en Hidalgo; condena agresi\u00f3n contra la presidenta Sheinbaum","datePublished":"2025-11-07T04:46:15+00:00","mainEntityOfPage":{"@id":"https:\/\/elcardinal.com\/?p=5255"},"wordCount":501,"commentCount":0,"publisher":{"@id":"https:\/\/elcardinal.com\/#organization"},"image":{"@id":"https:\/\/elcardinal.com\/?p=5255#primaryimage"},"thumbnailUrl":"https:\/\/elcardinal.com\/wp-content\/uploads\/2025\/11\/Sesion-06.11.2025-ordinaria-120.jpg","articleSection":["Hidalgo","Minuto a Minuto","Pol\u00edtica"],"inLanguage":"es","potentialAction":[{"@type":"CommentAction","name":"Comment","target":["https:\/\/elcardinal.com\/?p=5255#respond"]}]},{"@type":"WebPage","@id":"https:\/\/elcardinal.com\/?p=5255","url":"https:\/\/elcardinal.com\/?p=5255","name":"Tania Meza llama a tipificar el acoso sexual en Hidalgo; condena agresi\u00f3n contra la presidenta Sheinbaum - El Cardinal","isPartOf":{"@id":"https:\/\/elcardinal.com\/#website"},"primaryImageOfPage":{"@id":"https:\/\/elcardinal.com\/?p=5255#primaryimage"},"image":{"@id":"https:\/\/elcardinal.com\/?p=5255#primaryimage"},"thumbnailUrl":"https:\/\/elcardinal.com\/wp-content\/uploads\/2025\/11\/Sesion-06.11.2025-ordinaria-120.jpg","datePublished":"2025-11-07T04:46:15+00:00","breadcrumb":{"@id":"https:\/\/elcardinal.com\/?p=5255#breadcrumb"},"inLanguage":"es","potentialAction":[{"@type":"ReadAction","target":["https:\/\/elcardinal.com\/?p=5255"]}]},{"@type":"ImageObject","inLanguage":"es","@id":"https:\/\/elcardinal.com\/?p=5255#primaryimage","url":"https:\/\/elcardinal.com\/wp-content\/uploads\/2025\/11\/Sesion-06.11.2025-ordinaria-120.jpg","contentUrl":"https:\/\/elcardinal.com\/wp-content\/uploads\/2025\/11\/Sesion-06.11.2025-ordinaria-120.jpg","width":2400,"height":1602,"caption":"CONGRESO_HIDALGO"},{"@type":"BreadcrumbList","@id":"https:\/\/elcardinal.com\/?p=5255#breadcrumb","itemListElement":[{"@type":"ListItem","position":1,"name":"Inicio","item":"https:\/\/elcardinal.com\/"},{"@type":"ListItem","position":2,"name":"Tania Meza llama a tipificar el acoso sexual en Hidalgo; condena agresi\u00f3n contra la presidenta Sheinbaum"}]},{"@type":"WebSite","@id":"https:\/\/elcardinal.com\/#website","url":"https:\/\/elcardinal.com\/","name":"El Cardinal","description":"Periodismo honesto, con valor, sentido humano, a veces sarc\u00e1stico y divertido.","publisher":{"@id":"https:\/\/elcardinal.com\/#organization"},"alternateName":"El Cardinal Noticias","potentialAction":[{"@type":"SearchAction","target":{"@type":"EntryPoint","urlTemplate":"https:\/\/elcardinal.com\/?s={search_term_string}"},"query-input":{"@type":"PropertyValueSpecification","valueRequired":true,"valueName":"search_term_string"}}],"inLanguage":"es"},{"@type":"Organization","@id":"https:\/\/elcardinal.com\/#organization","name":"El Cardinal","url":"https:\/\/elcardinal.com\/","logo":{"@type":"ImageObject","inLanguage":"es","@id":"https:\/\/elcardinal.com\/#\/schema\/logo\/image\/","url":"https:\/\/elcardinal.com\/wp-content\/uploads\/2025\/04\/LOGO-EL-CARDINAL-Periodismo-con-valor.png","contentUrl":"https:\/\/elcardinal.com\/wp-content\/uploads\/2025\/04\/LOGO-EL-CARDINAL-Periodismo-con-valor.png","width":755,"height":636,"caption":"El Cardinal"},"image":{"@id":"https:\/\/elcardinal.com\/#\/schema\/logo\/image\/"},"sameAs":["https:\/\/www.facebook.com\/profile.php?id=100063093107011","https:\/\/x.com\/ElCardinal_Mx"]},{"@type":"Person","@id":"https:\/\/elcardinal.com\/#\/schema\/person\/3c352ec0a33987fe275c0e8a2ea69f8b","name":"Antonio Alcaraz","image":{"@type":"ImageObject","inLanguage":"es","@id":"https:\/\/elcardinal.com\/#\/schema\/person\/image\/","url":"https:\/\/elcardinal.com\/wp-content\/uploads\/2025\/05\/cropped-TONO-96x96.jpg","contentUrl":"https:\/\/elcardinal.com\/wp-content\/uploads\/2025\/05\/cropped-TONO-96x96.jpg","caption":"Antonio Alcaraz"},"url":"https:\/\/elcardinal.com\/?author=2"}]}},"_links":{"self":[{"href":"https:\/\/elcardinal.com\/index.php?rest_route=\/wp\/v2\/posts\/5255","targetHints":{"allow":["GET"]}}],"collection":[{"href":"https:\/\/elcardinal.com\/index.php?rest_route=\/wp\/v2\/posts"}],"about":[{"href":"https:\/\/elcardinal.com\/index.php?rest_route=\/wp\/v2\/types\/post"}],"author":[{"embeddable":true,"href":"https:\/\/elcardinal.com\/index.php?rest_route=\/wp\/v2\/users\/2"}],"replies":[{"embeddable":true,"href":"https:\/\/elcardinal.com\/index.php?rest_route=%2Fwp%2Fv2%2Fcomments&post=5255"}],"version-history":[{"count":1,"href":"https:\/\/elcardinal.com\/index.php?rest_route=\/wp\/v2\/posts\/5255\/revisions"}],"predecessor-version":[{"id":5257,"href":"https:\/\/elcardinal.com\/index.php?rest_route=\/wp\/v2\/posts\/5255\/revisions\/5257"}],"wp:featuredmedia":[{"embeddable":true,"href":"https:\/\/elcardinal.com\/index.php?rest_route=\/wp\/v2\/media\/5256"}],"wp:attachment":[{"href":"https:\/\/elcardinal.com\/index.php?rest_route=%2Fwp%2Fv2%2Fmedia&parent=5255"}],"wp:term":[{"taxonomy":"category","embeddable":true,"href":"https:\/\/elcardinal.com\/index.php?rest_route=%2Fwp%2Fv2%2Fcategories&post=5255"},{"taxonomy":"post_tag","embeddable":true,"href":"https:\/\/elcardinal.com\/index.php?rest_route=%2Fwp%2Fv2%2Ftags&post=5255"}],"curies":[{"name":"wp","href":"https:\/\/api.w.org\/{rel}","templated":true}]}}