{"id":5265,"date":"2025-11-11T14:06:16","date_gmt":"2025-11-11T20:06:16","guid":{"rendered":"https:\/\/elcardinal.com\/?p=5265"},"modified":"2025-11-11T14:06:16","modified_gmt":"2025-11-11T20:06:16","slug":"reconocen-legado-de-jose-antonio-ramirez-guerrero-en-el-congreso-de-hidalgo","status":"publish","type":"post","link":"https:\/\/elcardinal.com\/?p=5265","title":{"rendered":"Reconocen legado de Jos\u00e9 Antonio Ram\u00edrez Guerrero en el Congreso de Hidalgo"},"content":{"rendered":"<p>&nbsp;<\/p>\n<p>Por: <strong>Antonio Alcaraz<\/strong><\/p>\n<p>Este d\u00eda, en el Congreso del Estado de Hidalgo, se llev\u00f3 a cabo un emotivo homenajeen Pachuca, donde diputadas, diputados y autoridades reconocieron la trayectoria, obra y legado del profesor Jos\u00e9 Antonio Ram\u00edrez Guerrero, quien ha consagrado su vida a la formaci\u00f3n de generaciones hidalguenses y a la preservaci\u00f3n de la memoria hist\u00f3rica del estado.<\/p>\n<p>Entre los asistentes estuvieron <strong>Andr\u00e9s Vel\u00e1zquez V\u00e1zquez<\/strong>, presidente de la Junta de Gobierno, as\u00ed como el diputado local <strong>Miguel \u00c1ngel Moreno y Cynthia Citlalli Delgado Mendoza<\/strong>.<\/p>\n<p>Desde temprana hora, el recinto legislativo se llen\u00f3 de aplausos y admiraci\u00f3n al destacar la labor del profesor Ram\u00edrez Guerrero, <strong><em>cronista vitalicio de Ixmiquilpan<\/em><\/strong> desde el a\u00f1o 2000, cuyo trabajo ha sido fundamental para documentar y difundir la esencia del <strong>Valle del Mezquital<\/strong> y de la cultura h\u00f1ah\u00f1\u00fa.<\/p>\n<p>Sus obras monogr\u00e1ficas de 1994 y 2010, editadas por el Gobierno de Hidalgo, son hoy referencia obligada para comprender las ra\u00edces y la identidad regional.<\/p>\n<blockquote><p>Nacido el 18 de febrero de 1937 en la Ciudad de M\u00e9xico, y con ra\u00edces familiares en Alfajayucan y Jacala, el profesor encontr\u00f3 su hogar desde ni\u00f1o en Mixquiahuala Hidalgo, lugar que marc\u00f3 su destino.<\/p><\/blockquote>\n<p>Su vocaci\u00f3n por la ense\u00f1anza lo llev\u00f3 a formarse en la <strong>Normal de M\u00e9xico y la Normal Superior de M\u00e9xico<\/strong>, titul\u00e1ndose como profesor de primaria, as\u00ed como docente de Historia, Educaci\u00f3n C\u00edvica y Social. Desde las aulas de la secundaria David Noble, la preparatoria de Mixquiahuala, la preparatoria Luis Mora de Ixmiquilpan y la Universidad Pedag\u00f3gica Nacional, sembr\u00f3 conocimiento, civismo y orgullo identitario.<\/p>\n<p>Adem\u00e1s de su labor docente, fue director de la secundaria federal Juan Severiano en Meztitl\u00e1n y supervisor de secundarias generales en la zona 13 del Valle del Meztitl\u00e1n, impulsando mejoras educativas y el fortalecimiento acad\u00e9mico. Su pasi\u00f3n por la historia lo convirti\u00f3 en un pilar cultural: autor de ocho libros, m\u00faltiples art\u00edculos y conferencista en museos, congresos, casas de cultura, radio y televisi\u00f3n.<\/p>\n<p>Desde 2004 coordina en Hidalgo las Olimpiadas de Geograf\u00eda e Historia, acercando a estudiantes a competencias nacionales e internacionales, donde han puesto en alto el nombre del estado. Su trabajo ha inspirado a cientos de j\u00f3venes que hoy lo reconocen como gu\u00eda, maestro y ejemplo.<\/p>\n<blockquote><p>En la ceremonia realizada este d\u00eda en el Congreso, legisladoras y legisladores subrayaron que el profesor Jos\u00e9 Antonio Ram\u00edrez Guerrero es \u201cmemoria viva\u201d de Ixmiquilpan e Hidalgo, un guardi\u00e1n de las ra\u00edces y un ejemplo de entrega y humildad. Al homenajear su trayectoria, tambi\u00e9n reafirmaron el compromiso institucional con la educaci\u00f3n, la cultura y la historia como motores del progreso del estado.<\/p><\/blockquote>\n<p>El reconocimiento concluy\u00f3 con un aplauso prolongado dirigido a quien ha dedicado toda su vida a ense\u00f1ar, compartir y preservar la identidad del pueblo hidalguense. Un homenaje m\u00e1s que merecido para un hombre cuyo legado seguir\u00e1 vivo en las generaciones que form\u00f3 y en la memoria hist\u00f3rica de Hidalgo.<\/p>\n","protected":false},"excerpt":{"rendered":"<p>&nbsp; Por: Antonio Alcaraz Este d\u00eda, en el Congreso del Estado de Hidalgo, se llev\u00f3 a cabo un emotivo homenajeen Pachuca, donde diputadas, diputados y autoridades reconocieron la trayectoria, obra y legado del profesor Jos\u00e9 Antonio Ram\u00edrez Guerrero, quien ha consagrado su vida a la formaci\u00f3n de generaciones hidalguenses y a la preservaci\u00f3n de la<\/p>\n","protected":false},"author":2,"featured_media":5266,"comment_status":"open","ping_status":"open","sticky":false,"template":"","format":"standard","meta":{"footnotes":""},"categories":[1],"tags":[],"class_list":{"0":"post-5265","1":"post","2":"type-post","3":"status-publish","4":"format-standard","5":"has-post-thumbnail","7":"category-uncategorized"},"yoast_head":"<!-- This site is optimized with the Yoast SEO plugin v26.1.1 - https:\/\/yoast.com\/wordpress\/plugins\/seo\/ -->\n<title>Reconocen legado de Jos\u00e9 Antonio Ram\u00edrez Guerrero en el Congreso de Hidalgo - El Cardinal<\/title>\n<meta name=\"robots\" content=\"index, follow, max-snippet:-1, max-image-preview:large, max-video-preview:-1\" \/>\n<link rel=\"canonical\" href=\"https:\/\/elcardinal.com\/?p=5265\" \/>\n<meta property=\"og:locale\" content=\"es_MX\" \/>\n<meta property=\"og:type\" content=\"article\" \/>\n<meta property=\"og:title\" content=\"Reconocen legado de Jos\u00e9 Antonio Ram\u00edrez Guerrero en el Congreso de Hidalgo - El Cardinal\" \/>\n<meta property=\"og:description\" content=\"&nbsp; Por: Antonio Alcaraz Este d\u00eda, en el Congreso del Estado de Hidalgo, se llev\u00f3 a cabo un emotivo homenajeen Pachuca, donde diputadas, diputados y autoridades reconocieron la trayectoria, obra y legado del profesor Jos\u00e9 Antonio Ram\u00edrez Guerrero, quien ha consagrado su vida a la formaci\u00f3n de generaciones hidalguenses y a la preservaci\u00f3n de la\" \/>\n<meta property=\"og:url\" content=\"https:\/\/elcardinal.com\/?p=5265\" \/>\n<meta property=\"og:site_name\" content=\"El Cardinal\" \/>\n<meta property=\"article:publisher\" content=\"https:\/\/www.facebook.com\/profile.php?id=100063093107011\" \/>\n<meta property=\"article:published_time\" content=\"2025-11-11T20:06:16+00:00\" \/>\n<meta property=\"og:image\" content=\"https:\/\/elcardinal.com\/wp-content\/uploads\/2025\/11\/581052435_1402823708520047_8808037271605815949_n.jpg\" \/>\n\t<meta property=\"og:image:width\" content=\"2048\" \/>\n\t<meta property=\"og:image:height\" content=\"1365\" \/>\n\t<meta property=\"og:image:type\" content=\"image\/jpeg\" \/>\n<meta name=\"author\" content=\"Antonio Alcaraz\" \/>\n<meta name=\"twitter:card\" content=\"summary_large_image\" \/>\n<meta name=\"twitter:creator\" content=\"@ElCardinal_Mx\" \/>\n<meta name=\"twitter:site\" content=\"@ElCardinal_Mx\" \/>\n<meta name=\"twitter:label1\" content=\"Escrito por\" \/>\n\t<meta name=\"twitter:data1\" content=\"Antonio Alcaraz\" \/>\n\t<meta name=\"twitter:label2\" content=\"Tiempo de lectura\" \/>\n\t<meta name=\"twitter:data2\" content=\"2 minutos\" \/>\n<script type=\"application\/ld+json\" class=\"yoast-schema-graph\">{\"@context\":\"https:\/\/schema.org\",\"@graph\":[{\"@type\":\"Article\",\"@id\":\"https:\/\/elcardinal.com\/?p=5265#article\",\"isPartOf\":{\"@id\":\"https:\/\/elcardinal.com\/?p=5265\"},\"author\":{\"name\":\"Antonio Alcaraz\",\"@id\":\"https:\/\/elcardinal.com\/#\/schema\/person\/3c352ec0a33987fe275c0e8a2ea69f8b\"},\"headline\":\"Reconocen legado de Jos\u00e9 Antonio Ram\u00edrez Guerrero en el Congreso de Hidalgo\",\"datePublished\":\"2025-11-11T20:06:16+00:00\",\"mainEntityOfPage\":{\"@id\":\"https:\/\/elcardinal.com\/?p=5265\"},\"wordCount\":526,\"commentCount\":0,\"publisher\":{\"@id\":\"https:\/\/elcardinal.com\/#organization\"},\"image\":{\"@id\":\"https:\/\/elcardinal.com\/?p=5265#primaryimage\"},\"thumbnailUrl\":\"https:\/\/elcardinal.com\/wp-content\/uploads\/2025\/11\/581052435_1402823708520047_8808037271605815949_n.jpg\",\"articleSection\":[\"Uncategorized\"],\"inLanguage\":\"es\",\"potentialAction\":[{\"@type\":\"CommentAction\",\"name\":\"Comment\",\"target\":[\"https:\/\/elcardinal.com\/?p=5265#respond\"]}]},{\"@type\":\"WebPage\",\"@id\":\"https:\/\/elcardinal.com\/?p=5265\",\"url\":\"https:\/\/elcardinal.com\/?p=5265\",\"name\":\"Reconocen legado de Jos\u00e9 Antonio Ram\u00edrez Guerrero en el Congreso de Hidalgo - El Cardinal\",\"isPartOf\":{\"@id\":\"https:\/\/elcardinal.com\/#website\"},\"primaryImageOfPage\":{\"@id\":\"https:\/\/elcardinal.com\/?p=5265#primaryimage\"},\"image\":{\"@id\":\"https:\/\/elcardinal.com\/?p=5265#primaryimage\"},\"thumbnailUrl\":\"https:\/\/elcardinal.com\/wp-content\/uploads\/2025\/11\/581052435_1402823708520047_8808037271605815949_n.jpg\",\"datePublished\":\"2025-11-11T20:06:16+00:00\",\"breadcrumb\":{\"@id\":\"https:\/\/elcardinal.com\/?p=5265#breadcrumb\"},\"inLanguage\":\"es\",\"potentialAction\":[{\"@type\":\"ReadAction\",\"target\":[\"https:\/\/elcardinal.com\/?p=5265\"]}]},{\"@type\":\"ImageObject\",\"inLanguage\":\"es\",\"@id\":\"https:\/\/elcardinal.com\/?p=5265#primaryimage\",\"url\":\"https:\/\/elcardinal.com\/wp-content\/uploads\/2025\/11\/581052435_1402823708520047_8808037271605815949_n.jpg\",\"contentUrl\":\"https:\/\/elcardinal.com\/wp-content\/uploads\/2025\/11\/581052435_1402823708520047_8808037271605815949_n.jpg\",\"width\":2048,\"height\":1365},{\"@type\":\"BreadcrumbList\",\"@id\":\"https:\/\/elcardinal.com\/?p=5265#breadcrumb\",\"itemListElement\":[{\"@type\":\"ListItem\",\"position\":1,\"name\":\"Inicio\",\"item\":\"https:\/\/elcardinal.com\/\"},{\"@type\":\"ListItem\",\"position\":2,\"name\":\"Reconocen legado de Jos\u00e9 Antonio Ram\u00edrez Guerrero en el Congreso de Hidalgo\"}]},{\"@type\":\"WebSite\",\"@id\":\"https:\/\/elcardinal.com\/#website\",\"url\":\"https:\/\/elcardinal.com\/\",\"name\":\"El Cardinal\",\"description\":\"Periodismo honesto, con valor, sentido humano, a veces sarc\u00e1stico y divertido.\",\"publisher\":{\"@id\":\"https:\/\/elcardinal.com\/#organization\"},\"alternateName\":\"El Cardinal Noticias\",\"potentialAction\":[{\"@type\":\"SearchAction\",\"target\":{\"@type\":\"EntryPoint\",\"urlTemplate\":\"https:\/\/elcardinal.com\/?s={search_term_string}\"},\"query-input\":{\"@type\":\"PropertyValueSpecification\",\"valueRequired\":true,\"valueName\":\"search_term_string\"}}],\"inLanguage\":\"es\"},{\"@type\":\"Organization\",\"@id\":\"https:\/\/elcardinal.com\/#organization\",\"name\":\"El Cardinal\",\"url\":\"https:\/\/elcardinal.com\/\",\"logo\":{\"@type\":\"ImageObject\",\"inLanguage\":\"es\",\"@id\":\"https:\/\/elcardinal.com\/#\/schema\/logo\/image\/\",\"url\":\"https:\/\/elcardinal.com\/wp-content\/uploads\/2025\/04\/LOGO-EL-CARDINAL-Periodismo-con-valor.png\",\"contentUrl\":\"https:\/\/elcardinal.com\/wp-content\/uploads\/2025\/04\/LOGO-EL-CARDINAL-Periodismo-con-valor.png\",\"width\":755,\"height\":636,\"caption\":\"El Cardinal\"},\"image\":{\"@id\":\"https:\/\/elcardinal.com\/#\/schema\/logo\/image\/\"},\"sameAs\":[\"https:\/\/www.facebook.com\/profile.php?id=100063093107011\",\"https:\/\/x.com\/ElCardinal_Mx\"]},{\"@type\":\"Person\",\"@id\":\"https:\/\/elcardinal.com\/#\/schema\/person\/3c352ec0a33987fe275c0e8a2ea69f8b\",\"name\":\"Antonio Alcaraz\",\"image\":{\"@type\":\"ImageObject\",\"inLanguage\":\"es\",\"@id\":\"https:\/\/elcardinal.com\/#\/schema\/person\/image\/\",\"url\":\"https:\/\/elcardinal.com\/wp-content\/uploads\/2025\/05\/cropped-TONO-96x96.jpg\",\"contentUrl\":\"https:\/\/elcardinal.com\/wp-content\/uploads\/2025\/05\/cropped-TONO-96x96.jpg\",\"caption\":\"Antonio Alcaraz\"},\"url\":\"https:\/\/elcardinal.com\/?author=2\"}]}<\/script>\n<!-- \/ Yoast SEO plugin. -->","yoast_head_json":{"title":"Reconocen legado de Jos\u00e9 Antonio Ram\u00edrez Guerrero en el Congreso de Hidalgo - El Cardinal","robots":{"index":"index","follow":"follow","max-snippet":"max-snippet:-1","max-image-preview":"max-image-preview:large","max-video-preview":"max-video-preview:-1"},"canonical":"https:\/\/elcardinal.com\/?p=5265","og_locale":"es_MX","og_type":"article","og_title":"Reconocen legado de Jos\u00e9 Antonio Ram\u00edrez Guerrero en el Congreso de Hidalgo - El Cardinal","og_description":"&nbsp; Por: Antonio Alcaraz Este d\u00eda, en el Congreso del Estado de Hidalgo, se llev\u00f3 a cabo un emotivo homenajeen Pachuca, donde diputadas, diputados y autoridades reconocieron la trayectoria, obra y legado del profesor Jos\u00e9 Antonio Ram\u00edrez Guerrero, quien ha consagrado su vida a la formaci\u00f3n de generaciones hidalguenses y a la preservaci\u00f3n de la","og_url":"https:\/\/elcardinal.com\/?p=5265","og_site_name":"El Cardinal","article_publisher":"https:\/\/www.facebook.com\/profile.php?id=100063093107011","article_published_time":"2025-11-11T20:06:16+00:00","og_image":[{"width":2048,"height":1365,"url":"https:\/\/elcardinal.com\/wp-content\/uploads\/2025\/11\/581052435_1402823708520047_8808037271605815949_n.jpg","type":"image\/jpeg"}],"author":"Antonio Alcaraz","twitter_card":"summary_large_image","twitter_creator":"@ElCardinal_Mx","twitter_site":"@ElCardinal_Mx","twitter_misc":{"Escrito por":"Antonio Alcaraz","Tiempo de lectura":"2 minutos"},"schema":{"@context":"https:\/\/schema.org","@graph":[{"@type":"Article","@id":"https:\/\/elcardinal.com\/?p=5265#article","isPartOf":{"@id":"https:\/\/elcardinal.com\/?p=5265"},"author":{"name":"Antonio Alcaraz","@id":"https:\/\/elcardinal.com\/#\/schema\/person\/3c352ec0a33987fe275c0e8a2ea69f8b"},"headline":"Reconocen legado de Jos\u00e9 Antonio Ram\u00edrez Guerrero en el Congreso de Hidalgo","datePublished":"2025-11-11T20:06:16+00:00","mainEntityOfPage":{"@id":"https:\/\/elcardinal.com\/?p=5265"},"wordCount":526,"commentCount":0,"publisher":{"@id":"https:\/\/elcardinal.com\/#organization"},"image":{"@id":"https:\/\/elcardinal.com\/?p=5265#primaryimage"},"thumbnailUrl":"https:\/\/elcardinal.com\/wp-content\/uploads\/2025\/11\/581052435_1402823708520047_8808037271605815949_n.jpg","articleSection":["Uncategorized"],"inLanguage":"es","potentialAction":[{"@type":"CommentAction","name":"Comment","target":["https:\/\/elcardinal.com\/?p=5265#respond"]}]},{"@type":"WebPage","@id":"https:\/\/elcardinal.com\/?p=5265","url":"https:\/\/elcardinal.com\/?p=5265","name":"Reconocen legado de Jos\u00e9 Antonio Ram\u00edrez Guerrero en el Congreso de Hidalgo - El Cardinal","isPartOf":{"@id":"https:\/\/elcardinal.com\/#website"},"primaryImageOfPage":{"@id":"https:\/\/elcardinal.com\/?p=5265#primaryimage"},"image":{"@id":"https:\/\/elcardinal.com\/?p=5265#primaryimage"},"thumbnailUrl":"https:\/\/elcardinal.com\/wp-content\/uploads\/2025\/11\/581052435_1402823708520047_8808037271605815949_n.jpg","datePublished":"2025-11-11T20:06:16+00:00","breadcrumb":{"@id":"https:\/\/elcardinal.com\/?p=5265#breadcrumb"},"inLanguage":"es","potentialAction":[{"@type":"ReadAction","target":["https:\/\/elcardinal.com\/?p=5265"]}]},{"@type":"ImageObject","inLanguage":"es","@id":"https:\/\/elcardinal.com\/?p=5265#primaryimage","url":"https:\/\/elcardinal.com\/wp-content\/uploads\/2025\/11\/581052435_1402823708520047_8808037271605815949_n.jpg","contentUrl":"https:\/\/elcardinal.com\/wp-content\/uploads\/2025\/11\/581052435_1402823708520047_8808037271605815949_n.jpg","width":2048,"height":1365},{"@type":"BreadcrumbList","@id":"https:\/\/elcardinal.com\/?p=5265#breadcrumb","itemListElement":[{"@type":"ListItem","position":1,"name":"Inicio","item":"https:\/\/elcardinal.com\/"},{"@type":"ListItem","position":2,"name":"Reconocen legado de Jos\u00e9 Antonio Ram\u00edrez Guerrero en el Congreso de Hidalgo"}]},{"@type":"WebSite","@id":"https:\/\/elcardinal.com\/#website","url":"https:\/\/elcardinal.com\/","name":"El Cardinal","description":"Periodismo honesto, con valor, sentido humano, a veces sarc\u00e1stico y divertido.","publisher":{"@id":"https:\/\/elcardinal.com\/#organization"},"alternateName":"El Cardinal Noticias","potentialAction":[{"@type":"SearchAction","target":{"@type":"EntryPoint","urlTemplate":"https:\/\/elcardinal.com\/?s={search_term_string}"},"query-input":{"@type":"PropertyValueSpecification","valueRequired":true,"valueName":"search_term_string"}}],"inLanguage":"es"},{"@type":"Organization","@id":"https:\/\/elcardinal.com\/#organization","name":"El Cardinal","url":"https:\/\/elcardinal.com\/","logo":{"@type":"ImageObject","inLanguage":"es","@id":"https:\/\/elcardinal.com\/#\/schema\/logo\/image\/","url":"https:\/\/elcardinal.com\/wp-content\/uploads\/2025\/04\/LOGO-EL-CARDINAL-Periodismo-con-valor.png","contentUrl":"https:\/\/elcardinal.com\/wp-content\/uploads\/2025\/04\/LOGO-EL-CARDINAL-Periodismo-con-valor.png","width":755,"height":636,"caption":"El Cardinal"},"image":{"@id":"https:\/\/elcardinal.com\/#\/schema\/logo\/image\/"},"sameAs":["https:\/\/www.facebook.com\/profile.php?id=100063093107011","https:\/\/x.com\/ElCardinal_Mx"]},{"@type":"Person","@id":"https:\/\/elcardinal.com\/#\/schema\/person\/3c352ec0a33987fe275c0e8a2ea69f8b","name":"Antonio Alcaraz","image":{"@type":"ImageObject","inLanguage":"es","@id":"https:\/\/elcardinal.com\/#\/schema\/person\/image\/","url":"https:\/\/elcardinal.com\/wp-content\/uploads\/2025\/05\/cropped-TONO-96x96.jpg","contentUrl":"https:\/\/elcardinal.com\/wp-content\/uploads\/2025\/05\/cropped-TONO-96x96.jpg","caption":"Antonio Alcaraz"},"url":"https:\/\/elcardinal.com\/?author=2"}]}},"_links":{"self":[{"href":"https:\/\/elcardinal.com\/index.php?rest_route=\/wp\/v2\/posts\/5265","targetHints":{"allow":["GET"]}}],"collection":[{"href":"https:\/\/elcardinal.com\/index.php?rest_route=\/wp\/v2\/posts"}],"about":[{"href":"https:\/\/elcardinal.com\/index.php?rest_route=\/wp\/v2\/types\/post"}],"author":[{"embeddable":true,"href":"https:\/\/elcardinal.com\/index.php?rest_route=\/wp\/v2\/users\/2"}],"replies":[{"embeddable":true,"href":"https:\/\/elcardinal.com\/index.php?rest_route=%2Fwp%2Fv2%2Fcomments&post=5265"}],"version-history":[{"count":1,"href":"https:\/\/elcardinal.com\/index.php?rest_route=\/wp\/v2\/posts\/5265\/revisions"}],"predecessor-version":[{"id":5267,"href":"https:\/\/elcardinal.com\/index.php?rest_route=\/wp\/v2\/posts\/5265\/revisions\/5267"}],"wp:featuredmedia":[{"embeddable":true,"href":"https:\/\/elcardinal.com\/index.php?rest_route=\/wp\/v2\/media\/5266"}],"wp:attachment":[{"href":"https:\/\/elcardinal.com\/index.php?rest_route=%2Fwp%2Fv2%2Fmedia&parent=5265"}],"wp:term":[{"taxonomy":"category","embeddable":true,"href":"https:\/\/elcardinal.com\/index.php?rest_route=%2Fwp%2Fv2%2Fcategories&post=5265"},{"taxonomy":"post_tag","embeddable":true,"href":"https:\/\/elcardinal.com\/index.php?rest_route=%2Fwp%2Fv2%2Ftags&post=5265"}],"curies":[{"name":"wp","href":"https:\/\/api.w.org\/{rel}","templated":true}]}}