{"id":5268,"date":"2025-11-11T19:11:37","date_gmt":"2025-11-12T01:11:37","guid":{"rendered":"https:\/\/elcardinal.com\/?p=5268"},"modified":"2025-11-11T19:11:37","modified_gmt":"2025-11-12T01:11:37","slug":"diputada-propone-instituir-el-parlamento-de-mujeres-en-el-congreso-del-estado-de-hidalgo","status":"publish","type":"post","link":"https:\/\/elcardinal.com\/?p=5268","title":{"rendered":"Diputada propone instituir el Parlamento de Mujeres en el Congreso del Estado de Hidalgo"},"content":{"rendered":"<p>Redacci\u00f3n<\/p>\n<p><span style=\"font-weight: 400;\">La diputada <\/span><b>M\u00f3nica Leanett Reyes Mart\u00ednez<\/b><span style=\"font-weight: 400;\"> (Nueva Alianza) present\u00f3 la iniciativa que reforma la Ley Org\u00e1nica del Poder Legislativo del Estado de Hidalgo, con el objetivo de instituir el Parlamento de Mujeres en el <\/span><b>Congreso del Estado de Hidalgo<\/b><span style=\"font-weight: 400;\">, que deber\u00e1 ser organizado por la Comisi\u00f3n de Igualdad de G\u00e9nero.<\/span><\/p>\n<p><span style=\"font-weight: 400;\">Este parlamento servir\u00e1 como un mecanismo de participaci\u00f3n ciudadana que promueva el an\u00e1lisis, la deliberaci\u00f3n y la propuesta de acciones legislativas desde la perspectiva de g\u00e9nero.<\/span><\/p>\n<p><span style=\"font-weight: 400;\">Con ello, se busca institucionalizar este ejercicio democr\u00e1tico, garantizando su realizaci\u00f3n de manera peri\u00f3dica y contribuyendo a visibilizar las demandas, propuestas e inquietudes de las mujeres hidalguenses en la agenda legislativa, explic\u00f3 la legisladora.<\/span><\/p>\n<p>&nbsp;<\/p>\n<p><b>Otras iniciativas<\/b><\/p>\n<p><b>Uso de tecnolog\u00edas para la educaci\u00f3n vial<\/b><\/p>\n<p><span style=\"font-weight: 400;\">Las y los legisladores <\/span><b>Juan Pablo Escalante Urb\u00e1n<\/b><span style=\"font-weight: 400;\">, <\/span><b>Arturo G\u00f3mez Canales<\/b><span style=\"font-weight: 400;\">, <\/span><b>Mar\u00eda del Rosario Guerrero Mart\u00ednez<\/b><span style=\"font-weight: 400;\">, <\/span><b>Tania Er\u00e9ndira Meza Escorza<\/b><span style=\"font-weight: 400;\">, <\/span><b>Andr\u00e9s Vel\u00e1zquez V\u00e1zquez<\/b><span style=\"font-weight: 400;\">, <\/span><b>Miguel \u00c1ngel Moreno Zamora<\/b><span style=\"font-weight: 400;\">, <\/span><b>Lizbeth Ira\u00eds Ordaz Islas<\/b><span style=\"font-weight: 400;\">, <\/span><b>Hilda Miranda Miranda<\/b><span style=\"font-weight: 400;\">, <\/span><b>Alma Rosa El\u00edas Paso<\/b><span style=\"font-weight: 400;\">, <\/span><b>Paloma Barrag\u00e1n Santos<\/b><span style=\"font-weight: 400;\"> (Morena) <\/span><b>Claudia Lilia Luna Islas<\/b><span style=\"font-weight: 400;\"> (PAN), <\/span><b>Jorge Arg\u00fcelles Salazar<\/b><span style=\"font-weight: 400;\"> y <\/span><b>Jos\u00e9 Mar\u00eda Alejandro P\u00e9rez Ram\u00edrez <\/b><span style=\"font-weight: 400;\">(Nueva Alianza) propusieron la iniciativa que reforma la Ley de Tr\u00e1nsito y Seguridad Vial para el Estado de Hidalgo, con el fin de integrar el concepto de educaci\u00f3n vial; adem\u00e1s de facultar a las autoridades estatales y municipales para utilizar las tecnolog\u00edas de la informaci\u00f3n en las acciones dirigidas a la educaci\u00f3n vial.<\/span><\/p>\n<p>&nbsp;<\/p>\n<p><b>D\u00eda del Chile Rayado<\/b><\/p>\n<p><span style=\"font-weight: 400;\">La diputada <\/span><b>Mar\u00eda del Rosario Guerrero Mart\u00ednez<\/b><span style=\"font-weight: 400;\"> (Morena) detall\u00f3 la iniciativa que declara el \u00faltimo d\u00eda de mayo de cada a\u00f1o como el D\u00eda del Chile Rayado, patrimonio gastron\u00f3mico y cultural de Hidalgo, fecha que coincide con el cierre del ciclo agr\u00edcola y las celebraciones locales en torno a la cosecha y preparaci\u00f3n tradicional de este producto.<\/span><\/p>\n<p><b>Derecho a la tecnolog\u00eda de las personas mayores<\/b><\/p>\n<p><span style=\"font-weight: 400;\">El legislador <\/span><b>Juli\u00e1n Nochebuena Hern\u00e1ndez<\/b><span style=\"font-weight: 400;\"> (Morena) present\u00f3 la iniciativa que reforma la Ley de los Derechos de las Personas Adultas Mayores y la Ley de Educaci\u00f3n del Estado de Hidalgo, con la finalidad de consagrar el derecho a la tecnolog\u00eda de las personas mayores, quienes tienen derecho al acceso y uso de las tecnolog\u00edas de la informaci\u00f3n y comunicaci\u00f3n, adem\u00e1s de usar, crear y publicar en medios digitales, as\u00ed como acceder y utilizar dispositivos electr\u00f3nicos y redes de comunicaci\u00f3n.<\/span><\/p>\n<p>&nbsp;<\/p>\n<p><b>Tipificaci\u00f3n del delito de ecocidio<\/b><\/p>\n<p><span style=\"font-weight: 400;\">La diputada <\/span><b>Cynthia Citlali Delgado Mendoza<\/b><span style=\"font-weight: 400;\"> (Morena) propuso la iniciativa que modifica el C\u00f3digo Penal para el Estado de Hidalgo, para tipificar el delito de ecocidio como parte de una estrategia integral para proteger los bienes comunes, garantizar el derecho humano a un medio ambiente sano y asegurar condiciones de vida digna para las generaciones presentes y futuras.<\/span><\/p>\n<p>&nbsp;<\/p>\n<p><b>Fortalecimiento de mecanismos para contratistas<\/b><\/p>\n<p><span style=\"font-weight: 400;\">La legisladora <\/span><b>Claudia Lilia Luna Islas<\/b><span style=\"font-weight: 400;\"> (PAN) detall\u00f3 la iniciativa que reforma el art\u00edculo 73 de la Ley de Obras P\u00fablicas y Servicios Relacionados con las mismas para el Estado de Hidalgo, con el prop\u00f3sito de fortalecer los mecanismos legales de garant\u00eda y responsabilidad aplicables a los contratistas de obra p\u00fablica, mediante la ampliaci\u00f3n del periodo de garant\u00eda de un a\u00f1o a tres, sin modificar el porcentaje de fianza que asciende al 10 por ciento del monto total ejercido.<\/span><\/p>\n<p>&nbsp;<\/p>\n<p><b>Sistemas de re\u00faso de aguas residuales<\/b><\/p>\n<p><span style=\"font-weight: 400;\">La legisladora <\/span><b>Hilda Miranda Miranda<\/b><span style=\"font-weight: 400;\"> (Morena) propuso la iniciativa que reforma la Ley Estatal de Agua y Alcantarillado para el Estado de Hidalgo, con la finalidad de establecer la obligatoriedad de que los organismos operadores municipales e intermunicipales empiecen a estudiar, planear e implementar sistemas de re\u00faso de aguas residuales tratadas.<\/span><\/p>\n<p>&nbsp;<\/p>\n<p><b>Intimidad sexual como delito en materia de violaci\u00f3n<\/b><\/p>\n<p><span style=\"font-weight: 400;\">El diputado <\/span><b>Marco Antonio Mendoza Bustamante<\/b><span style=\"font-weight: 400;\"> (PRI) detall\u00f3 la iniciativa que modifica el C\u00f3digo Penal para el Estado de Hidalgo, con el prop\u00f3sito de instituir como delito en materia de violaci\u00f3n a la intimidad sexual, conductas realizadas por medio de Internet o de cualquier otra tecnolog\u00eda de la informaci\u00f3n y la comunicaci\u00f3n, con la intenci\u00f3n de contactar a un menor de 18 a\u00f1os y tratar de concertar un encuentro con fines sexuales o le solicite favores de naturaleza sexual.<\/span><\/p>\n<p>&nbsp;<\/p>\n<p><b>Incorporaci\u00f3n del t\u00e9rmino \u201cciberviolencia\u201d<\/b><\/p>\n<p><span style=\"font-weight: 400;\">La legisladora <\/span><b>Johana Montcerrat Hern\u00e1ndez P\u00e9rez<\/b><span style=\"font-weight: 400;\"> (PRI) present\u00f3 la iniciativa que reforma la Ley de Acceso de las Mujeres a una Vida Libre de Violencia para el Estado de Hidalgo, con el fin de actualizar y precisar la definici\u00f3n de \u201cviolencia digital\u201d, incorporando el t\u00e9rmino \u201cciberviolencia\u201d y las nuevas modalidades tecnol\u00f3gicas de agresi\u00f3n que afectan a las mujeres.<\/span><\/p>\n<p>&nbsp;<\/p>\n<p><b>Asuntos generales<\/b><\/p>\n<p><b>Promoci\u00f3n de una alimentaci\u00f3n sana<\/b><\/p>\n<p><span style=\"font-weight: 400;\">La diputada <\/span><b>Yarabi Gonz\u00e1lez Mart\u00ednez<\/b><span style=\"font-weight: 400;\"> (Morena) propuso el acuerdo econ\u00f3mico que exhorta a la Secretar\u00eda de Salud y la Secretar\u00eda de Educaci\u00f3n P\u00fablica de Hidalgo, a fortalecer las acciones que promuevan una alimentaci\u00f3n sana y concienticen sobre los riesgos derivados del consumo de productos que carecen de evidencia cient\u00edfica y de la autorizaci\u00f3n sanitaria para su comercializaci\u00f3n, los cuales utilizan plataformas digitales y las redes sociales para publicitarse.<\/span><\/p>\n<p>&nbsp;<\/p>\n<p><b>Otros puntos del d\u00eda<\/b><\/p>\n<p><span style=\"font-weight: 400;\">La diputada <\/span><b>M\u00f3nica Leanett Reyes Mart\u00ednez<\/b><span style=\"font-weight: 400;\"> (Nueva Alianza) inform\u00f3 el calendario y procedimiento de comparecencias relativas al tercer informe del estado que guardan los diversos ramos de la administraci\u00f3n p\u00fablica estatal, establecido de la siguiente manera:<\/span><\/p>\n<ul>\n<li aria-level=\"1\"><b>Martes 18 de noviembre:<\/b><\/li>\n<\/ul>\n<ol>\n<li style=\"font-weight: 400;\" aria-level=\"1\"><span style=\"font-weight: 400;\">Guillermo Olivares Reyna, secretario de Gobierno, de las 11 a las 13 horas.<\/span><\/li>\n<li style=\"font-weight: 400;\" aria-level=\"1\"><span style=\"font-weight: 400;\">\u00a0Elizabeth Quintanar G\u00f3mez, secretaria de Turismo, de las 16 a las 18 horas.<\/span><\/li>\n<\/ol>\n<ul>\n<li aria-level=\"1\"><b>Mi\u00e9rcoles 19 de noviembre:<\/b><\/li>\n<\/ul>\n<ol>\n<li style=\"font-weight: 400;\" aria-level=\"1\"><span style=\"font-weight: 400;\">Miguel \u00c1ngel Tello Vargas, titular de la Unidad de Planeaci\u00f3n y Prospectiva, de las 11 a las 13 horas.<\/span><\/li>\n<li style=\"font-weight: 400;\" aria-level=\"1\"><span style=\"font-weight: 400;\">Mar\u00eda Esther Ram\u00edrez Vargas, secretaria de Hacienda, de las 16 a las 18 horas.<\/span><\/li>\n<\/ol>\n<ul>\n<li aria-level=\"1\"><b>Jueves 20 de noviembre:<\/b><\/li>\n<\/ul>\n<ol>\n<li style=\"font-weight: 400;\" aria-level=\"1\"><span style=\"font-weight: 400;\">Neyda Naranjo Baltazar, secretaria de Cultura, de las 11 a las 13 horas.<\/span><\/li>\n<li style=\"font-weight: 400;\" aria-level=\"1\"><span style=\"font-weight: 400;\">\u00a0Napole\u00f3n Gonz\u00e1lez P\u00e9rez, secretario de Agricultura y Desarrollo Rural, de las 16 a las 18 horas.<\/span><\/li>\n<\/ol>\n<ul>\n<li aria-level=\"1\"><b>Viernes 21 de noviembre:<\/b><\/li>\n<\/ul>\n<ol>\n<li style=\"font-weight: 400;\" aria-level=\"1\"><span style=\"font-weight: 400;\">\u00d3scar Javier Gonz\u00e1lez Hern\u00e1ndez, secretario del Trabajo y Previsi\u00f3n Social, de las 9 horas a las 11 horas.<\/span><\/li>\n<li style=\"font-weight: 400;\" aria-level=\"1\"><span style=\"font-weight: 400;\">Vanesa Escalante Arroyo, secretaria de Salud, de las 16 a las 18 horas.<\/span><\/li>\n<\/ol>\n<ul>\n<li aria-level=\"1\"><b>Lunes 24 de noviembre:<\/b><\/li>\n<\/ul>\n<ol>\n<li style=\"font-weight: 400;\" aria-level=\"1\"><span style=\"font-weight: 400;\">\u00c1lvaro Bardales Ram\u00edrez, secretario de Contralor\u00eda, de las 11 a las 13 horas.<\/span><\/li>\n<li style=\"font-weight: 400;\" aria-level=\"1\"><span style=\"font-weight: 400;\">Francisco Fern\u00e1ndez Hasb\u00fan, encargado de la Procuradur\u00eda General de Justicia, de las 16 a las 18 horas.<\/span><\/li>\n<\/ol>\n<ul>\n<li aria-level=\"1\"><b>Martes 25 de noviembre:<\/b><\/li>\n<\/ul>\n<ol>\n<li style=\"font-weight: 400;\" aria-level=\"1\"><span style=\"font-weight: 400;\">Carlos Henkel Escorza, secretario de Desarrollo Econ\u00f3mico, de las 11 a las 13 horas.<\/span><\/li>\n<li style=\"font-weight: 400;\" aria-level=\"1\"><span style=\"font-weight: 400;\">Alejandro S\u00e1nchez Garc\u00eda, secretario de Infraestructura y Desarrollo Urbano Sostenible, de las 16 a las 18 horas<\/span><\/li>\n<\/ol>\n<ul>\n<li aria-level=\"1\"><b>Mi\u00e9rcoles 26 de noviembre:<\/b><\/li>\n<\/ul>\n<ol>\n<li style=\"font-weight: 400;\" aria-level=\"1\"><span style=\"font-weight: 400;\">M\u00f3nica Patricia Mixtega Trejo, secretaria de Medio Ambiente y Recursos Naturales, de las 11 a las 13 horas.<\/span><\/li>\n<li style=\"font-weight: 400;\" aria-level=\"1\"><span style=\"font-weight: 400;\">Salvador Cruz Neri, secretario de Seguridad P\u00fablica, de las 16 a las 18 horas.<\/span><\/li>\n<\/ol>\n<ul>\n<li aria-level=\"1\"><b>Jueves 27 de noviembre:<\/b><\/li>\n<\/ul>\n<ol>\n<li style=\"font-weight: 400;\" aria-level=\"1\"><span style=\"font-weight: 400;\">Lyzbeth Robles Guti\u00e9rrez, secretaria de Movilidad y Transporte, de las 11 a las 13 horas.<\/span><\/li>\n<li style=\"font-weight: 400;\" aria-level=\"1\"><span style=\"font-weight: 400;\">Ricardo G\u00f3mez Moreno, secretario de Bienestar e Inclusi\u00f3n Social, de las 16 a las 18 horas.<\/span><\/li>\n<\/ol>\n<ul>\n<li aria-level=\"1\"><b>Viernes 28 de noviembre:<\/b><\/li>\n<\/ul>\n<ol>\n<li style=\"font-weight: 400;\" aria-level=\"1\"><span style=\"font-weight: 400;\">Natividad Castrej\u00f3n Valdez, secretario de Educaci\u00f3n P\u00fablica, de las 11 a las 13 horas.<\/span><\/li>\n<\/ol>\n","protected":false},"excerpt":{"rendered":"<p>Redacci\u00f3n La diputada M\u00f3nica Leanett Reyes Mart\u00ednez (Nueva Alianza) present\u00f3 la iniciativa que reforma la Ley Org\u00e1nica del Poder Legislativo del Estado de Hidalgo, con el objetivo de instituir el Parlamento de Mujeres en el Congreso del Estado de Hidalgo, que deber\u00e1 ser organizado por la Comisi\u00f3n de Igualdad de G\u00e9nero. Este parlamento servir\u00e1 como<\/p>\n","protected":false},"author":2,"featured_media":5269,"comment_status":"open","ping_status":"open","sticky":false,"template":"","format":"standard","meta":{"footnotes":""},"categories":[31,44,39],"tags":[70,62],"class_list":{"0":"post-5268","1":"post","2":"type-post","3":"status-publish","4":"format-standard","5":"has-post-thumbnail","7":"category-hidalgo","8":"category-minuto-a-minuto","9":"category-politica","10":"tag-andres-velazquez","11":"tag-congreso-de-hidalgo"},"yoast_head":"<!-- This site is optimized with the Yoast SEO plugin v26.1.1 - https:\/\/yoast.com\/wordpress\/plugins\/seo\/ -->\n<title>Diputada propone instituir el Parlamento de Mujeres en el Congreso del Estado de Hidalgo - El Cardinal<\/title>\n<meta name=\"robots\" content=\"index, follow, max-snippet:-1, max-image-preview:large, max-video-preview:-1\" \/>\n<link rel=\"canonical\" href=\"https:\/\/elcardinal.com\/?p=5268\" \/>\n<meta property=\"og:locale\" content=\"es_MX\" \/>\n<meta property=\"og:type\" content=\"article\" \/>\n<meta property=\"og:title\" content=\"Diputada propone instituir el Parlamento de Mujeres en el Congreso del Estado de Hidalgo - El Cardinal\" \/>\n<meta property=\"og:description\" content=\"Redacci\u00f3n La diputada M\u00f3nica Leanett Reyes Mart\u00ednez (Nueva Alianza) present\u00f3 la iniciativa que reforma la Ley Org\u00e1nica del Poder Legislativo del Estado de Hidalgo, con el objetivo de instituir el Parlamento de Mujeres en el Congreso del Estado de Hidalgo, que deber\u00e1 ser organizado por la Comisi\u00f3n de Igualdad de G\u00e9nero. Este parlamento servir\u00e1 como\" \/>\n<meta property=\"og:url\" content=\"https:\/\/elcardinal.com\/?p=5268\" \/>\n<meta property=\"og:site_name\" content=\"El Cardinal\" \/>\n<meta property=\"article:publisher\" content=\"https:\/\/www.facebook.com\/profile.php?id=100063093107011\" \/>\n<meta property=\"article:published_time\" content=\"2025-11-12T01:11:37+00:00\" \/>\n<meta property=\"og:image\" content=\"https:\/\/elcardinal.com\/wp-content\/uploads\/2025\/11\/Sesion-11.11.2025-ordinaria-107.jpg\" \/>\n\t<meta property=\"og:image:width\" content=\"2400\" \/>\n\t<meta property=\"og:image:height\" content=\"1602\" \/>\n\t<meta property=\"og:image:type\" content=\"image\/jpeg\" \/>\n<meta name=\"author\" content=\"Antonio Alcaraz\" \/>\n<meta name=\"twitter:card\" content=\"summary_large_image\" \/>\n<meta name=\"twitter:creator\" content=\"@ElCardinal_Mx\" \/>\n<meta name=\"twitter:site\" content=\"@ElCardinal_Mx\" \/>\n<meta name=\"twitter:label1\" content=\"Escrito por\" \/>\n\t<meta name=\"twitter:data1\" content=\"Antonio Alcaraz\" \/>\n\t<meta name=\"twitter:label2\" content=\"Tiempo de lectura\" \/>\n\t<meta name=\"twitter:data2\" content=\"6 minutos\" \/>\n<script type=\"application\/ld+json\" class=\"yoast-schema-graph\">{\"@context\":\"https:\/\/schema.org\",\"@graph\":[{\"@type\":\"Article\",\"@id\":\"https:\/\/elcardinal.com\/?p=5268#article\",\"isPartOf\":{\"@id\":\"https:\/\/elcardinal.com\/?p=5268\"},\"author\":{\"name\":\"Antonio Alcaraz\",\"@id\":\"https:\/\/elcardinal.com\/#\/schema\/person\/3c352ec0a33987fe275c0e8a2ea69f8b\"},\"headline\":\"Diputada propone instituir el Parlamento de Mujeres en el Congreso del Estado de Hidalgo\",\"datePublished\":\"2025-11-12T01:11:37+00:00\",\"mainEntityOfPage\":{\"@id\":\"https:\/\/elcardinal.com\/?p=5268\"},\"wordCount\":1246,\"commentCount\":0,\"publisher\":{\"@id\":\"https:\/\/elcardinal.com\/#organization\"},\"image\":{\"@id\":\"https:\/\/elcardinal.com\/?p=5268#primaryimage\"},\"thumbnailUrl\":\"https:\/\/elcardinal.com\/wp-content\/uploads\/2025\/11\/Sesion-11.11.2025-ordinaria-107.jpg\",\"keywords\":[\"Andr\u00e9s Vel\u00e1zquez\",\"Congreso de Hidalgo\"],\"articleSection\":[\"Hidalgo\",\"Minuto a Minuto\",\"Pol\u00edtica\"],\"inLanguage\":\"es\",\"potentialAction\":[{\"@type\":\"CommentAction\",\"name\":\"Comment\",\"target\":[\"https:\/\/elcardinal.com\/?p=5268#respond\"]}]},{\"@type\":\"WebPage\",\"@id\":\"https:\/\/elcardinal.com\/?p=5268\",\"url\":\"https:\/\/elcardinal.com\/?p=5268\",\"name\":\"Diputada propone instituir el Parlamento de Mujeres en el Congreso del Estado de Hidalgo - El Cardinal\",\"isPartOf\":{\"@id\":\"https:\/\/elcardinal.com\/#website\"},\"primaryImageOfPage\":{\"@id\":\"https:\/\/elcardinal.com\/?p=5268#primaryimage\"},\"image\":{\"@id\":\"https:\/\/elcardinal.com\/?p=5268#primaryimage\"},\"thumbnailUrl\":\"https:\/\/elcardinal.com\/wp-content\/uploads\/2025\/11\/Sesion-11.11.2025-ordinaria-107.jpg\",\"datePublished\":\"2025-11-12T01:11:37+00:00\",\"breadcrumb\":{\"@id\":\"https:\/\/elcardinal.com\/?p=5268#breadcrumb\"},\"inLanguage\":\"es\",\"potentialAction\":[{\"@type\":\"ReadAction\",\"target\":[\"https:\/\/elcardinal.com\/?p=5268\"]}]},{\"@type\":\"ImageObject\",\"inLanguage\":\"es\",\"@id\":\"https:\/\/elcardinal.com\/?p=5268#primaryimage\",\"url\":\"https:\/\/elcardinal.com\/wp-content\/uploads\/2025\/11\/Sesion-11.11.2025-ordinaria-107.jpg\",\"contentUrl\":\"https:\/\/elcardinal.com\/wp-content\/uploads\/2025\/11\/Sesion-11.11.2025-ordinaria-107.jpg\",\"width\":2400,\"height\":1602,\"caption\":\"CONGRESO_HIDALGO\"},{\"@type\":\"BreadcrumbList\",\"@id\":\"https:\/\/elcardinal.com\/?p=5268#breadcrumb\",\"itemListElement\":[{\"@type\":\"ListItem\",\"position\":1,\"name\":\"Inicio\",\"item\":\"https:\/\/elcardinal.com\/\"},{\"@type\":\"ListItem\",\"position\":2,\"name\":\"Diputada propone instituir el Parlamento de Mujeres en el Congreso del Estado de Hidalgo\"}]},{\"@type\":\"WebSite\",\"@id\":\"https:\/\/elcardinal.com\/#website\",\"url\":\"https:\/\/elcardinal.com\/\",\"name\":\"El Cardinal\",\"description\":\"Periodismo honesto, con valor, sentido humano, a veces sarc\u00e1stico y divertido.\",\"publisher\":{\"@id\":\"https:\/\/elcardinal.com\/#organization\"},\"alternateName\":\"El Cardinal Noticias\",\"potentialAction\":[{\"@type\":\"SearchAction\",\"target\":{\"@type\":\"EntryPoint\",\"urlTemplate\":\"https:\/\/elcardinal.com\/?s={search_term_string}\"},\"query-input\":{\"@type\":\"PropertyValueSpecification\",\"valueRequired\":true,\"valueName\":\"search_term_string\"}}],\"inLanguage\":\"es\"},{\"@type\":\"Organization\",\"@id\":\"https:\/\/elcardinal.com\/#organization\",\"name\":\"El Cardinal\",\"url\":\"https:\/\/elcardinal.com\/\",\"logo\":{\"@type\":\"ImageObject\",\"inLanguage\":\"es\",\"@id\":\"https:\/\/elcardinal.com\/#\/schema\/logo\/image\/\",\"url\":\"https:\/\/elcardinal.com\/wp-content\/uploads\/2025\/04\/LOGO-EL-CARDINAL-Periodismo-con-valor.png\",\"contentUrl\":\"https:\/\/elcardinal.com\/wp-content\/uploads\/2025\/04\/LOGO-EL-CARDINAL-Periodismo-con-valor.png\",\"width\":755,\"height\":636,\"caption\":\"El Cardinal\"},\"image\":{\"@id\":\"https:\/\/elcardinal.com\/#\/schema\/logo\/image\/\"},\"sameAs\":[\"https:\/\/www.facebook.com\/profile.php?id=100063093107011\",\"https:\/\/x.com\/ElCardinal_Mx\"]},{\"@type\":\"Person\",\"@id\":\"https:\/\/elcardinal.com\/#\/schema\/person\/3c352ec0a33987fe275c0e8a2ea69f8b\",\"name\":\"Antonio Alcaraz\",\"image\":{\"@type\":\"ImageObject\",\"inLanguage\":\"es\",\"@id\":\"https:\/\/elcardinal.com\/#\/schema\/person\/image\/\",\"url\":\"https:\/\/elcardinal.com\/wp-content\/uploads\/2025\/05\/cropped-TONO-96x96.jpg\",\"contentUrl\":\"https:\/\/elcardinal.com\/wp-content\/uploads\/2025\/05\/cropped-TONO-96x96.jpg\",\"caption\":\"Antonio Alcaraz\"},\"url\":\"https:\/\/elcardinal.com\/?author=2\"}]}<\/script>\n<!-- \/ Yoast SEO plugin. -->","yoast_head_json":{"title":"Diputada propone instituir el Parlamento de Mujeres en el Congreso del Estado de Hidalgo - El Cardinal","robots":{"index":"index","follow":"follow","max-snippet":"max-snippet:-1","max-image-preview":"max-image-preview:large","max-video-preview":"max-video-preview:-1"},"canonical":"https:\/\/elcardinal.com\/?p=5268","og_locale":"es_MX","og_type":"article","og_title":"Diputada propone instituir el Parlamento de Mujeres en el Congreso del Estado de Hidalgo - El Cardinal","og_description":"Redacci\u00f3n La diputada M\u00f3nica Leanett Reyes Mart\u00ednez (Nueva Alianza) present\u00f3 la iniciativa que reforma la Ley Org\u00e1nica del Poder Legislativo del Estado de Hidalgo, con el objetivo de instituir el Parlamento de Mujeres en el Congreso del Estado de Hidalgo, que deber\u00e1 ser organizado por la Comisi\u00f3n de Igualdad de G\u00e9nero. Este parlamento servir\u00e1 como","og_url":"https:\/\/elcardinal.com\/?p=5268","og_site_name":"El Cardinal","article_publisher":"https:\/\/www.facebook.com\/profile.php?id=100063093107011","article_published_time":"2025-11-12T01:11:37+00:00","og_image":[{"width":2400,"height":1602,"url":"https:\/\/elcardinal.com\/wp-content\/uploads\/2025\/11\/Sesion-11.11.2025-ordinaria-107.jpg","type":"image\/jpeg"}],"author":"Antonio Alcaraz","twitter_card":"summary_large_image","twitter_creator":"@ElCardinal_Mx","twitter_site":"@ElCardinal_Mx","twitter_misc":{"Escrito por":"Antonio Alcaraz","Tiempo de lectura":"6 minutos"},"schema":{"@context":"https:\/\/schema.org","@graph":[{"@type":"Article","@id":"https:\/\/elcardinal.com\/?p=5268#article","isPartOf":{"@id":"https:\/\/elcardinal.com\/?p=5268"},"author":{"name":"Antonio Alcaraz","@id":"https:\/\/elcardinal.com\/#\/schema\/person\/3c352ec0a33987fe275c0e8a2ea69f8b"},"headline":"Diputada propone instituir el Parlamento de Mujeres en el Congreso del Estado de Hidalgo","datePublished":"2025-11-12T01:11:37+00:00","mainEntityOfPage":{"@id":"https:\/\/elcardinal.com\/?p=5268"},"wordCount":1246,"commentCount":0,"publisher":{"@id":"https:\/\/elcardinal.com\/#organization"},"image":{"@id":"https:\/\/elcardinal.com\/?p=5268#primaryimage"},"thumbnailUrl":"https:\/\/elcardinal.com\/wp-content\/uploads\/2025\/11\/Sesion-11.11.2025-ordinaria-107.jpg","keywords":["Andr\u00e9s Vel\u00e1zquez","Congreso de Hidalgo"],"articleSection":["Hidalgo","Minuto a Minuto","Pol\u00edtica"],"inLanguage":"es","potentialAction":[{"@type":"CommentAction","name":"Comment","target":["https:\/\/elcardinal.com\/?p=5268#respond"]}]},{"@type":"WebPage","@id":"https:\/\/elcardinal.com\/?p=5268","url":"https:\/\/elcardinal.com\/?p=5268","name":"Diputada propone instituir el Parlamento de Mujeres en el Congreso del Estado de Hidalgo - El Cardinal","isPartOf":{"@id":"https:\/\/elcardinal.com\/#website"},"primaryImageOfPage":{"@id":"https:\/\/elcardinal.com\/?p=5268#primaryimage"},"image":{"@id":"https:\/\/elcardinal.com\/?p=5268#primaryimage"},"thumbnailUrl":"https:\/\/elcardinal.com\/wp-content\/uploads\/2025\/11\/Sesion-11.11.2025-ordinaria-107.jpg","datePublished":"2025-11-12T01:11:37+00:00","breadcrumb":{"@id":"https:\/\/elcardinal.com\/?p=5268#breadcrumb"},"inLanguage":"es","potentialAction":[{"@type":"ReadAction","target":["https:\/\/elcardinal.com\/?p=5268"]}]},{"@type":"ImageObject","inLanguage":"es","@id":"https:\/\/elcardinal.com\/?p=5268#primaryimage","url":"https:\/\/elcardinal.com\/wp-content\/uploads\/2025\/11\/Sesion-11.11.2025-ordinaria-107.jpg","contentUrl":"https:\/\/elcardinal.com\/wp-content\/uploads\/2025\/11\/Sesion-11.11.2025-ordinaria-107.jpg","width":2400,"height":1602,"caption":"CONGRESO_HIDALGO"},{"@type":"BreadcrumbList","@id":"https:\/\/elcardinal.com\/?p=5268#breadcrumb","itemListElement":[{"@type":"ListItem","position":1,"name":"Inicio","item":"https:\/\/elcardinal.com\/"},{"@type":"ListItem","position":2,"name":"Diputada propone instituir el Parlamento de Mujeres en el Congreso del Estado de Hidalgo"}]},{"@type":"WebSite","@id":"https:\/\/elcardinal.com\/#website","url":"https:\/\/elcardinal.com\/","name":"El Cardinal","description":"Periodismo honesto, con valor, sentido humano, a veces sarc\u00e1stico y divertido.","publisher":{"@id":"https:\/\/elcardinal.com\/#organization"},"alternateName":"El Cardinal Noticias","potentialAction":[{"@type":"SearchAction","target":{"@type":"EntryPoint","urlTemplate":"https:\/\/elcardinal.com\/?s={search_term_string}"},"query-input":{"@type":"PropertyValueSpecification","valueRequired":true,"valueName":"search_term_string"}}],"inLanguage":"es"},{"@type":"Organization","@id":"https:\/\/elcardinal.com\/#organization","name":"El Cardinal","url":"https:\/\/elcardinal.com\/","logo":{"@type":"ImageObject","inLanguage":"es","@id":"https:\/\/elcardinal.com\/#\/schema\/logo\/image\/","url":"https:\/\/elcardinal.com\/wp-content\/uploads\/2025\/04\/LOGO-EL-CARDINAL-Periodismo-con-valor.png","contentUrl":"https:\/\/elcardinal.com\/wp-content\/uploads\/2025\/04\/LOGO-EL-CARDINAL-Periodismo-con-valor.png","width":755,"height":636,"caption":"El Cardinal"},"image":{"@id":"https:\/\/elcardinal.com\/#\/schema\/logo\/image\/"},"sameAs":["https:\/\/www.facebook.com\/profile.php?id=100063093107011","https:\/\/x.com\/ElCardinal_Mx"]},{"@type":"Person","@id":"https:\/\/elcardinal.com\/#\/schema\/person\/3c352ec0a33987fe275c0e8a2ea69f8b","name":"Antonio Alcaraz","image":{"@type":"ImageObject","inLanguage":"es","@id":"https:\/\/elcardinal.com\/#\/schema\/person\/image\/","url":"https:\/\/elcardinal.com\/wp-content\/uploads\/2025\/05\/cropped-TONO-96x96.jpg","contentUrl":"https:\/\/elcardinal.com\/wp-content\/uploads\/2025\/05\/cropped-TONO-96x96.jpg","caption":"Antonio Alcaraz"},"url":"https:\/\/elcardinal.com\/?author=2"}]}},"_links":{"self":[{"href":"https:\/\/elcardinal.com\/index.php?rest_route=\/wp\/v2\/posts\/5268","targetHints":{"allow":["GET"]}}],"collection":[{"href":"https:\/\/elcardinal.com\/index.php?rest_route=\/wp\/v2\/posts"}],"about":[{"href":"https:\/\/elcardinal.com\/index.php?rest_route=\/wp\/v2\/types\/post"}],"author":[{"embeddable":true,"href":"https:\/\/elcardinal.com\/index.php?rest_route=\/wp\/v2\/users\/2"}],"replies":[{"embeddable":true,"href":"https:\/\/elcardinal.com\/index.php?rest_route=%2Fwp%2Fv2%2Fcomments&post=5268"}],"version-history":[{"count":1,"href":"https:\/\/elcardinal.com\/index.php?rest_route=\/wp\/v2\/posts\/5268\/revisions"}],"predecessor-version":[{"id":5270,"href":"https:\/\/elcardinal.com\/index.php?rest_route=\/wp\/v2\/posts\/5268\/revisions\/5270"}],"wp:featuredmedia":[{"embeddable":true,"href":"https:\/\/elcardinal.com\/index.php?rest_route=\/wp\/v2\/media\/5269"}],"wp:attachment":[{"href":"https:\/\/elcardinal.com\/index.php?rest_route=%2Fwp%2Fv2%2Fmedia&parent=5268"}],"wp:term":[{"taxonomy":"category","embeddable":true,"href":"https:\/\/elcardinal.com\/index.php?rest_route=%2Fwp%2Fv2%2Fcategories&post=5268"},{"taxonomy":"post_tag","embeddable":true,"href":"https:\/\/elcardinal.com\/index.php?rest_route=%2Fwp%2Fv2%2Ftags&post=5268"}],"curies":[{"name":"wp","href":"https:\/\/api.w.org\/{rel}","templated":true}]}}