{"id":5271,"date":"2025-11-12T16:49:29","date_gmt":"2025-11-12T22:49:29","guid":{"rendered":"https:\/\/elcardinal.com\/?p=5271"},"modified":"2025-11-12T16:49:29","modified_gmt":"2025-11-12T22:49:29","slug":"festival-fuimos-todas-2025","status":"publish","type":"post","link":"https:\/\/elcardinal.com\/?p=5271","title":{"rendered":"Festival Fuimos todas 2025"},"content":{"rendered":"<p style=\"text-align: right;\">\n<p>Por: <strong>Tania Mart\u00ednez\u00a0<\/strong><\/p>\n<p>La columna de esta semana habla del Festival Fuimos todas 2025, les comparto.<\/p>\n<p><strong>Mensaje de inicio del festival:\u00a0<\/strong><\/p>\n<p style=\"text-align: right;\">Nos han pedido que demos un paso atr\u00e1s, nos han indicado que hacer y nosotras hemos decidido ser libres.<\/p>\n<p>Les agradecemos a todas y todos su presencia el d\u00eda de hoy. Desde la emisi\u00f3n del a\u00f1o 2024 ya est\u00e1bamos pensando en este momento, as\u00ed es, cada vez el festival se gesta por lo menos durante una a\u00f1o, nos abrimos a que crezca, a que ramifique en el esp\u00edritu de otras mujeres y podamos sumar a m\u00e1s, a otras compa\u00f1eras sobre todo de sitios que no est\u00e1n en el centro, desde los m\u00e1rgenes para aprender de nuestra diversidad.<\/p>\n<p>Este encuentro tiene ejes claros: una vocaci\u00f3n multidisciplinaria, es horizontal; visibiliza, promueve y difunde el arte creador por mujeres del estado de Hidalgo, \u00bfy qu\u00e9 m\u00e1s? es un espacio seguro, tan necesario en estos momentos, es una plataforma para reconocer en las otras el talento y la fuerza, para \u201cespejearnos\u201d encontrar las similitudes, los gustos, los entrecruces que nos unen y darnos cuenta que son m\u00e1s fuertes y m\u00e1s ciertos que aquellos nos separan.<\/p>\n<p>El precio de la modernidad para las mujeres, es estar solas, cada una sola, individualmente, progreso de una, destacar una sobre las dem\u00e1s, dice el refr\u00e1n aunque no por eso diga bien, \u201cjuntas ni difuntas\u201d y henos aqu\u00ed, \u00e9ramos 80 el a\u00f1o pasado maravillandonos con el alcance de nuestra organizaci\u00f3n y hoy somos 141, sostenidas adem\u00e1s por otras tantas que han sembrado antes que nosotras y precedidas seremos por aquellas que han de recoger nuestros frutos.<\/p>\n<p>Y cuando nos dicen que debemos estar solas, agobiadas, concentradas y solas, hemos decidido confiar en nosotras, hemos decidido ser libres. Eso no es cosa f\u00e1cil, en un sistema que implica hasta a el autocorrector de textos, que dicta que hacer y corrige en autom\u00e1tico a las terminaciones en femenino, o peor a\u00fan un Fondo de Cultura que abona al borrado hist\u00f3rico de las mujeres y no encuentra m\u00e1s de siete buenas escritoras para incluir en una colecci\u00f3n de grandes autores.<\/p>\n<p>Desde este espacio hacemos un posicionamiento en contra de las opiniones vertidas por Francisco Taibo, Director del Fondo de Cultura Econ\u00f3mica, no es posible que dentro del ejercicio m\u00e1s importante de comunicaci\u00f3n del pa\u00eds como es la ma\u00f1anera las palabras \u201chorrendo asqueroso de malo\u201d se atribuyan a un poemario escrito por una mujer, que esos calificativos se lancen a la ligera para no explicar porque entre todo el universo fant\u00e1stico que las escritoras han creado no solo en M\u00e9xico, sino en Latinoam\u00e9rica y el mundo, Taibo no encuentre algo que parezca digno para ser publicado, por eso tiene que inventarnos, dice. \u00a1Es imperante que renuncie!<\/p>\n<p>Taibo no es el problema real, es el s\u00edntoma de un sistema que permite la violencia ejercida sobre las ni\u00f1as y mujeres de forma continuada, nos pone al servicio y cuidado de todo lo que nos rodea, en ese cansancio es doblemente dif\u00edcil pensar, crear, existir\u2026 como \u00e9l, vendr\u00e1n otros y pondr\u00e1n otros obst\u00e1culos y establecer\u00e1n otros c\u00e1nones en los que tampoco cabremos.<\/p>\n<p>\u00a1Qu\u00e9 fortuna que nos sabemos acompa\u00f1adas! Espacios como este festival, Fuimos todas, constituye la creaci\u00f3n y conservaci\u00f3n de espacios seguros para las mujeres, estos ejercicios pueden seguirse a lo largo y ancho del mundo, puntualmente en M\u00e9xico proliferan p\u00e1ginas cibern\u00e9ticas que promueven nuestro trabajo art\u00edstico, colectivos en diversos \u00e1mbitos se convierten en tejidos vivos que sostienen a sus participantes lo mismo mujeres empresarias de la construcci\u00f3n, obreras, empleadas dom\u00e9sticas, maestras, atletas: hemos entendido que nuestra voz multiplicada nos mantiene vigentes, nos mantiene con vida.<\/p>\n<p>Este a\u00f1o el Comit\u00e9 Del Festival est\u00e1 conformado por: Frida, Luz, Gabriela, Christian y una servidora. Ha sido un gran reto que afrontamos con alegr\u00eda, pero sobre todo con la conciencia de que aunque aumentamos el n\u00famero de participantes y hemos mejorado las condiciones en general del festival todav\u00eda nos queda mucho por hacer, esta jornada de dos d\u00edas la vamos a disfrutar, para tomar fuerza para lo que viene, que siempre ser\u00e1 m\u00e1s prolifero y demandante. Queremos agradecer a todas las personas que hacen posible la realizaci\u00f3n de este festival, en primera instancia a las creadoras, que disponen de su tiempo y sus recursos para venir a compartir su talento y permitirnos conocerlas mejor, al gobierno del estado de Hidalgo, a la Secretar\u00eda de Cultura de la entidad y al Consejo estatal para la cultura y las artes por donarnos nuevamente este a\u00f1o de un compendio de libros de escritoras hidalguenses es un acto simb\u00f3lico el traerlas con nosotras por medio de sus obras. al equipo de cultura estatal que nos ayudaron a montar la exposici\u00f3n y a quienes nos van a acompa\u00f1ar en estos dos d\u00edas, desde luego a la titular Mtra. Neyda Naranjo Baltazar.<\/p>\n<p style=\"text-align: right;\">\n<blockquote><p>Agradecemos tambi\u00e9n a quienes nos acompa\u00f1an, a la solidaridad de las compa\u00f1eras que nos ayudan a moderar las mesas de lectura, a las investigadoras a Wendy artivista, feminista y gestroa cultural del estado de Veracruz; muchas gracias por acompa\u00f1arnos es importante contar con con perspectivas distintas que nutran nuestra visi\u00f3n, gracias por colaboraci\u00f3n y cari\u00f1o<\/p><\/blockquote>\n<p style=\"text-align: right;\">\n<p>Acotaciones posteriores:<\/p>\n<p>Con el coraz\u00f3n les abrazamos y les agradecemos la gran participaci\u00f3n de la emisi\u00f3n 2025 del Festival Fuimos Todas, fueron dos d\u00edas alucinantes, llenos de alegr\u00eda y arte, de cultura y conversaci\u00f3n, no podemos enumerar las todos los eventos lindos que atestiguamos, pero nos quedamos con el conocimiento y sentimiento pleno de haber conectado de forma genuina las una con las otras. Somos conscientes de lo diversas que somos y lo que m\u00e1s nos sorprende es la gran cantidad de espacios en los que nos encontramos insertas y a\u00fan as\u00ed logramos coincidir, compartir y trabajar juntas para lograr este objetivo. El 2026 traer\u00e1 consigo un festival consolidado apostado en el tejido de la comunidad que lo sostiene.<\/p>\n<p>Hidalgo tiene un festival para celebrar el talento de sus creadoras. y s\u00ed Fuimos todas!<\/p>\n<p>Tania Mart\u00ednez Su\u00e1rez *Frida Casta\u00f1eda Bulos *Gabriela L\u00f3pez Pereida *Luz Liliana Ibarra Hern\u00e1ndez* Christian Arely Sandoval Hern\u00e1ndez<\/p>\n<p style=\"text-align: right;\">\n","protected":false},"excerpt":{"rendered":"<p>Por: Tania Mart\u00ednez\u00a0 La columna de esta semana habla del Festival Fuimos todas 2025, les comparto. Mensaje de inicio del festival:\u00a0 Nos han pedido que demos un paso atr\u00e1s, nos han indicado que hacer y nosotras hemos decidido ser libres. Les agradecemos a todas y todos su presencia el d\u00eda de hoy. Desde la emisi\u00f3n<\/p>\n","protected":false},"author":2,"featured_media":4974,"comment_status":"open","ping_status":"open","sticky":false,"template":"","format":"standard","meta":{"footnotes":""},"categories":[31,44,35],"tags":[],"class_list":{"0":"post-5271","1":"post","2":"type-post","3":"status-publish","4":"format-standard","5":"has-post-thumbnail","7":"category-hidalgo","8":"category-minuto-a-minuto","9":"category-opinion"},"yoast_head":"<!-- This site is optimized with the Yoast SEO plugin v26.1.1 - https:\/\/yoast.com\/wordpress\/plugins\/seo\/ -->\n<title>Festival Fuimos todas 2025 - El Cardinal<\/title>\n<meta name=\"robots\" content=\"index, follow, max-snippet:-1, max-image-preview:large, max-video-preview:-1\" \/>\n<link rel=\"canonical\" href=\"https:\/\/elcardinal.com\/?p=5271\" \/>\n<meta property=\"og:locale\" content=\"es_MX\" \/>\n<meta property=\"og:type\" content=\"article\" \/>\n<meta property=\"og:title\" content=\"Festival Fuimos todas 2025 - El Cardinal\" \/>\n<meta property=\"og:description\" content=\"Por: Tania Mart\u00ednez\u00a0 La columna de esta semana habla del Festival Fuimos todas 2025, les comparto. Mensaje de inicio del festival:\u00a0 Nos han pedido que demos un paso atr\u00e1s, nos han indicado que hacer y nosotras hemos decidido ser libres. Les agradecemos a todas y todos su presencia el d\u00eda de hoy. Desde la emisi\u00f3n\" \/>\n<meta property=\"og:url\" content=\"https:\/\/elcardinal.com\/?p=5271\" \/>\n<meta property=\"og:site_name\" content=\"El Cardinal\" \/>\n<meta property=\"article:publisher\" content=\"https:\/\/www.facebook.com\/profile.php?id=100063093107011\" \/>\n<meta property=\"article:published_time\" content=\"2025-11-12T22:49:29+00:00\" \/>\n<meta property=\"og:image\" content=\"https:\/\/elcardinal.com\/wp-content\/uploads\/2025\/08\/Semillas-Esterales.png\" \/>\n\t<meta property=\"og:image:width\" content=\"940\" \/>\n\t<meta property=\"og:image:height\" content=\"788\" \/>\n\t<meta property=\"og:image:type\" content=\"image\/png\" \/>\n<meta name=\"author\" content=\"Antonio Alcaraz\" \/>\n<meta name=\"twitter:card\" content=\"summary_large_image\" \/>\n<meta name=\"twitter:creator\" content=\"@ElCardinal_Mx\" \/>\n<meta name=\"twitter:site\" content=\"@ElCardinal_Mx\" \/>\n<meta name=\"twitter:label1\" content=\"Escrito por\" \/>\n\t<meta name=\"twitter:data1\" content=\"Antonio Alcaraz\" \/>\n\t<meta name=\"twitter:label2\" content=\"Tiempo de lectura\" \/>\n\t<meta name=\"twitter:data2\" content=\"5 minutos\" \/>\n<script type=\"application\/ld+json\" class=\"yoast-schema-graph\">{\"@context\":\"https:\/\/schema.org\",\"@graph\":[{\"@type\":\"Article\",\"@id\":\"https:\/\/elcardinal.com\/?p=5271#article\",\"isPartOf\":{\"@id\":\"https:\/\/elcardinal.com\/?p=5271\"},\"author\":{\"name\":\"Antonio Alcaraz\",\"@id\":\"https:\/\/elcardinal.com\/#\/schema\/person\/3c352ec0a33987fe275c0e8a2ea69f8b\"},\"headline\":\"Festival Fuimos todas 2025\",\"datePublished\":\"2025-11-12T22:49:29+00:00\",\"mainEntityOfPage\":{\"@id\":\"https:\/\/elcardinal.com\/?p=5271\"},\"wordCount\":1087,\"commentCount\":0,\"publisher\":{\"@id\":\"https:\/\/elcardinal.com\/#organization\"},\"image\":{\"@id\":\"https:\/\/elcardinal.com\/?p=5271#primaryimage\"},\"thumbnailUrl\":\"https:\/\/elcardinal.com\/wp-content\/uploads\/2025\/08\/Semillas-Esterales.png\",\"articleSection\":[\"Hidalgo\",\"Minuto a Minuto\",\"Opini\u00f3n\"],\"inLanguage\":\"es\",\"potentialAction\":[{\"@type\":\"CommentAction\",\"name\":\"Comment\",\"target\":[\"https:\/\/elcardinal.com\/?p=5271#respond\"]}]},{\"@type\":\"WebPage\",\"@id\":\"https:\/\/elcardinal.com\/?p=5271\",\"url\":\"https:\/\/elcardinal.com\/?p=5271\",\"name\":\"Festival Fuimos todas 2025 - El Cardinal\",\"isPartOf\":{\"@id\":\"https:\/\/elcardinal.com\/#website\"},\"primaryImageOfPage\":{\"@id\":\"https:\/\/elcardinal.com\/?p=5271#primaryimage\"},\"image\":{\"@id\":\"https:\/\/elcardinal.com\/?p=5271#primaryimage\"},\"thumbnailUrl\":\"https:\/\/elcardinal.com\/wp-content\/uploads\/2025\/08\/Semillas-Esterales.png\",\"datePublished\":\"2025-11-12T22:49:29+00:00\",\"breadcrumb\":{\"@id\":\"https:\/\/elcardinal.com\/?p=5271#breadcrumb\"},\"inLanguage\":\"es\",\"potentialAction\":[{\"@type\":\"ReadAction\",\"target\":[\"https:\/\/elcardinal.com\/?p=5271\"]}]},{\"@type\":\"ImageObject\",\"inLanguage\":\"es\",\"@id\":\"https:\/\/elcardinal.com\/?p=5271#primaryimage\",\"url\":\"https:\/\/elcardinal.com\/wp-content\/uploads\/2025\/08\/Semillas-Esterales.png\",\"contentUrl\":\"https:\/\/elcardinal.com\/wp-content\/uploads\/2025\/08\/Semillas-Esterales.png\",\"width\":940,\"height\":788},{\"@type\":\"BreadcrumbList\",\"@id\":\"https:\/\/elcardinal.com\/?p=5271#breadcrumb\",\"itemListElement\":[{\"@type\":\"ListItem\",\"position\":1,\"name\":\"Inicio\",\"item\":\"https:\/\/elcardinal.com\/\"},{\"@type\":\"ListItem\",\"position\":2,\"name\":\"Festival Fuimos todas 2025\"}]},{\"@type\":\"WebSite\",\"@id\":\"https:\/\/elcardinal.com\/#website\",\"url\":\"https:\/\/elcardinal.com\/\",\"name\":\"El Cardinal\",\"description\":\"Periodismo honesto, con valor, sentido humano, a veces sarc\u00e1stico y divertido.\",\"publisher\":{\"@id\":\"https:\/\/elcardinal.com\/#organization\"},\"alternateName\":\"El Cardinal Noticias\",\"potentialAction\":[{\"@type\":\"SearchAction\",\"target\":{\"@type\":\"EntryPoint\",\"urlTemplate\":\"https:\/\/elcardinal.com\/?s={search_term_string}\"},\"query-input\":{\"@type\":\"PropertyValueSpecification\",\"valueRequired\":true,\"valueName\":\"search_term_string\"}}],\"inLanguage\":\"es\"},{\"@type\":\"Organization\",\"@id\":\"https:\/\/elcardinal.com\/#organization\",\"name\":\"El Cardinal\",\"url\":\"https:\/\/elcardinal.com\/\",\"logo\":{\"@type\":\"ImageObject\",\"inLanguage\":\"es\",\"@id\":\"https:\/\/elcardinal.com\/#\/schema\/logo\/image\/\",\"url\":\"https:\/\/elcardinal.com\/wp-content\/uploads\/2025\/04\/LOGO-EL-CARDINAL-Periodismo-con-valor.png\",\"contentUrl\":\"https:\/\/elcardinal.com\/wp-content\/uploads\/2025\/04\/LOGO-EL-CARDINAL-Periodismo-con-valor.png\",\"width\":755,\"height\":636,\"caption\":\"El Cardinal\"},\"image\":{\"@id\":\"https:\/\/elcardinal.com\/#\/schema\/logo\/image\/\"},\"sameAs\":[\"https:\/\/www.facebook.com\/profile.php?id=100063093107011\",\"https:\/\/x.com\/ElCardinal_Mx\"]},{\"@type\":\"Person\",\"@id\":\"https:\/\/elcardinal.com\/#\/schema\/person\/3c352ec0a33987fe275c0e8a2ea69f8b\",\"name\":\"Antonio Alcaraz\",\"image\":{\"@type\":\"ImageObject\",\"inLanguage\":\"es\",\"@id\":\"https:\/\/elcardinal.com\/#\/schema\/person\/image\/\",\"url\":\"https:\/\/elcardinal.com\/wp-content\/uploads\/2025\/05\/cropped-TONO-96x96.jpg\",\"contentUrl\":\"https:\/\/elcardinal.com\/wp-content\/uploads\/2025\/05\/cropped-TONO-96x96.jpg\",\"caption\":\"Antonio Alcaraz\"},\"url\":\"https:\/\/elcardinal.com\/?author=2\"}]}<\/script>\n<!-- \/ Yoast SEO plugin. -->","yoast_head_json":{"title":"Festival Fuimos todas 2025 - El Cardinal","robots":{"index":"index","follow":"follow","max-snippet":"max-snippet:-1","max-image-preview":"max-image-preview:large","max-video-preview":"max-video-preview:-1"},"canonical":"https:\/\/elcardinal.com\/?p=5271","og_locale":"es_MX","og_type":"article","og_title":"Festival Fuimos todas 2025 - El Cardinal","og_description":"Por: Tania Mart\u00ednez\u00a0 La columna de esta semana habla del Festival Fuimos todas 2025, les comparto. Mensaje de inicio del festival:\u00a0 Nos han pedido que demos un paso atr\u00e1s, nos han indicado que hacer y nosotras hemos decidido ser libres. Les agradecemos a todas y todos su presencia el d\u00eda de hoy. Desde la emisi\u00f3n","og_url":"https:\/\/elcardinal.com\/?p=5271","og_site_name":"El Cardinal","article_publisher":"https:\/\/www.facebook.com\/profile.php?id=100063093107011","article_published_time":"2025-11-12T22:49:29+00:00","og_image":[{"width":940,"height":788,"url":"https:\/\/elcardinal.com\/wp-content\/uploads\/2025\/08\/Semillas-Esterales.png","type":"image\/png"}],"author":"Antonio Alcaraz","twitter_card":"summary_large_image","twitter_creator":"@ElCardinal_Mx","twitter_site":"@ElCardinal_Mx","twitter_misc":{"Escrito por":"Antonio Alcaraz","Tiempo de lectura":"5 minutos"},"schema":{"@context":"https:\/\/schema.org","@graph":[{"@type":"Article","@id":"https:\/\/elcardinal.com\/?p=5271#article","isPartOf":{"@id":"https:\/\/elcardinal.com\/?p=5271"},"author":{"name":"Antonio Alcaraz","@id":"https:\/\/elcardinal.com\/#\/schema\/person\/3c352ec0a33987fe275c0e8a2ea69f8b"},"headline":"Festival Fuimos todas 2025","datePublished":"2025-11-12T22:49:29+00:00","mainEntityOfPage":{"@id":"https:\/\/elcardinal.com\/?p=5271"},"wordCount":1087,"commentCount":0,"publisher":{"@id":"https:\/\/elcardinal.com\/#organization"},"image":{"@id":"https:\/\/elcardinal.com\/?p=5271#primaryimage"},"thumbnailUrl":"https:\/\/elcardinal.com\/wp-content\/uploads\/2025\/08\/Semillas-Esterales.png","articleSection":["Hidalgo","Minuto a Minuto","Opini\u00f3n"],"inLanguage":"es","potentialAction":[{"@type":"CommentAction","name":"Comment","target":["https:\/\/elcardinal.com\/?p=5271#respond"]}]},{"@type":"WebPage","@id":"https:\/\/elcardinal.com\/?p=5271","url":"https:\/\/elcardinal.com\/?p=5271","name":"Festival Fuimos todas 2025 - El Cardinal","isPartOf":{"@id":"https:\/\/elcardinal.com\/#website"},"primaryImageOfPage":{"@id":"https:\/\/elcardinal.com\/?p=5271#primaryimage"},"image":{"@id":"https:\/\/elcardinal.com\/?p=5271#primaryimage"},"thumbnailUrl":"https:\/\/elcardinal.com\/wp-content\/uploads\/2025\/08\/Semillas-Esterales.png","datePublished":"2025-11-12T22:49:29+00:00","breadcrumb":{"@id":"https:\/\/elcardinal.com\/?p=5271#breadcrumb"},"inLanguage":"es","potentialAction":[{"@type":"ReadAction","target":["https:\/\/elcardinal.com\/?p=5271"]}]},{"@type":"ImageObject","inLanguage":"es","@id":"https:\/\/elcardinal.com\/?p=5271#primaryimage","url":"https:\/\/elcardinal.com\/wp-content\/uploads\/2025\/08\/Semillas-Esterales.png","contentUrl":"https:\/\/elcardinal.com\/wp-content\/uploads\/2025\/08\/Semillas-Esterales.png","width":940,"height":788},{"@type":"BreadcrumbList","@id":"https:\/\/elcardinal.com\/?p=5271#breadcrumb","itemListElement":[{"@type":"ListItem","position":1,"name":"Inicio","item":"https:\/\/elcardinal.com\/"},{"@type":"ListItem","position":2,"name":"Festival Fuimos todas 2025"}]},{"@type":"WebSite","@id":"https:\/\/elcardinal.com\/#website","url":"https:\/\/elcardinal.com\/","name":"El Cardinal","description":"Periodismo honesto, con valor, sentido humano, a veces sarc\u00e1stico y divertido.","publisher":{"@id":"https:\/\/elcardinal.com\/#organization"},"alternateName":"El Cardinal Noticias","potentialAction":[{"@type":"SearchAction","target":{"@type":"EntryPoint","urlTemplate":"https:\/\/elcardinal.com\/?s={search_term_string}"},"query-input":{"@type":"PropertyValueSpecification","valueRequired":true,"valueName":"search_term_string"}}],"inLanguage":"es"},{"@type":"Organization","@id":"https:\/\/elcardinal.com\/#organization","name":"El Cardinal","url":"https:\/\/elcardinal.com\/","logo":{"@type":"ImageObject","inLanguage":"es","@id":"https:\/\/elcardinal.com\/#\/schema\/logo\/image\/","url":"https:\/\/elcardinal.com\/wp-content\/uploads\/2025\/04\/LOGO-EL-CARDINAL-Periodismo-con-valor.png","contentUrl":"https:\/\/elcardinal.com\/wp-content\/uploads\/2025\/04\/LOGO-EL-CARDINAL-Periodismo-con-valor.png","width":755,"height":636,"caption":"El Cardinal"},"image":{"@id":"https:\/\/elcardinal.com\/#\/schema\/logo\/image\/"},"sameAs":["https:\/\/www.facebook.com\/profile.php?id=100063093107011","https:\/\/x.com\/ElCardinal_Mx"]},{"@type":"Person","@id":"https:\/\/elcardinal.com\/#\/schema\/person\/3c352ec0a33987fe275c0e8a2ea69f8b","name":"Antonio Alcaraz","image":{"@type":"ImageObject","inLanguage":"es","@id":"https:\/\/elcardinal.com\/#\/schema\/person\/image\/","url":"https:\/\/elcardinal.com\/wp-content\/uploads\/2025\/05\/cropped-TONO-96x96.jpg","contentUrl":"https:\/\/elcardinal.com\/wp-content\/uploads\/2025\/05\/cropped-TONO-96x96.jpg","caption":"Antonio Alcaraz"},"url":"https:\/\/elcardinal.com\/?author=2"}]}},"_links":{"self":[{"href":"https:\/\/elcardinal.com\/index.php?rest_route=\/wp\/v2\/posts\/5271","targetHints":{"allow":["GET"]}}],"collection":[{"href":"https:\/\/elcardinal.com\/index.php?rest_route=\/wp\/v2\/posts"}],"about":[{"href":"https:\/\/elcardinal.com\/index.php?rest_route=\/wp\/v2\/types\/post"}],"author":[{"embeddable":true,"href":"https:\/\/elcardinal.com\/index.php?rest_route=\/wp\/v2\/users\/2"}],"replies":[{"embeddable":true,"href":"https:\/\/elcardinal.com\/index.php?rest_route=%2Fwp%2Fv2%2Fcomments&post=5271"}],"version-history":[{"count":1,"href":"https:\/\/elcardinal.com\/index.php?rest_route=\/wp\/v2\/posts\/5271\/revisions"}],"predecessor-version":[{"id":5272,"href":"https:\/\/elcardinal.com\/index.php?rest_route=\/wp\/v2\/posts\/5271\/revisions\/5272"}],"wp:featuredmedia":[{"embeddable":true,"href":"https:\/\/elcardinal.com\/index.php?rest_route=\/wp\/v2\/media\/4974"}],"wp:attachment":[{"href":"https:\/\/elcardinal.com\/index.php?rest_route=%2Fwp%2Fv2%2Fmedia&parent=5271"}],"wp:term":[{"taxonomy":"category","embeddable":true,"href":"https:\/\/elcardinal.com\/index.php?rest_route=%2Fwp%2Fv2%2Fcategories&post=5271"},{"taxonomy":"post_tag","embeddable":true,"href":"https:\/\/elcardinal.com\/index.php?rest_route=%2Fwp%2Fv2%2Ftags&post=5271"}],"curies":[{"name":"wp","href":"https:\/\/api.w.org\/{rel}","templated":true}]}}